{"id":5874,"date":"2016-02-03T08:45:23","date_gmt":"2016-02-03T10:45:23","guid":{"rendered":"http:\/\/dana.com.br\/canaldana\/?p=5874"},"modified":"2016-02-03T08:45:23","modified_gmt":"2016-02-03T10:45:23","slug":"compra-de-onibus-urbano-sera-menor-no-ano","status":"publish","type":"post","link":"https:\/\/dana.com.br\/canaldana\/2016\/02\/03\/compra-de-onibus-urbano-sera-menor-no-ano\/","title":{"rendered":"Compra de \u00f4nibus urbano ser\u00e1 menor no ano"},"content":{"rendered":"<p><em>DCI<\/em><\/p>\n<p>&nbsp;<\/p>\n<p>Em ano de elei\u00e7\u00f5es municipais e diante da falta de est\u00edmulos para a renova\u00e7\u00e3o da frota de \u00f4nibus, a Mercedes-Benz acredita que o mercado ter\u00e1 mais um per\u00edodo dif\u00edcil pela frente, especialmente no segmento urbano.<\/p>\n<p>&nbsp;<\/p>\n<p>Em entrevista ao DCI, o diretor de vendas e marketing \u00f4nibus da montadora, Walter Barbosa, afirmou que as empresas concession\u00e1rias devem comprar somente o necess\u00e1rio em 2016.<\/p>\n<p>&nbsp;<\/p>\n<p>&#8220;A taxa de juros e a escassez de cr\u00e9dito n\u00e3o estimulam a renova\u00e7\u00e3o da frota&#8221;. Segundo ele, em 2015 os emplacamentos de \u00f4nibus atingiram 15,7 mil unidades, queda de 40% em rela\u00e7\u00e3o ao ano anterior. O segmento de urbanos respondeu por uma fatia de 7,7 mil unidades.<\/p>\n<p>&nbsp;<\/p>\n<p>&#8220;A queda em volumes foi maior neste mercado, que corresponde \u00e0 metade dos emplacamentos totais&#8221;.<\/p>\n<p>&nbsp;<\/p>\n<p>Apesar do cen\u00e1rio, o diretor da Mercedes conta que a montadora elevou sua participa\u00e7\u00e3o no mercado total de 49% para 52,5% e, s\u00f3 no segmento de urbanos, atingiu marketshare de 68%.<\/p>\n<p>&nbsp;<\/p>\n<p>&#8220;N\u00e3o podemos reclamar do nosso desempenho em um mercado t\u00e3o retra\u00eddo&#8221;, observa Barbosa.<\/p>\n<p>&nbsp;<\/p>\n<p>Ele explica que, em ano eleitoral, o mercado de \u00f4nibus urbanos funciona, efetivamente, at\u00e9 meados de julho, porque as prefeituras costumam represar as compras. &#8220;Os emplacamentos diminuem muito ap\u00f3s esse per\u00edodo&#8221;, revela o executivo.<\/p>\n<p>&nbsp;<\/p>\n<p>Com o aumento dos juros do financiamento do Banco Nacional de Desenvolvimento Econ\u00f4mico e Social (BNDES) para bens de capital (Finame), a expectativa \u00e9 que as compras dos concession\u00e1rios fiquem ainda mais restritas.<\/p>\n<p>&nbsp;<\/p>\n<p>&#8220;O empres\u00e1rio ir\u00e1 investir s\u00f3 o que a legisla\u00e7\u00e3o exige.&#8221; No m\u00eas passado, a Mercedes efetuou uma venda grande para a prefeitura de S\u00e3o Paulo, de 200 \u00f4nibus superarticulados, al\u00e9m de outros contratos na regi\u00e3o Nordeste do Pa\u00eds.<\/p>\n<p>&nbsp;<\/p>\n<p>&#8220;Em um mercado mais retra\u00eddo e com uma competi\u00e7\u00e3o cada vez maior, temos mantido nosso market share&#8221;, informa o diretor da Mercedes.<\/p>\n<p>&nbsp;<\/p>\n<p>Com um tom sempre otimista, Barbosa destaca que a montadora possui bastante espa\u00e7o para crescer no segmento urbano, apesar da lideran\u00e7a com folga sobre a concorr\u00eancia. &#8220;J\u00e1 somos l\u00edderes nas grandes capitais do Pa\u00eds. Por\u00e9m, vamos atuar de maneira mais focada em pra\u00e7as onde n\u00e3o temos tanta expressividade&#8221;, garante o executivo.<\/p>\n<p>&nbsp;<\/p>\n<p><strong>Proje\u00e7\u00f5es<\/strong><\/p>\n<p>&nbsp;<\/p>\n<p>O mercado de \u00f4nibus n\u00e3o come\u00e7ou bem o ano. Ap\u00f3s registrar a segunda queda consecutiva das vendas em 2015, as montadoras reportaram, em janeiro, recuo de 43,7% dos emplacamentos na compara\u00e7\u00e3o anual, para 1,25 mil unidades, segundo dados divulgados nesta segunda-feira (01) pela Federa\u00e7\u00e3o Nacional da Distribui\u00e7\u00e3o de Ve\u00edculos Automotores (Fenabrave).<\/p>\n<p>&nbsp;<\/p>\n<p>Para 2016, Barbosa pondera que ainda \u00e9 cedo para fazer proje\u00e7\u00f5es. &#8220;Vamos aguardar o desempenho do mercado ao longo do primeiro trimestre. Ainda n\u00e3o sabemos quais os impactos que as \u00faltimas medidas do governo ter\u00e3o sobre a economia&#8221;, pondera.<\/p>\n<p>&nbsp;<\/p>\n<p>O diretor da Mercedes se refere ao pacote de est\u00edmulos de R$ 83 bilh\u00f5es de bancos p\u00fablicos (incluindo o BNDES) para diversos setores. &#8220;A proje\u00e7\u00e3o inicial de queda pode mudar caso as medidas do governo surtam efeito&#8221;, relata.<\/p>\n<p>&nbsp;<\/p>\n<p>Ele salienta, contudo, que o mercado vive a expectativa da defini\u00e7\u00e3o dos juros do Finame, que ser\u00e3o calculados pela Taxa de Juros de Longo Prazo (TJLP), atrelada \u00e0 Selic.<\/p>\n<p>&nbsp;<\/p>\n<p>&#8220;Fica dif\u00edcil fazer previs\u00f5es sem saber ao certo qual deve ser a al\u00edquota&#8221;, argumenta. Por mais de cinco anos, o Finame teve taxas fixas e chegou a oferecer &#8220;juros negativos&#8221; de 2,5% ao ano.<\/p>\n<p>&nbsp;<\/p>\n<p>&#8220;Com taxas t\u00e3o atrativas, os empres\u00e1rios acabavam renovando a frota mais frequentemente&#8221;, declara Barbosa.<\/p>\n<p>&nbsp;<\/p>\n<p>No entanto, atualmente executivos do setor calculam que as al\u00edquotas do Finame devam girar em torno de 14% a 16% ao ano, dependendo do porte da empresa.<\/p>\n<p>&nbsp;<\/p>\n<p>Barbosa prefere n\u00e3o cravar uma proje\u00e7\u00e3o para o segmento de \u00f4nibus em 2016. &#8220;Fica dif\u00edcil fazer previs\u00f5es diante das oscila\u00e7\u00f5es do mercado&#8221;, pontua. Mas ele destaca que a montadora tem investido na rede de concession\u00e1rias e na renova\u00e7\u00e3o do portf\u00f3lio para enfrentar a concorr\u00eancia. &#8220;Vamos trabalhar para ao menos manter o share&#8221;. (DCI\/Juliana Estigarr\u00edbia)<\/p>\n","protected":false},"excerpt":{"rendered":"<p>DCI &nbsp; Em ano de elei\u00e7\u00f5es municipais e diante da falta de est\u00edmulos para a renova\u00e7\u00e3o da frota de \u00f4nibus, a Mercedes-Benz acredita que o mercado ter\u00e1 mais um per\u00edodo dif\u00edcil pela frente, especialmente no segmento urbano. &nbsp; Em entrevista ao DCI, o diretor de vendas e marketing \u00f4nibus da montadora, Walter Barbosa, afirmou que\u2026 <a class=\"readmore\" href=\"https:\/\/dana.com.br\/canaldana\/2016\/02\/03\/compra-de-onibus-urbano-sera-menor-no-ano\/\">Leia mais \u00bb<\/a><\/p>\n","protected":false},"author":3,"featured_media":0,"comment_status":"closed","ping_status":"closed","sticky":false,"template":"","format":"standard","meta":{"_acf_changed":false,"footnotes":""},"categories":[61],"tags":[],"class_list":["post-5874","post","type-post","status-publish","format-standard","hentry","category-destaques"],"acf":[],"yoast_head":"<!-- This site is optimized with the Yoast SEO plugin v27.3 - https:\/\/yoast.com\/product\/yoast-seo-wordpress\/ -->\n<title>Compra de \u00f4nibus urbano ser\u00e1 menor no ano - Canal Dana<\/title>\n<meta name=\"robots\" content=\"index, follow, max-snippet:-1, max-image-preview:large, max-video-preview:-1\" \/>\n<link rel=\"canonical\" href=\"https:\/\/dana.com.br\/canaldana\/2016\/02\/03\/compra-de-onibus-urbano-sera-menor-no-ano\/\" \/>\n<meta property=\"og:locale\" content=\"pt_BR\" \/>\n<meta property=\"og:type\" content=\"article\" \/>\n<meta property=\"og:title\" content=\"Compra de \u00f4nibus urbano ser\u00e1 menor no ano - Canal Dana\" \/>\n<meta property=\"og:description\" content=\"DCI &nbsp; Em ano de elei\u00e7\u00f5es municipais e diante da falta de est\u00edmulos para a renova\u00e7\u00e3o da frota de \u00f4nibus, a Mercedes-Benz acredita que o mercado ter\u00e1 mais um per\u00edodo dif\u00edcil pela frente, especialmente no segmento urbano. &nbsp; Em entrevista ao DCI, o diretor de vendas e marketing \u00f4nibus da montadora, Walter Barbosa, afirmou que\u2026 Leia mais \u00bb\" \/>\n<meta property=\"og:url\" content=\"https:\/\/dana.com.br\/canaldana\/2016\/02\/03\/compra-de-onibus-urbano-sera-menor-no-ano\/\" \/>\n<meta property=\"og:site_name\" content=\"Canal Dana\" \/>\n<meta property=\"article:published_time\" content=\"2016-02-03T10:45:23+00:00\" \/>\n<meta name=\"author\" content=\"Canal Dana\" \/>\n<meta name=\"twitter:card\" content=\"summary_large_image\" \/>\n<meta name=\"twitter:label1\" content=\"Escrito por\" \/>\n\t<meta name=\"twitter:data1\" content=\"Canal Dana\" \/>\n\t<meta name=\"twitter:label2\" content=\"Est. tempo de leitura\" \/>\n\t<meta name=\"twitter:data2\" content=\"4 minutos\" \/>\n<script type=\"application\/ld+json\" class=\"yoast-schema-graph\">{\"@context\":\"https:\\\/\\\/schema.org\",\"@graph\":[{\"@type\":\"Article\",\"@id\":\"https:\\\/\\\/dana.com.br\\\/canaldana\\\/2016\\\/02\\\/03\\\/compra-de-onibus-urbano-sera-menor-no-ano\\\/#article\",\"isPartOf\":{\"@id\":\"https:\\\/\\\/dana.com.br\\\/canaldana\\\/2016\\\/02\\\/03\\\/compra-de-onibus-urbano-sera-menor-no-ano\\\/\"},\"author\":{\"name\":\"Canal Dana\",\"@id\":\"https:\\\/\\\/dana.com.br\\\/canaldana\\\/#\\\/schema\\\/person\\\/3c21f22f56fcf3bc46b94bc60ea4fef6\"},\"headline\":\"Compra de \u00f4nibus urbano ser\u00e1 menor no ano\",\"datePublished\":\"2016-02-03T10:45:23+00:00\",\"mainEntityOfPage\":{\"@id\":\"https:\\\/\\\/dana.com.br\\\/canaldana\\\/2016\\\/02\\\/03\\\/compra-de-onibus-urbano-sera-menor-no-ano\\\/\"},\"wordCount\":710,\"articleSection\":[\"Destaques\"],\"inLanguage\":\"pt-BR\"},{\"@type\":\"WebPage\",\"@id\":\"https:\\\/\\\/dana.com.br\\\/canaldana\\\/2016\\\/02\\\/03\\\/compra-de-onibus-urbano-sera-menor-no-ano\\\/\",\"url\":\"https:\\\/\\\/dana.com.br\\\/canaldana\\\/2016\\\/02\\\/03\\\/compra-de-onibus-urbano-sera-menor-no-ano\\\/\",\"name\":\"Compra de \u00f4nibus urbano ser\u00e1 menor no ano - Canal Dana\",\"isPartOf\":{\"@id\":\"https:\\\/\\\/dana.com.br\\\/canaldana\\\/#website\"},\"datePublished\":\"2016-02-03T10:45:23+00:00\",\"author\":{\"@id\":\"https:\\\/\\\/dana.com.br\\\/canaldana\\\/#\\\/schema\\\/person\\\/3c21f22f56fcf3bc46b94bc60ea4fef6\"},\"breadcrumb\":{\"@id\":\"https:\\\/\\\/dana.com.br\\\/canaldana\\\/2016\\\/02\\\/03\\\/compra-de-onibus-urbano-sera-menor-no-ano\\\/#breadcrumb\"},\"inLanguage\":\"pt-BR\",\"potentialAction\":[{\"@type\":\"ReadAction\",\"target\":[\"https:\\\/\\\/dana.com.br\\\/canaldana\\\/2016\\\/02\\\/03\\\/compra-de-onibus-urbano-sera-menor-no-ano\\\/\"]}]},{\"@type\":\"BreadcrumbList\",\"@id\":\"https:\\\/\\\/dana.com.br\\\/canaldana\\\/2016\\\/02\\\/03\\\/compra-de-onibus-urbano-sera-menor-no-ano\\\/#breadcrumb\",\"itemListElement\":[{\"@type\":\"ListItem\",\"position\":1,\"name\":\"Home\",\"item\":\"https:\\\/\\\/dana.com.br\\\/canaldana\\\/\"},{\"@type\":\"ListItem\",\"position\":2,\"name\":\"Destaques\",\"item\":\"https:\\\/\\\/dana.com.br\\\/canaldana\\\/destaques\\\/\"},{\"@type\":\"ListItem\",\"position\":3,\"name\":\"Compra de \u00f4nibus urbano ser\u00e1 menor no ano\"}]},{\"@type\":\"WebSite\",\"@id\":\"https:\\\/\\\/dana.com.br\\\/canaldana\\\/#website\",\"url\":\"https:\\\/\\\/dana.com.br\\\/canaldana\\\/\",\"name\":\"Canal Dana\",\"description\":\"Informativo com as principais not\u00edcias da ind\u00fastria automotiva\",\"potentialAction\":[{\"@type\":\"SearchAction\",\"target\":{\"@type\":\"EntryPoint\",\"urlTemplate\":\"https:\\\/\\\/dana.com.br\\\/canaldana\\\/?s={search_term_string}\"},\"query-input\":{\"@type\":\"PropertyValueSpecification\",\"valueRequired\":true,\"valueName\":\"search_term_string\"}}],\"inLanguage\":\"pt-BR\"},{\"@type\":\"Person\",\"@id\":\"https:\\\/\\\/dana.com.br\\\/canaldana\\\/#\\\/schema\\\/person\\\/3c21f22f56fcf3bc46b94bc60ea4fef6\",\"name\":\"Canal Dana\",\"image\":{\"@type\":\"ImageObject\",\"inLanguage\":\"pt-BR\",\"@id\":\"https:\\\/\\\/secure.gravatar.com\\\/avatar\\\/420aaf9278582877d9018637c6817617705899d2858d7572ef0fe59a6b6454b4?s=96&d=mm&r=g\",\"url\":\"https:\\\/\\\/secure.gravatar.com\\\/avatar\\\/420aaf9278582877d9018637c6817617705899d2858d7572ef0fe59a6b6454b4?s=96&d=mm&r=g\",\"contentUrl\":\"https:\\\/\\\/secure.gravatar.com\\\/avatar\\\/420aaf9278582877d9018637c6817617705899d2858d7572ef0fe59a6b6454b4?s=96&d=mm&r=g\",\"caption\":\"Canal Dana\"},\"url\":\"https:\\\/\\\/dana.com.br\\\/canaldana\\\/author\\\/cdeditor\\\/\"}]}<\/script>\n<!-- \/ Yoast SEO plugin. -->","yoast_head_json":{"title":"Compra de \u00f4nibus urbano ser\u00e1 menor no ano - Canal Dana","robots":{"index":"index","follow":"follow","max-snippet":"max-snippet:-1","max-image-preview":"max-image-preview:large","max-video-preview":"max-video-preview:-1"},"canonical":"https:\/\/dana.com.br\/canaldana\/2016\/02\/03\/compra-de-onibus-urbano-sera-menor-no-ano\/","og_locale":"pt_BR","og_type":"article","og_title":"Compra de \u00f4nibus urbano ser\u00e1 menor no ano - Canal Dana","og_description":"DCI &nbsp; Em ano de elei\u00e7\u00f5es municipais e diante da falta de est\u00edmulos para a renova\u00e7\u00e3o da frota de \u00f4nibus, a Mercedes-Benz acredita que o mercado ter\u00e1 mais um per\u00edodo dif\u00edcil pela frente, especialmente no segmento urbano. &nbsp; Em entrevista ao DCI, o diretor de vendas e marketing \u00f4nibus da montadora, Walter Barbosa, afirmou que\u2026 Leia mais \u00bb","og_url":"https:\/\/dana.com.br\/canaldana\/2016\/02\/03\/compra-de-onibus-urbano-sera-menor-no-ano\/","og_site_name":"Canal Dana","article_published_time":"2016-02-03T10:45:23+00:00","author":"Canal Dana","twitter_card":"summary_large_image","twitter_misc":{"Escrito por":"Canal Dana","Est. tempo de leitura":"4 minutos"},"schema":{"@context":"https:\/\/schema.org","@graph":[{"@type":"Article","@id":"https:\/\/dana.com.br\/canaldana\/2016\/02\/03\/compra-de-onibus-urbano-sera-menor-no-ano\/#article","isPartOf":{"@id":"https:\/\/dana.com.br\/canaldana\/2016\/02\/03\/compra-de-onibus-urbano-sera-menor-no-ano\/"},"author":{"name":"Canal Dana","@id":"https:\/\/dana.com.br\/canaldana\/#\/schema\/person\/3c21f22f56fcf3bc46b94bc60ea4fef6"},"headline":"Compra de \u00f4nibus urbano ser\u00e1 menor no ano","datePublished":"2016-02-03T10:45:23+00:00","mainEntityOfPage":{"@id":"https:\/\/dana.com.br\/canaldana\/2016\/02\/03\/compra-de-onibus-urbano-sera-menor-no-ano\/"},"wordCount":710,"articleSection":["Destaques"],"inLanguage":"pt-BR"},{"@type":"WebPage","@id":"https:\/\/dana.com.br\/canaldana\/2016\/02\/03\/compra-de-onibus-urbano-sera-menor-no-ano\/","url":"https:\/\/dana.com.br\/canaldana\/2016\/02\/03\/compra-de-onibus-urbano-sera-menor-no-ano\/","name":"Compra de \u00f4nibus urbano ser\u00e1 menor no ano - Canal Dana","isPartOf":{"@id":"https:\/\/dana.com.br\/canaldana\/#website"},"datePublished":"2016-02-03T10:45:23+00:00","author":{"@id":"https:\/\/dana.com.br\/canaldana\/#\/schema\/person\/3c21f22f56fcf3bc46b94bc60ea4fef6"},"breadcrumb":{"@id":"https:\/\/dana.com.br\/canaldana\/2016\/02\/03\/compra-de-onibus-urbano-sera-menor-no-ano\/#breadcrumb"},"inLanguage":"pt-BR","potentialAction":[{"@type":"ReadAction","target":["https:\/\/dana.com.br\/canaldana\/2016\/02\/03\/compra-de-onibus-urbano-sera-menor-no-ano\/"]}]},{"@type":"BreadcrumbList","@id":"https:\/\/dana.com.br\/canaldana\/2016\/02\/03\/compra-de-onibus-urbano-sera-menor-no-ano\/#breadcrumb","itemListElement":[{"@type":"ListItem","position":1,"name":"Home","item":"https:\/\/dana.com.br\/canaldana\/"},{"@type":"ListItem","position":2,"name":"Destaques","item":"https:\/\/dana.com.br\/canaldana\/destaques\/"},{"@type":"ListItem","position":3,"name":"Compra de \u00f4nibus urbano ser\u00e1 menor no ano"}]},{"@type":"WebSite","@id":"https:\/\/dana.com.br\/canaldana\/#website","url":"https:\/\/dana.com.br\/canaldana\/","name":"Canal Dana","description":"Informativo com as principais not\u00edcias da ind\u00fastria automotiva","potentialAction":[{"@type":"SearchAction","target":{"@type":"EntryPoint","urlTemplate":"https:\/\/dana.com.br\/canaldana\/?s={search_term_string}"},"query-input":{"@type":"PropertyValueSpecification","valueRequired":true,"valueName":"search_term_string"}}],"inLanguage":"pt-BR"},{"@type":"Person","@id":"https:\/\/dana.com.br\/canaldana\/#\/schema\/person\/3c21f22f56fcf3bc46b94bc60ea4fef6","name":"Canal Dana","image":{"@type":"ImageObject","inLanguage":"pt-BR","@id":"https:\/\/secure.gravatar.com\/avatar\/420aaf9278582877d9018637c6817617705899d2858d7572ef0fe59a6b6454b4?s=96&d=mm&r=g","url":"https:\/\/secure.gravatar.com\/avatar\/420aaf9278582877d9018637c6817617705899d2858d7572ef0fe59a6b6454b4?s=96&d=mm&r=g","contentUrl":"https:\/\/secure.gravatar.com\/avatar\/420aaf9278582877d9018637c6817617705899d2858d7572ef0fe59a6b6454b4?s=96&d=mm&r=g","caption":"Canal Dana"},"url":"https:\/\/dana.com.br\/canaldana\/author\/cdeditor\/"}]}},"_links":{"self":[{"href":"https:\/\/dana.com.br\/canaldana\/wp-json\/wp\/v2\/posts\/5874","targetHints":{"allow":["GET"]}}],"collection":[{"href":"https:\/\/dana.com.br\/canaldana\/wp-json\/wp\/v2\/posts"}],"about":[{"href":"https:\/\/dana.com.br\/canaldana\/wp-json\/wp\/v2\/types\/post"}],"author":[{"embeddable":true,"href":"https:\/\/dana.com.br\/canaldana\/wp-json\/wp\/v2\/users\/3"}],"replies":[{"embeddable":true,"href":"https:\/\/dana.com.br\/canaldana\/wp-json\/wp\/v2\/comments?post=5874"}],"version-history":[{"count":0,"href":"https:\/\/dana.com.br\/canaldana\/wp-json\/wp\/v2\/posts\/5874\/revisions"}],"wp:attachment":[{"href":"https:\/\/dana.com.br\/canaldana\/wp-json\/wp\/v2\/media?parent=5874"}],"wp:term":[{"taxonomy":"category","embeddable":true,"href":"https:\/\/dana.com.br\/canaldana\/wp-json\/wp\/v2\/categories?post=5874"},{"taxonomy":"post_tag","embeddable":true,"href":"https:\/\/dana.com.br\/canaldana\/wp-json\/wp\/v2\/tags?post=5874"}],"curies":[{"name":"wp","href":"https:\/\/api.w.org\/{rel}","templated":true}]}}