{"id":58696,"date":"2022-06-03T09:20:06","date_gmt":"2022-06-03T12:20:06","guid":{"rendered":"https:\/\/dana.com.br\/canaldana\/?p=58696"},"modified":"2022-06-03T09:20:06","modified_gmt":"2022-06-03T12:20:06","slug":"michelin-desenvolve-logistica-responsavel","status":"publish","type":"post","link":"https:\/\/dana.com.br\/canaldana\/2022\/06\/03\/michelin-desenvolve-logistica-responsavel\/","title":{"rendered":"Michelin desenvolve log\u00edstica respons\u00e1vel"},"content":{"rendered":"<p><em>Coisas de Agora<\/em><\/p>\n<p>&nbsp;<\/p>\n<p>Para dar mais um passo na estrat\u00e9gia \u2018Tudo Sustent\u00e1vel\u2019, a Michelin vem desenvolvendo em suas unidades da Am\u00e9rica do Sul o princ\u00edpio da log\u00edstica respons\u00e1vel. A meta da empresa com o novo modelo de transporte de mat\u00e9rias-primas, entregas de produtos e armazenamento \u00e9 reduzir em 15% as emiss\u00f5es de CO2 at\u00e9 2030.<\/p>\n<p>&nbsp;<\/p>\n<p>A estrat\u00e9gia \u201cTudo Sustent\u00e1vel\u201d prev\u00ea que o grupo Michelin desenvolva os pilares de pessoas, planeta e performance com o crescimento \u2018com, em torno e al\u00e9m\u2019 dos pneus, alcan\u00e7ando a neutralidade de carbono at\u00e9 2050. A log\u00edstica respons\u00e1vel da Michelin trabalha para que a empresa receba e entregue os produtos certos, no lugar certo, no prazo definido e na quantidade solicitada, numa parceria permanente entre as equipes da cadeia de suprimentos e os especialistas em log\u00edstica.<\/p>\n<p>&nbsp;<\/p>\n<p>Entre as mudan\u00e7as no modelo de log\u00edstica, est\u00e3o o incremento nas entregas diretas aos clientes e a amplia\u00e7\u00e3o da capacidade no transporte de carga, com o aumento da ocupa\u00e7\u00e3o dos caminh\u00f5es e o in\u00edcio da utiliza\u00e7\u00e3o de seis caminh\u00f5es bitrem GNV \u2014 o primeiro est\u00e1 previsto para entrar em opera\u00e7\u00e3o em julho e os cinco restantes, at\u00e9 dezembro de 2022. Outro exemplo est\u00e1 em Manaus, onde a Michelin fabrica pneus 2R, e sua unidade industrial recebe mat\u00e9rias-primas por cabotagem, colaborando para a descarboniza\u00e7\u00e3o do transporte de carga.<\/p>\n<p>&nbsp;<\/p>\n<p>Juntas, as iniciativas da empresa reduziram as emiss\u00f5es de CO2 em 18% nos \u00faltimos dez anos, ou o equivalente a 8 mil viagens realizadas entre Rio de Janeiro e S\u00e3o Paulo. Toda essa redu\u00e7\u00e3o equivale, ainda, a menos dois caminh\u00f5es por dia na frota durante esta d\u00e9cada. Segundo Feliciano Almeida, CEO da Michelin Am\u00e9rica do Sul, \u201catuar com uma log\u00edstica respons\u00e1vel significa que estamos ampliando a descarboniza\u00e7\u00e3o para al\u00e9m das nossas unidades industriais.\u201d<\/p>\n<p>&nbsp;<\/p>\n<p><strong>Energia el\u00e9trica 100% renov\u00e1vel<\/strong><\/p>\n<p>&nbsp;<\/p>\n<p>Todas as unidades fabris da Michelin no Brasil contam com energia el\u00e9trica 100% renov\u00e1vel proveniente do mercado livre de energia com certifica\u00e7\u00e3o \u201cI-REC\u201d. Durante o ano de 2021, a iniciativa neutralizou cerca de 50% da emiss\u00e3o de CO2 nas f\u00e1bricas do Rio de Janeiro e de S\u00e3o Paulo comparando ao ano de 2019. Em 2022, a Michelin investiu na mesma iniciativa para a f\u00e1brica do Amazonas e tamb\u00e9m para as Usinas de Beneficiamento de borracha natural do Esp\u00edrito Santo e da Bahia. A Michelin j\u00e1 possui 100% de energia el\u00e9trica renov\u00e1vel contratada at\u00e9 2023 e 80% da energia el\u00e9trica renov\u00e1vel necess\u00e1ria para 2024 e 2025.<\/p>\n<p>&nbsp;<\/p>\n<p>A Michelin, l\u00edder do segmento de pneus, se dedica ao desenvolvimento da mobilidade de seus clientes, de forma sustent\u00e1vel, criando e distribuindo os pneus, servi\u00e7os e solu\u00e7\u00f5es mais adequados \u00e0s suas necessidades; fornecendo servi\u00e7os digitais, mapas e guias, para ajud\u00e1-los a tornar suas viagens experi\u00eancias \u00fanicas; e desenvolvendo materiais de alta tecnologia, que atendem \u00e0 ind\u00fastria da mobilidade. Sediada em Clermont-Ferrand (Fran\u00e7a), a Michelin est\u00e1 presente em 177 pa\u00edses, emprega mais de 124.760 pessoas em todo o mundo e disp\u00f5e de 68 centros de produ\u00e7\u00e3o implantados que fabricaram cerca de 173 milh\u00f5es de pneus em 2021. Visite <a href=\"https:\/\/www.michelin.com.br\" target=\"_blank\" rel=\"noopener\">https:\/\/www.michelin.com.br<\/a>. (Coisas de Agora)<\/p>\n","protected":false},"excerpt":{"rendered":"<p>Coisas de Agora &nbsp; Para dar mais um passo na estrat\u00e9gia \u2018Tudo Sustent\u00e1vel\u2019, a Michelin vem desenvolvendo em suas unidades da Am\u00e9rica do Sul o princ\u00edpio da log\u00edstica respons\u00e1vel. A meta da empresa com o novo modelo de transporte de mat\u00e9rias-primas, entregas de produtos e armazenamento \u00e9 reduzir em 15% as emiss\u00f5es de CO2 at\u00e9\u2026 <a class=\"readmore\" href=\"https:\/\/dana.com.br\/canaldana\/2022\/06\/03\/michelin-desenvolve-logistica-responsavel\/\">Leia mais \u00bb<\/a><\/p>\n","protected":false},"author":3,"featured_media":0,"comment_status":"closed","ping_status":"closed","sticky":false,"template":"","format":"standard","meta":{"_acf_changed":false,"footnotes":""},"categories":[79],"tags":[],"class_list":["post-58696","post","type-post","status-publish","format-standard","hentry","category-mercado"],"acf":[],"yoast_head":"<!-- This site is optimized with the Yoast SEO plugin v27.3 - https:\/\/yoast.com\/product\/yoast-seo-wordpress\/ -->\n<title>Michelin desenvolve log\u00edstica respons\u00e1vel - Canal Dana<\/title>\n<meta name=\"robots\" content=\"index, follow, max-snippet:-1, max-image-preview:large, max-video-preview:-1\" \/>\n<link rel=\"canonical\" href=\"https:\/\/dana.com.br\/canaldana\/2022\/06\/03\/michelin-desenvolve-logistica-responsavel\/\" \/>\n<meta property=\"og:locale\" content=\"pt_BR\" \/>\n<meta property=\"og:type\" content=\"article\" \/>\n<meta property=\"og:title\" content=\"Michelin desenvolve log\u00edstica respons\u00e1vel - Canal Dana\" \/>\n<meta property=\"og:description\" content=\"Coisas de Agora &nbsp; Para dar mais um passo na estrat\u00e9gia \u2018Tudo Sustent\u00e1vel\u2019, a Michelin vem desenvolvendo em suas unidades da Am\u00e9rica do Sul o princ\u00edpio da log\u00edstica respons\u00e1vel. A meta da empresa com o novo modelo de transporte de mat\u00e9rias-primas, entregas de produtos e armazenamento \u00e9 reduzir em 15% as emiss\u00f5es de CO2 at\u00e9\u2026 Leia mais \u00bb\" \/>\n<meta property=\"og:url\" content=\"https:\/\/dana.com.br\/canaldana\/2022\/06\/03\/michelin-desenvolve-logistica-responsavel\/\" \/>\n<meta property=\"og:site_name\" content=\"Canal Dana\" \/>\n<meta property=\"article:published_time\" content=\"2022-06-03T12:20:06+00:00\" \/>\n<meta name=\"author\" content=\"Canal Dana\" \/>\n<meta name=\"twitter:card\" content=\"summary_large_image\" \/>\n<meta name=\"twitter:label1\" content=\"Escrito por\" \/>\n\t<meta name=\"twitter:data1\" content=\"Canal Dana\" \/>\n\t<meta name=\"twitter:label2\" content=\"Est. tempo de leitura\" \/>\n\t<meta name=\"twitter:data2\" content=\"3 minutos\" \/>\n<script type=\"application\/ld+json\" class=\"yoast-schema-graph\">{\"@context\":\"https:\\\/\\\/schema.org\",\"@graph\":[{\"@type\":\"Article\",\"@id\":\"https:\\\/\\\/dana.com.br\\\/canaldana\\\/2022\\\/06\\\/03\\\/michelin-desenvolve-logistica-responsavel\\\/#article\",\"isPartOf\":{\"@id\":\"https:\\\/\\\/dana.com.br\\\/canaldana\\\/2022\\\/06\\\/03\\\/michelin-desenvolve-logistica-responsavel\\\/\"},\"author\":{\"name\":\"Canal Dana\",\"@id\":\"https:\\\/\\\/dana.com.br\\\/canaldana\\\/#\\\/schema\\\/person\\\/3c21f22f56fcf3bc46b94bc60ea4fef6\"},\"headline\":\"Michelin desenvolve log\u00edstica respons\u00e1vel\",\"datePublished\":\"2022-06-03T12:20:06+00:00\",\"mainEntityOfPage\":{\"@id\":\"https:\\\/\\\/dana.com.br\\\/canaldana\\\/2022\\\/06\\\/03\\\/michelin-desenvolve-logistica-responsavel\\\/\"},\"wordCount\":558,\"articleSection\":[\"Mercado\"],\"inLanguage\":\"pt-BR\"},{\"@type\":\"WebPage\",\"@id\":\"https:\\\/\\\/dana.com.br\\\/canaldana\\\/2022\\\/06\\\/03\\\/michelin-desenvolve-logistica-responsavel\\\/\",\"url\":\"https:\\\/\\\/dana.com.br\\\/canaldana\\\/2022\\\/06\\\/03\\\/michelin-desenvolve-logistica-responsavel\\\/\",\"name\":\"Michelin desenvolve log\u00edstica respons\u00e1vel - Canal Dana\",\"isPartOf\":{\"@id\":\"https:\\\/\\\/dana.com.br\\\/canaldana\\\/#website\"},\"datePublished\":\"2022-06-03T12:20:06+00:00\",\"author\":{\"@id\":\"https:\\\/\\\/dana.com.br\\\/canaldana\\\/#\\\/schema\\\/person\\\/3c21f22f56fcf3bc46b94bc60ea4fef6\"},\"breadcrumb\":{\"@id\":\"https:\\\/\\\/dana.com.br\\\/canaldana\\\/2022\\\/06\\\/03\\\/michelin-desenvolve-logistica-responsavel\\\/#breadcrumb\"},\"inLanguage\":\"pt-BR\",\"potentialAction\":[{\"@type\":\"ReadAction\",\"target\":[\"https:\\\/\\\/dana.com.br\\\/canaldana\\\/2022\\\/06\\\/03\\\/michelin-desenvolve-logistica-responsavel\\\/\"]}]},{\"@type\":\"BreadcrumbList\",\"@id\":\"https:\\\/\\\/dana.com.br\\\/canaldana\\\/2022\\\/06\\\/03\\\/michelin-desenvolve-logistica-responsavel\\\/#breadcrumb\",\"itemListElement\":[{\"@type\":\"ListItem\",\"position\":1,\"name\":\"Home\",\"item\":\"https:\\\/\\\/dana.com.br\\\/canaldana\\\/\"},{\"@type\":\"ListItem\",\"position\":2,\"name\":\"Mercado\",\"item\":\"https:\\\/\\\/dana.com.br\\\/canaldana\\\/mercado\\\/\"},{\"@type\":\"ListItem\",\"position\":3,\"name\":\"Michelin desenvolve log\u00edstica respons\u00e1vel\"}]},{\"@type\":\"WebSite\",\"@id\":\"https:\\\/\\\/dana.com.br\\\/canaldana\\\/#website\",\"url\":\"https:\\\/\\\/dana.com.br\\\/canaldana\\\/\",\"name\":\"Canal Dana\",\"description\":\"Informativo com as principais not\u00edcias da ind\u00fastria automotiva\",\"potentialAction\":[{\"@type\":\"SearchAction\",\"target\":{\"@type\":\"EntryPoint\",\"urlTemplate\":\"https:\\\/\\\/dana.com.br\\\/canaldana\\\/?s={search_term_string}\"},\"query-input\":{\"@type\":\"PropertyValueSpecification\",\"valueRequired\":true,\"valueName\":\"search_term_string\"}}],\"inLanguage\":\"pt-BR\"},{\"@type\":\"Person\",\"@id\":\"https:\\\/\\\/dana.com.br\\\/canaldana\\\/#\\\/schema\\\/person\\\/3c21f22f56fcf3bc46b94bc60ea4fef6\",\"name\":\"Canal Dana\",\"image\":{\"@type\":\"ImageObject\",\"inLanguage\":\"pt-BR\",\"@id\":\"https:\\\/\\\/secure.gravatar.com\\\/avatar\\\/420aaf9278582877d9018637c6817617705899d2858d7572ef0fe59a6b6454b4?s=96&d=mm&r=g\",\"url\":\"https:\\\/\\\/secure.gravatar.com\\\/avatar\\\/420aaf9278582877d9018637c6817617705899d2858d7572ef0fe59a6b6454b4?s=96&d=mm&r=g\",\"contentUrl\":\"https:\\\/\\\/secure.gravatar.com\\\/avatar\\\/420aaf9278582877d9018637c6817617705899d2858d7572ef0fe59a6b6454b4?s=96&d=mm&r=g\",\"caption\":\"Canal Dana\"},\"url\":\"https:\\\/\\\/dana.com.br\\\/canaldana\\\/author\\\/cdeditor\\\/\"}]}<\/script>\n<!-- \/ Yoast SEO plugin. -->","yoast_head_json":{"title":"Michelin desenvolve log\u00edstica respons\u00e1vel - Canal Dana","robots":{"index":"index","follow":"follow","max-snippet":"max-snippet:-1","max-image-preview":"max-image-preview:large","max-video-preview":"max-video-preview:-1"},"canonical":"https:\/\/dana.com.br\/canaldana\/2022\/06\/03\/michelin-desenvolve-logistica-responsavel\/","og_locale":"pt_BR","og_type":"article","og_title":"Michelin desenvolve log\u00edstica respons\u00e1vel - Canal Dana","og_description":"Coisas de Agora &nbsp; Para dar mais um passo na estrat\u00e9gia \u2018Tudo Sustent\u00e1vel\u2019, a Michelin vem desenvolvendo em suas unidades da Am\u00e9rica do Sul o princ\u00edpio da log\u00edstica respons\u00e1vel. A meta da empresa com o novo modelo de transporte de mat\u00e9rias-primas, entregas de produtos e armazenamento \u00e9 reduzir em 15% as emiss\u00f5es de CO2 at\u00e9\u2026 Leia mais \u00bb","og_url":"https:\/\/dana.com.br\/canaldana\/2022\/06\/03\/michelin-desenvolve-logistica-responsavel\/","og_site_name":"Canal Dana","article_published_time":"2022-06-03T12:20:06+00:00","author":"Canal Dana","twitter_card":"summary_large_image","twitter_misc":{"Escrito por":"Canal Dana","Est. tempo de leitura":"3 minutos"},"schema":{"@context":"https:\/\/schema.org","@graph":[{"@type":"Article","@id":"https:\/\/dana.com.br\/canaldana\/2022\/06\/03\/michelin-desenvolve-logistica-responsavel\/#article","isPartOf":{"@id":"https:\/\/dana.com.br\/canaldana\/2022\/06\/03\/michelin-desenvolve-logistica-responsavel\/"},"author":{"name":"Canal Dana","@id":"https:\/\/dana.com.br\/canaldana\/#\/schema\/person\/3c21f22f56fcf3bc46b94bc60ea4fef6"},"headline":"Michelin desenvolve log\u00edstica respons\u00e1vel","datePublished":"2022-06-03T12:20:06+00:00","mainEntityOfPage":{"@id":"https:\/\/dana.com.br\/canaldana\/2022\/06\/03\/michelin-desenvolve-logistica-responsavel\/"},"wordCount":558,"articleSection":["Mercado"],"inLanguage":"pt-BR"},{"@type":"WebPage","@id":"https:\/\/dana.com.br\/canaldana\/2022\/06\/03\/michelin-desenvolve-logistica-responsavel\/","url":"https:\/\/dana.com.br\/canaldana\/2022\/06\/03\/michelin-desenvolve-logistica-responsavel\/","name":"Michelin desenvolve log\u00edstica respons\u00e1vel - Canal Dana","isPartOf":{"@id":"https:\/\/dana.com.br\/canaldana\/#website"},"datePublished":"2022-06-03T12:20:06+00:00","author":{"@id":"https:\/\/dana.com.br\/canaldana\/#\/schema\/person\/3c21f22f56fcf3bc46b94bc60ea4fef6"},"breadcrumb":{"@id":"https:\/\/dana.com.br\/canaldana\/2022\/06\/03\/michelin-desenvolve-logistica-responsavel\/#breadcrumb"},"inLanguage":"pt-BR","potentialAction":[{"@type":"ReadAction","target":["https:\/\/dana.com.br\/canaldana\/2022\/06\/03\/michelin-desenvolve-logistica-responsavel\/"]}]},{"@type":"BreadcrumbList","@id":"https:\/\/dana.com.br\/canaldana\/2022\/06\/03\/michelin-desenvolve-logistica-responsavel\/#breadcrumb","itemListElement":[{"@type":"ListItem","position":1,"name":"Home","item":"https:\/\/dana.com.br\/canaldana\/"},{"@type":"ListItem","position":2,"name":"Mercado","item":"https:\/\/dana.com.br\/canaldana\/mercado\/"},{"@type":"ListItem","position":3,"name":"Michelin desenvolve log\u00edstica respons\u00e1vel"}]},{"@type":"WebSite","@id":"https:\/\/dana.com.br\/canaldana\/#website","url":"https:\/\/dana.com.br\/canaldana\/","name":"Canal Dana","description":"Informativo com as principais not\u00edcias da ind\u00fastria automotiva","potentialAction":[{"@type":"SearchAction","target":{"@type":"EntryPoint","urlTemplate":"https:\/\/dana.com.br\/canaldana\/?s={search_term_string}"},"query-input":{"@type":"PropertyValueSpecification","valueRequired":true,"valueName":"search_term_string"}}],"inLanguage":"pt-BR"},{"@type":"Person","@id":"https:\/\/dana.com.br\/canaldana\/#\/schema\/person\/3c21f22f56fcf3bc46b94bc60ea4fef6","name":"Canal Dana","image":{"@type":"ImageObject","inLanguage":"pt-BR","@id":"https:\/\/secure.gravatar.com\/avatar\/420aaf9278582877d9018637c6817617705899d2858d7572ef0fe59a6b6454b4?s=96&d=mm&r=g","url":"https:\/\/secure.gravatar.com\/avatar\/420aaf9278582877d9018637c6817617705899d2858d7572ef0fe59a6b6454b4?s=96&d=mm&r=g","contentUrl":"https:\/\/secure.gravatar.com\/avatar\/420aaf9278582877d9018637c6817617705899d2858d7572ef0fe59a6b6454b4?s=96&d=mm&r=g","caption":"Canal Dana"},"url":"https:\/\/dana.com.br\/canaldana\/author\/cdeditor\/"}]}},"_links":{"self":[{"href":"https:\/\/dana.com.br\/canaldana\/wp-json\/wp\/v2\/posts\/58696","targetHints":{"allow":["GET"]}}],"collection":[{"href":"https:\/\/dana.com.br\/canaldana\/wp-json\/wp\/v2\/posts"}],"about":[{"href":"https:\/\/dana.com.br\/canaldana\/wp-json\/wp\/v2\/types\/post"}],"author":[{"embeddable":true,"href":"https:\/\/dana.com.br\/canaldana\/wp-json\/wp\/v2\/users\/3"}],"replies":[{"embeddable":true,"href":"https:\/\/dana.com.br\/canaldana\/wp-json\/wp\/v2\/comments?post=58696"}],"version-history":[{"count":0,"href":"https:\/\/dana.com.br\/canaldana\/wp-json\/wp\/v2\/posts\/58696\/revisions"}],"wp:attachment":[{"href":"https:\/\/dana.com.br\/canaldana\/wp-json\/wp\/v2\/media?parent=58696"}],"wp:term":[{"taxonomy":"category","embeddable":true,"href":"https:\/\/dana.com.br\/canaldana\/wp-json\/wp\/v2\/categories?post=58696"},{"taxonomy":"post_tag","embeddable":true,"href":"https:\/\/dana.com.br\/canaldana\/wp-json\/wp\/v2\/tags?post=58696"}],"curies":[{"name":"wp","href":"https:\/\/api.w.org\/{rel}","templated":true}]}}