{"id":58694,"date":"2022-06-03T09:19:26","date_gmt":"2022-06-03T12:19:26","guid":{"rendered":"https:\/\/dana.com.br\/canaldana\/?p=58694"},"modified":"2022-06-03T09:19:26","modified_gmt":"2022-06-03T12:19:26","slug":"nova-geracao-dos-caminhoes-daf-chega-a-marca-de-10-mil-unidades-produzidas","status":"publish","type":"post","link":"https:\/\/dana.com.br\/canaldana\/2022\/06\/03\/nova-geracao-dos-caminhoes-daf-chega-a-marca-de-10-mil-unidades-produzidas\/","title":{"rendered":"Nova gera\u00e7\u00e3o dos caminh\u00f5es DAF chega \u00e0 marca de 10 mil unidades produzidas"},"content":{"rendered":"<p><em>Blog do Caminhoneiro<\/em><\/p>\n<p>&nbsp;<\/p>\n<p>A DAF produziu ontem o caminh\u00e3o n\u00famero 10 mil de sua nova gera\u00e7\u00e3o na Europa, composta pelos modelos XF, XG e XG+. O lan\u00e7amento dos novos caminh\u00f5es aconteceu no ano passado, e eles j\u00e1 receberam premia\u00e7\u00f5es importantes, como o \u2018Caminh\u00e3o Internacional do Ano 2022\u2019, al\u00e9m de serem coroados como \u2018Caminh\u00e3o do Ano\u2019 em v\u00e1rios pa\u00edses da Europa.<\/p>\n<p>&nbsp;<\/p>\n<p>A DAF foi a primeira montadora a se aproveitar das novas regulamenta\u00e7\u00f5es de tamanho das cabines na Europa, que permitem que os caminh\u00f5es tenham 90 cm a mais de comprimento, para aumentar o conforto e seguran\u00e7a do motorista e tamb\u00e9m melhorar a aerodin\u00e2mica.<\/p>\n<p>&nbsp;<\/p>\n<p>\u201cA Nova Gera\u00e7\u00e3o DAF XF, XG e XG\u207a s\u00e3o os favoritos dos motoristas e das frotas. Nossos caminh\u00f5es emblem\u00e1ticos s\u00e3o repletos de inova\u00e7\u00e3o, lindamente projetados, um sonho de dirigir e oferecem as maiores e mais confort\u00e1veis \u200b\u200bcabines do setor. Os propriet\u00e1rios se beneficiam dos custos operacionais mais baixos e do maior tempo de atividade. A combina\u00e7\u00e3o perfeita ganha-ganha\u201d, disse Richard Zink, Diretor de Marketing e Vendas e Membro do Conselho de Administra\u00e7\u00e3o da DAF Trucks.<\/p>\n<p>&nbsp;<\/p>\n<p>\u201cO marco de 10.000 caminh\u00f5es produzidos n\u00e3o apenas representa as excelentes qualidades dos caminh\u00f5es DAF de nova gera\u00e7\u00e3o, mas tamb\u00e9m \u00e9 uma prova dos mais de 10.000 funcion\u00e1rios dedicados da DAF, respons\u00e1veis \u200b\u200bpelo design, desenvolvimento, produ\u00e7\u00e3o, marketing e p\u00f3s-venda de nossos caminh\u00f5es premiados\u201d, finalizou Harry Wolters, presidente da DAF Trucks. (Blog do Caminhoneiro\/Rafael Brusque)<\/p>\n","protected":false},"excerpt":{"rendered":"<p>Blog do Caminhoneiro &nbsp; A DAF produziu ontem o caminh\u00e3o n\u00famero 10 mil de sua nova gera\u00e7\u00e3o na Europa, composta pelos modelos XF, XG e XG+. O lan\u00e7amento dos novos caminh\u00f5es aconteceu no ano passado, e eles j\u00e1 receberam premia\u00e7\u00f5es importantes, como o \u2018Caminh\u00e3o Internacional do Ano 2022\u2019, al\u00e9m de serem coroados como \u2018Caminh\u00e3o do\u2026 <a class=\"readmore\" href=\"https:\/\/dana.com.br\/canaldana\/2022\/06\/03\/nova-geracao-dos-caminhoes-daf-chega-a-marca-de-10-mil-unidades-produzidas\/\">Leia mais \u00bb<\/a><\/p>\n","protected":false},"author":3,"featured_media":0,"comment_status":"closed","ping_status":"closed","sticky":false,"template":"","format":"standard","meta":{"_acf_changed":false,"footnotes":""},"categories":[79],"tags":[],"class_list":["post-58694","post","type-post","status-publish","format-standard","hentry","category-mercado"],"acf":[],"yoast_head":"<!-- This site is optimized with the Yoast SEO plugin v27.3 - https:\/\/yoast.com\/product\/yoast-seo-wordpress\/ -->\n<title>Nova gera\u00e7\u00e3o dos caminh\u00f5es DAF chega \u00e0 marca de 10 mil unidades produzidas - Canal Dana<\/title>\n<meta name=\"robots\" content=\"index, follow, max-snippet:-1, max-image-preview:large, max-video-preview:-1\" \/>\n<link rel=\"canonical\" href=\"https:\/\/dana.com.br\/canaldana\/2022\/06\/03\/nova-geracao-dos-caminhoes-daf-chega-a-marca-de-10-mil-unidades-produzidas\/\" \/>\n<meta property=\"og:locale\" content=\"pt_BR\" \/>\n<meta property=\"og:type\" content=\"article\" \/>\n<meta property=\"og:title\" content=\"Nova gera\u00e7\u00e3o dos caminh\u00f5es DAF chega \u00e0 marca de 10 mil unidades produzidas - Canal Dana\" \/>\n<meta property=\"og:description\" content=\"Blog do Caminhoneiro &nbsp; A DAF produziu ontem o caminh\u00e3o n\u00famero 10 mil de sua nova gera\u00e7\u00e3o na Europa, composta pelos modelos XF, XG e XG+. O lan\u00e7amento dos novos caminh\u00f5es aconteceu no ano passado, e eles j\u00e1 receberam premia\u00e7\u00f5es importantes, como o \u2018Caminh\u00e3o Internacional do Ano 2022\u2019, al\u00e9m de serem coroados como \u2018Caminh\u00e3o do\u2026 Leia mais \u00bb\" \/>\n<meta property=\"og:url\" content=\"https:\/\/dana.com.br\/canaldana\/2022\/06\/03\/nova-geracao-dos-caminhoes-daf-chega-a-marca-de-10-mil-unidades-produzidas\/\" \/>\n<meta property=\"og:site_name\" content=\"Canal Dana\" \/>\n<meta property=\"article:published_time\" content=\"2022-06-03T12:19:26+00:00\" \/>\n<meta name=\"author\" content=\"Canal Dana\" \/>\n<meta name=\"twitter:card\" content=\"summary_large_image\" \/>\n<meta name=\"twitter:label1\" content=\"Escrito por\" \/>\n\t<meta name=\"twitter:data1\" content=\"Canal Dana\" \/>\n\t<meta name=\"twitter:label2\" content=\"Est. tempo de leitura\" \/>\n\t<meta name=\"twitter:data2\" content=\"1 minuto\" \/>\n<script type=\"application\/ld+json\" class=\"yoast-schema-graph\">{\"@context\":\"https:\\\/\\\/schema.org\",\"@graph\":[{\"@type\":\"Article\",\"@id\":\"https:\\\/\\\/dana.com.br\\\/canaldana\\\/2022\\\/06\\\/03\\\/nova-geracao-dos-caminhoes-daf-chega-a-marca-de-10-mil-unidades-produzidas\\\/#article\",\"isPartOf\":{\"@id\":\"https:\\\/\\\/dana.com.br\\\/canaldana\\\/2022\\\/06\\\/03\\\/nova-geracao-dos-caminhoes-daf-chega-a-marca-de-10-mil-unidades-produzidas\\\/\"},\"author\":{\"name\":\"Canal Dana\",\"@id\":\"https:\\\/\\\/dana.com.br\\\/canaldana\\\/#\\\/schema\\\/person\\\/3c21f22f56fcf3bc46b94bc60ea4fef6\"},\"headline\":\"Nova gera\u00e7\u00e3o dos caminh\u00f5es DAF chega \u00e0 marca de 10 mil unidades produzidas\",\"datePublished\":\"2022-06-03T12:19:26+00:00\",\"mainEntityOfPage\":{\"@id\":\"https:\\\/\\\/dana.com.br\\\/canaldana\\\/2022\\\/06\\\/03\\\/nova-geracao-dos-caminhoes-daf-chega-a-marca-de-10-mil-unidades-produzidas\\\/\"},\"wordCount\":280,\"articleSection\":[\"Mercado\"],\"inLanguage\":\"pt-BR\"},{\"@type\":\"WebPage\",\"@id\":\"https:\\\/\\\/dana.com.br\\\/canaldana\\\/2022\\\/06\\\/03\\\/nova-geracao-dos-caminhoes-daf-chega-a-marca-de-10-mil-unidades-produzidas\\\/\",\"url\":\"https:\\\/\\\/dana.com.br\\\/canaldana\\\/2022\\\/06\\\/03\\\/nova-geracao-dos-caminhoes-daf-chega-a-marca-de-10-mil-unidades-produzidas\\\/\",\"name\":\"Nova gera\u00e7\u00e3o dos caminh\u00f5es DAF chega \u00e0 marca de 10 mil unidades produzidas - Canal Dana\",\"isPartOf\":{\"@id\":\"https:\\\/\\\/dana.com.br\\\/canaldana\\\/#website\"},\"datePublished\":\"2022-06-03T12:19:26+00:00\",\"author\":{\"@id\":\"https:\\\/\\\/dana.com.br\\\/canaldana\\\/#\\\/schema\\\/person\\\/3c21f22f56fcf3bc46b94bc60ea4fef6\"},\"breadcrumb\":{\"@id\":\"https:\\\/\\\/dana.com.br\\\/canaldana\\\/2022\\\/06\\\/03\\\/nova-geracao-dos-caminhoes-daf-chega-a-marca-de-10-mil-unidades-produzidas\\\/#breadcrumb\"},\"inLanguage\":\"pt-BR\",\"potentialAction\":[{\"@type\":\"ReadAction\",\"target\":[\"https:\\\/\\\/dana.com.br\\\/canaldana\\\/2022\\\/06\\\/03\\\/nova-geracao-dos-caminhoes-daf-chega-a-marca-de-10-mil-unidades-produzidas\\\/\"]}]},{\"@type\":\"BreadcrumbList\",\"@id\":\"https:\\\/\\\/dana.com.br\\\/canaldana\\\/2022\\\/06\\\/03\\\/nova-geracao-dos-caminhoes-daf-chega-a-marca-de-10-mil-unidades-produzidas\\\/#breadcrumb\",\"itemListElement\":[{\"@type\":\"ListItem\",\"position\":1,\"name\":\"Home\",\"item\":\"https:\\\/\\\/dana.com.br\\\/canaldana\\\/\"},{\"@type\":\"ListItem\",\"position\":2,\"name\":\"Mercado\",\"item\":\"https:\\\/\\\/dana.com.br\\\/canaldana\\\/mercado\\\/\"},{\"@type\":\"ListItem\",\"position\":3,\"name\":\"Nova gera\u00e7\u00e3o dos caminh\u00f5es DAF chega \u00e0 marca de 10 mil unidades produzidas\"}]},{\"@type\":\"WebSite\",\"@id\":\"https:\\\/\\\/dana.com.br\\\/canaldana\\\/#website\",\"url\":\"https:\\\/\\\/dana.com.br\\\/canaldana\\\/\",\"name\":\"Canal Dana\",\"description\":\"Informativo com as principais not\u00edcias da ind\u00fastria automotiva\",\"potentialAction\":[{\"@type\":\"SearchAction\",\"target\":{\"@type\":\"EntryPoint\",\"urlTemplate\":\"https:\\\/\\\/dana.com.br\\\/canaldana\\\/?s={search_term_string}\"},\"query-input\":{\"@type\":\"PropertyValueSpecification\",\"valueRequired\":true,\"valueName\":\"search_term_string\"}}],\"inLanguage\":\"pt-BR\"},{\"@type\":\"Person\",\"@id\":\"https:\\\/\\\/dana.com.br\\\/canaldana\\\/#\\\/schema\\\/person\\\/3c21f22f56fcf3bc46b94bc60ea4fef6\",\"name\":\"Canal Dana\",\"image\":{\"@type\":\"ImageObject\",\"inLanguage\":\"pt-BR\",\"@id\":\"https:\\\/\\\/secure.gravatar.com\\\/avatar\\\/420aaf9278582877d9018637c6817617705899d2858d7572ef0fe59a6b6454b4?s=96&d=mm&r=g\",\"url\":\"https:\\\/\\\/secure.gravatar.com\\\/avatar\\\/420aaf9278582877d9018637c6817617705899d2858d7572ef0fe59a6b6454b4?s=96&d=mm&r=g\",\"contentUrl\":\"https:\\\/\\\/secure.gravatar.com\\\/avatar\\\/420aaf9278582877d9018637c6817617705899d2858d7572ef0fe59a6b6454b4?s=96&d=mm&r=g\",\"caption\":\"Canal Dana\"},\"url\":\"https:\\\/\\\/dana.com.br\\\/canaldana\\\/author\\\/cdeditor\\\/\"}]}<\/script>\n<!-- \/ Yoast SEO plugin. -->","yoast_head_json":{"title":"Nova gera\u00e7\u00e3o dos caminh\u00f5es DAF chega \u00e0 marca de 10 mil unidades produzidas - Canal Dana","robots":{"index":"index","follow":"follow","max-snippet":"max-snippet:-1","max-image-preview":"max-image-preview:large","max-video-preview":"max-video-preview:-1"},"canonical":"https:\/\/dana.com.br\/canaldana\/2022\/06\/03\/nova-geracao-dos-caminhoes-daf-chega-a-marca-de-10-mil-unidades-produzidas\/","og_locale":"pt_BR","og_type":"article","og_title":"Nova gera\u00e7\u00e3o dos caminh\u00f5es DAF chega \u00e0 marca de 10 mil unidades produzidas - Canal Dana","og_description":"Blog do Caminhoneiro &nbsp; A DAF produziu ontem o caminh\u00e3o n\u00famero 10 mil de sua nova gera\u00e7\u00e3o na Europa, composta pelos modelos XF, XG e XG+. O lan\u00e7amento dos novos caminh\u00f5es aconteceu no ano passado, e eles j\u00e1 receberam premia\u00e7\u00f5es importantes, como o \u2018Caminh\u00e3o Internacional do Ano 2022\u2019, al\u00e9m de serem coroados como \u2018Caminh\u00e3o do\u2026 Leia mais \u00bb","og_url":"https:\/\/dana.com.br\/canaldana\/2022\/06\/03\/nova-geracao-dos-caminhoes-daf-chega-a-marca-de-10-mil-unidades-produzidas\/","og_site_name":"Canal Dana","article_published_time":"2022-06-03T12:19:26+00:00","author":"Canal Dana","twitter_card":"summary_large_image","twitter_misc":{"Escrito por":"Canal Dana","Est. tempo de leitura":"1 minuto"},"schema":{"@context":"https:\/\/schema.org","@graph":[{"@type":"Article","@id":"https:\/\/dana.com.br\/canaldana\/2022\/06\/03\/nova-geracao-dos-caminhoes-daf-chega-a-marca-de-10-mil-unidades-produzidas\/#article","isPartOf":{"@id":"https:\/\/dana.com.br\/canaldana\/2022\/06\/03\/nova-geracao-dos-caminhoes-daf-chega-a-marca-de-10-mil-unidades-produzidas\/"},"author":{"name":"Canal Dana","@id":"https:\/\/dana.com.br\/canaldana\/#\/schema\/person\/3c21f22f56fcf3bc46b94bc60ea4fef6"},"headline":"Nova gera\u00e7\u00e3o dos caminh\u00f5es DAF chega \u00e0 marca de 10 mil unidades produzidas","datePublished":"2022-06-03T12:19:26+00:00","mainEntityOfPage":{"@id":"https:\/\/dana.com.br\/canaldana\/2022\/06\/03\/nova-geracao-dos-caminhoes-daf-chega-a-marca-de-10-mil-unidades-produzidas\/"},"wordCount":280,"articleSection":["Mercado"],"inLanguage":"pt-BR"},{"@type":"WebPage","@id":"https:\/\/dana.com.br\/canaldana\/2022\/06\/03\/nova-geracao-dos-caminhoes-daf-chega-a-marca-de-10-mil-unidades-produzidas\/","url":"https:\/\/dana.com.br\/canaldana\/2022\/06\/03\/nova-geracao-dos-caminhoes-daf-chega-a-marca-de-10-mil-unidades-produzidas\/","name":"Nova gera\u00e7\u00e3o dos caminh\u00f5es DAF chega \u00e0 marca de 10 mil unidades produzidas - Canal Dana","isPartOf":{"@id":"https:\/\/dana.com.br\/canaldana\/#website"},"datePublished":"2022-06-03T12:19:26+00:00","author":{"@id":"https:\/\/dana.com.br\/canaldana\/#\/schema\/person\/3c21f22f56fcf3bc46b94bc60ea4fef6"},"breadcrumb":{"@id":"https:\/\/dana.com.br\/canaldana\/2022\/06\/03\/nova-geracao-dos-caminhoes-daf-chega-a-marca-de-10-mil-unidades-produzidas\/#breadcrumb"},"inLanguage":"pt-BR","potentialAction":[{"@type":"ReadAction","target":["https:\/\/dana.com.br\/canaldana\/2022\/06\/03\/nova-geracao-dos-caminhoes-daf-chega-a-marca-de-10-mil-unidades-produzidas\/"]}]},{"@type":"BreadcrumbList","@id":"https:\/\/dana.com.br\/canaldana\/2022\/06\/03\/nova-geracao-dos-caminhoes-daf-chega-a-marca-de-10-mil-unidades-produzidas\/#breadcrumb","itemListElement":[{"@type":"ListItem","position":1,"name":"Home","item":"https:\/\/dana.com.br\/canaldana\/"},{"@type":"ListItem","position":2,"name":"Mercado","item":"https:\/\/dana.com.br\/canaldana\/mercado\/"},{"@type":"ListItem","position":3,"name":"Nova gera\u00e7\u00e3o dos caminh\u00f5es DAF chega \u00e0 marca de 10 mil unidades produzidas"}]},{"@type":"WebSite","@id":"https:\/\/dana.com.br\/canaldana\/#website","url":"https:\/\/dana.com.br\/canaldana\/","name":"Canal Dana","description":"Informativo com as principais not\u00edcias da ind\u00fastria automotiva","potentialAction":[{"@type":"SearchAction","target":{"@type":"EntryPoint","urlTemplate":"https:\/\/dana.com.br\/canaldana\/?s={search_term_string}"},"query-input":{"@type":"PropertyValueSpecification","valueRequired":true,"valueName":"search_term_string"}}],"inLanguage":"pt-BR"},{"@type":"Person","@id":"https:\/\/dana.com.br\/canaldana\/#\/schema\/person\/3c21f22f56fcf3bc46b94bc60ea4fef6","name":"Canal Dana","image":{"@type":"ImageObject","inLanguage":"pt-BR","@id":"https:\/\/secure.gravatar.com\/avatar\/420aaf9278582877d9018637c6817617705899d2858d7572ef0fe59a6b6454b4?s=96&d=mm&r=g","url":"https:\/\/secure.gravatar.com\/avatar\/420aaf9278582877d9018637c6817617705899d2858d7572ef0fe59a6b6454b4?s=96&d=mm&r=g","contentUrl":"https:\/\/secure.gravatar.com\/avatar\/420aaf9278582877d9018637c6817617705899d2858d7572ef0fe59a6b6454b4?s=96&d=mm&r=g","caption":"Canal Dana"},"url":"https:\/\/dana.com.br\/canaldana\/author\/cdeditor\/"}]}},"_links":{"self":[{"href":"https:\/\/dana.com.br\/canaldana\/wp-json\/wp\/v2\/posts\/58694","targetHints":{"allow":["GET"]}}],"collection":[{"href":"https:\/\/dana.com.br\/canaldana\/wp-json\/wp\/v2\/posts"}],"about":[{"href":"https:\/\/dana.com.br\/canaldana\/wp-json\/wp\/v2\/types\/post"}],"author":[{"embeddable":true,"href":"https:\/\/dana.com.br\/canaldana\/wp-json\/wp\/v2\/users\/3"}],"replies":[{"embeddable":true,"href":"https:\/\/dana.com.br\/canaldana\/wp-json\/wp\/v2\/comments?post=58694"}],"version-history":[{"count":0,"href":"https:\/\/dana.com.br\/canaldana\/wp-json\/wp\/v2\/posts\/58694\/revisions"}],"wp:attachment":[{"href":"https:\/\/dana.com.br\/canaldana\/wp-json\/wp\/v2\/media?parent=58694"}],"wp:term":[{"taxonomy":"category","embeddable":true,"href":"https:\/\/dana.com.br\/canaldana\/wp-json\/wp\/v2\/categories?post=58694"},{"taxonomy":"post_tag","embeddable":true,"href":"https:\/\/dana.com.br\/canaldana\/wp-json\/wp\/v2\/tags?post=58694"}],"curies":[{"name":"wp","href":"https:\/\/api.w.org\/{rel}","templated":true}]}}