{"id":58692,"date":"2022-06-03T09:18:45","date_gmt":"2022-06-03T12:18:45","guid":{"rendered":"https:\/\/dana.com.br\/canaldana\/?p=58692"},"modified":"2022-06-03T09:18:45","modified_gmt":"2022-06-03T12:18:45","slug":"mercedes-benz-apresenta-onibus-eletrico-a-autoridades-argentinas-na-fabrica-de-sao-bernardo-do-campo-sp","status":"publish","type":"post","link":"https:\/\/dana.com.br\/canaldana\/2022\/06\/03\/mercedes-benz-apresenta-onibus-eletrico-a-autoridades-argentinas-na-fabrica-de-sao-bernardo-do-campo-sp\/","title":{"rendered":"Mercedes-Benz apresenta \u00f4nibus el\u00e9trico a autoridades argentinas, na f\u00e1brica de S\u00e3o Bernardo do Campo (SP)"},"content":{"rendered":"<p><em>Di\u00e1rio do Transporte<\/em><\/p>\n<p>&nbsp;<\/p>\n<p>Nesta semana, a Mercedes-Benz apresentou o primeiro chassi de \u00f4nibus el\u00e9trico da marca a autoridades argentinas. A apresenta\u00e7\u00e3o ocorreu durante uma visita na f\u00e1brica de S\u00e3o Bernardo do Campo, no ABC Paulista.<\/p>\n<p>&nbsp;<\/p>\n<p>O chassi eO500U chegar\u00e1 ao mercado no segundo semestre deste ano, conforme informado pela fabricante.<\/p>\n<p>&nbsp;<\/p>\n<p>A programa\u00e7\u00e3o de atividades envolveu visita \u00e0 linha de montagem de caminh\u00f5es. Foram apresentados, no local, conceitos da Ind\u00fastria 4.0.<\/p>\n<p>&nbsp;<\/p>\n<p>O eO500U, primeiro chassi de \u00f4nibus el\u00e9trico da marca no Brasil, foi apresentado na \u00e1rea de Engenharia.<\/p>\n<p>&nbsp;<\/p>\n<p><strong>Encontro<\/strong><\/p>\n<p>&nbsp;<\/p>\n<p>A delega\u00e7\u00e3o contou com a presen\u00e7a de Daniel Scioli, Embaixador da Argentina no Brasil; e Fernando Espinoza, prefeito de La Matanza, distrito da Prov\u00edncia de Buenos Aires onde se localiza a unidade industrial da Mercedes-Benz Caminh\u00f5es e \u00d4nibus na Argentina.<\/p>\n<p>&nbsp;<\/p>\n<p>O prefeito de S\u00e3o Bernardo do Campo, Orlando Morando, tamb\u00e9m participou do encontro. A delega\u00e7\u00e3o visitante, com cerca de 15 pessoas, contou tamb\u00e9m com a presen\u00e7a de Debora Giorgi, Secret\u00e1ria de Produ\u00e7\u00e3o de La Matanza.<\/p>\n<p>&nbsp;<\/p>\n<p>Achim Puchert, Presidente da Mercedes-Benz do Brasil &amp; CEO Am\u00e9rica Latina, e Carlos Garcia, Presidente e CEO da Mercedes-Benz Cars &amp; Vans Brasil, foram os anfitri\u00f5es do encontro, que contou ainda com a presen\u00e7a de Luiz Carlos Moraes, Diretor de Comunica\u00e7\u00e3o Corporativa e Rela\u00e7\u00f5es Institucionais da Mercedes-Benz do Brasil; Sebasti\u00e1n Gysin, Diretor de Vendas e Marketing \u00d4nibus da Mercedes-Benz Caminh\u00f5es e \u00d4nibus Argentina; e Tom\u00e1s Cociancich, Especialista em Assuntos P\u00fablicos da Mercedes-Benz Caminh\u00f5es e \u00d4nibus Argentina.<\/p>\n<p>&nbsp;<\/p>\n<p>\u201cNosso \u00f4nibus el\u00e9trico e nossa F\u00e1brica 4.0 s\u00e3o exemplos dessa contribui\u00e7\u00e3o inovadora. Ao mesmo tempo, \u00e9 uma grande oportunidade para estreitar nossos la\u00e7os de coopera\u00e7\u00e3o entre as importantes atividades da Mercedes-Benz do Brasil e da Argentina\u201d, disse Achim Puchert.<\/p>\n<p>&nbsp;<\/p>\n<p><strong>Encomendas<\/strong><\/p>\n<p>&nbsp;<\/p>\n<p>Conforme j\u00e1 noticiado pelo Di\u00e1rio do Transporte, 100 encomendas do chassi el\u00e9trico eO500U j\u00e1 est\u00e3o programadas para entrega ao mercado brasileiro.<\/p>\n<p>&nbsp;<\/p>\n<p><strong>Relembre: Mercedes-Benz tem 100 encomendas do chassi el\u00e9trico eO500U<\/strong><\/p>\n<p>&nbsp;<\/p>\n<p>\u201cO mercado brasileiro aguarda com grande expectativa pelo chassi de \u00f4nibus el\u00e9trico Mercedes-Benz a partir do segundo semestre\u201d, afirmou tamb\u00e9m Achim Puchert. \u201cJ\u00e1 temos 100 encomendas programadas para entrega entre o final de 2022 e in\u00edcio de 2023, trazendo a solu\u00e7\u00e3o da marca para a eletromobilidade aos nossos clientes\u201d.<\/p>\n<p>&nbsp;<\/p>\n<p>Esse primeiro chassi de \u00f4nibus el\u00e9trico a bateria \u00e9 um ve\u00edculo urbano 100% desenvolvido pela equipe de engenharia brasileira com foco na realidade da mobilidade e do transporte de passageiros. Al\u00e9m disso, foi testado na Alemanha, pela Daimler.<\/p>\n<p>&nbsp;<\/p>\n<p>\u201cNossa decis\u00e3o estrat\u00e9gica de apresentar uma solu\u00e7\u00e3o em eletromobilidade primeiramente em \u00f4nibus, mais especificamente no segmento urbano, foi pensando no coletivo e no cen\u00e1rio das cidades. N\u00f3s temos experi\u00eancia de 65 anos no Brasil, sempre oferecendo novas tecnologias para o transporte. Agora, alinhado \u00e0s demandas de clientes e da sociedade, acrescentamos a tecnologia el\u00e9trica \u00e0s nossas solu\u00e7\u00f5es\u201d, considerou Achim Puchert. \u201cAssim, a opera\u00e7\u00e3o brasileira se alinha \u00e0 estrat\u00e9gia global da Daimler Truck de pr\u00e1ticas de ESG \u2013 Meio Ambiente, A\u00e7\u00f5es Sociais e Governan\u00e7a Corporativa. \u201cEsse \u00e9 apenas o primeiro passo da Mercedes-Benz do Brasil rumo ao mundo da eletromobilidade\u201d.<\/p>\n<p>&nbsp;<\/p>\n<p>A empresa destinou cerca de R$ 100 milh\u00f5es ao projeto do eO500U, dentro do atual ciclo de investimentos que soma R$ 2,4 bilh\u00f5es no Brasil, de 2018 a 2022. (Di\u00e1rio do Transporte\/Jessica Marques)<\/p>\n","protected":false},"excerpt":{"rendered":"<p>Di\u00e1rio do Transporte &nbsp; Nesta semana, a Mercedes-Benz apresentou o primeiro chassi de \u00f4nibus el\u00e9trico da marca a autoridades argentinas. A apresenta\u00e7\u00e3o ocorreu durante uma visita na f\u00e1brica de S\u00e3o Bernardo do Campo, no ABC Paulista. &nbsp; O chassi eO500U chegar\u00e1 ao mercado no segundo semestre deste ano, conforme informado pela fabricante. &nbsp; A programa\u00e7\u00e3o\u2026 <a class=\"readmore\" href=\"https:\/\/dana.com.br\/canaldana\/2022\/06\/03\/mercedes-benz-apresenta-onibus-eletrico-a-autoridades-argentinas-na-fabrica-de-sao-bernardo-do-campo-sp\/\">Leia mais \u00bb<\/a><\/p>\n","protected":false},"author":3,"featured_media":0,"comment_status":"closed","ping_status":"closed","sticky":false,"template":"","format":"standard","meta":{"_acf_changed":false,"footnotes":""},"categories":[110],"tags":[],"class_list":["post-58692","post","type-post","status-publish","format-standard","hentry","category-eletricos"],"acf":[],"yoast_head":"<!-- This site is optimized with the Yoast SEO plugin v27.3 - https:\/\/yoast.com\/product\/yoast-seo-wordpress\/ -->\n<title>Mercedes-Benz apresenta \u00f4nibus el\u00e9trico a autoridades argentinas, na f\u00e1brica de S\u00e3o Bernardo do Campo (SP) - Canal Dana<\/title>\n<meta name=\"robots\" content=\"index, follow, max-snippet:-1, max-image-preview:large, max-video-preview:-1\" \/>\n<link rel=\"canonical\" href=\"https:\/\/dana.com.br\/canaldana\/2022\/06\/03\/mercedes-benz-apresenta-onibus-eletrico-a-autoridades-argentinas-na-fabrica-de-sao-bernardo-do-campo-sp\/\" \/>\n<meta property=\"og:locale\" content=\"pt_BR\" \/>\n<meta property=\"og:type\" content=\"article\" \/>\n<meta property=\"og:title\" content=\"Mercedes-Benz apresenta \u00f4nibus el\u00e9trico a autoridades argentinas, na f\u00e1brica de S\u00e3o Bernardo do Campo (SP) - Canal Dana\" \/>\n<meta property=\"og:description\" content=\"Di\u00e1rio do Transporte &nbsp; Nesta semana, a Mercedes-Benz apresentou o primeiro chassi de \u00f4nibus el\u00e9trico da marca a autoridades argentinas. A apresenta\u00e7\u00e3o ocorreu durante uma visita na f\u00e1brica de S\u00e3o Bernardo do Campo, no ABC Paulista. &nbsp; O chassi eO500U chegar\u00e1 ao mercado no segundo semestre deste ano, conforme informado pela fabricante. &nbsp; A programa\u00e7\u00e3o\u2026 Leia mais \u00bb\" \/>\n<meta property=\"og:url\" content=\"https:\/\/dana.com.br\/canaldana\/2022\/06\/03\/mercedes-benz-apresenta-onibus-eletrico-a-autoridades-argentinas-na-fabrica-de-sao-bernardo-do-campo-sp\/\" \/>\n<meta property=\"og:site_name\" content=\"Canal Dana\" \/>\n<meta property=\"article:published_time\" content=\"2022-06-03T12:18:45+00:00\" \/>\n<meta name=\"author\" content=\"Canal Dana\" \/>\n<meta name=\"twitter:card\" content=\"summary_large_image\" \/>\n<meta name=\"twitter:label1\" content=\"Escrito por\" \/>\n\t<meta name=\"twitter:data1\" content=\"Canal Dana\" \/>\n\t<meta name=\"twitter:label2\" content=\"Est. tempo de leitura\" \/>\n\t<meta name=\"twitter:data2\" content=\"3 minutos\" \/>\n<script type=\"application\/ld+json\" class=\"yoast-schema-graph\">{\"@context\":\"https:\\\/\\\/schema.org\",\"@graph\":[{\"@type\":\"Article\",\"@id\":\"https:\\\/\\\/dana.com.br\\\/canaldana\\\/2022\\\/06\\\/03\\\/mercedes-benz-apresenta-onibus-eletrico-a-autoridades-argentinas-na-fabrica-de-sao-bernardo-do-campo-sp\\\/#article\",\"isPartOf\":{\"@id\":\"https:\\\/\\\/dana.com.br\\\/canaldana\\\/2022\\\/06\\\/03\\\/mercedes-benz-apresenta-onibus-eletrico-a-autoridades-argentinas-na-fabrica-de-sao-bernardo-do-campo-sp\\\/\"},\"author\":{\"name\":\"Canal Dana\",\"@id\":\"https:\\\/\\\/dana.com.br\\\/canaldana\\\/#\\\/schema\\\/person\\\/3c21f22f56fcf3bc46b94bc60ea4fef6\"},\"headline\":\"Mercedes-Benz apresenta \u00f4nibus el\u00e9trico a autoridades argentinas, na f\u00e1brica de S\u00e3o Bernardo do Campo (SP)\",\"datePublished\":\"2022-06-03T12:18:45+00:00\",\"mainEntityOfPage\":{\"@id\":\"https:\\\/\\\/dana.com.br\\\/canaldana\\\/2022\\\/06\\\/03\\\/mercedes-benz-apresenta-onibus-eletrico-a-autoridades-argentinas-na-fabrica-de-sao-bernardo-do-campo-sp\\\/\"},\"wordCount\":611,\"articleSection\":[\"El\u00e9tricos\"],\"inLanguage\":\"pt-BR\"},{\"@type\":\"WebPage\",\"@id\":\"https:\\\/\\\/dana.com.br\\\/canaldana\\\/2022\\\/06\\\/03\\\/mercedes-benz-apresenta-onibus-eletrico-a-autoridades-argentinas-na-fabrica-de-sao-bernardo-do-campo-sp\\\/\",\"url\":\"https:\\\/\\\/dana.com.br\\\/canaldana\\\/2022\\\/06\\\/03\\\/mercedes-benz-apresenta-onibus-eletrico-a-autoridades-argentinas-na-fabrica-de-sao-bernardo-do-campo-sp\\\/\",\"name\":\"Mercedes-Benz apresenta \u00f4nibus el\u00e9trico a autoridades argentinas, na f\u00e1brica de S\u00e3o Bernardo do Campo (SP) - Canal Dana\",\"isPartOf\":{\"@id\":\"https:\\\/\\\/dana.com.br\\\/canaldana\\\/#website\"},\"datePublished\":\"2022-06-03T12:18:45+00:00\",\"author\":{\"@id\":\"https:\\\/\\\/dana.com.br\\\/canaldana\\\/#\\\/schema\\\/person\\\/3c21f22f56fcf3bc46b94bc60ea4fef6\"},\"breadcrumb\":{\"@id\":\"https:\\\/\\\/dana.com.br\\\/canaldana\\\/2022\\\/06\\\/03\\\/mercedes-benz-apresenta-onibus-eletrico-a-autoridades-argentinas-na-fabrica-de-sao-bernardo-do-campo-sp\\\/#breadcrumb\"},\"inLanguage\":\"pt-BR\",\"potentialAction\":[{\"@type\":\"ReadAction\",\"target\":[\"https:\\\/\\\/dana.com.br\\\/canaldana\\\/2022\\\/06\\\/03\\\/mercedes-benz-apresenta-onibus-eletrico-a-autoridades-argentinas-na-fabrica-de-sao-bernardo-do-campo-sp\\\/\"]}]},{\"@type\":\"BreadcrumbList\",\"@id\":\"https:\\\/\\\/dana.com.br\\\/canaldana\\\/2022\\\/06\\\/03\\\/mercedes-benz-apresenta-onibus-eletrico-a-autoridades-argentinas-na-fabrica-de-sao-bernardo-do-campo-sp\\\/#breadcrumb\",\"itemListElement\":[{\"@type\":\"ListItem\",\"position\":1,\"name\":\"Home\",\"item\":\"https:\\\/\\\/dana.com.br\\\/canaldana\\\/\"},{\"@type\":\"ListItem\",\"position\":2,\"name\":\"El\u00e9tricos\",\"item\":\"https:\\\/\\\/dana.com.br\\\/canaldana\\\/eletricos\\\/\"},{\"@type\":\"ListItem\",\"position\":3,\"name\":\"Mercedes-Benz apresenta \u00f4nibus el\u00e9trico a autoridades argentinas, na f\u00e1brica de S\u00e3o Bernardo do Campo (SP)\"}]},{\"@type\":\"WebSite\",\"@id\":\"https:\\\/\\\/dana.com.br\\\/canaldana\\\/#website\",\"url\":\"https:\\\/\\\/dana.com.br\\\/canaldana\\\/\",\"name\":\"Canal Dana\",\"description\":\"Informativo com as principais not\u00edcias da ind\u00fastria automotiva\",\"potentialAction\":[{\"@type\":\"SearchAction\",\"target\":{\"@type\":\"EntryPoint\",\"urlTemplate\":\"https:\\\/\\\/dana.com.br\\\/canaldana\\\/?s={search_term_string}\"},\"query-input\":{\"@type\":\"PropertyValueSpecification\",\"valueRequired\":true,\"valueName\":\"search_term_string\"}}],\"inLanguage\":\"pt-BR\"},{\"@type\":\"Person\",\"@id\":\"https:\\\/\\\/dana.com.br\\\/canaldana\\\/#\\\/schema\\\/person\\\/3c21f22f56fcf3bc46b94bc60ea4fef6\",\"name\":\"Canal Dana\",\"image\":{\"@type\":\"ImageObject\",\"inLanguage\":\"pt-BR\",\"@id\":\"https:\\\/\\\/secure.gravatar.com\\\/avatar\\\/420aaf9278582877d9018637c6817617705899d2858d7572ef0fe59a6b6454b4?s=96&d=mm&r=g\",\"url\":\"https:\\\/\\\/secure.gravatar.com\\\/avatar\\\/420aaf9278582877d9018637c6817617705899d2858d7572ef0fe59a6b6454b4?s=96&d=mm&r=g\",\"contentUrl\":\"https:\\\/\\\/secure.gravatar.com\\\/avatar\\\/420aaf9278582877d9018637c6817617705899d2858d7572ef0fe59a6b6454b4?s=96&d=mm&r=g\",\"caption\":\"Canal Dana\"},\"url\":\"https:\\\/\\\/dana.com.br\\\/canaldana\\\/author\\\/cdeditor\\\/\"}]}<\/script>\n<!-- \/ Yoast SEO plugin. -->","yoast_head_json":{"title":"Mercedes-Benz apresenta \u00f4nibus el\u00e9trico a autoridades argentinas, na f\u00e1brica de S\u00e3o Bernardo do Campo (SP) - Canal Dana","robots":{"index":"index","follow":"follow","max-snippet":"max-snippet:-1","max-image-preview":"max-image-preview:large","max-video-preview":"max-video-preview:-1"},"canonical":"https:\/\/dana.com.br\/canaldana\/2022\/06\/03\/mercedes-benz-apresenta-onibus-eletrico-a-autoridades-argentinas-na-fabrica-de-sao-bernardo-do-campo-sp\/","og_locale":"pt_BR","og_type":"article","og_title":"Mercedes-Benz apresenta \u00f4nibus el\u00e9trico a autoridades argentinas, na f\u00e1brica de S\u00e3o Bernardo do Campo (SP) - Canal Dana","og_description":"Di\u00e1rio do Transporte &nbsp; Nesta semana, a Mercedes-Benz apresentou o primeiro chassi de \u00f4nibus el\u00e9trico da marca a autoridades argentinas. A apresenta\u00e7\u00e3o ocorreu durante uma visita na f\u00e1brica de S\u00e3o Bernardo do Campo, no ABC Paulista. &nbsp; O chassi eO500U chegar\u00e1 ao mercado no segundo semestre deste ano, conforme informado pela fabricante. &nbsp; A programa\u00e7\u00e3o\u2026 Leia mais \u00bb","og_url":"https:\/\/dana.com.br\/canaldana\/2022\/06\/03\/mercedes-benz-apresenta-onibus-eletrico-a-autoridades-argentinas-na-fabrica-de-sao-bernardo-do-campo-sp\/","og_site_name":"Canal Dana","article_published_time":"2022-06-03T12:18:45+00:00","author":"Canal Dana","twitter_card":"summary_large_image","twitter_misc":{"Escrito por":"Canal Dana","Est. tempo de leitura":"3 minutos"},"schema":{"@context":"https:\/\/schema.org","@graph":[{"@type":"Article","@id":"https:\/\/dana.com.br\/canaldana\/2022\/06\/03\/mercedes-benz-apresenta-onibus-eletrico-a-autoridades-argentinas-na-fabrica-de-sao-bernardo-do-campo-sp\/#article","isPartOf":{"@id":"https:\/\/dana.com.br\/canaldana\/2022\/06\/03\/mercedes-benz-apresenta-onibus-eletrico-a-autoridades-argentinas-na-fabrica-de-sao-bernardo-do-campo-sp\/"},"author":{"name":"Canal Dana","@id":"https:\/\/dana.com.br\/canaldana\/#\/schema\/person\/3c21f22f56fcf3bc46b94bc60ea4fef6"},"headline":"Mercedes-Benz apresenta \u00f4nibus el\u00e9trico a autoridades argentinas, na f\u00e1brica de S\u00e3o Bernardo do Campo (SP)","datePublished":"2022-06-03T12:18:45+00:00","mainEntityOfPage":{"@id":"https:\/\/dana.com.br\/canaldana\/2022\/06\/03\/mercedes-benz-apresenta-onibus-eletrico-a-autoridades-argentinas-na-fabrica-de-sao-bernardo-do-campo-sp\/"},"wordCount":611,"articleSection":["El\u00e9tricos"],"inLanguage":"pt-BR"},{"@type":"WebPage","@id":"https:\/\/dana.com.br\/canaldana\/2022\/06\/03\/mercedes-benz-apresenta-onibus-eletrico-a-autoridades-argentinas-na-fabrica-de-sao-bernardo-do-campo-sp\/","url":"https:\/\/dana.com.br\/canaldana\/2022\/06\/03\/mercedes-benz-apresenta-onibus-eletrico-a-autoridades-argentinas-na-fabrica-de-sao-bernardo-do-campo-sp\/","name":"Mercedes-Benz apresenta \u00f4nibus el\u00e9trico a autoridades argentinas, na f\u00e1brica de S\u00e3o Bernardo do Campo (SP) - Canal Dana","isPartOf":{"@id":"https:\/\/dana.com.br\/canaldana\/#website"},"datePublished":"2022-06-03T12:18:45+00:00","author":{"@id":"https:\/\/dana.com.br\/canaldana\/#\/schema\/person\/3c21f22f56fcf3bc46b94bc60ea4fef6"},"breadcrumb":{"@id":"https:\/\/dana.com.br\/canaldana\/2022\/06\/03\/mercedes-benz-apresenta-onibus-eletrico-a-autoridades-argentinas-na-fabrica-de-sao-bernardo-do-campo-sp\/#breadcrumb"},"inLanguage":"pt-BR","potentialAction":[{"@type":"ReadAction","target":["https:\/\/dana.com.br\/canaldana\/2022\/06\/03\/mercedes-benz-apresenta-onibus-eletrico-a-autoridades-argentinas-na-fabrica-de-sao-bernardo-do-campo-sp\/"]}]},{"@type":"BreadcrumbList","@id":"https:\/\/dana.com.br\/canaldana\/2022\/06\/03\/mercedes-benz-apresenta-onibus-eletrico-a-autoridades-argentinas-na-fabrica-de-sao-bernardo-do-campo-sp\/#breadcrumb","itemListElement":[{"@type":"ListItem","position":1,"name":"Home","item":"https:\/\/dana.com.br\/canaldana\/"},{"@type":"ListItem","position":2,"name":"El\u00e9tricos","item":"https:\/\/dana.com.br\/canaldana\/eletricos\/"},{"@type":"ListItem","position":3,"name":"Mercedes-Benz apresenta \u00f4nibus el\u00e9trico a autoridades argentinas, na f\u00e1brica de S\u00e3o Bernardo do Campo (SP)"}]},{"@type":"WebSite","@id":"https:\/\/dana.com.br\/canaldana\/#website","url":"https:\/\/dana.com.br\/canaldana\/","name":"Canal Dana","description":"Informativo com as principais not\u00edcias da ind\u00fastria automotiva","potentialAction":[{"@type":"SearchAction","target":{"@type":"EntryPoint","urlTemplate":"https:\/\/dana.com.br\/canaldana\/?s={search_term_string}"},"query-input":{"@type":"PropertyValueSpecification","valueRequired":true,"valueName":"search_term_string"}}],"inLanguage":"pt-BR"},{"@type":"Person","@id":"https:\/\/dana.com.br\/canaldana\/#\/schema\/person\/3c21f22f56fcf3bc46b94bc60ea4fef6","name":"Canal Dana","image":{"@type":"ImageObject","inLanguage":"pt-BR","@id":"https:\/\/secure.gravatar.com\/avatar\/420aaf9278582877d9018637c6817617705899d2858d7572ef0fe59a6b6454b4?s=96&d=mm&r=g","url":"https:\/\/secure.gravatar.com\/avatar\/420aaf9278582877d9018637c6817617705899d2858d7572ef0fe59a6b6454b4?s=96&d=mm&r=g","contentUrl":"https:\/\/secure.gravatar.com\/avatar\/420aaf9278582877d9018637c6817617705899d2858d7572ef0fe59a6b6454b4?s=96&d=mm&r=g","caption":"Canal Dana"},"url":"https:\/\/dana.com.br\/canaldana\/author\/cdeditor\/"}]}},"_links":{"self":[{"href":"https:\/\/dana.com.br\/canaldana\/wp-json\/wp\/v2\/posts\/58692","targetHints":{"allow":["GET"]}}],"collection":[{"href":"https:\/\/dana.com.br\/canaldana\/wp-json\/wp\/v2\/posts"}],"about":[{"href":"https:\/\/dana.com.br\/canaldana\/wp-json\/wp\/v2\/types\/post"}],"author":[{"embeddable":true,"href":"https:\/\/dana.com.br\/canaldana\/wp-json\/wp\/v2\/users\/3"}],"replies":[{"embeddable":true,"href":"https:\/\/dana.com.br\/canaldana\/wp-json\/wp\/v2\/comments?post=58692"}],"version-history":[{"count":0,"href":"https:\/\/dana.com.br\/canaldana\/wp-json\/wp\/v2\/posts\/58692\/revisions"}],"wp:attachment":[{"href":"https:\/\/dana.com.br\/canaldana\/wp-json\/wp\/v2\/media?parent=58692"}],"wp:term":[{"taxonomy":"category","embeddable":true,"href":"https:\/\/dana.com.br\/canaldana\/wp-json\/wp\/v2\/categories?post=58692"},{"taxonomy":"post_tag","embeddable":true,"href":"https:\/\/dana.com.br\/canaldana\/wp-json\/wp\/v2\/tags?post=58692"}],"curies":[{"name":"wp","href":"https:\/\/api.w.org\/{rel}","templated":true}]}}