{"id":58639,"date":"2022-06-01T09:53:44","date_gmt":"2022-06-01T12:53:44","guid":{"rendered":"https:\/\/dana.com.br\/canaldana\/?p=58639"},"modified":"2022-06-01T09:53:44","modified_gmt":"2022-06-01T12:53:44","slug":"teto-para-icms-ganha-adesao-do-presidente-do-senado","status":"publish","type":"post","link":"https:\/\/dana.com.br\/canaldana\/2022\/06\/01\/teto-para-icms-ganha-adesao-do-presidente-do-senado\/","title":{"rendered":"Teto para ICMS ganha ades\u00e3o do presidente do Senado"},"content":{"rendered":"<p><em>O Estado de S. Paulo <\/em><\/p>\n<p>&nbsp;<\/p>\n<p>O presidente do Senado, Rodrigo Pacheco (PSD-MG), se juntou \u00e0 articula\u00e7\u00e3o do governo Jair Bolsonaro e do presidente da C\u00e2mara, Arthur Lira (Progressistas-al), para aprovar no prazo de um m\u00eas o projeto que imp\u00f5e um teto na cobran\u00e7a do ICMS sobre os combust\u00edveis, proposta que enfrenta resist\u00eancia dos governadores.<\/p>\n<p>&nbsp;<\/p>\n<p>Pacheco deu aval ao avan\u00e7o da proposta no Senado e enviou um recado aos secret\u00e1rios estaduais de Fazenda, em reuni\u00e3o ontem, dizendo que os senadores votar\u00e3o a proposta mesmo que os Estados recuem de um movimento recente e diminuam a al\u00edquota do ICMS sobre o diesel. Segundo apurou o Estad\u00e3o, a vota\u00e7\u00e3o do plen\u00e1rio \u00e9 um compromisso que Pacheco assumiu com Lira.<\/p>\n<p>&nbsp;<\/p>\n<p>Para tentar enterrar o projeto do teto do ICMS, os governadores lan\u00e7aram m\u00e3o de uma estrat\u00e9gia para rever uma decis\u00e3o recente do Conselho Nacional de Pol\u00edtica Fazend\u00e1ria (Confaz) e abrir m\u00e3o da al\u00edquota \u00fanica do ICMS sobre o diesel, de R$ 1,006 por litro, congelando a cobran\u00e7a com base no pre\u00e7o dos \u00faltimos 60 meses, o que reduziria o tributo em cada localidade, e prorrogando o congelamento do imposto sobre a gasolina, GLP e \u00e1lcool combust\u00edvel at\u00e9 dezembro. O congelamento em vigor termina no final de junho. Essa decis\u00e3o pode ser anunciada amanh\u00e3 ap\u00f3s reuni\u00e3o de concilia\u00e7\u00e3o com integrantes do governo no Supremo Tribunal Federal (STF).<\/p>\n<p>&nbsp;<\/p>\n<p>No Senado, por\u00e9m, Pacheco decidiu dar andamento ao projeto da C\u00e2mara apesar do gesto de recuo dos governadores. O que pode ocorrer para amenizar a resist\u00eancia dos Estados \u00e9 discutir uma medida de compensa\u00e7\u00e3o se houver perdas na arrecada\u00e7\u00e3o dos governos regionais, conforme o presidente do Senado sinalizou no in\u00edcio da semana, ap\u00f3s reuni\u00e3o com os secret\u00e1rios. Contrariando pedido dos governadores, Pacheco avisou que vai pautar o projeto diretamente no plen\u00e1rio. Ele montou um grupo de trabalho para melhorar o texto, mas a interlocutores diz que essa medida n\u00e3o \u00e9 protelat\u00f3ria e que o ambiente para a redu\u00e7\u00e3o do ICMS para ajudar a reduzir o custo da popula\u00e7\u00e3o ganhou espa\u00e7o. O grupo j\u00e1 teve reuni\u00f5es ontem.<\/p>\n<p>&nbsp;<\/p>\n<p><strong>Impasse<\/strong><\/p>\n<p>&nbsp;<\/p>\n<p>No texto da C\u00e2mara, a compensa\u00e7\u00e3o \u00e9 feita por abatimento da d\u00edvida, o que n\u00e3o agradou a todos os Estados. Uma alternativa discutida no Senado \u00e9 oferecer uma transfer\u00eancia direta de recursos, o que impactaria o teto de gastos da Uni\u00e3o. \u201c\u00c9 mais f\u00e1cil sempre utilizar a d\u00edvida p\u00fablica, mas h\u00e1 quatro Estados que n\u00e3o t\u00eam praticamente nenhuma d\u00edvida p\u00fablica. Se for com recursos, isso tem implica\u00e7\u00e3o no teto de gastos p\u00fablicos, tem de abrir espa\u00e7o no Or\u00e7amento para fazer essa compensa\u00e7\u00e3o\u201d, disse o relator do projeto no Senado, Fernando Bezerra (MDB-PE), ap\u00f3s reuni\u00e3o com secret\u00e1rios, ontem, para quem a \u201ccompensa\u00e7\u00e3o n\u00e3o foi feita de forma harm\u00f4nica (na C\u00e2mara)\u201d. (O Estado de S. Paulo\/Daniel Weterman e Adriana Fernandes)<\/p>\n","protected":false},"excerpt":{"rendered":"<p>O Estado de S. Paulo &nbsp; O presidente do Senado, Rodrigo Pacheco (PSD-MG), se juntou \u00e0 articula\u00e7\u00e3o do governo Jair Bolsonaro e do presidente da C\u00e2mara, Arthur Lira (Progressistas-al), para aprovar no prazo de um m\u00eas o projeto que imp\u00f5e um teto na cobran\u00e7a do ICMS sobre os combust\u00edveis, proposta que enfrenta resist\u00eancia dos governadores.\u2026 <a class=\"readmore\" href=\"https:\/\/dana.com.br\/canaldana\/2022\/06\/01\/teto-para-icms-ganha-adesao-do-presidente-do-senado\/\">Leia mais \u00bb<\/a><\/p>\n","protected":false},"author":3,"featured_media":0,"comment_status":"closed","ping_status":"closed","sticky":false,"template":"","format":"standard","meta":{"_acf_changed":false,"footnotes":""},"categories":[79],"tags":[],"class_list":["post-58639","post","type-post","status-publish","format-standard","hentry","category-mercado"],"acf":[],"yoast_head":"<!-- This site is optimized with the Yoast SEO plugin v27.3 - https:\/\/yoast.com\/product\/yoast-seo-wordpress\/ -->\n<title>Teto para ICMS ganha ades\u00e3o do presidente do Senado - Canal Dana<\/title>\n<meta name=\"robots\" content=\"index, follow, max-snippet:-1, max-image-preview:large, max-video-preview:-1\" \/>\n<link rel=\"canonical\" href=\"https:\/\/dana.com.br\/canaldana\/2022\/06\/01\/teto-para-icms-ganha-adesao-do-presidente-do-senado\/\" \/>\n<meta property=\"og:locale\" content=\"pt_BR\" \/>\n<meta property=\"og:type\" content=\"article\" \/>\n<meta property=\"og:title\" content=\"Teto para ICMS ganha ades\u00e3o do presidente do Senado - Canal Dana\" \/>\n<meta property=\"og:description\" content=\"O Estado de S. Paulo &nbsp; O presidente do Senado, Rodrigo Pacheco (PSD-MG), se juntou \u00e0 articula\u00e7\u00e3o do governo Jair Bolsonaro e do presidente da C\u00e2mara, Arthur Lira (Progressistas-al), para aprovar no prazo de um m\u00eas o projeto que imp\u00f5e um teto na cobran\u00e7a do ICMS sobre os combust\u00edveis, proposta que enfrenta resist\u00eancia dos governadores.\u2026 Leia mais \u00bb\" \/>\n<meta property=\"og:url\" content=\"https:\/\/dana.com.br\/canaldana\/2022\/06\/01\/teto-para-icms-ganha-adesao-do-presidente-do-senado\/\" \/>\n<meta property=\"og:site_name\" content=\"Canal Dana\" \/>\n<meta property=\"article:published_time\" content=\"2022-06-01T12:53:44+00:00\" \/>\n<meta name=\"author\" content=\"Canal Dana\" \/>\n<meta name=\"twitter:card\" content=\"summary_large_image\" \/>\n<meta name=\"twitter:label1\" content=\"Escrito por\" \/>\n\t<meta name=\"twitter:data1\" content=\"Canal Dana\" \/>\n\t<meta name=\"twitter:label2\" content=\"Est. tempo de leitura\" \/>\n\t<meta name=\"twitter:data2\" content=\"3 minutos\" \/>\n<script type=\"application\/ld+json\" class=\"yoast-schema-graph\">{\"@context\":\"https:\\\/\\\/schema.org\",\"@graph\":[{\"@type\":\"Article\",\"@id\":\"https:\\\/\\\/dana.com.br\\\/canaldana\\\/2022\\\/06\\\/01\\\/teto-para-icms-ganha-adesao-do-presidente-do-senado\\\/#article\",\"isPartOf\":{\"@id\":\"https:\\\/\\\/dana.com.br\\\/canaldana\\\/2022\\\/06\\\/01\\\/teto-para-icms-ganha-adesao-do-presidente-do-senado\\\/\"},\"author\":{\"name\":\"Canal Dana\",\"@id\":\"https:\\\/\\\/dana.com.br\\\/canaldana\\\/#\\\/schema\\\/person\\\/3c21f22f56fcf3bc46b94bc60ea4fef6\"},\"headline\":\"Teto para ICMS ganha ades\u00e3o do presidente do Senado\",\"datePublished\":\"2022-06-01T12:53:44+00:00\",\"mainEntityOfPage\":{\"@id\":\"https:\\\/\\\/dana.com.br\\\/canaldana\\\/2022\\\/06\\\/01\\\/teto-para-icms-ganha-adesao-do-presidente-do-senado\\\/\"},\"wordCount\":536,\"articleSection\":[\"Mercado\"],\"inLanguage\":\"pt-BR\"},{\"@type\":\"WebPage\",\"@id\":\"https:\\\/\\\/dana.com.br\\\/canaldana\\\/2022\\\/06\\\/01\\\/teto-para-icms-ganha-adesao-do-presidente-do-senado\\\/\",\"url\":\"https:\\\/\\\/dana.com.br\\\/canaldana\\\/2022\\\/06\\\/01\\\/teto-para-icms-ganha-adesao-do-presidente-do-senado\\\/\",\"name\":\"Teto para ICMS ganha ades\u00e3o do presidente do Senado - Canal Dana\",\"isPartOf\":{\"@id\":\"https:\\\/\\\/dana.com.br\\\/canaldana\\\/#website\"},\"datePublished\":\"2022-06-01T12:53:44+00:00\",\"author\":{\"@id\":\"https:\\\/\\\/dana.com.br\\\/canaldana\\\/#\\\/schema\\\/person\\\/3c21f22f56fcf3bc46b94bc60ea4fef6\"},\"breadcrumb\":{\"@id\":\"https:\\\/\\\/dana.com.br\\\/canaldana\\\/2022\\\/06\\\/01\\\/teto-para-icms-ganha-adesao-do-presidente-do-senado\\\/#breadcrumb\"},\"inLanguage\":\"pt-BR\",\"potentialAction\":[{\"@type\":\"ReadAction\",\"target\":[\"https:\\\/\\\/dana.com.br\\\/canaldana\\\/2022\\\/06\\\/01\\\/teto-para-icms-ganha-adesao-do-presidente-do-senado\\\/\"]}]},{\"@type\":\"BreadcrumbList\",\"@id\":\"https:\\\/\\\/dana.com.br\\\/canaldana\\\/2022\\\/06\\\/01\\\/teto-para-icms-ganha-adesao-do-presidente-do-senado\\\/#breadcrumb\",\"itemListElement\":[{\"@type\":\"ListItem\",\"position\":1,\"name\":\"Home\",\"item\":\"https:\\\/\\\/dana.com.br\\\/canaldana\\\/\"},{\"@type\":\"ListItem\",\"position\":2,\"name\":\"Mercado\",\"item\":\"https:\\\/\\\/dana.com.br\\\/canaldana\\\/mercado\\\/\"},{\"@type\":\"ListItem\",\"position\":3,\"name\":\"Teto para ICMS ganha ades\u00e3o do presidente do Senado\"}]},{\"@type\":\"WebSite\",\"@id\":\"https:\\\/\\\/dana.com.br\\\/canaldana\\\/#website\",\"url\":\"https:\\\/\\\/dana.com.br\\\/canaldana\\\/\",\"name\":\"Canal Dana\",\"description\":\"Informativo com as principais not\u00edcias da ind\u00fastria automotiva\",\"potentialAction\":[{\"@type\":\"SearchAction\",\"target\":{\"@type\":\"EntryPoint\",\"urlTemplate\":\"https:\\\/\\\/dana.com.br\\\/canaldana\\\/?s={search_term_string}\"},\"query-input\":{\"@type\":\"PropertyValueSpecification\",\"valueRequired\":true,\"valueName\":\"search_term_string\"}}],\"inLanguage\":\"pt-BR\"},{\"@type\":\"Person\",\"@id\":\"https:\\\/\\\/dana.com.br\\\/canaldana\\\/#\\\/schema\\\/person\\\/3c21f22f56fcf3bc46b94bc60ea4fef6\",\"name\":\"Canal Dana\",\"image\":{\"@type\":\"ImageObject\",\"inLanguage\":\"pt-BR\",\"@id\":\"https:\\\/\\\/secure.gravatar.com\\\/avatar\\\/420aaf9278582877d9018637c6817617705899d2858d7572ef0fe59a6b6454b4?s=96&d=mm&r=g\",\"url\":\"https:\\\/\\\/secure.gravatar.com\\\/avatar\\\/420aaf9278582877d9018637c6817617705899d2858d7572ef0fe59a6b6454b4?s=96&d=mm&r=g\",\"contentUrl\":\"https:\\\/\\\/secure.gravatar.com\\\/avatar\\\/420aaf9278582877d9018637c6817617705899d2858d7572ef0fe59a6b6454b4?s=96&d=mm&r=g\",\"caption\":\"Canal Dana\"},\"url\":\"https:\\\/\\\/dana.com.br\\\/canaldana\\\/author\\\/cdeditor\\\/\"}]}<\/script>\n<!-- \/ Yoast SEO plugin. -->","yoast_head_json":{"title":"Teto para ICMS ganha ades\u00e3o do presidente do Senado - Canal Dana","robots":{"index":"index","follow":"follow","max-snippet":"max-snippet:-1","max-image-preview":"max-image-preview:large","max-video-preview":"max-video-preview:-1"},"canonical":"https:\/\/dana.com.br\/canaldana\/2022\/06\/01\/teto-para-icms-ganha-adesao-do-presidente-do-senado\/","og_locale":"pt_BR","og_type":"article","og_title":"Teto para ICMS ganha ades\u00e3o do presidente do Senado - Canal Dana","og_description":"O Estado de S. Paulo &nbsp; O presidente do Senado, Rodrigo Pacheco (PSD-MG), se juntou \u00e0 articula\u00e7\u00e3o do governo Jair Bolsonaro e do presidente da C\u00e2mara, Arthur Lira (Progressistas-al), para aprovar no prazo de um m\u00eas o projeto que imp\u00f5e um teto na cobran\u00e7a do ICMS sobre os combust\u00edveis, proposta que enfrenta resist\u00eancia dos governadores.\u2026 Leia mais \u00bb","og_url":"https:\/\/dana.com.br\/canaldana\/2022\/06\/01\/teto-para-icms-ganha-adesao-do-presidente-do-senado\/","og_site_name":"Canal Dana","article_published_time":"2022-06-01T12:53:44+00:00","author":"Canal Dana","twitter_card":"summary_large_image","twitter_misc":{"Escrito por":"Canal Dana","Est. tempo de leitura":"3 minutos"},"schema":{"@context":"https:\/\/schema.org","@graph":[{"@type":"Article","@id":"https:\/\/dana.com.br\/canaldana\/2022\/06\/01\/teto-para-icms-ganha-adesao-do-presidente-do-senado\/#article","isPartOf":{"@id":"https:\/\/dana.com.br\/canaldana\/2022\/06\/01\/teto-para-icms-ganha-adesao-do-presidente-do-senado\/"},"author":{"name":"Canal Dana","@id":"https:\/\/dana.com.br\/canaldana\/#\/schema\/person\/3c21f22f56fcf3bc46b94bc60ea4fef6"},"headline":"Teto para ICMS ganha ades\u00e3o do presidente do Senado","datePublished":"2022-06-01T12:53:44+00:00","mainEntityOfPage":{"@id":"https:\/\/dana.com.br\/canaldana\/2022\/06\/01\/teto-para-icms-ganha-adesao-do-presidente-do-senado\/"},"wordCount":536,"articleSection":["Mercado"],"inLanguage":"pt-BR"},{"@type":"WebPage","@id":"https:\/\/dana.com.br\/canaldana\/2022\/06\/01\/teto-para-icms-ganha-adesao-do-presidente-do-senado\/","url":"https:\/\/dana.com.br\/canaldana\/2022\/06\/01\/teto-para-icms-ganha-adesao-do-presidente-do-senado\/","name":"Teto para ICMS ganha ades\u00e3o do presidente do Senado - Canal Dana","isPartOf":{"@id":"https:\/\/dana.com.br\/canaldana\/#website"},"datePublished":"2022-06-01T12:53:44+00:00","author":{"@id":"https:\/\/dana.com.br\/canaldana\/#\/schema\/person\/3c21f22f56fcf3bc46b94bc60ea4fef6"},"breadcrumb":{"@id":"https:\/\/dana.com.br\/canaldana\/2022\/06\/01\/teto-para-icms-ganha-adesao-do-presidente-do-senado\/#breadcrumb"},"inLanguage":"pt-BR","potentialAction":[{"@type":"ReadAction","target":["https:\/\/dana.com.br\/canaldana\/2022\/06\/01\/teto-para-icms-ganha-adesao-do-presidente-do-senado\/"]}]},{"@type":"BreadcrumbList","@id":"https:\/\/dana.com.br\/canaldana\/2022\/06\/01\/teto-para-icms-ganha-adesao-do-presidente-do-senado\/#breadcrumb","itemListElement":[{"@type":"ListItem","position":1,"name":"Home","item":"https:\/\/dana.com.br\/canaldana\/"},{"@type":"ListItem","position":2,"name":"Mercado","item":"https:\/\/dana.com.br\/canaldana\/mercado\/"},{"@type":"ListItem","position":3,"name":"Teto para ICMS ganha ades\u00e3o do presidente do Senado"}]},{"@type":"WebSite","@id":"https:\/\/dana.com.br\/canaldana\/#website","url":"https:\/\/dana.com.br\/canaldana\/","name":"Canal Dana","description":"Informativo com as principais not\u00edcias da ind\u00fastria automotiva","potentialAction":[{"@type":"SearchAction","target":{"@type":"EntryPoint","urlTemplate":"https:\/\/dana.com.br\/canaldana\/?s={search_term_string}"},"query-input":{"@type":"PropertyValueSpecification","valueRequired":true,"valueName":"search_term_string"}}],"inLanguage":"pt-BR"},{"@type":"Person","@id":"https:\/\/dana.com.br\/canaldana\/#\/schema\/person\/3c21f22f56fcf3bc46b94bc60ea4fef6","name":"Canal Dana","image":{"@type":"ImageObject","inLanguage":"pt-BR","@id":"https:\/\/secure.gravatar.com\/avatar\/420aaf9278582877d9018637c6817617705899d2858d7572ef0fe59a6b6454b4?s=96&d=mm&r=g","url":"https:\/\/secure.gravatar.com\/avatar\/420aaf9278582877d9018637c6817617705899d2858d7572ef0fe59a6b6454b4?s=96&d=mm&r=g","contentUrl":"https:\/\/secure.gravatar.com\/avatar\/420aaf9278582877d9018637c6817617705899d2858d7572ef0fe59a6b6454b4?s=96&d=mm&r=g","caption":"Canal Dana"},"url":"https:\/\/dana.com.br\/canaldana\/author\/cdeditor\/"}]}},"_links":{"self":[{"href":"https:\/\/dana.com.br\/canaldana\/wp-json\/wp\/v2\/posts\/58639","targetHints":{"allow":["GET"]}}],"collection":[{"href":"https:\/\/dana.com.br\/canaldana\/wp-json\/wp\/v2\/posts"}],"about":[{"href":"https:\/\/dana.com.br\/canaldana\/wp-json\/wp\/v2\/types\/post"}],"author":[{"embeddable":true,"href":"https:\/\/dana.com.br\/canaldana\/wp-json\/wp\/v2\/users\/3"}],"replies":[{"embeddable":true,"href":"https:\/\/dana.com.br\/canaldana\/wp-json\/wp\/v2\/comments?post=58639"}],"version-history":[{"count":0,"href":"https:\/\/dana.com.br\/canaldana\/wp-json\/wp\/v2\/posts\/58639\/revisions"}],"wp:attachment":[{"href":"https:\/\/dana.com.br\/canaldana\/wp-json\/wp\/v2\/media?parent=58639"}],"wp:term":[{"taxonomy":"category","embeddable":true,"href":"https:\/\/dana.com.br\/canaldana\/wp-json\/wp\/v2\/categories?post=58639"},{"taxonomy":"post_tag","embeddable":true,"href":"https:\/\/dana.com.br\/canaldana\/wp-json\/wp\/v2\/tags?post=58639"}],"curies":[{"name":"wp","href":"https:\/\/api.w.org\/{rel}","templated":true}]}}