{"id":58625,"date":"2022-06-01T09:49:08","date_gmt":"2022-06-01T12:49:08","guid":{"rendered":"https:\/\/dana.com.br\/canaldana\/?p=58625"},"modified":"2022-06-01T09:49:08","modified_gmt":"2022-06-01T12:49:08","slug":"enel-lanca-empresa-para-mobilidade-eletrica","status":"publish","type":"post","link":"https:\/\/dana.com.br\/canaldana\/2022\/06\/01\/enel-lanca-empresa-para-mobilidade-eletrica\/","title":{"rendered":"Enel lan\u00e7a empresa para mobilidade el\u00e9trica"},"content":{"rendered":"<p><em>Canal Energia<\/em><\/p>\n<p>&nbsp;<\/p>\n<p>A Enel lan\u00e7a no Brasil sua nova linha global de neg\u00f3cios totalmente dedicada \u00e0 mobilidade el\u00e9trica e sustent\u00e1vel: a Enel X Way. O foco da nova plataforma de inova\u00e7\u00e3o do grupo \u00e9 o desenvolvimento da eletrifica\u00e7\u00e3o por meio da mobilidade el\u00e9trica, da recarga de ve\u00edculos el\u00e9tricos e de tecnologias e solu\u00e7\u00f5es para melhorar a experi\u00eancia dos usu\u00e1rios.<\/p>\n<p>&nbsp;<\/p>\n<p>De acordo com o respons\u00e1vel pela Enel X Way Brasil, Paulo Roberto Maisonnave, o objetivo \u00e9 revolucionar a mobilidade pela eletrifica\u00e7\u00e3o. Segundo ele, hoje a Enel vende muito mais do que solu\u00e7\u00f5es de recarga, atuando como uma empresa focada em tecnologia e servi\u00e7os para impulsionar a mobilidade el\u00e9trica. Para ele, a Enel \u00e9 um grupo que olha para o futuro e entende a import\u00e2ncia de investir em inova\u00e7\u00e3o como ferramenta de combate as mudan\u00e7as clim\u00e1ticas e de apoio \u00e0 descarboniza\u00e7\u00e3o.<\/p>\n<p>&nbsp;<\/p>\n<p>No Brasil, essa transforma\u00e7\u00e3o j\u00e1 est\u00e1 em andamento: segundo a Associa\u00e7\u00e3o Brasileira do Ve\u00edculo El\u00e9trico, a venda de ve\u00edculos leves el\u00e9tricos cresceu 115% no primeiro trimestre deste ano na compara\u00e7\u00e3o com o mesmo per\u00edodo de 2021. Ainda segundo a institui\u00e7\u00e3o, com base no Registro Nacional de Ve\u00edculos Automotores, a frota brasileira \u00e9 de 86.986 ve\u00edculos desse tipo em circula\u00e7\u00e3o. J\u00e1 a Associa\u00e7\u00e3o Nacional dos Fabricantes de Ve\u00edculos Automotores projeta que at\u00e9 2030 os ve\u00edculos el\u00e9tricos representar\u00e3o de 15% a 20% da frota nacional total.<\/p>\n<p>&nbsp;<\/p>\n<p>Para acompanhar o potencial de crescimento desse mercado no Brasil e no mundo, a Enel X Way estruturou uma rede global de fabrica\u00e7\u00e3o de equipamentos de recarga produzidos com tecnologia exclusiva para a companhia. No Brasil, a nova empresa atuar\u00e1 em solu\u00e7\u00f5es para recarga, na presta\u00e7\u00e3o de servi\u00e7os e no desenvolvimento e gest\u00e3o da tecnologia para fabricantes de ve\u00edculos, empresas e clientes finais.<\/p>\n<p>&nbsp;<\/p>\n<p><strong>Recarregadores da Enel X Way<\/strong><\/p>\n<p>&nbsp;<\/p>\n<p>A nova subsidi\u00e1ria do Grupo Enel no Brasil pretende desenvolver um completo ecossistema de recarga para todos os tipos de ve\u00edculos el\u00e9tricos integrando diversos momentos da jornada do cliente de forma simples e conveniente. (Canal Energia)<\/p>\n","protected":false},"excerpt":{"rendered":"<p>Canal Energia &nbsp; A Enel lan\u00e7a no Brasil sua nova linha global de neg\u00f3cios totalmente dedicada \u00e0 mobilidade el\u00e9trica e sustent\u00e1vel: a Enel X Way. O foco da nova plataforma de inova\u00e7\u00e3o do grupo \u00e9 o desenvolvimento da eletrifica\u00e7\u00e3o por meio da mobilidade el\u00e9trica, da recarga de ve\u00edculos el\u00e9tricos e de tecnologias e solu\u00e7\u00f5es para\u2026 <a class=\"readmore\" href=\"https:\/\/dana.com.br\/canaldana\/2022\/06\/01\/enel-lanca-empresa-para-mobilidade-eletrica\/\">Leia mais \u00bb<\/a><\/p>\n","protected":false},"author":3,"featured_media":0,"comment_status":"closed","ping_status":"closed","sticky":false,"template":"","format":"standard","meta":{"_acf_changed":false,"footnotes":""},"categories":[110],"tags":[],"class_list":["post-58625","post","type-post","status-publish","format-standard","hentry","category-eletricos"],"acf":[],"yoast_head":"<!-- This site is optimized with the Yoast SEO plugin v27.3 - https:\/\/yoast.com\/product\/yoast-seo-wordpress\/ -->\n<title>Enel lan\u00e7a empresa para mobilidade el\u00e9trica - Canal Dana<\/title>\n<meta name=\"robots\" content=\"index, follow, max-snippet:-1, max-image-preview:large, max-video-preview:-1\" \/>\n<link rel=\"canonical\" href=\"https:\/\/dana.com.br\/canaldana\/2022\/06\/01\/enel-lanca-empresa-para-mobilidade-eletrica\/\" \/>\n<meta property=\"og:locale\" content=\"pt_BR\" \/>\n<meta property=\"og:type\" content=\"article\" \/>\n<meta property=\"og:title\" content=\"Enel lan\u00e7a empresa para mobilidade el\u00e9trica - Canal Dana\" \/>\n<meta property=\"og:description\" content=\"Canal Energia &nbsp; A Enel lan\u00e7a no Brasil sua nova linha global de neg\u00f3cios totalmente dedicada \u00e0 mobilidade el\u00e9trica e sustent\u00e1vel: a Enel X Way. O foco da nova plataforma de inova\u00e7\u00e3o do grupo \u00e9 o desenvolvimento da eletrifica\u00e7\u00e3o por meio da mobilidade el\u00e9trica, da recarga de ve\u00edculos el\u00e9tricos e de tecnologias e solu\u00e7\u00f5es para\u2026 Leia mais \u00bb\" \/>\n<meta property=\"og:url\" content=\"https:\/\/dana.com.br\/canaldana\/2022\/06\/01\/enel-lanca-empresa-para-mobilidade-eletrica\/\" \/>\n<meta property=\"og:site_name\" content=\"Canal Dana\" \/>\n<meta property=\"article:published_time\" content=\"2022-06-01T12:49:08+00:00\" \/>\n<meta name=\"author\" content=\"Canal Dana\" \/>\n<meta name=\"twitter:card\" content=\"summary_large_image\" \/>\n<meta name=\"twitter:label1\" content=\"Escrito por\" \/>\n\t<meta name=\"twitter:data1\" content=\"Canal Dana\" \/>\n\t<meta name=\"twitter:label2\" content=\"Est. tempo de leitura\" \/>\n\t<meta name=\"twitter:data2\" content=\"2 minutos\" \/>\n<script type=\"application\/ld+json\" class=\"yoast-schema-graph\">{\"@context\":\"https:\\\/\\\/schema.org\",\"@graph\":[{\"@type\":\"Article\",\"@id\":\"https:\\\/\\\/dana.com.br\\\/canaldana\\\/2022\\\/06\\\/01\\\/enel-lanca-empresa-para-mobilidade-eletrica\\\/#article\",\"isPartOf\":{\"@id\":\"https:\\\/\\\/dana.com.br\\\/canaldana\\\/2022\\\/06\\\/01\\\/enel-lanca-empresa-para-mobilidade-eletrica\\\/\"},\"author\":{\"name\":\"Canal Dana\",\"@id\":\"https:\\\/\\\/dana.com.br\\\/canaldana\\\/#\\\/schema\\\/person\\\/3c21f22f56fcf3bc46b94bc60ea4fef6\"},\"headline\":\"Enel lan\u00e7a empresa para mobilidade el\u00e9trica\",\"datePublished\":\"2022-06-01T12:49:08+00:00\",\"mainEntityOfPage\":{\"@id\":\"https:\\\/\\\/dana.com.br\\\/canaldana\\\/2022\\\/06\\\/01\\\/enel-lanca-empresa-para-mobilidade-eletrica\\\/\"},\"wordCount\":377,\"articleSection\":[\"El\u00e9tricos\"],\"inLanguage\":\"pt-BR\"},{\"@type\":\"WebPage\",\"@id\":\"https:\\\/\\\/dana.com.br\\\/canaldana\\\/2022\\\/06\\\/01\\\/enel-lanca-empresa-para-mobilidade-eletrica\\\/\",\"url\":\"https:\\\/\\\/dana.com.br\\\/canaldana\\\/2022\\\/06\\\/01\\\/enel-lanca-empresa-para-mobilidade-eletrica\\\/\",\"name\":\"Enel lan\u00e7a empresa para mobilidade el\u00e9trica - Canal Dana\",\"isPartOf\":{\"@id\":\"https:\\\/\\\/dana.com.br\\\/canaldana\\\/#website\"},\"datePublished\":\"2022-06-01T12:49:08+00:00\",\"author\":{\"@id\":\"https:\\\/\\\/dana.com.br\\\/canaldana\\\/#\\\/schema\\\/person\\\/3c21f22f56fcf3bc46b94bc60ea4fef6\"},\"breadcrumb\":{\"@id\":\"https:\\\/\\\/dana.com.br\\\/canaldana\\\/2022\\\/06\\\/01\\\/enel-lanca-empresa-para-mobilidade-eletrica\\\/#breadcrumb\"},\"inLanguage\":\"pt-BR\",\"potentialAction\":[{\"@type\":\"ReadAction\",\"target\":[\"https:\\\/\\\/dana.com.br\\\/canaldana\\\/2022\\\/06\\\/01\\\/enel-lanca-empresa-para-mobilidade-eletrica\\\/\"]}]},{\"@type\":\"BreadcrumbList\",\"@id\":\"https:\\\/\\\/dana.com.br\\\/canaldana\\\/2022\\\/06\\\/01\\\/enel-lanca-empresa-para-mobilidade-eletrica\\\/#breadcrumb\",\"itemListElement\":[{\"@type\":\"ListItem\",\"position\":1,\"name\":\"Home\",\"item\":\"https:\\\/\\\/dana.com.br\\\/canaldana\\\/\"},{\"@type\":\"ListItem\",\"position\":2,\"name\":\"El\u00e9tricos\",\"item\":\"https:\\\/\\\/dana.com.br\\\/canaldana\\\/eletricos\\\/\"},{\"@type\":\"ListItem\",\"position\":3,\"name\":\"Enel lan\u00e7a empresa para mobilidade el\u00e9trica\"}]},{\"@type\":\"WebSite\",\"@id\":\"https:\\\/\\\/dana.com.br\\\/canaldana\\\/#website\",\"url\":\"https:\\\/\\\/dana.com.br\\\/canaldana\\\/\",\"name\":\"Canal Dana\",\"description\":\"Informativo com as principais not\u00edcias da ind\u00fastria automotiva\",\"potentialAction\":[{\"@type\":\"SearchAction\",\"target\":{\"@type\":\"EntryPoint\",\"urlTemplate\":\"https:\\\/\\\/dana.com.br\\\/canaldana\\\/?s={search_term_string}\"},\"query-input\":{\"@type\":\"PropertyValueSpecification\",\"valueRequired\":true,\"valueName\":\"search_term_string\"}}],\"inLanguage\":\"pt-BR\"},{\"@type\":\"Person\",\"@id\":\"https:\\\/\\\/dana.com.br\\\/canaldana\\\/#\\\/schema\\\/person\\\/3c21f22f56fcf3bc46b94bc60ea4fef6\",\"name\":\"Canal Dana\",\"image\":{\"@type\":\"ImageObject\",\"inLanguage\":\"pt-BR\",\"@id\":\"https:\\\/\\\/secure.gravatar.com\\\/avatar\\\/420aaf9278582877d9018637c6817617705899d2858d7572ef0fe59a6b6454b4?s=96&d=mm&r=g\",\"url\":\"https:\\\/\\\/secure.gravatar.com\\\/avatar\\\/420aaf9278582877d9018637c6817617705899d2858d7572ef0fe59a6b6454b4?s=96&d=mm&r=g\",\"contentUrl\":\"https:\\\/\\\/secure.gravatar.com\\\/avatar\\\/420aaf9278582877d9018637c6817617705899d2858d7572ef0fe59a6b6454b4?s=96&d=mm&r=g\",\"caption\":\"Canal Dana\"},\"url\":\"https:\\\/\\\/dana.com.br\\\/canaldana\\\/author\\\/cdeditor\\\/\"}]}<\/script>\n<!-- \/ Yoast SEO plugin. -->","yoast_head_json":{"title":"Enel lan\u00e7a empresa para mobilidade el\u00e9trica - Canal Dana","robots":{"index":"index","follow":"follow","max-snippet":"max-snippet:-1","max-image-preview":"max-image-preview:large","max-video-preview":"max-video-preview:-1"},"canonical":"https:\/\/dana.com.br\/canaldana\/2022\/06\/01\/enel-lanca-empresa-para-mobilidade-eletrica\/","og_locale":"pt_BR","og_type":"article","og_title":"Enel lan\u00e7a empresa para mobilidade el\u00e9trica - Canal Dana","og_description":"Canal Energia &nbsp; A Enel lan\u00e7a no Brasil sua nova linha global de neg\u00f3cios totalmente dedicada \u00e0 mobilidade el\u00e9trica e sustent\u00e1vel: a Enel X Way. O foco da nova plataforma de inova\u00e7\u00e3o do grupo \u00e9 o desenvolvimento da eletrifica\u00e7\u00e3o por meio da mobilidade el\u00e9trica, da recarga de ve\u00edculos el\u00e9tricos e de tecnologias e solu\u00e7\u00f5es para\u2026 Leia mais \u00bb","og_url":"https:\/\/dana.com.br\/canaldana\/2022\/06\/01\/enel-lanca-empresa-para-mobilidade-eletrica\/","og_site_name":"Canal Dana","article_published_time":"2022-06-01T12:49:08+00:00","author":"Canal Dana","twitter_card":"summary_large_image","twitter_misc":{"Escrito por":"Canal Dana","Est. tempo de leitura":"2 minutos"},"schema":{"@context":"https:\/\/schema.org","@graph":[{"@type":"Article","@id":"https:\/\/dana.com.br\/canaldana\/2022\/06\/01\/enel-lanca-empresa-para-mobilidade-eletrica\/#article","isPartOf":{"@id":"https:\/\/dana.com.br\/canaldana\/2022\/06\/01\/enel-lanca-empresa-para-mobilidade-eletrica\/"},"author":{"name":"Canal Dana","@id":"https:\/\/dana.com.br\/canaldana\/#\/schema\/person\/3c21f22f56fcf3bc46b94bc60ea4fef6"},"headline":"Enel lan\u00e7a empresa para mobilidade el\u00e9trica","datePublished":"2022-06-01T12:49:08+00:00","mainEntityOfPage":{"@id":"https:\/\/dana.com.br\/canaldana\/2022\/06\/01\/enel-lanca-empresa-para-mobilidade-eletrica\/"},"wordCount":377,"articleSection":["El\u00e9tricos"],"inLanguage":"pt-BR"},{"@type":"WebPage","@id":"https:\/\/dana.com.br\/canaldana\/2022\/06\/01\/enel-lanca-empresa-para-mobilidade-eletrica\/","url":"https:\/\/dana.com.br\/canaldana\/2022\/06\/01\/enel-lanca-empresa-para-mobilidade-eletrica\/","name":"Enel lan\u00e7a empresa para mobilidade el\u00e9trica - Canal Dana","isPartOf":{"@id":"https:\/\/dana.com.br\/canaldana\/#website"},"datePublished":"2022-06-01T12:49:08+00:00","author":{"@id":"https:\/\/dana.com.br\/canaldana\/#\/schema\/person\/3c21f22f56fcf3bc46b94bc60ea4fef6"},"breadcrumb":{"@id":"https:\/\/dana.com.br\/canaldana\/2022\/06\/01\/enel-lanca-empresa-para-mobilidade-eletrica\/#breadcrumb"},"inLanguage":"pt-BR","potentialAction":[{"@type":"ReadAction","target":["https:\/\/dana.com.br\/canaldana\/2022\/06\/01\/enel-lanca-empresa-para-mobilidade-eletrica\/"]}]},{"@type":"BreadcrumbList","@id":"https:\/\/dana.com.br\/canaldana\/2022\/06\/01\/enel-lanca-empresa-para-mobilidade-eletrica\/#breadcrumb","itemListElement":[{"@type":"ListItem","position":1,"name":"Home","item":"https:\/\/dana.com.br\/canaldana\/"},{"@type":"ListItem","position":2,"name":"El\u00e9tricos","item":"https:\/\/dana.com.br\/canaldana\/eletricos\/"},{"@type":"ListItem","position":3,"name":"Enel lan\u00e7a empresa para mobilidade el\u00e9trica"}]},{"@type":"WebSite","@id":"https:\/\/dana.com.br\/canaldana\/#website","url":"https:\/\/dana.com.br\/canaldana\/","name":"Canal Dana","description":"Informativo com as principais not\u00edcias da ind\u00fastria automotiva","potentialAction":[{"@type":"SearchAction","target":{"@type":"EntryPoint","urlTemplate":"https:\/\/dana.com.br\/canaldana\/?s={search_term_string}"},"query-input":{"@type":"PropertyValueSpecification","valueRequired":true,"valueName":"search_term_string"}}],"inLanguage":"pt-BR"},{"@type":"Person","@id":"https:\/\/dana.com.br\/canaldana\/#\/schema\/person\/3c21f22f56fcf3bc46b94bc60ea4fef6","name":"Canal Dana","image":{"@type":"ImageObject","inLanguage":"pt-BR","@id":"https:\/\/secure.gravatar.com\/avatar\/420aaf9278582877d9018637c6817617705899d2858d7572ef0fe59a6b6454b4?s=96&d=mm&r=g","url":"https:\/\/secure.gravatar.com\/avatar\/420aaf9278582877d9018637c6817617705899d2858d7572ef0fe59a6b6454b4?s=96&d=mm&r=g","contentUrl":"https:\/\/secure.gravatar.com\/avatar\/420aaf9278582877d9018637c6817617705899d2858d7572ef0fe59a6b6454b4?s=96&d=mm&r=g","caption":"Canal Dana"},"url":"https:\/\/dana.com.br\/canaldana\/author\/cdeditor\/"}]}},"_links":{"self":[{"href":"https:\/\/dana.com.br\/canaldana\/wp-json\/wp\/v2\/posts\/58625","targetHints":{"allow":["GET"]}}],"collection":[{"href":"https:\/\/dana.com.br\/canaldana\/wp-json\/wp\/v2\/posts"}],"about":[{"href":"https:\/\/dana.com.br\/canaldana\/wp-json\/wp\/v2\/types\/post"}],"author":[{"embeddable":true,"href":"https:\/\/dana.com.br\/canaldana\/wp-json\/wp\/v2\/users\/3"}],"replies":[{"embeddable":true,"href":"https:\/\/dana.com.br\/canaldana\/wp-json\/wp\/v2\/comments?post=58625"}],"version-history":[{"count":0,"href":"https:\/\/dana.com.br\/canaldana\/wp-json\/wp\/v2\/posts\/58625\/revisions"}],"wp:attachment":[{"href":"https:\/\/dana.com.br\/canaldana\/wp-json\/wp\/v2\/media?parent=58625"}],"wp:term":[{"taxonomy":"category","embeddable":true,"href":"https:\/\/dana.com.br\/canaldana\/wp-json\/wp\/v2\/categories?post=58625"},{"taxonomy":"post_tag","embeddable":true,"href":"https:\/\/dana.com.br\/canaldana\/wp-json\/wp\/v2\/tags?post=58625"}],"curies":[{"name":"wp","href":"https:\/\/api.w.org\/{rel}","templated":true}]}}