{"id":58568,"date":"2022-05-30T08:50:57","date_gmt":"2022-05-30T11:50:57","guid":{"rendered":"https:\/\/dana.com.br\/canaldana\/?p=58568"},"modified":"2022-05-30T08:50:57","modified_gmt":"2022-05-30T11:50:57","slug":"mwm-forma-turmas-de-alunos-do-programa-escola-formare","status":"publish","type":"post","link":"https:\/\/dana.com.br\/canaldana\/2022\/05\/30\/mwm-forma-turmas-de-alunos-do-programa-escola-formare\/","title":{"rendered":"MWM forma turmas de alunos do programa Escola FORMARE"},"content":{"rendered":"<p><em>Coisas de Agora<\/em><\/p>\n<p>&nbsp;<\/p>\n<p>Na \u00faltima quinta-feira (26), a MWM, fabricante independente de motores e geradores de energia, formou mais duas turmas do Programa Escola Formare na unidade industrial da empresa, em Santo Amaro \u2013 SP. Uma a\u00e7\u00e3o social que investe na forma\u00e7\u00e3o profissional de jovens de popula\u00e7\u00e3o de baixa renda. A formatura contou com a participa\u00e7\u00e3o de todo corpo diretivo da empresa e com a ilustre presen\u00e7a do convidado para paraninfo da turma, o Sr. Fernando de Rizzo, Presidente da Tupy, al\u00e9m de familiares dos formandos.<\/p>\n<p>&nbsp;<\/p>\n<p>O Programa Escola Formare foi implementado na empresa h\u00e1 34 anos em parceria com a Funda\u00e7\u00e3o Iochpe. Durante este per\u00edodo, 884 jovens tiveram oportunidade de adquirir conhecimento, possibilitando a inclus\u00e3o social e profissional. Os jovens possuem de 16 a 18 anos.<\/p>\n<p>&nbsp;<\/p>\n<p>O rec\u00e9m-formado Gabriel Souza Andrade, afirma: \u201cO Formare significou uma porta de esperan\u00e7a, criando uma semente de possibilidades em mim e nos demais formandos. Semente essa, que nos faz acreditar mais em n\u00f3s mesmos e acreditar que \u00e9 poss\u00edvel ir al\u00e9m, nos esfor\u00e7ando ao m\u00e1ximo.<\/p>\n<p>&nbsp;<\/p>\n<p>Daqui para frente, eu pretendo estudar engenharia e futuramente filosofia para aprimorar minhas habilidades de transmitir conhecimentos, e assim, ensinar tudo aquilo que me foi passado no curso e ao longo da minha vida, sendo \u201cporta de esperan\u00e7a\u201d para muitas outras pessoas.<\/p>\n<p>&nbsp;<\/p>\n<p>Para a nova turma do Formare, eu gostaria apenas dizer que eles s\u00e3o gigantes e podem alcan\u00e7ar tudo que desejam, que o projeto Formare \u00e9 a luz que vai gui\u00e1-los durante todo o desenvolvimento de suas vidas, ent\u00e3o, apenas aproveitem ao m\u00e1ximo!\u201d, conclui Gabriel.<\/p>\n<p>&nbsp;<\/p>\n<p>Com o projeto, a MWM contribui para a evolu\u00e7\u00e3o da comunidade, dos colaboradores que fornecem essa rela\u00e7\u00e3o e conhecimento e \u00e9 claro, para os jovens futuros profissionais. Para participar do Formare, o aluno deve pertencer \u00e0 fam\u00edlia de baixa renda e as disciplinas s\u00e3o ministradas por volunt\u00e1rios da MWM. A m\u00e9dia \u00e9 de 60 educadores volunt\u00e1rios por turma. O curso tem dura\u00e7\u00e3o de 715 horas, com carga semanal de 25 horas aula e 20 horas de aulas pr\u00e1ticas. A grade curricular oferecida \u00e9 reconhecida pelo Minist\u00e9rio da Educa\u00e7\u00e3o (MEC).<\/p>\n<p>&nbsp;<\/p>\n<p>Entre os benef\u00edcios oferecidos pela MWM est\u00e3o: assist\u00eancia m\u00e9dica e odontol\u00f3gica, medicamentos, bolsa aux\u00edlio de meio sal\u00e1rio-m\u00ednimo, uniforme, \u00f3culos, transporte, alimenta\u00e7\u00e3o e material did\u00e1tico.<\/p>\n<p>&nbsp;<\/p>\n<p>Para o Diretor de Recursos Humanos da MWM, Marcelo Maciel Rabelo, \u201cO Programa Escola Formare tem o intuito de colaborar com a melhoria da sociedade, das comunidades vizinhas \u00e0 MWM e principalmente com os futuros profissionais que acolhemos em nossa planta. Atrav\u00e9s dele, os colaboradores s\u00e3o envolvidos e engajados na valoriza\u00e7\u00e3o destes jovens, na amplia\u00e7\u00e3o do conhecimento e incentivo ao desenvolvimento pessoal e profissional, valores de nossa empresa, que demonstram a nossa responsabilidade com o futuro dos profissionais e cidad\u00e3os brasileiros. A Escola Formare \u00e9 um orgulho e motiva\u00e7\u00e3o para toda a companhia\u201d, conclui Rabelo.<\/p>\n<p>&nbsp;<\/p>\n<p><strong>MWM Motores e Geradores<\/strong><\/p>\n<p>&nbsp;<\/p>\n<p>A MWM, fabricante independente de motores, tem sua planta em S\u00e3o Paulo (SP) e um centro de distribui\u00e7\u00e3o de pe\u00e7as localizado em Jundia\u00ed (SP). Com 69 anos de atua\u00e7\u00e3o, a companhia, afiliada do grupo norte-americano Navistar, atua em mercados diversos. Os produtos da empresa atendem aos segmentos veicular, agr\u00edcola, industrial, gera\u00e7\u00e3o de energia e mar\u00edtimo. A MWM atua, tamb\u00e9m, no segmento de gera\u00e7\u00e3o de energia, com grupos geradores que v\u00e3o de 10 a 1.000 kVA (50 Hz) e de 12,5 a 1.250 kVA (60 Hz), e que s\u00e3o projetados para aplica\u00e7\u00f5es de emerg\u00eancia, hor\u00e1rios de ponta ou fonte \u00fanica de energia. A companhia est\u00e1 estrategicamente instalada no Mercosul, com o objetivo de atender aos clientes da regi\u00e3o e trabalhar como base para exporta\u00e7\u00e3o de produtos para o mundo todo. Hoje, a companhia exporta para mais de 45 pa\u00edses ao redor do mundo. Visite <a href=\"https:\/\/www.mwm.com.br\" target=\"_blank\" rel=\"noopener\">https:\/\/www.mwm.com.br<\/a> e <a href=\"https:\/\/www.geradoresmwm.com.br\" target=\"_blank\" rel=\"noopener\">https:\/\/www.geradoresmwm.com.br<\/a> (Coisas de Agora)<\/p>\n","protected":false},"excerpt":{"rendered":"<p>Coisas de Agora &nbsp; Na \u00faltima quinta-feira (26), a MWM, fabricante independente de motores e geradores de energia, formou mais duas turmas do Programa Escola Formare na unidade industrial da empresa, em Santo Amaro \u2013 SP. Uma a\u00e7\u00e3o social que investe na forma\u00e7\u00e3o profissional de jovens de popula\u00e7\u00e3o de baixa renda. A formatura contou com\u2026 <a class=\"readmore\" href=\"https:\/\/dana.com.br\/canaldana\/2022\/05\/30\/mwm-forma-turmas-de-alunos-do-programa-escola-formare\/\">Leia mais \u00bb<\/a><\/p>\n","protected":false},"author":3,"featured_media":0,"comment_status":"closed","ping_status":"closed","sticky":false,"template":"","format":"standard","meta":{"_acf_changed":false,"footnotes":""},"categories":[79],"tags":[],"class_list":["post-58568","post","type-post","status-publish","format-standard","hentry","category-mercado"],"acf":[],"yoast_head":"<!-- This site is optimized with the Yoast SEO plugin v27.3 - https:\/\/yoast.com\/product\/yoast-seo-wordpress\/ -->\n<title>MWM forma turmas de alunos do programa Escola FORMARE - Canal Dana<\/title>\n<meta name=\"robots\" content=\"index, follow, max-snippet:-1, max-image-preview:large, max-video-preview:-1\" \/>\n<link rel=\"canonical\" href=\"https:\/\/dana.com.br\/canaldana\/2022\/05\/30\/mwm-forma-turmas-de-alunos-do-programa-escola-formare\/\" \/>\n<meta property=\"og:locale\" content=\"pt_BR\" \/>\n<meta property=\"og:type\" content=\"article\" \/>\n<meta property=\"og:title\" content=\"MWM forma turmas de alunos do programa Escola FORMARE - Canal Dana\" \/>\n<meta property=\"og:description\" content=\"Coisas de Agora &nbsp; Na \u00faltima quinta-feira (26), a MWM, fabricante independente de motores e geradores de energia, formou mais duas turmas do Programa Escola Formare na unidade industrial da empresa, em Santo Amaro \u2013 SP. Uma a\u00e7\u00e3o social que investe na forma\u00e7\u00e3o profissional de jovens de popula\u00e7\u00e3o de baixa renda. A formatura contou com\u2026 Leia mais \u00bb\" \/>\n<meta property=\"og:url\" content=\"https:\/\/dana.com.br\/canaldana\/2022\/05\/30\/mwm-forma-turmas-de-alunos-do-programa-escola-formare\/\" \/>\n<meta property=\"og:site_name\" content=\"Canal Dana\" \/>\n<meta property=\"article:published_time\" content=\"2022-05-30T11:50:57+00:00\" \/>\n<meta name=\"author\" content=\"Canal Dana\" \/>\n<meta name=\"twitter:card\" content=\"summary_large_image\" \/>\n<meta name=\"twitter:label1\" content=\"Escrito por\" \/>\n\t<meta name=\"twitter:data1\" content=\"Canal Dana\" \/>\n\t<meta name=\"twitter:label2\" content=\"Est. tempo de leitura\" \/>\n\t<meta name=\"twitter:data2\" content=\"3 minutos\" \/>\n<script type=\"application\/ld+json\" class=\"yoast-schema-graph\">{\"@context\":\"https:\\\/\\\/schema.org\",\"@graph\":[{\"@type\":\"Article\",\"@id\":\"https:\\\/\\\/dana.com.br\\\/canaldana\\\/2022\\\/05\\\/30\\\/mwm-forma-turmas-de-alunos-do-programa-escola-formare\\\/#article\",\"isPartOf\":{\"@id\":\"https:\\\/\\\/dana.com.br\\\/canaldana\\\/2022\\\/05\\\/30\\\/mwm-forma-turmas-de-alunos-do-programa-escola-formare\\\/\"},\"author\":{\"name\":\"Canal Dana\",\"@id\":\"https:\\\/\\\/dana.com.br\\\/canaldana\\\/#\\\/schema\\\/person\\\/3c21f22f56fcf3bc46b94bc60ea4fef6\"},\"headline\":\"MWM forma turmas de alunos do programa Escola FORMARE\",\"datePublished\":\"2022-05-30T11:50:57+00:00\",\"mainEntityOfPage\":{\"@id\":\"https:\\\/\\\/dana.com.br\\\/canaldana\\\/2022\\\/05\\\/30\\\/mwm-forma-turmas-de-alunos-do-programa-escola-formare\\\/\"},\"wordCount\":686,\"articleSection\":[\"Mercado\"],\"inLanguage\":\"pt-BR\"},{\"@type\":\"WebPage\",\"@id\":\"https:\\\/\\\/dana.com.br\\\/canaldana\\\/2022\\\/05\\\/30\\\/mwm-forma-turmas-de-alunos-do-programa-escola-formare\\\/\",\"url\":\"https:\\\/\\\/dana.com.br\\\/canaldana\\\/2022\\\/05\\\/30\\\/mwm-forma-turmas-de-alunos-do-programa-escola-formare\\\/\",\"name\":\"MWM forma turmas de alunos do programa Escola FORMARE - Canal Dana\",\"isPartOf\":{\"@id\":\"https:\\\/\\\/dana.com.br\\\/canaldana\\\/#website\"},\"datePublished\":\"2022-05-30T11:50:57+00:00\",\"author\":{\"@id\":\"https:\\\/\\\/dana.com.br\\\/canaldana\\\/#\\\/schema\\\/person\\\/3c21f22f56fcf3bc46b94bc60ea4fef6\"},\"breadcrumb\":{\"@id\":\"https:\\\/\\\/dana.com.br\\\/canaldana\\\/2022\\\/05\\\/30\\\/mwm-forma-turmas-de-alunos-do-programa-escola-formare\\\/#breadcrumb\"},\"inLanguage\":\"pt-BR\",\"potentialAction\":[{\"@type\":\"ReadAction\",\"target\":[\"https:\\\/\\\/dana.com.br\\\/canaldana\\\/2022\\\/05\\\/30\\\/mwm-forma-turmas-de-alunos-do-programa-escola-formare\\\/\"]}]},{\"@type\":\"BreadcrumbList\",\"@id\":\"https:\\\/\\\/dana.com.br\\\/canaldana\\\/2022\\\/05\\\/30\\\/mwm-forma-turmas-de-alunos-do-programa-escola-formare\\\/#breadcrumb\",\"itemListElement\":[{\"@type\":\"ListItem\",\"position\":1,\"name\":\"Home\",\"item\":\"https:\\\/\\\/dana.com.br\\\/canaldana\\\/\"},{\"@type\":\"ListItem\",\"position\":2,\"name\":\"Mercado\",\"item\":\"https:\\\/\\\/dana.com.br\\\/canaldana\\\/mercado\\\/\"},{\"@type\":\"ListItem\",\"position\":3,\"name\":\"MWM forma turmas de alunos do programa Escola FORMARE\"}]},{\"@type\":\"WebSite\",\"@id\":\"https:\\\/\\\/dana.com.br\\\/canaldana\\\/#website\",\"url\":\"https:\\\/\\\/dana.com.br\\\/canaldana\\\/\",\"name\":\"Canal Dana\",\"description\":\"Informativo com as principais not\u00edcias da ind\u00fastria automotiva\",\"potentialAction\":[{\"@type\":\"SearchAction\",\"target\":{\"@type\":\"EntryPoint\",\"urlTemplate\":\"https:\\\/\\\/dana.com.br\\\/canaldana\\\/?s={search_term_string}\"},\"query-input\":{\"@type\":\"PropertyValueSpecification\",\"valueRequired\":true,\"valueName\":\"search_term_string\"}}],\"inLanguage\":\"pt-BR\"},{\"@type\":\"Person\",\"@id\":\"https:\\\/\\\/dana.com.br\\\/canaldana\\\/#\\\/schema\\\/person\\\/3c21f22f56fcf3bc46b94bc60ea4fef6\",\"name\":\"Canal Dana\",\"image\":{\"@type\":\"ImageObject\",\"inLanguage\":\"pt-BR\",\"@id\":\"https:\\\/\\\/secure.gravatar.com\\\/avatar\\\/420aaf9278582877d9018637c6817617705899d2858d7572ef0fe59a6b6454b4?s=96&d=mm&r=g\",\"url\":\"https:\\\/\\\/secure.gravatar.com\\\/avatar\\\/420aaf9278582877d9018637c6817617705899d2858d7572ef0fe59a6b6454b4?s=96&d=mm&r=g\",\"contentUrl\":\"https:\\\/\\\/secure.gravatar.com\\\/avatar\\\/420aaf9278582877d9018637c6817617705899d2858d7572ef0fe59a6b6454b4?s=96&d=mm&r=g\",\"caption\":\"Canal Dana\"},\"url\":\"https:\\\/\\\/dana.com.br\\\/canaldana\\\/author\\\/cdeditor\\\/\"}]}<\/script>\n<!-- \/ Yoast SEO plugin. -->","yoast_head_json":{"title":"MWM forma turmas de alunos do programa Escola FORMARE - Canal Dana","robots":{"index":"index","follow":"follow","max-snippet":"max-snippet:-1","max-image-preview":"max-image-preview:large","max-video-preview":"max-video-preview:-1"},"canonical":"https:\/\/dana.com.br\/canaldana\/2022\/05\/30\/mwm-forma-turmas-de-alunos-do-programa-escola-formare\/","og_locale":"pt_BR","og_type":"article","og_title":"MWM forma turmas de alunos do programa Escola FORMARE - Canal Dana","og_description":"Coisas de Agora &nbsp; Na \u00faltima quinta-feira (26), a MWM, fabricante independente de motores e geradores de energia, formou mais duas turmas do Programa Escola Formare na unidade industrial da empresa, em Santo Amaro \u2013 SP. Uma a\u00e7\u00e3o social que investe na forma\u00e7\u00e3o profissional de jovens de popula\u00e7\u00e3o de baixa renda. A formatura contou com\u2026 Leia mais \u00bb","og_url":"https:\/\/dana.com.br\/canaldana\/2022\/05\/30\/mwm-forma-turmas-de-alunos-do-programa-escola-formare\/","og_site_name":"Canal Dana","article_published_time":"2022-05-30T11:50:57+00:00","author":"Canal Dana","twitter_card":"summary_large_image","twitter_misc":{"Escrito por":"Canal Dana","Est. tempo de leitura":"3 minutos"},"schema":{"@context":"https:\/\/schema.org","@graph":[{"@type":"Article","@id":"https:\/\/dana.com.br\/canaldana\/2022\/05\/30\/mwm-forma-turmas-de-alunos-do-programa-escola-formare\/#article","isPartOf":{"@id":"https:\/\/dana.com.br\/canaldana\/2022\/05\/30\/mwm-forma-turmas-de-alunos-do-programa-escola-formare\/"},"author":{"name":"Canal Dana","@id":"https:\/\/dana.com.br\/canaldana\/#\/schema\/person\/3c21f22f56fcf3bc46b94bc60ea4fef6"},"headline":"MWM forma turmas de alunos do programa Escola FORMARE","datePublished":"2022-05-30T11:50:57+00:00","mainEntityOfPage":{"@id":"https:\/\/dana.com.br\/canaldana\/2022\/05\/30\/mwm-forma-turmas-de-alunos-do-programa-escola-formare\/"},"wordCount":686,"articleSection":["Mercado"],"inLanguage":"pt-BR"},{"@type":"WebPage","@id":"https:\/\/dana.com.br\/canaldana\/2022\/05\/30\/mwm-forma-turmas-de-alunos-do-programa-escola-formare\/","url":"https:\/\/dana.com.br\/canaldana\/2022\/05\/30\/mwm-forma-turmas-de-alunos-do-programa-escola-formare\/","name":"MWM forma turmas de alunos do programa Escola FORMARE - Canal Dana","isPartOf":{"@id":"https:\/\/dana.com.br\/canaldana\/#website"},"datePublished":"2022-05-30T11:50:57+00:00","author":{"@id":"https:\/\/dana.com.br\/canaldana\/#\/schema\/person\/3c21f22f56fcf3bc46b94bc60ea4fef6"},"breadcrumb":{"@id":"https:\/\/dana.com.br\/canaldana\/2022\/05\/30\/mwm-forma-turmas-de-alunos-do-programa-escola-formare\/#breadcrumb"},"inLanguage":"pt-BR","potentialAction":[{"@type":"ReadAction","target":["https:\/\/dana.com.br\/canaldana\/2022\/05\/30\/mwm-forma-turmas-de-alunos-do-programa-escola-formare\/"]}]},{"@type":"BreadcrumbList","@id":"https:\/\/dana.com.br\/canaldana\/2022\/05\/30\/mwm-forma-turmas-de-alunos-do-programa-escola-formare\/#breadcrumb","itemListElement":[{"@type":"ListItem","position":1,"name":"Home","item":"https:\/\/dana.com.br\/canaldana\/"},{"@type":"ListItem","position":2,"name":"Mercado","item":"https:\/\/dana.com.br\/canaldana\/mercado\/"},{"@type":"ListItem","position":3,"name":"MWM forma turmas de alunos do programa Escola FORMARE"}]},{"@type":"WebSite","@id":"https:\/\/dana.com.br\/canaldana\/#website","url":"https:\/\/dana.com.br\/canaldana\/","name":"Canal Dana","description":"Informativo com as principais not\u00edcias da ind\u00fastria automotiva","potentialAction":[{"@type":"SearchAction","target":{"@type":"EntryPoint","urlTemplate":"https:\/\/dana.com.br\/canaldana\/?s={search_term_string}"},"query-input":{"@type":"PropertyValueSpecification","valueRequired":true,"valueName":"search_term_string"}}],"inLanguage":"pt-BR"},{"@type":"Person","@id":"https:\/\/dana.com.br\/canaldana\/#\/schema\/person\/3c21f22f56fcf3bc46b94bc60ea4fef6","name":"Canal Dana","image":{"@type":"ImageObject","inLanguage":"pt-BR","@id":"https:\/\/secure.gravatar.com\/avatar\/420aaf9278582877d9018637c6817617705899d2858d7572ef0fe59a6b6454b4?s=96&d=mm&r=g","url":"https:\/\/secure.gravatar.com\/avatar\/420aaf9278582877d9018637c6817617705899d2858d7572ef0fe59a6b6454b4?s=96&d=mm&r=g","contentUrl":"https:\/\/secure.gravatar.com\/avatar\/420aaf9278582877d9018637c6817617705899d2858d7572ef0fe59a6b6454b4?s=96&d=mm&r=g","caption":"Canal Dana"},"url":"https:\/\/dana.com.br\/canaldana\/author\/cdeditor\/"}]}},"_links":{"self":[{"href":"https:\/\/dana.com.br\/canaldana\/wp-json\/wp\/v2\/posts\/58568","targetHints":{"allow":["GET"]}}],"collection":[{"href":"https:\/\/dana.com.br\/canaldana\/wp-json\/wp\/v2\/posts"}],"about":[{"href":"https:\/\/dana.com.br\/canaldana\/wp-json\/wp\/v2\/types\/post"}],"author":[{"embeddable":true,"href":"https:\/\/dana.com.br\/canaldana\/wp-json\/wp\/v2\/users\/3"}],"replies":[{"embeddable":true,"href":"https:\/\/dana.com.br\/canaldana\/wp-json\/wp\/v2\/comments?post=58568"}],"version-history":[{"count":0,"href":"https:\/\/dana.com.br\/canaldana\/wp-json\/wp\/v2\/posts\/58568\/revisions"}],"wp:attachment":[{"href":"https:\/\/dana.com.br\/canaldana\/wp-json\/wp\/v2\/media?parent=58568"}],"wp:term":[{"taxonomy":"category","embeddable":true,"href":"https:\/\/dana.com.br\/canaldana\/wp-json\/wp\/v2\/categories?post=58568"},{"taxonomy":"post_tag","embeddable":true,"href":"https:\/\/dana.com.br\/canaldana\/wp-json\/wp\/v2\/tags?post=58568"}],"curies":[{"name":"wp","href":"https:\/\/api.w.org\/{rel}","templated":true}]}}