{"id":58566,"date":"2022-05-30T08:49:43","date_gmt":"2022-05-30T11:49:43","guid":{"rendered":"https:\/\/dana.com.br\/canaldana\/?p=58566"},"modified":"2022-05-30T08:49:43","modified_gmt":"2022-05-30T11:49:43","slug":"airbag-a-bolsa-de-ar-que-protege-os-ocupantes-do-carro","status":"publish","type":"post","link":"https:\/\/dana.com.br\/canaldana\/2022\/05\/30\/airbag-a-bolsa-de-ar-que-protege-os-ocupantes-do-carro\/","title":{"rendered":"Airbag, a bolsa de ar que protege os ocupantes do carro"},"content":{"rendered":"<p><em>O Estado de S. Paulo<\/em><\/p>\n<p>&nbsp;<\/p>\n<p>A ativa\u00e7\u00e3o do airbag do autom\u00f3vel \u00e9 uma explos\u00e3o do bem. Quando o carro enfrenta uma mudan\u00e7a brusca de velocidade ou se envolve em uma colis\u00e3o, a bolsa de ar infla em uma fra\u00e7\u00e3o de segundo e amortiza o impacto que motorista e ocupantes poderiam sofrer, evitando, dessa maneira, les\u00f5es s\u00e9rias.<\/p>\n<p>&nbsp;<\/p>\n<p>Com o tempo, o airbag perde a efici\u00eancia e deve ser trocado? \u201cOs airbags de ve\u00edculos produzidos antes de 1990 precisam ser verificados\u201d, revela Cl\u00e9ber Willian Gomes, professor de engenharia automotiva do Centro Universit\u00e1rio da FEI.<\/p>\n<p>&nbsp;<\/p>\n<p>Ele explica que alguns carros modernos n\u00e3o indicam a necessidade de troca devido ao tempo de vida \u00fatil. Contudo, a verifica\u00e7\u00e3o peri\u00f3dica, principalmente dos componentes eletr\u00f4nicos que fazem parte do sistema de airbag, deve ser feita seguindo as recomenda\u00e7\u00f5es do fabricante.<\/p>\n<p>&nbsp;<\/p>\n<p>Quando se fala em prazo de validade, \u00e9 preciso levar em conta alguns aspectos, como a nacionalidade e o fabricante do dispositivo. Na Europa, por exemplo, o prazo ideal para a substitui\u00e7\u00e3o do airbag \u00e9 de 10 anos. Nos Estados Unidos, ele aumenta para 15 anos.<\/p>\n<p>&nbsp;<\/p>\n<p>\u201cNo Brasil, n\u00e3o h\u00e1 uma regulamenta\u00e7\u00e3o federal sobre o assunto e existem varia\u00e7\u00f5es na validade do equipamento\u201d, diz o professor. O prazo muda de acordo com a montadora. Marcas como a General Motors e a Toyota n\u00e3o determinam um limite, ao passo que a Peugeot informa ser de 10 anos a vida \u00fatil dos airbags de seus carros.<\/p>\n<p>&nbsp;<\/p>\n<p><strong>Item obrigat\u00f3rio desde 2014<\/strong><\/p>\n<p>&nbsp;<\/p>\n<p>Se for mesmo necess\u00e1ria a substitui\u00e7\u00e3o, \u00e9 recomend\u00e1vel que ela seja realizada por redes credenciadas pelo fabricante. A montagem ou a manuten\u00e7\u00e3o inadequada podem colocar as pessoas em risco, em vez de proteg\u00ea-las.<\/p>\n<p>&nbsp;<\/p>\n<p>O airbag foi projetado para trabalhar em conjunto com o cinto de seguran\u00e7a, a fim de preservar a integridade f\u00edsica dos usu\u00e1rios do autom\u00f3vel. De forma geral, seu acionamento ocorre na ordem de d\u00e9cimos de segundo e, nesse caso, o motorista n\u00e3o t\u00eam tempo sequer de rea\u00e7\u00e3o.<\/p>\n<p>&nbsp;<\/p>\n<p>No Brasil, os airbags frontais se tornaram itens obrigat\u00f3rios nos ve\u00edculos produzidos a partir de janeiro de 2014. Nem todos os modelos possuem as bolsas de seguran\u00e7a laterais (chamadas de cortina), que funcionam como um complemento do cinto de seguran\u00e7a para proteger o tronco.<\/p>\n<p>&nbsp;<\/p>\n<p>O airbag \u00e9 dotado de um sensor com aceler\u00f4metro calibrado para acionar o dispositivo em caso de desacelera\u00e7\u00e3o maior que 20 km\/h em um curto espa\u00e7o de tempo.<\/p>\n<p>&nbsp;<\/p>\n<p>A subst\u00e2ncia qu\u00edmica que enche a bolsa se chama azida de s\u00f3dio e \u00e9 convertida em nitrog\u00eanio quando a centelha el\u00e9trica \u00e9 deflagrada. As bolsas s\u00e3o feitas de n\u00e1ilon com uma camada de talco, cuja fun\u00e7\u00e3o \u00e9 evitar que as dobras grudem.<\/p>\n<p>&nbsp;<\/p>\n<p>Em geral, o airbag n\u00e3o precisa de manuten\u00e7\u00e3o peri\u00f3dica, no entanto, o motorista deve prestar aten\u00e7\u00e3o em uma luz de alerta no painel, que o monitora. Uma vez acesa, \u00e9 sinal de que algo pode estar errado com o equipamento. (O Estado de S. Paulo)<\/p>\n","protected":false},"excerpt":{"rendered":"<p>O Estado de S. Paulo &nbsp; A ativa\u00e7\u00e3o do airbag do autom\u00f3vel \u00e9 uma explos\u00e3o do bem. Quando o carro enfrenta uma mudan\u00e7a brusca de velocidade ou se envolve em uma colis\u00e3o, a bolsa de ar infla em uma fra\u00e7\u00e3o de segundo e amortiza o impacto que motorista e ocupantes poderiam sofrer, evitando, dessa maneira,\u2026 <a class=\"readmore\" href=\"https:\/\/dana.com.br\/canaldana\/2022\/05\/30\/airbag-a-bolsa-de-ar-que-protege-os-ocupantes-do-carro\/\">Leia mais \u00bb<\/a><\/p>\n","protected":false},"author":3,"featured_media":0,"comment_status":"closed","ping_status":"closed","sticky":false,"template":"","format":"standard","meta":{"_acf_changed":false,"footnotes":""},"categories":[79],"tags":[],"class_list":["post-58566","post","type-post","status-publish","format-standard","hentry","category-mercado"],"acf":[],"yoast_head":"<!-- This site is optimized with the Yoast SEO plugin v27.3 - https:\/\/yoast.com\/product\/yoast-seo-wordpress\/ -->\n<title>Airbag, a bolsa de ar que protege os ocupantes do carro - Canal Dana<\/title>\n<meta name=\"robots\" content=\"index, follow, max-snippet:-1, max-image-preview:large, max-video-preview:-1\" \/>\n<link rel=\"canonical\" href=\"https:\/\/dana.com.br\/canaldana\/2022\/05\/30\/airbag-a-bolsa-de-ar-que-protege-os-ocupantes-do-carro\/\" \/>\n<meta property=\"og:locale\" content=\"pt_BR\" \/>\n<meta property=\"og:type\" content=\"article\" \/>\n<meta property=\"og:title\" content=\"Airbag, a bolsa de ar que protege os ocupantes do carro - Canal Dana\" \/>\n<meta property=\"og:description\" content=\"O Estado de S. Paulo &nbsp; A ativa\u00e7\u00e3o do airbag do autom\u00f3vel \u00e9 uma explos\u00e3o do bem. Quando o carro enfrenta uma mudan\u00e7a brusca de velocidade ou se envolve em uma colis\u00e3o, a bolsa de ar infla em uma fra\u00e7\u00e3o de segundo e amortiza o impacto que motorista e ocupantes poderiam sofrer, evitando, dessa maneira,\u2026 Leia mais \u00bb\" \/>\n<meta property=\"og:url\" content=\"https:\/\/dana.com.br\/canaldana\/2022\/05\/30\/airbag-a-bolsa-de-ar-que-protege-os-ocupantes-do-carro\/\" \/>\n<meta property=\"og:site_name\" content=\"Canal Dana\" \/>\n<meta property=\"article:published_time\" content=\"2022-05-30T11:49:43+00:00\" \/>\n<meta name=\"author\" content=\"Canal Dana\" \/>\n<meta name=\"twitter:card\" content=\"summary_large_image\" \/>\n<meta name=\"twitter:label1\" content=\"Escrito por\" \/>\n\t<meta name=\"twitter:data1\" content=\"Canal Dana\" \/>\n\t<meta name=\"twitter:label2\" content=\"Est. tempo de leitura\" \/>\n\t<meta name=\"twitter:data2\" content=\"3 minutos\" \/>\n<script type=\"application\/ld+json\" class=\"yoast-schema-graph\">{\"@context\":\"https:\\\/\\\/schema.org\",\"@graph\":[{\"@type\":\"Article\",\"@id\":\"https:\\\/\\\/dana.com.br\\\/canaldana\\\/2022\\\/05\\\/30\\\/airbag-a-bolsa-de-ar-que-protege-os-ocupantes-do-carro\\\/#article\",\"isPartOf\":{\"@id\":\"https:\\\/\\\/dana.com.br\\\/canaldana\\\/2022\\\/05\\\/30\\\/airbag-a-bolsa-de-ar-que-protege-os-ocupantes-do-carro\\\/\"},\"author\":{\"name\":\"Canal Dana\",\"@id\":\"https:\\\/\\\/dana.com.br\\\/canaldana\\\/#\\\/schema\\\/person\\\/3c21f22f56fcf3bc46b94bc60ea4fef6\"},\"headline\":\"Airbag, a bolsa de ar que protege os ocupantes do carro\",\"datePublished\":\"2022-05-30T11:49:43+00:00\",\"mainEntityOfPage\":{\"@id\":\"https:\\\/\\\/dana.com.br\\\/canaldana\\\/2022\\\/05\\\/30\\\/airbag-a-bolsa-de-ar-que-protege-os-ocupantes-do-carro\\\/\"},\"wordCount\":543,\"articleSection\":[\"Mercado\"],\"inLanguage\":\"pt-BR\"},{\"@type\":\"WebPage\",\"@id\":\"https:\\\/\\\/dana.com.br\\\/canaldana\\\/2022\\\/05\\\/30\\\/airbag-a-bolsa-de-ar-que-protege-os-ocupantes-do-carro\\\/\",\"url\":\"https:\\\/\\\/dana.com.br\\\/canaldana\\\/2022\\\/05\\\/30\\\/airbag-a-bolsa-de-ar-que-protege-os-ocupantes-do-carro\\\/\",\"name\":\"Airbag, a bolsa de ar que protege os ocupantes do carro - Canal Dana\",\"isPartOf\":{\"@id\":\"https:\\\/\\\/dana.com.br\\\/canaldana\\\/#website\"},\"datePublished\":\"2022-05-30T11:49:43+00:00\",\"author\":{\"@id\":\"https:\\\/\\\/dana.com.br\\\/canaldana\\\/#\\\/schema\\\/person\\\/3c21f22f56fcf3bc46b94bc60ea4fef6\"},\"breadcrumb\":{\"@id\":\"https:\\\/\\\/dana.com.br\\\/canaldana\\\/2022\\\/05\\\/30\\\/airbag-a-bolsa-de-ar-que-protege-os-ocupantes-do-carro\\\/#breadcrumb\"},\"inLanguage\":\"pt-BR\",\"potentialAction\":[{\"@type\":\"ReadAction\",\"target\":[\"https:\\\/\\\/dana.com.br\\\/canaldana\\\/2022\\\/05\\\/30\\\/airbag-a-bolsa-de-ar-que-protege-os-ocupantes-do-carro\\\/\"]}]},{\"@type\":\"BreadcrumbList\",\"@id\":\"https:\\\/\\\/dana.com.br\\\/canaldana\\\/2022\\\/05\\\/30\\\/airbag-a-bolsa-de-ar-que-protege-os-ocupantes-do-carro\\\/#breadcrumb\",\"itemListElement\":[{\"@type\":\"ListItem\",\"position\":1,\"name\":\"Home\",\"item\":\"https:\\\/\\\/dana.com.br\\\/canaldana\\\/\"},{\"@type\":\"ListItem\",\"position\":2,\"name\":\"Mercado\",\"item\":\"https:\\\/\\\/dana.com.br\\\/canaldana\\\/mercado\\\/\"},{\"@type\":\"ListItem\",\"position\":3,\"name\":\"Airbag, a bolsa de ar que protege os ocupantes do carro\"}]},{\"@type\":\"WebSite\",\"@id\":\"https:\\\/\\\/dana.com.br\\\/canaldana\\\/#website\",\"url\":\"https:\\\/\\\/dana.com.br\\\/canaldana\\\/\",\"name\":\"Canal Dana\",\"description\":\"Informativo com as principais not\u00edcias da ind\u00fastria automotiva\",\"potentialAction\":[{\"@type\":\"SearchAction\",\"target\":{\"@type\":\"EntryPoint\",\"urlTemplate\":\"https:\\\/\\\/dana.com.br\\\/canaldana\\\/?s={search_term_string}\"},\"query-input\":{\"@type\":\"PropertyValueSpecification\",\"valueRequired\":true,\"valueName\":\"search_term_string\"}}],\"inLanguage\":\"pt-BR\"},{\"@type\":\"Person\",\"@id\":\"https:\\\/\\\/dana.com.br\\\/canaldana\\\/#\\\/schema\\\/person\\\/3c21f22f56fcf3bc46b94bc60ea4fef6\",\"name\":\"Canal Dana\",\"image\":{\"@type\":\"ImageObject\",\"inLanguage\":\"pt-BR\",\"@id\":\"https:\\\/\\\/secure.gravatar.com\\\/avatar\\\/420aaf9278582877d9018637c6817617705899d2858d7572ef0fe59a6b6454b4?s=96&d=mm&r=g\",\"url\":\"https:\\\/\\\/secure.gravatar.com\\\/avatar\\\/420aaf9278582877d9018637c6817617705899d2858d7572ef0fe59a6b6454b4?s=96&d=mm&r=g\",\"contentUrl\":\"https:\\\/\\\/secure.gravatar.com\\\/avatar\\\/420aaf9278582877d9018637c6817617705899d2858d7572ef0fe59a6b6454b4?s=96&d=mm&r=g\",\"caption\":\"Canal Dana\"},\"url\":\"https:\\\/\\\/dana.com.br\\\/canaldana\\\/author\\\/cdeditor\\\/\"}]}<\/script>\n<!-- \/ Yoast SEO plugin. -->","yoast_head_json":{"title":"Airbag, a bolsa de ar que protege os ocupantes do carro - Canal Dana","robots":{"index":"index","follow":"follow","max-snippet":"max-snippet:-1","max-image-preview":"max-image-preview:large","max-video-preview":"max-video-preview:-1"},"canonical":"https:\/\/dana.com.br\/canaldana\/2022\/05\/30\/airbag-a-bolsa-de-ar-que-protege-os-ocupantes-do-carro\/","og_locale":"pt_BR","og_type":"article","og_title":"Airbag, a bolsa de ar que protege os ocupantes do carro - Canal Dana","og_description":"O Estado de S. Paulo &nbsp; A ativa\u00e7\u00e3o do airbag do autom\u00f3vel \u00e9 uma explos\u00e3o do bem. Quando o carro enfrenta uma mudan\u00e7a brusca de velocidade ou se envolve em uma colis\u00e3o, a bolsa de ar infla em uma fra\u00e7\u00e3o de segundo e amortiza o impacto que motorista e ocupantes poderiam sofrer, evitando, dessa maneira,\u2026 Leia mais \u00bb","og_url":"https:\/\/dana.com.br\/canaldana\/2022\/05\/30\/airbag-a-bolsa-de-ar-que-protege-os-ocupantes-do-carro\/","og_site_name":"Canal Dana","article_published_time":"2022-05-30T11:49:43+00:00","author":"Canal Dana","twitter_card":"summary_large_image","twitter_misc":{"Escrito por":"Canal Dana","Est. tempo de leitura":"3 minutos"},"schema":{"@context":"https:\/\/schema.org","@graph":[{"@type":"Article","@id":"https:\/\/dana.com.br\/canaldana\/2022\/05\/30\/airbag-a-bolsa-de-ar-que-protege-os-ocupantes-do-carro\/#article","isPartOf":{"@id":"https:\/\/dana.com.br\/canaldana\/2022\/05\/30\/airbag-a-bolsa-de-ar-que-protege-os-ocupantes-do-carro\/"},"author":{"name":"Canal Dana","@id":"https:\/\/dana.com.br\/canaldana\/#\/schema\/person\/3c21f22f56fcf3bc46b94bc60ea4fef6"},"headline":"Airbag, a bolsa de ar que protege os ocupantes do carro","datePublished":"2022-05-30T11:49:43+00:00","mainEntityOfPage":{"@id":"https:\/\/dana.com.br\/canaldana\/2022\/05\/30\/airbag-a-bolsa-de-ar-que-protege-os-ocupantes-do-carro\/"},"wordCount":543,"articleSection":["Mercado"],"inLanguage":"pt-BR"},{"@type":"WebPage","@id":"https:\/\/dana.com.br\/canaldana\/2022\/05\/30\/airbag-a-bolsa-de-ar-que-protege-os-ocupantes-do-carro\/","url":"https:\/\/dana.com.br\/canaldana\/2022\/05\/30\/airbag-a-bolsa-de-ar-que-protege-os-ocupantes-do-carro\/","name":"Airbag, a bolsa de ar que protege os ocupantes do carro - Canal Dana","isPartOf":{"@id":"https:\/\/dana.com.br\/canaldana\/#website"},"datePublished":"2022-05-30T11:49:43+00:00","author":{"@id":"https:\/\/dana.com.br\/canaldana\/#\/schema\/person\/3c21f22f56fcf3bc46b94bc60ea4fef6"},"breadcrumb":{"@id":"https:\/\/dana.com.br\/canaldana\/2022\/05\/30\/airbag-a-bolsa-de-ar-que-protege-os-ocupantes-do-carro\/#breadcrumb"},"inLanguage":"pt-BR","potentialAction":[{"@type":"ReadAction","target":["https:\/\/dana.com.br\/canaldana\/2022\/05\/30\/airbag-a-bolsa-de-ar-que-protege-os-ocupantes-do-carro\/"]}]},{"@type":"BreadcrumbList","@id":"https:\/\/dana.com.br\/canaldana\/2022\/05\/30\/airbag-a-bolsa-de-ar-que-protege-os-ocupantes-do-carro\/#breadcrumb","itemListElement":[{"@type":"ListItem","position":1,"name":"Home","item":"https:\/\/dana.com.br\/canaldana\/"},{"@type":"ListItem","position":2,"name":"Mercado","item":"https:\/\/dana.com.br\/canaldana\/mercado\/"},{"@type":"ListItem","position":3,"name":"Airbag, a bolsa de ar que protege os ocupantes do carro"}]},{"@type":"WebSite","@id":"https:\/\/dana.com.br\/canaldana\/#website","url":"https:\/\/dana.com.br\/canaldana\/","name":"Canal Dana","description":"Informativo com as principais not\u00edcias da ind\u00fastria automotiva","potentialAction":[{"@type":"SearchAction","target":{"@type":"EntryPoint","urlTemplate":"https:\/\/dana.com.br\/canaldana\/?s={search_term_string}"},"query-input":{"@type":"PropertyValueSpecification","valueRequired":true,"valueName":"search_term_string"}}],"inLanguage":"pt-BR"},{"@type":"Person","@id":"https:\/\/dana.com.br\/canaldana\/#\/schema\/person\/3c21f22f56fcf3bc46b94bc60ea4fef6","name":"Canal Dana","image":{"@type":"ImageObject","inLanguage":"pt-BR","@id":"https:\/\/secure.gravatar.com\/avatar\/420aaf9278582877d9018637c6817617705899d2858d7572ef0fe59a6b6454b4?s=96&d=mm&r=g","url":"https:\/\/secure.gravatar.com\/avatar\/420aaf9278582877d9018637c6817617705899d2858d7572ef0fe59a6b6454b4?s=96&d=mm&r=g","contentUrl":"https:\/\/secure.gravatar.com\/avatar\/420aaf9278582877d9018637c6817617705899d2858d7572ef0fe59a6b6454b4?s=96&d=mm&r=g","caption":"Canal Dana"},"url":"https:\/\/dana.com.br\/canaldana\/author\/cdeditor\/"}]}},"_links":{"self":[{"href":"https:\/\/dana.com.br\/canaldana\/wp-json\/wp\/v2\/posts\/58566","targetHints":{"allow":["GET"]}}],"collection":[{"href":"https:\/\/dana.com.br\/canaldana\/wp-json\/wp\/v2\/posts"}],"about":[{"href":"https:\/\/dana.com.br\/canaldana\/wp-json\/wp\/v2\/types\/post"}],"author":[{"embeddable":true,"href":"https:\/\/dana.com.br\/canaldana\/wp-json\/wp\/v2\/users\/3"}],"replies":[{"embeddable":true,"href":"https:\/\/dana.com.br\/canaldana\/wp-json\/wp\/v2\/comments?post=58566"}],"version-history":[{"count":0,"href":"https:\/\/dana.com.br\/canaldana\/wp-json\/wp\/v2\/posts\/58566\/revisions"}],"wp:attachment":[{"href":"https:\/\/dana.com.br\/canaldana\/wp-json\/wp\/v2\/media?parent=58566"}],"wp:term":[{"taxonomy":"category","embeddable":true,"href":"https:\/\/dana.com.br\/canaldana\/wp-json\/wp\/v2\/categories?post=58566"},{"taxonomy":"post_tag","embeddable":true,"href":"https:\/\/dana.com.br\/canaldana\/wp-json\/wp\/v2\/tags?post=58566"}],"curies":[{"name":"wp","href":"https:\/\/api.w.org\/{rel}","templated":true}]}}