{"id":58469,"date":"2022-05-25T08:40:54","date_gmt":"2022-05-25T11:40:54","guid":{"rendered":"https:\/\/dana.com.br\/canaldana\/?p=58469"},"modified":"2022-05-25T08:40:54","modified_gmt":"2022-05-25T11:40:54","slug":"bmw-group-brasil-fecha-parceria-para-programa-de-visitas-na-fabrica-de-araquari","status":"publish","type":"post","link":"https:\/\/dana.com.br\/canaldana\/2022\/05\/25\/bmw-group-brasil-fecha-parceria-para-programa-de-visitas-na-fabrica-de-araquari\/","title":{"rendered":"BMW Group Brasil fecha parceria para programa de visitas na f\u00e1brica de Araquari"},"content":{"rendered":"<p><em>ABC da Comunica\u00e7\u00e3o<\/em><\/p>\n<p>&nbsp;<\/p>\n<p>O BMW Group Brasil fechou acordo com a empresa Serra Verde Express, para o retorno, a partir de agosto, do Programa de Visitas na planta do BMW Group em Araquari (SC). A parceria ser\u00e1 celebrada em tr\u00eas feiras de turismo: na BNT Itaja\u00ed, que come\u00e7a dia 27 de maio, na Expoturismo PR, que ser\u00e1 realizada em Curitiba no m\u00eas de junho, e na Abav, que ter\u00e1 como sede Recife, no m\u00eas de setembro.<\/p>\n<p>&nbsp;<\/p>\n<p>Os interessados em conhecer como \u00e9 feita a produ\u00e7\u00e3o dos modelos BMW na f\u00e1brica catarinense dever\u00e3o entrar em contato diretamente com a Serra Verde Express. Um website para agendamento e com explica\u00e7\u00e3o das regras, valores e crit\u00e9rios do Programa de Visitas ir\u00e1 ao ar em breve.<\/p>\n<p>&nbsp;<\/p>\n<p>A planta do BMW Group em Araquari (SC) tem \u00e1rea total de 1,5 milh\u00e3o de metros quadrados, sendo 112.893 metros quadrados de \u00e1rea constru\u00edda. A infraestrutura local abriga processos de carroceria, soldagem, pintura, montagem e log\u00edstica, como tamb\u00e9m laborat\u00f3rios, pr\u00e9dios administrativos e auxiliares.<\/p>\n<p>&nbsp;<\/p>\n<p>S\u00e3o fabricados em Araquari os modelos BMW S\u00e9rie 3, X1, X3 e X4 para o mercado brasileiro. Emblem\u00e1tico por ser o carro de maior produ\u00e7\u00e3o desde o in\u00edcio da f\u00e1brica, o BMW X1 teve mais de 35 mil unidades produzidas no local. N\u00e3o por acaso, ele foi o escolhido para ser o BMW de n\u00famero 70 mil feito na planta, um marco comemorado em junho de 2021. Todos os quatro s\u00e3o fabricados seguindo os par\u00e2metros mais r\u00edgidos de sustentabilidade. Ao longo dos sete anos de hist\u00f3ria, foram mais de 70 mil unidades manufaturadas na instala\u00e7\u00e3o catarinense do BMW Group. (ABC da Comunica\u00e7\u00e3o)<\/p>\n","protected":false},"excerpt":{"rendered":"<p>ABC da Comunica\u00e7\u00e3o &nbsp; O BMW Group Brasil fechou acordo com a empresa Serra Verde Express, para o retorno, a partir de agosto, do Programa de Visitas na planta do BMW Group em Araquari (SC). A parceria ser\u00e1 celebrada em tr\u00eas feiras de turismo: na BNT Itaja\u00ed, que come\u00e7a dia 27 de maio, na Expoturismo\u2026 <a class=\"readmore\" href=\"https:\/\/dana.com.br\/canaldana\/2022\/05\/25\/bmw-group-brasil-fecha-parceria-para-programa-de-visitas-na-fabrica-de-araquari\/\">Leia mais \u00bb<\/a><\/p>\n","protected":false},"author":3,"featured_media":0,"comment_status":"closed","ping_status":"closed","sticky":false,"template":"","format":"standard","meta":{"_acf_changed":false,"footnotes":""},"categories":[79],"tags":[],"class_list":["post-58469","post","type-post","status-publish","format-standard","hentry","category-mercado"],"acf":[],"yoast_head":"<!-- This site is optimized with the Yoast SEO plugin v27.3 - https:\/\/yoast.com\/product\/yoast-seo-wordpress\/ -->\n<title>BMW Group Brasil fecha parceria para programa de visitas na f\u00e1brica de Araquari - Canal Dana<\/title>\n<meta name=\"robots\" content=\"index, follow, max-snippet:-1, max-image-preview:large, max-video-preview:-1\" \/>\n<link rel=\"canonical\" href=\"https:\/\/dana.com.br\/canaldana\/2022\/05\/25\/bmw-group-brasil-fecha-parceria-para-programa-de-visitas-na-fabrica-de-araquari\/\" \/>\n<meta property=\"og:locale\" content=\"pt_BR\" \/>\n<meta property=\"og:type\" content=\"article\" \/>\n<meta property=\"og:title\" content=\"BMW Group Brasil fecha parceria para programa de visitas na f\u00e1brica de Araquari - Canal Dana\" \/>\n<meta property=\"og:description\" content=\"ABC da Comunica\u00e7\u00e3o &nbsp; O BMW Group Brasil fechou acordo com a empresa Serra Verde Express, para o retorno, a partir de agosto, do Programa de Visitas na planta do BMW Group em Araquari (SC). A parceria ser\u00e1 celebrada em tr\u00eas feiras de turismo: na BNT Itaja\u00ed, que come\u00e7a dia 27 de maio, na Expoturismo\u2026 Leia mais \u00bb\" \/>\n<meta property=\"og:url\" content=\"https:\/\/dana.com.br\/canaldana\/2022\/05\/25\/bmw-group-brasil-fecha-parceria-para-programa-de-visitas-na-fabrica-de-araquari\/\" \/>\n<meta property=\"og:site_name\" content=\"Canal Dana\" \/>\n<meta property=\"article:published_time\" content=\"2022-05-25T11:40:54+00:00\" \/>\n<meta name=\"author\" content=\"Canal Dana\" \/>\n<meta name=\"twitter:card\" content=\"summary_large_image\" \/>\n<meta name=\"twitter:label1\" content=\"Escrito por\" \/>\n\t<meta name=\"twitter:data1\" content=\"Canal Dana\" \/>\n\t<meta name=\"twitter:label2\" content=\"Est. tempo de leitura\" \/>\n\t<meta name=\"twitter:data2\" content=\"1 minuto\" \/>\n<script type=\"application\/ld+json\" class=\"yoast-schema-graph\">{\"@context\":\"https:\\\/\\\/schema.org\",\"@graph\":[{\"@type\":\"Article\",\"@id\":\"https:\\\/\\\/dana.com.br\\\/canaldana\\\/2022\\\/05\\\/25\\\/bmw-group-brasil-fecha-parceria-para-programa-de-visitas-na-fabrica-de-araquari\\\/#article\",\"isPartOf\":{\"@id\":\"https:\\\/\\\/dana.com.br\\\/canaldana\\\/2022\\\/05\\\/25\\\/bmw-group-brasil-fecha-parceria-para-programa-de-visitas-na-fabrica-de-araquari\\\/\"},\"author\":{\"name\":\"Canal Dana\",\"@id\":\"https:\\\/\\\/dana.com.br\\\/canaldana\\\/#\\\/schema\\\/person\\\/3c21f22f56fcf3bc46b94bc60ea4fef6\"},\"headline\":\"BMW Group Brasil fecha parceria para programa de visitas na f\u00e1brica de Araquari\",\"datePublished\":\"2022-05-25T11:40:54+00:00\",\"mainEntityOfPage\":{\"@id\":\"https:\\\/\\\/dana.com.br\\\/canaldana\\\/2022\\\/05\\\/25\\\/bmw-group-brasil-fecha-parceria-para-programa-de-visitas-na-fabrica-de-araquari\\\/\"},\"wordCount\":306,\"articleSection\":[\"Mercado\"],\"inLanguage\":\"pt-BR\"},{\"@type\":\"WebPage\",\"@id\":\"https:\\\/\\\/dana.com.br\\\/canaldana\\\/2022\\\/05\\\/25\\\/bmw-group-brasil-fecha-parceria-para-programa-de-visitas-na-fabrica-de-araquari\\\/\",\"url\":\"https:\\\/\\\/dana.com.br\\\/canaldana\\\/2022\\\/05\\\/25\\\/bmw-group-brasil-fecha-parceria-para-programa-de-visitas-na-fabrica-de-araquari\\\/\",\"name\":\"BMW Group Brasil fecha parceria para programa de visitas na f\u00e1brica de Araquari - Canal Dana\",\"isPartOf\":{\"@id\":\"https:\\\/\\\/dana.com.br\\\/canaldana\\\/#website\"},\"datePublished\":\"2022-05-25T11:40:54+00:00\",\"author\":{\"@id\":\"https:\\\/\\\/dana.com.br\\\/canaldana\\\/#\\\/schema\\\/person\\\/3c21f22f56fcf3bc46b94bc60ea4fef6\"},\"breadcrumb\":{\"@id\":\"https:\\\/\\\/dana.com.br\\\/canaldana\\\/2022\\\/05\\\/25\\\/bmw-group-brasil-fecha-parceria-para-programa-de-visitas-na-fabrica-de-araquari\\\/#breadcrumb\"},\"inLanguage\":\"pt-BR\",\"potentialAction\":[{\"@type\":\"ReadAction\",\"target\":[\"https:\\\/\\\/dana.com.br\\\/canaldana\\\/2022\\\/05\\\/25\\\/bmw-group-brasil-fecha-parceria-para-programa-de-visitas-na-fabrica-de-araquari\\\/\"]}]},{\"@type\":\"BreadcrumbList\",\"@id\":\"https:\\\/\\\/dana.com.br\\\/canaldana\\\/2022\\\/05\\\/25\\\/bmw-group-brasil-fecha-parceria-para-programa-de-visitas-na-fabrica-de-araquari\\\/#breadcrumb\",\"itemListElement\":[{\"@type\":\"ListItem\",\"position\":1,\"name\":\"Home\",\"item\":\"https:\\\/\\\/dana.com.br\\\/canaldana\\\/\"},{\"@type\":\"ListItem\",\"position\":2,\"name\":\"Mercado\",\"item\":\"https:\\\/\\\/dana.com.br\\\/canaldana\\\/mercado\\\/\"},{\"@type\":\"ListItem\",\"position\":3,\"name\":\"BMW Group Brasil fecha parceria para programa de visitas na f\u00e1brica de Araquari\"}]},{\"@type\":\"WebSite\",\"@id\":\"https:\\\/\\\/dana.com.br\\\/canaldana\\\/#website\",\"url\":\"https:\\\/\\\/dana.com.br\\\/canaldana\\\/\",\"name\":\"Canal Dana\",\"description\":\"Informativo com as principais not\u00edcias da ind\u00fastria automotiva\",\"potentialAction\":[{\"@type\":\"SearchAction\",\"target\":{\"@type\":\"EntryPoint\",\"urlTemplate\":\"https:\\\/\\\/dana.com.br\\\/canaldana\\\/?s={search_term_string}\"},\"query-input\":{\"@type\":\"PropertyValueSpecification\",\"valueRequired\":true,\"valueName\":\"search_term_string\"}}],\"inLanguage\":\"pt-BR\"},{\"@type\":\"Person\",\"@id\":\"https:\\\/\\\/dana.com.br\\\/canaldana\\\/#\\\/schema\\\/person\\\/3c21f22f56fcf3bc46b94bc60ea4fef6\",\"name\":\"Canal Dana\",\"image\":{\"@type\":\"ImageObject\",\"inLanguage\":\"pt-BR\",\"@id\":\"https:\\\/\\\/secure.gravatar.com\\\/avatar\\\/420aaf9278582877d9018637c6817617705899d2858d7572ef0fe59a6b6454b4?s=96&d=mm&r=g\",\"url\":\"https:\\\/\\\/secure.gravatar.com\\\/avatar\\\/420aaf9278582877d9018637c6817617705899d2858d7572ef0fe59a6b6454b4?s=96&d=mm&r=g\",\"contentUrl\":\"https:\\\/\\\/secure.gravatar.com\\\/avatar\\\/420aaf9278582877d9018637c6817617705899d2858d7572ef0fe59a6b6454b4?s=96&d=mm&r=g\",\"caption\":\"Canal Dana\"},\"url\":\"https:\\\/\\\/dana.com.br\\\/canaldana\\\/author\\\/cdeditor\\\/\"}]}<\/script>\n<!-- \/ Yoast SEO plugin. -->","yoast_head_json":{"title":"BMW Group Brasil fecha parceria para programa de visitas na f\u00e1brica de Araquari - Canal Dana","robots":{"index":"index","follow":"follow","max-snippet":"max-snippet:-1","max-image-preview":"max-image-preview:large","max-video-preview":"max-video-preview:-1"},"canonical":"https:\/\/dana.com.br\/canaldana\/2022\/05\/25\/bmw-group-brasil-fecha-parceria-para-programa-de-visitas-na-fabrica-de-araquari\/","og_locale":"pt_BR","og_type":"article","og_title":"BMW Group Brasil fecha parceria para programa de visitas na f\u00e1brica de Araquari - Canal Dana","og_description":"ABC da Comunica\u00e7\u00e3o &nbsp; O BMW Group Brasil fechou acordo com a empresa Serra Verde Express, para o retorno, a partir de agosto, do Programa de Visitas na planta do BMW Group em Araquari (SC). A parceria ser\u00e1 celebrada em tr\u00eas feiras de turismo: na BNT Itaja\u00ed, que come\u00e7a dia 27 de maio, na Expoturismo\u2026 Leia mais \u00bb","og_url":"https:\/\/dana.com.br\/canaldana\/2022\/05\/25\/bmw-group-brasil-fecha-parceria-para-programa-de-visitas-na-fabrica-de-araquari\/","og_site_name":"Canal Dana","article_published_time":"2022-05-25T11:40:54+00:00","author":"Canal Dana","twitter_card":"summary_large_image","twitter_misc":{"Escrito por":"Canal Dana","Est. tempo de leitura":"1 minuto"},"schema":{"@context":"https:\/\/schema.org","@graph":[{"@type":"Article","@id":"https:\/\/dana.com.br\/canaldana\/2022\/05\/25\/bmw-group-brasil-fecha-parceria-para-programa-de-visitas-na-fabrica-de-araquari\/#article","isPartOf":{"@id":"https:\/\/dana.com.br\/canaldana\/2022\/05\/25\/bmw-group-brasil-fecha-parceria-para-programa-de-visitas-na-fabrica-de-araquari\/"},"author":{"name":"Canal Dana","@id":"https:\/\/dana.com.br\/canaldana\/#\/schema\/person\/3c21f22f56fcf3bc46b94bc60ea4fef6"},"headline":"BMW Group Brasil fecha parceria para programa de visitas na f\u00e1brica de Araquari","datePublished":"2022-05-25T11:40:54+00:00","mainEntityOfPage":{"@id":"https:\/\/dana.com.br\/canaldana\/2022\/05\/25\/bmw-group-brasil-fecha-parceria-para-programa-de-visitas-na-fabrica-de-araquari\/"},"wordCount":306,"articleSection":["Mercado"],"inLanguage":"pt-BR"},{"@type":"WebPage","@id":"https:\/\/dana.com.br\/canaldana\/2022\/05\/25\/bmw-group-brasil-fecha-parceria-para-programa-de-visitas-na-fabrica-de-araquari\/","url":"https:\/\/dana.com.br\/canaldana\/2022\/05\/25\/bmw-group-brasil-fecha-parceria-para-programa-de-visitas-na-fabrica-de-araquari\/","name":"BMW Group Brasil fecha parceria para programa de visitas na f\u00e1brica de Araquari - Canal Dana","isPartOf":{"@id":"https:\/\/dana.com.br\/canaldana\/#website"},"datePublished":"2022-05-25T11:40:54+00:00","author":{"@id":"https:\/\/dana.com.br\/canaldana\/#\/schema\/person\/3c21f22f56fcf3bc46b94bc60ea4fef6"},"breadcrumb":{"@id":"https:\/\/dana.com.br\/canaldana\/2022\/05\/25\/bmw-group-brasil-fecha-parceria-para-programa-de-visitas-na-fabrica-de-araquari\/#breadcrumb"},"inLanguage":"pt-BR","potentialAction":[{"@type":"ReadAction","target":["https:\/\/dana.com.br\/canaldana\/2022\/05\/25\/bmw-group-brasil-fecha-parceria-para-programa-de-visitas-na-fabrica-de-araquari\/"]}]},{"@type":"BreadcrumbList","@id":"https:\/\/dana.com.br\/canaldana\/2022\/05\/25\/bmw-group-brasil-fecha-parceria-para-programa-de-visitas-na-fabrica-de-araquari\/#breadcrumb","itemListElement":[{"@type":"ListItem","position":1,"name":"Home","item":"https:\/\/dana.com.br\/canaldana\/"},{"@type":"ListItem","position":2,"name":"Mercado","item":"https:\/\/dana.com.br\/canaldana\/mercado\/"},{"@type":"ListItem","position":3,"name":"BMW Group Brasil fecha parceria para programa de visitas na f\u00e1brica de Araquari"}]},{"@type":"WebSite","@id":"https:\/\/dana.com.br\/canaldana\/#website","url":"https:\/\/dana.com.br\/canaldana\/","name":"Canal Dana","description":"Informativo com as principais not\u00edcias da ind\u00fastria automotiva","potentialAction":[{"@type":"SearchAction","target":{"@type":"EntryPoint","urlTemplate":"https:\/\/dana.com.br\/canaldana\/?s={search_term_string}"},"query-input":{"@type":"PropertyValueSpecification","valueRequired":true,"valueName":"search_term_string"}}],"inLanguage":"pt-BR"},{"@type":"Person","@id":"https:\/\/dana.com.br\/canaldana\/#\/schema\/person\/3c21f22f56fcf3bc46b94bc60ea4fef6","name":"Canal Dana","image":{"@type":"ImageObject","inLanguage":"pt-BR","@id":"https:\/\/secure.gravatar.com\/avatar\/420aaf9278582877d9018637c6817617705899d2858d7572ef0fe59a6b6454b4?s=96&d=mm&r=g","url":"https:\/\/secure.gravatar.com\/avatar\/420aaf9278582877d9018637c6817617705899d2858d7572ef0fe59a6b6454b4?s=96&d=mm&r=g","contentUrl":"https:\/\/secure.gravatar.com\/avatar\/420aaf9278582877d9018637c6817617705899d2858d7572ef0fe59a6b6454b4?s=96&d=mm&r=g","caption":"Canal Dana"},"url":"https:\/\/dana.com.br\/canaldana\/author\/cdeditor\/"}]}},"_links":{"self":[{"href":"https:\/\/dana.com.br\/canaldana\/wp-json\/wp\/v2\/posts\/58469","targetHints":{"allow":["GET"]}}],"collection":[{"href":"https:\/\/dana.com.br\/canaldana\/wp-json\/wp\/v2\/posts"}],"about":[{"href":"https:\/\/dana.com.br\/canaldana\/wp-json\/wp\/v2\/types\/post"}],"author":[{"embeddable":true,"href":"https:\/\/dana.com.br\/canaldana\/wp-json\/wp\/v2\/users\/3"}],"replies":[{"embeddable":true,"href":"https:\/\/dana.com.br\/canaldana\/wp-json\/wp\/v2\/comments?post=58469"}],"version-history":[{"count":0,"href":"https:\/\/dana.com.br\/canaldana\/wp-json\/wp\/v2\/posts\/58469\/revisions"}],"wp:attachment":[{"href":"https:\/\/dana.com.br\/canaldana\/wp-json\/wp\/v2\/media?parent=58469"}],"wp:term":[{"taxonomy":"category","embeddable":true,"href":"https:\/\/dana.com.br\/canaldana\/wp-json\/wp\/v2\/categories?post=58469"},{"taxonomy":"post_tag","embeddable":true,"href":"https:\/\/dana.com.br\/canaldana\/wp-json\/wp\/v2\/tags?post=58469"}],"curies":[{"name":"wp","href":"https:\/\/api.w.org\/{rel}","templated":true}]}}