{"id":58467,"date":"2022-05-25T08:40:19","date_gmt":"2022-05-25T11:40:19","guid":{"rendered":"https:\/\/dana.com.br\/canaldana\/?p=58467"},"modified":"2022-05-25T08:40:19","modified_gmt":"2022-05-25T11:40:19","slug":"ford-anuncia-expansao-do-centro-de-desenvolvimento-e-tecnologia-do-brasil-com-a-contratacao-de-500-engenheiros-e-especialistas","status":"publish","type":"post","link":"https:\/\/dana.com.br\/canaldana\/2022\/05\/25\/ford-anuncia-expansao-do-centro-de-desenvolvimento-e-tecnologia-do-brasil-com-a-contratacao-de-500-engenheiros-e-especialistas\/","title":{"rendered":"Ford anuncia expans\u00e3o do Centro de Desenvolvimento e Tecnologia do Brasil com a contrata\u00e7\u00e3o de 500 engenheiros e especialistas"},"content":{"rendered":"<p><em>Coisas de Agora<\/em><\/p>\n<p>&nbsp;<\/p>\n<p>A Ford anunciou a amplia\u00e7\u00e3o das opera\u00e7\u00f5es do seu Centro de Desenvolvimento e Tecnologia do Brasil, com sede na Bahia, com a cria\u00e7\u00e3o de 500 novas posi\u00e7\u00f5es nos \u00faltimos meses. Esse n\u00famero equivale a um crescimento de 50% do time de engenharia, hoje formado por 1.500 especialistas dedicados ao desenvolvimento de projetos globais da marca.<\/p>\n<p>&nbsp;<\/p>\n<p>O an\u00fancio foi feito pelo presidente da Ford Am\u00e9rica do Sul, Daniel Justo, durante visita do governador da Bahia, Rui Costa, \u00e0s novas instala\u00e7\u00f5es da empresa no Cimatec Park, ecossistema de inova\u00e7\u00e3o montado em parceria com o Senai Cimatec em Cama\u00e7ari, na Bahia. Com a expans\u00e3o, o centro de desenvolvimento brasileiro se consolida como um polo de exporta\u00e7\u00e3o de projetos e conhecimento para a Ford mundial.<\/p>\n<p>&nbsp;<\/p>\n<p>\u201cO time brasileiro tem uma contribui\u00e7\u00e3o importante na engenharia global da Ford, desenvolvendo produtos, patentes, tecnologias e softwares que est\u00e3o ajudando a moldar o futuro da mobilidade. Ele \u00e9 uma prova da capacidade e da competitividade do nosso pa\u00eds em exportar projetos e conhecimento\u201d, disse Daniel. Al\u00e9m do parque tecnol\u00f3gico da Bahia, a estrutura inclui o Campo de Provas de Tatu\u00ed, no interior paulista.<\/p>\n<p>&nbsp;<\/p>\n<p><strong>Competitividade brasileira<\/strong><\/p>\n<p>&nbsp;<\/p>\n<p>Daniel Justo destacou o momento de transforma\u00e7\u00e3o vivido pela ind\u00fastria automotiva global, com a introdu\u00e7\u00e3o de novas tecnologias e mudan\u00e7as de h\u00e1bitos dos consumidores, o que abre oportunidades para o aproveitamento da especializa\u00e7\u00e3o e do conhecimento acumulado pelo time de engenharia da Ford no pa\u00eds h\u00e1 mais de 20 anos.<\/p>\n<p>&nbsp;<\/p>\n<p>\u201cFazer engenharia, pesquisa e desenvolvimento de tecnologia no Brasil \u00e9 vi\u00e1vel, e o Centro de Desenvolvimento da Ford na Bahia \u00e9 um grande exemplo da nossa competitividade\u201d, afirmou. \u201cNosso time est\u00e1 mostrando que \u00e9 extremamente preparado, criativo e eficiente, competindo com os melhores no mundo. Essas caracter\u00edsticas chamaram a aten\u00e7\u00e3o da Ford global e, por isso, ganhamos cada vez mais responsabilidades em projetos que est\u00e3o definindo o futuro da mobilidade.\u201d<\/p>\n<p>&nbsp;<\/p>\n<p>A forma\u00e7\u00e3o e a capacita\u00e7\u00e3o de novos profissionais s\u00e3o pilares importantes da estrat\u00e9gia da Ford como parte de sua vis\u00e3o para o futuro. Al\u00e9m de parcerias com institui\u00e7\u00f5es como a Universidade Federal da Bahia e o Senai Cimatec, a Ford mant\u00e9m programas de treinamento, palestras e workshops para atra\u00e7\u00e3o e desenvolvimento de novos talentos.<\/p>\n<p>&nbsp;<\/p>\n<p>A empresa promove tamb\u00e9m a\u00e7\u00f5es voltadas \u00e0 comunidade, como o curso de desenvolvimento de software, criado em parceria com o Senai Cimatec, com 80 vagas gratuitas para pessoas de baixa renda, em uma \u00e1rea que registra alta demanda e disputa por profissionais. (Coisas de Agora)<\/p>\n","protected":false},"excerpt":{"rendered":"<p>Coisas de Agora &nbsp; A Ford anunciou a amplia\u00e7\u00e3o das opera\u00e7\u00f5es do seu Centro de Desenvolvimento e Tecnologia do Brasil, com sede na Bahia, com a cria\u00e7\u00e3o de 500 novas posi\u00e7\u00f5es nos \u00faltimos meses. Esse n\u00famero equivale a um crescimento de 50% do time de engenharia, hoje formado por 1.500 especialistas dedicados ao desenvolvimento de\u2026 <a class=\"readmore\" href=\"https:\/\/dana.com.br\/canaldana\/2022\/05\/25\/ford-anuncia-expansao-do-centro-de-desenvolvimento-e-tecnologia-do-brasil-com-a-contratacao-de-500-engenheiros-e-especialistas\/\">Leia mais \u00bb<\/a><\/p>\n","protected":false},"author":3,"featured_media":0,"comment_status":"closed","ping_status":"closed","sticky":false,"template":"","format":"standard","meta":{"_acf_changed":false,"footnotes":""},"categories":[79],"tags":[],"class_list":["post-58467","post","type-post","status-publish","format-standard","hentry","category-mercado"],"acf":[],"yoast_head":"<!-- This site is optimized with the Yoast SEO plugin v27.3 - https:\/\/yoast.com\/product\/yoast-seo-wordpress\/ -->\n<title>Ford anuncia expans\u00e3o do Centro de Desenvolvimento e Tecnologia do Brasil com a contrata\u00e7\u00e3o de 500 engenheiros e especialistas - Canal Dana<\/title>\n<meta name=\"robots\" content=\"index, follow, max-snippet:-1, max-image-preview:large, max-video-preview:-1\" \/>\n<link rel=\"canonical\" href=\"https:\/\/dana.com.br\/canaldana\/2022\/05\/25\/ford-anuncia-expansao-do-centro-de-desenvolvimento-e-tecnologia-do-brasil-com-a-contratacao-de-500-engenheiros-e-especialistas\/\" \/>\n<meta property=\"og:locale\" content=\"pt_BR\" \/>\n<meta property=\"og:type\" content=\"article\" \/>\n<meta property=\"og:title\" content=\"Ford anuncia expans\u00e3o do Centro de Desenvolvimento e Tecnologia do Brasil com a contrata\u00e7\u00e3o de 500 engenheiros e especialistas - Canal Dana\" \/>\n<meta property=\"og:description\" content=\"Coisas de Agora &nbsp; A Ford anunciou a amplia\u00e7\u00e3o das opera\u00e7\u00f5es do seu Centro de Desenvolvimento e Tecnologia do Brasil, com sede na Bahia, com a cria\u00e7\u00e3o de 500 novas posi\u00e7\u00f5es nos \u00faltimos meses. Esse n\u00famero equivale a um crescimento de 50% do time de engenharia, hoje formado por 1.500 especialistas dedicados ao desenvolvimento de\u2026 Leia mais \u00bb\" \/>\n<meta property=\"og:url\" content=\"https:\/\/dana.com.br\/canaldana\/2022\/05\/25\/ford-anuncia-expansao-do-centro-de-desenvolvimento-e-tecnologia-do-brasil-com-a-contratacao-de-500-engenheiros-e-especialistas\/\" \/>\n<meta property=\"og:site_name\" content=\"Canal Dana\" \/>\n<meta property=\"article:published_time\" content=\"2022-05-25T11:40:19+00:00\" \/>\n<meta name=\"author\" content=\"Canal Dana\" \/>\n<meta name=\"twitter:card\" content=\"summary_large_image\" \/>\n<meta name=\"twitter:label1\" content=\"Escrito por\" \/>\n\t<meta name=\"twitter:data1\" content=\"Canal Dana\" \/>\n\t<meta name=\"twitter:label2\" content=\"Est. tempo de leitura\" \/>\n\t<meta name=\"twitter:data2\" content=\"2 minutos\" \/>\n<script type=\"application\/ld+json\" class=\"yoast-schema-graph\">{\"@context\":\"https:\\\/\\\/schema.org\",\"@graph\":[{\"@type\":\"Article\",\"@id\":\"https:\\\/\\\/dana.com.br\\\/canaldana\\\/2022\\\/05\\\/25\\\/ford-anuncia-expansao-do-centro-de-desenvolvimento-e-tecnologia-do-brasil-com-a-contratacao-de-500-engenheiros-e-especialistas\\\/#article\",\"isPartOf\":{\"@id\":\"https:\\\/\\\/dana.com.br\\\/canaldana\\\/2022\\\/05\\\/25\\\/ford-anuncia-expansao-do-centro-de-desenvolvimento-e-tecnologia-do-brasil-com-a-contratacao-de-500-engenheiros-e-especialistas\\\/\"},\"author\":{\"name\":\"Canal Dana\",\"@id\":\"https:\\\/\\\/dana.com.br\\\/canaldana\\\/#\\\/schema\\\/person\\\/3c21f22f56fcf3bc46b94bc60ea4fef6\"},\"headline\":\"Ford anuncia expans\u00e3o do Centro de Desenvolvimento e Tecnologia do Brasil com a contrata\u00e7\u00e3o de 500 engenheiros e especialistas\",\"datePublished\":\"2022-05-25T11:40:19+00:00\",\"mainEntityOfPage\":{\"@id\":\"https:\\\/\\\/dana.com.br\\\/canaldana\\\/2022\\\/05\\\/25\\\/ford-anuncia-expansao-do-centro-de-desenvolvimento-e-tecnologia-do-brasil-com-a-contratacao-de-500-engenheiros-e-especialistas\\\/\"},\"wordCount\":466,\"articleSection\":[\"Mercado\"],\"inLanguage\":\"pt-BR\"},{\"@type\":\"WebPage\",\"@id\":\"https:\\\/\\\/dana.com.br\\\/canaldana\\\/2022\\\/05\\\/25\\\/ford-anuncia-expansao-do-centro-de-desenvolvimento-e-tecnologia-do-brasil-com-a-contratacao-de-500-engenheiros-e-especialistas\\\/\",\"url\":\"https:\\\/\\\/dana.com.br\\\/canaldana\\\/2022\\\/05\\\/25\\\/ford-anuncia-expansao-do-centro-de-desenvolvimento-e-tecnologia-do-brasil-com-a-contratacao-de-500-engenheiros-e-especialistas\\\/\",\"name\":\"Ford anuncia expans\u00e3o do Centro de Desenvolvimento e Tecnologia do Brasil com a contrata\u00e7\u00e3o de 500 engenheiros e especialistas - Canal Dana\",\"isPartOf\":{\"@id\":\"https:\\\/\\\/dana.com.br\\\/canaldana\\\/#website\"},\"datePublished\":\"2022-05-25T11:40:19+00:00\",\"author\":{\"@id\":\"https:\\\/\\\/dana.com.br\\\/canaldana\\\/#\\\/schema\\\/person\\\/3c21f22f56fcf3bc46b94bc60ea4fef6\"},\"breadcrumb\":{\"@id\":\"https:\\\/\\\/dana.com.br\\\/canaldana\\\/2022\\\/05\\\/25\\\/ford-anuncia-expansao-do-centro-de-desenvolvimento-e-tecnologia-do-brasil-com-a-contratacao-de-500-engenheiros-e-especialistas\\\/#breadcrumb\"},\"inLanguage\":\"pt-BR\",\"potentialAction\":[{\"@type\":\"ReadAction\",\"target\":[\"https:\\\/\\\/dana.com.br\\\/canaldana\\\/2022\\\/05\\\/25\\\/ford-anuncia-expansao-do-centro-de-desenvolvimento-e-tecnologia-do-brasil-com-a-contratacao-de-500-engenheiros-e-especialistas\\\/\"]}]},{\"@type\":\"BreadcrumbList\",\"@id\":\"https:\\\/\\\/dana.com.br\\\/canaldana\\\/2022\\\/05\\\/25\\\/ford-anuncia-expansao-do-centro-de-desenvolvimento-e-tecnologia-do-brasil-com-a-contratacao-de-500-engenheiros-e-especialistas\\\/#breadcrumb\",\"itemListElement\":[{\"@type\":\"ListItem\",\"position\":1,\"name\":\"Home\",\"item\":\"https:\\\/\\\/dana.com.br\\\/canaldana\\\/\"},{\"@type\":\"ListItem\",\"position\":2,\"name\":\"Mercado\",\"item\":\"https:\\\/\\\/dana.com.br\\\/canaldana\\\/mercado\\\/\"},{\"@type\":\"ListItem\",\"position\":3,\"name\":\"Ford anuncia expans\u00e3o do Centro de Desenvolvimento e Tecnologia do Brasil com a contrata\u00e7\u00e3o de 500 engenheiros e especialistas\"}]},{\"@type\":\"WebSite\",\"@id\":\"https:\\\/\\\/dana.com.br\\\/canaldana\\\/#website\",\"url\":\"https:\\\/\\\/dana.com.br\\\/canaldana\\\/\",\"name\":\"Canal Dana\",\"description\":\"Informativo com as principais not\u00edcias da ind\u00fastria automotiva\",\"potentialAction\":[{\"@type\":\"SearchAction\",\"target\":{\"@type\":\"EntryPoint\",\"urlTemplate\":\"https:\\\/\\\/dana.com.br\\\/canaldana\\\/?s={search_term_string}\"},\"query-input\":{\"@type\":\"PropertyValueSpecification\",\"valueRequired\":true,\"valueName\":\"search_term_string\"}}],\"inLanguage\":\"pt-BR\"},{\"@type\":\"Person\",\"@id\":\"https:\\\/\\\/dana.com.br\\\/canaldana\\\/#\\\/schema\\\/person\\\/3c21f22f56fcf3bc46b94bc60ea4fef6\",\"name\":\"Canal Dana\",\"image\":{\"@type\":\"ImageObject\",\"inLanguage\":\"pt-BR\",\"@id\":\"https:\\\/\\\/secure.gravatar.com\\\/avatar\\\/420aaf9278582877d9018637c6817617705899d2858d7572ef0fe59a6b6454b4?s=96&d=mm&r=g\",\"url\":\"https:\\\/\\\/secure.gravatar.com\\\/avatar\\\/420aaf9278582877d9018637c6817617705899d2858d7572ef0fe59a6b6454b4?s=96&d=mm&r=g\",\"contentUrl\":\"https:\\\/\\\/secure.gravatar.com\\\/avatar\\\/420aaf9278582877d9018637c6817617705899d2858d7572ef0fe59a6b6454b4?s=96&d=mm&r=g\",\"caption\":\"Canal Dana\"},\"url\":\"https:\\\/\\\/dana.com.br\\\/canaldana\\\/author\\\/cdeditor\\\/\"}]}<\/script>\n<!-- \/ Yoast SEO plugin. -->","yoast_head_json":{"title":"Ford anuncia expans\u00e3o do Centro de Desenvolvimento e Tecnologia do Brasil com a contrata\u00e7\u00e3o de 500 engenheiros e especialistas - Canal Dana","robots":{"index":"index","follow":"follow","max-snippet":"max-snippet:-1","max-image-preview":"max-image-preview:large","max-video-preview":"max-video-preview:-1"},"canonical":"https:\/\/dana.com.br\/canaldana\/2022\/05\/25\/ford-anuncia-expansao-do-centro-de-desenvolvimento-e-tecnologia-do-brasil-com-a-contratacao-de-500-engenheiros-e-especialistas\/","og_locale":"pt_BR","og_type":"article","og_title":"Ford anuncia expans\u00e3o do Centro de Desenvolvimento e Tecnologia do Brasil com a contrata\u00e7\u00e3o de 500 engenheiros e especialistas - Canal Dana","og_description":"Coisas de Agora &nbsp; A Ford anunciou a amplia\u00e7\u00e3o das opera\u00e7\u00f5es do seu Centro de Desenvolvimento e Tecnologia do Brasil, com sede na Bahia, com a cria\u00e7\u00e3o de 500 novas posi\u00e7\u00f5es nos \u00faltimos meses. Esse n\u00famero equivale a um crescimento de 50% do time de engenharia, hoje formado por 1.500 especialistas dedicados ao desenvolvimento de\u2026 Leia mais \u00bb","og_url":"https:\/\/dana.com.br\/canaldana\/2022\/05\/25\/ford-anuncia-expansao-do-centro-de-desenvolvimento-e-tecnologia-do-brasil-com-a-contratacao-de-500-engenheiros-e-especialistas\/","og_site_name":"Canal Dana","article_published_time":"2022-05-25T11:40:19+00:00","author":"Canal Dana","twitter_card":"summary_large_image","twitter_misc":{"Escrito por":"Canal Dana","Est. tempo de leitura":"2 minutos"},"schema":{"@context":"https:\/\/schema.org","@graph":[{"@type":"Article","@id":"https:\/\/dana.com.br\/canaldana\/2022\/05\/25\/ford-anuncia-expansao-do-centro-de-desenvolvimento-e-tecnologia-do-brasil-com-a-contratacao-de-500-engenheiros-e-especialistas\/#article","isPartOf":{"@id":"https:\/\/dana.com.br\/canaldana\/2022\/05\/25\/ford-anuncia-expansao-do-centro-de-desenvolvimento-e-tecnologia-do-brasil-com-a-contratacao-de-500-engenheiros-e-especialistas\/"},"author":{"name":"Canal Dana","@id":"https:\/\/dana.com.br\/canaldana\/#\/schema\/person\/3c21f22f56fcf3bc46b94bc60ea4fef6"},"headline":"Ford anuncia expans\u00e3o do Centro de Desenvolvimento e Tecnologia do Brasil com a contrata\u00e7\u00e3o de 500 engenheiros e especialistas","datePublished":"2022-05-25T11:40:19+00:00","mainEntityOfPage":{"@id":"https:\/\/dana.com.br\/canaldana\/2022\/05\/25\/ford-anuncia-expansao-do-centro-de-desenvolvimento-e-tecnologia-do-brasil-com-a-contratacao-de-500-engenheiros-e-especialistas\/"},"wordCount":466,"articleSection":["Mercado"],"inLanguage":"pt-BR"},{"@type":"WebPage","@id":"https:\/\/dana.com.br\/canaldana\/2022\/05\/25\/ford-anuncia-expansao-do-centro-de-desenvolvimento-e-tecnologia-do-brasil-com-a-contratacao-de-500-engenheiros-e-especialistas\/","url":"https:\/\/dana.com.br\/canaldana\/2022\/05\/25\/ford-anuncia-expansao-do-centro-de-desenvolvimento-e-tecnologia-do-brasil-com-a-contratacao-de-500-engenheiros-e-especialistas\/","name":"Ford anuncia expans\u00e3o do Centro de Desenvolvimento e Tecnologia do Brasil com a contrata\u00e7\u00e3o de 500 engenheiros e especialistas - Canal Dana","isPartOf":{"@id":"https:\/\/dana.com.br\/canaldana\/#website"},"datePublished":"2022-05-25T11:40:19+00:00","author":{"@id":"https:\/\/dana.com.br\/canaldana\/#\/schema\/person\/3c21f22f56fcf3bc46b94bc60ea4fef6"},"breadcrumb":{"@id":"https:\/\/dana.com.br\/canaldana\/2022\/05\/25\/ford-anuncia-expansao-do-centro-de-desenvolvimento-e-tecnologia-do-brasil-com-a-contratacao-de-500-engenheiros-e-especialistas\/#breadcrumb"},"inLanguage":"pt-BR","potentialAction":[{"@type":"ReadAction","target":["https:\/\/dana.com.br\/canaldana\/2022\/05\/25\/ford-anuncia-expansao-do-centro-de-desenvolvimento-e-tecnologia-do-brasil-com-a-contratacao-de-500-engenheiros-e-especialistas\/"]}]},{"@type":"BreadcrumbList","@id":"https:\/\/dana.com.br\/canaldana\/2022\/05\/25\/ford-anuncia-expansao-do-centro-de-desenvolvimento-e-tecnologia-do-brasil-com-a-contratacao-de-500-engenheiros-e-especialistas\/#breadcrumb","itemListElement":[{"@type":"ListItem","position":1,"name":"Home","item":"https:\/\/dana.com.br\/canaldana\/"},{"@type":"ListItem","position":2,"name":"Mercado","item":"https:\/\/dana.com.br\/canaldana\/mercado\/"},{"@type":"ListItem","position":3,"name":"Ford anuncia expans\u00e3o do Centro de Desenvolvimento e Tecnologia do Brasil com a contrata\u00e7\u00e3o de 500 engenheiros e especialistas"}]},{"@type":"WebSite","@id":"https:\/\/dana.com.br\/canaldana\/#website","url":"https:\/\/dana.com.br\/canaldana\/","name":"Canal Dana","description":"Informativo com as principais not\u00edcias da ind\u00fastria automotiva","potentialAction":[{"@type":"SearchAction","target":{"@type":"EntryPoint","urlTemplate":"https:\/\/dana.com.br\/canaldana\/?s={search_term_string}"},"query-input":{"@type":"PropertyValueSpecification","valueRequired":true,"valueName":"search_term_string"}}],"inLanguage":"pt-BR"},{"@type":"Person","@id":"https:\/\/dana.com.br\/canaldana\/#\/schema\/person\/3c21f22f56fcf3bc46b94bc60ea4fef6","name":"Canal Dana","image":{"@type":"ImageObject","inLanguage":"pt-BR","@id":"https:\/\/secure.gravatar.com\/avatar\/420aaf9278582877d9018637c6817617705899d2858d7572ef0fe59a6b6454b4?s=96&d=mm&r=g","url":"https:\/\/secure.gravatar.com\/avatar\/420aaf9278582877d9018637c6817617705899d2858d7572ef0fe59a6b6454b4?s=96&d=mm&r=g","contentUrl":"https:\/\/secure.gravatar.com\/avatar\/420aaf9278582877d9018637c6817617705899d2858d7572ef0fe59a6b6454b4?s=96&d=mm&r=g","caption":"Canal Dana"},"url":"https:\/\/dana.com.br\/canaldana\/author\/cdeditor\/"}]}},"_links":{"self":[{"href":"https:\/\/dana.com.br\/canaldana\/wp-json\/wp\/v2\/posts\/58467","targetHints":{"allow":["GET"]}}],"collection":[{"href":"https:\/\/dana.com.br\/canaldana\/wp-json\/wp\/v2\/posts"}],"about":[{"href":"https:\/\/dana.com.br\/canaldana\/wp-json\/wp\/v2\/types\/post"}],"author":[{"embeddable":true,"href":"https:\/\/dana.com.br\/canaldana\/wp-json\/wp\/v2\/users\/3"}],"replies":[{"embeddable":true,"href":"https:\/\/dana.com.br\/canaldana\/wp-json\/wp\/v2\/comments?post=58467"}],"version-history":[{"count":0,"href":"https:\/\/dana.com.br\/canaldana\/wp-json\/wp\/v2\/posts\/58467\/revisions"}],"wp:attachment":[{"href":"https:\/\/dana.com.br\/canaldana\/wp-json\/wp\/v2\/media?parent=58467"}],"wp:term":[{"taxonomy":"category","embeddable":true,"href":"https:\/\/dana.com.br\/canaldana\/wp-json\/wp\/v2\/categories?post=58467"},{"taxonomy":"post_tag","embeddable":true,"href":"https:\/\/dana.com.br\/canaldana\/wp-json\/wp\/v2\/tags?post=58467"}],"curies":[{"name":"wp","href":"https:\/\/api.w.org\/{rel}","templated":true}]}}