{"id":58465,"date":"2022-05-25T08:39:48","date_gmt":"2022-05-25T11:39:48","guid":{"rendered":"https:\/\/dana.com.br\/canaldana\/?p=58465"},"modified":"2022-05-25T08:39:48","modified_gmt":"2022-05-25T11:39:48","slug":"bmw-m-completa-50-anos-com-legado-nas-pistas-e-nas-ruas-do-mundo-todo","status":"publish","type":"post","link":"https:\/\/dana.com.br\/canaldana\/2022\/05\/25\/bmw-m-completa-50-anos-com-legado-nas-pistas-e-nas-ruas-do-mundo-todo\/","title":{"rendered":"BMW M completa 50 anos com legado nas pistas e nas ruas do mundo todo"},"content":{"rendered":"<p><em>Blog do Ricardo Ribas<\/em><\/p>\n<p>&nbsp;<\/p>\n<p>Em 1972, Robert A. Lutz era Membro do Conselho da BMW. Um vendedor excepcional, trouxe dos Estados Unidos o conceito de Win on Sunday, sell on Monday (Ven\u00e7a no domingo e venda na segunda, em livre tradu\u00e7\u00e3o), o que foi prontamente aceito pela rec\u00e9m-criada BMW Motorsport GmbH. A \u00e9poca foi perfeita e conectada aos anos 70, quando tudo era mais colorido, r\u00e1pido e esportivo. Pouco tempo depois, o nome da empresa foi reduzido para M e assim foi cunhada a letra mais poderosa do universo.<\/p>\n<p>&nbsp;<\/p>\n<p>Presente desde a F\u00f3rmula 1 at\u00e9 nos sonhos de consumo dos apaixonados pela marca, os modelos BMW M continuam se aprimorando, apesar dos 50 anos de idade, completados exatamente no dia de hoje. O BMW i4, o primeiro 100% el\u00e9trico com o desenvolvimento M chegar\u00e1 ao Brasil no segundo semestre para continuar pisando fundo e escrevendo hist\u00f3ria.<\/p>\n<p>&nbsp;<\/p>\n<p>Primeiro modelo concebido pela BMW M, o M1 foi apresentado ao mundo em 1978. Seu design, assinado por Giorgio Giugiaro, impressionava pelas formas aerodin\u00e2micas e esportivas. Primeiro BMW equipado com motor central, o M1 foi t\u00e3o marcante que ganhou at\u00e9 mesmo uma categoria de automobilismo, chamada de M1 Procar. As corridas eram disputadas antes das corridas de F\u00f3rmula 1 e o campe\u00e3o, em 1979, foi ningu\u00e9m menos que Niki Lauda. Este desenvolvimento foi levado adiante em vers\u00f5es mais potentes dos BMW S\u00e9rie 5 de produ\u00e7\u00e3o.<\/p>\n<p>&nbsp;<\/p>\n<p>Em 1980, a BMW focou na F\u00f3rmula 1. Com um time de engenheiros eficientemente liderados por Paul Rosche e com Nelson Piquet ao volante, a equipe Brabham BMW conquistou o t\u00edtulo em 1983. O trabalho da equipe gerou um motor que, apesar de ser apenas 1.5 litros, entregava acima de 600 cv. Com o farto know-how ap\u00f3s anos na F\u00f3rmula 1, a BMW M aplicou seus esfor\u00e7os em construir esportivos para as ruas. O primeiro deles, baseado no S\u00e9rie 3, chegou em 1986 e se tornou uma lenda, desejada at\u00e9 os dias atuais: o M3. Ele se tornou o carro touring de maior sucesso de todos os tempos, com o italiano Roberto Ravaglia pilotando o modelo campe\u00e3o do World Touring Car em 1987.<\/p>\n<p>&nbsp;<\/p>\n<p>Sempre buscando de proporcionar a melhor experi\u00eancia poss\u00edvel ao volante, a BMW M segue se reinventando. Apresentado em meados de 2021 e prestes a desembarcar no Brasil, o BMW i4 M50i, a vers\u00e3o mais potente do modelo, recebe diversas tecnologias para garantir o puro prazer de dirigir dos ve\u00edculos BMW. Com pot\u00eancia combinada de 544cv e torque, tamb\u00e9m imediato, que pode chegar a 795Nm (com a fun\u00e7\u00e3o Sport Boost ativada), o modelo acelera de 0 a 100km\/h em apenas 3,9 segundos. Novos modelos a combust\u00e3o tamb\u00e9m ser\u00e3o oportunamente anunciados para o mercado local. (Blog do Ricardo Ribas)<\/p>\n","protected":false},"excerpt":{"rendered":"<p>Blog do Ricardo Ribas &nbsp; Em 1972, Robert A. Lutz era Membro do Conselho da BMW. Um vendedor excepcional, trouxe dos Estados Unidos o conceito de Win on Sunday, sell on Monday (Ven\u00e7a no domingo e venda na segunda, em livre tradu\u00e7\u00e3o), o que foi prontamente aceito pela rec\u00e9m-criada BMW Motorsport GmbH. A \u00e9poca foi\u2026 <a class=\"readmore\" href=\"https:\/\/dana.com.br\/canaldana\/2022\/05\/25\/bmw-m-completa-50-anos-com-legado-nas-pistas-e-nas-ruas-do-mundo-todo\/\">Leia mais \u00bb<\/a><\/p>\n","protected":false},"author":3,"featured_media":0,"comment_status":"closed","ping_status":"closed","sticky":false,"template":"","format":"standard","meta":{"_acf_changed":false,"footnotes":""},"categories":[79],"tags":[],"class_list":["post-58465","post","type-post","status-publish","format-standard","hentry","category-mercado"],"acf":[],"yoast_head":"<!-- This site is optimized with the Yoast SEO plugin v27.3 - https:\/\/yoast.com\/product\/yoast-seo-wordpress\/ -->\n<title>BMW M completa 50 anos com legado nas pistas e nas ruas do mundo todo - Canal Dana<\/title>\n<meta name=\"robots\" content=\"index, follow, max-snippet:-1, max-image-preview:large, max-video-preview:-1\" \/>\n<link rel=\"canonical\" href=\"https:\/\/dana.com.br\/canaldana\/2022\/05\/25\/bmw-m-completa-50-anos-com-legado-nas-pistas-e-nas-ruas-do-mundo-todo\/\" \/>\n<meta property=\"og:locale\" content=\"pt_BR\" \/>\n<meta property=\"og:type\" content=\"article\" \/>\n<meta property=\"og:title\" content=\"BMW M completa 50 anos com legado nas pistas e nas ruas do mundo todo - Canal Dana\" \/>\n<meta property=\"og:description\" content=\"Blog do Ricardo Ribas &nbsp; Em 1972, Robert A. Lutz era Membro do Conselho da BMW. Um vendedor excepcional, trouxe dos Estados Unidos o conceito de Win on Sunday, sell on Monday (Ven\u00e7a no domingo e venda na segunda, em livre tradu\u00e7\u00e3o), o que foi prontamente aceito pela rec\u00e9m-criada BMW Motorsport GmbH. A \u00e9poca foi\u2026 Leia mais \u00bb\" \/>\n<meta property=\"og:url\" content=\"https:\/\/dana.com.br\/canaldana\/2022\/05\/25\/bmw-m-completa-50-anos-com-legado-nas-pistas-e-nas-ruas-do-mundo-todo\/\" \/>\n<meta property=\"og:site_name\" content=\"Canal Dana\" \/>\n<meta property=\"article:published_time\" content=\"2022-05-25T11:39:48+00:00\" \/>\n<meta name=\"author\" content=\"Canal Dana\" \/>\n<meta name=\"twitter:card\" content=\"summary_large_image\" \/>\n<meta name=\"twitter:label1\" content=\"Escrito por\" \/>\n\t<meta name=\"twitter:data1\" content=\"Canal Dana\" \/>\n\t<meta name=\"twitter:label2\" content=\"Est. tempo de leitura\" \/>\n\t<meta name=\"twitter:data2\" content=\"2 minutos\" \/>\n<script type=\"application\/ld+json\" class=\"yoast-schema-graph\">{\"@context\":\"https:\\\/\\\/schema.org\",\"@graph\":[{\"@type\":\"Article\",\"@id\":\"https:\\\/\\\/dana.com.br\\\/canaldana\\\/2022\\\/05\\\/25\\\/bmw-m-completa-50-anos-com-legado-nas-pistas-e-nas-ruas-do-mundo-todo\\\/#article\",\"isPartOf\":{\"@id\":\"https:\\\/\\\/dana.com.br\\\/canaldana\\\/2022\\\/05\\\/25\\\/bmw-m-completa-50-anos-com-legado-nas-pistas-e-nas-ruas-do-mundo-todo\\\/\"},\"author\":{\"name\":\"Canal Dana\",\"@id\":\"https:\\\/\\\/dana.com.br\\\/canaldana\\\/#\\\/schema\\\/person\\\/3c21f22f56fcf3bc46b94bc60ea4fef6\"},\"headline\":\"BMW M completa 50 anos com legado nas pistas e nas ruas do mundo todo\",\"datePublished\":\"2022-05-25T11:39:48+00:00\",\"mainEntityOfPage\":{\"@id\":\"https:\\\/\\\/dana.com.br\\\/canaldana\\\/2022\\\/05\\\/25\\\/bmw-m-completa-50-anos-com-legado-nas-pistas-e-nas-ruas-do-mundo-todo\\\/\"},\"wordCount\":483,\"articleSection\":[\"Mercado\"],\"inLanguage\":\"pt-BR\"},{\"@type\":\"WebPage\",\"@id\":\"https:\\\/\\\/dana.com.br\\\/canaldana\\\/2022\\\/05\\\/25\\\/bmw-m-completa-50-anos-com-legado-nas-pistas-e-nas-ruas-do-mundo-todo\\\/\",\"url\":\"https:\\\/\\\/dana.com.br\\\/canaldana\\\/2022\\\/05\\\/25\\\/bmw-m-completa-50-anos-com-legado-nas-pistas-e-nas-ruas-do-mundo-todo\\\/\",\"name\":\"BMW M completa 50 anos com legado nas pistas e nas ruas do mundo todo - Canal Dana\",\"isPartOf\":{\"@id\":\"https:\\\/\\\/dana.com.br\\\/canaldana\\\/#website\"},\"datePublished\":\"2022-05-25T11:39:48+00:00\",\"author\":{\"@id\":\"https:\\\/\\\/dana.com.br\\\/canaldana\\\/#\\\/schema\\\/person\\\/3c21f22f56fcf3bc46b94bc60ea4fef6\"},\"breadcrumb\":{\"@id\":\"https:\\\/\\\/dana.com.br\\\/canaldana\\\/2022\\\/05\\\/25\\\/bmw-m-completa-50-anos-com-legado-nas-pistas-e-nas-ruas-do-mundo-todo\\\/#breadcrumb\"},\"inLanguage\":\"pt-BR\",\"potentialAction\":[{\"@type\":\"ReadAction\",\"target\":[\"https:\\\/\\\/dana.com.br\\\/canaldana\\\/2022\\\/05\\\/25\\\/bmw-m-completa-50-anos-com-legado-nas-pistas-e-nas-ruas-do-mundo-todo\\\/\"]}]},{\"@type\":\"BreadcrumbList\",\"@id\":\"https:\\\/\\\/dana.com.br\\\/canaldana\\\/2022\\\/05\\\/25\\\/bmw-m-completa-50-anos-com-legado-nas-pistas-e-nas-ruas-do-mundo-todo\\\/#breadcrumb\",\"itemListElement\":[{\"@type\":\"ListItem\",\"position\":1,\"name\":\"Home\",\"item\":\"https:\\\/\\\/dana.com.br\\\/canaldana\\\/\"},{\"@type\":\"ListItem\",\"position\":2,\"name\":\"Mercado\",\"item\":\"https:\\\/\\\/dana.com.br\\\/canaldana\\\/mercado\\\/\"},{\"@type\":\"ListItem\",\"position\":3,\"name\":\"BMW M completa 50 anos com legado nas pistas e nas ruas do mundo todo\"}]},{\"@type\":\"WebSite\",\"@id\":\"https:\\\/\\\/dana.com.br\\\/canaldana\\\/#website\",\"url\":\"https:\\\/\\\/dana.com.br\\\/canaldana\\\/\",\"name\":\"Canal Dana\",\"description\":\"Informativo com as principais not\u00edcias da ind\u00fastria automotiva\",\"potentialAction\":[{\"@type\":\"SearchAction\",\"target\":{\"@type\":\"EntryPoint\",\"urlTemplate\":\"https:\\\/\\\/dana.com.br\\\/canaldana\\\/?s={search_term_string}\"},\"query-input\":{\"@type\":\"PropertyValueSpecification\",\"valueRequired\":true,\"valueName\":\"search_term_string\"}}],\"inLanguage\":\"pt-BR\"},{\"@type\":\"Person\",\"@id\":\"https:\\\/\\\/dana.com.br\\\/canaldana\\\/#\\\/schema\\\/person\\\/3c21f22f56fcf3bc46b94bc60ea4fef6\",\"name\":\"Canal Dana\",\"image\":{\"@type\":\"ImageObject\",\"inLanguage\":\"pt-BR\",\"@id\":\"https:\\\/\\\/secure.gravatar.com\\\/avatar\\\/420aaf9278582877d9018637c6817617705899d2858d7572ef0fe59a6b6454b4?s=96&d=mm&r=g\",\"url\":\"https:\\\/\\\/secure.gravatar.com\\\/avatar\\\/420aaf9278582877d9018637c6817617705899d2858d7572ef0fe59a6b6454b4?s=96&d=mm&r=g\",\"contentUrl\":\"https:\\\/\\\/secure.gravatar.com\\\/avatar\\\/420aaf9278582877d9018637c6817617705899d2858d7572ef0fe59a6b6454b4?s=96&d=mm&r=g\",\"caption\":\"Canal Dana\"},\"url\":\"https:\\\/\\\/dana.com.br\\\/canaldana\\\/author\\\/cdeditor\\\/\"}]}<\/script>\n<!-- \/ Yoast SEO plugin. -->","yoast_head_json":{"title":"BMW M completa 50 anos com legado nas pistas e nas ruas do mundo todo - Canal Dana","robots":{"index":"index","follow":"follow","max-snippet":"max-snippet:-1","max-image-preview":"max-image-preview:large","max-video-preview":"max-video-preview:-1"},"canonical":"https:\/\/dana.com.br\/canaldana\/2022\/05\/25\/bmw-m-completa-50-anos-com-legado-nas-pistas-e-nas-ruas-do-mundo-todo\/","og_locale":"pt_BR","og_type":"article","og_title":"BMW M completa 50 anos com legado nas pistas e nas ruas do mundo todo - Canal Dana","og_description":"Blog do Ricardo Ribas &nbsp; Em 1972, Robert A. Lutz era Membro do Conselho da BMW. Um vendedor excepcional, trouxe dos Estados Unidos o conceito de Win on Sunday, sell on Monday (Ven\u00e7a no domingo e venda na segunda, em livre tradu\u00e7\u00e3o), o que foi prontamente aceito pela rec\u00e9m-criada BMW Motorsport GmbH. A \u00e9poca foi\u2026 Leia mais \u00bb","og_url":"https:\/\/dana.com.br\/canaldana\/2022\/05\/25\/bmw-m-completa-50-anos-com-legado-nas-pistas-e-nas-ruas-do-mundo-todo\/","og_site_name":"Canal Dana","article_published_time":"2022-05-25T11:39:48+00:00","author":"Canal Dana","twitter_card":"summary_large_image","twitter_misc":{"Escrito por":"Canal Dana","Est. tempo de leitura":"2 minutos"},"schema":{"@context":"https:\/\/schema.org","@graph":[{"@type":"Article","@id":"https:\/\/dana.com.br\/canaldana\/2022\/05\/25\/bmw-m-completa-50-anos-com-legado-nas-pistas-e-nas-ruas-do-mundo-todo\/#article","isPartOf":{"@id":"https:\/\/dana.com.br\/canaldana\/2022\/05\/25\/bmw-m-completa-50-anos-com-legado-nas-pistas-e-nas-ruas-do-mundo-todo\/"},"author":{"name":"Canal Dana","@id":"https:\/\/dana.com.br\/canaldana\/#\/schema\/person\/3c21f22f56fcf3bc46b94bc60ea4fef6"},"headline":"BMW M completa 50 anos com legado nas pistas e nas ruas do mundo todo","datePublished":"2022-05-25T11:39:48+00:00","mainEntityOfPage":{"@id":"https:\/\/dana.com.br\/canaldana\/2022\/05\/25\/bmw-m-completa-50-anos-com-legado-nas-pistas-e-nas-ruas-do-mundo-todo\/"},"wordCount":483,"articleSection":["Mercado"],"inLanguage":"pt-BR"},{"@type":"WebPage","@id":"https:\/\/dana.com.br\/canaldana\/2022\/05\/25\/bmw-m-completa-50-anos-com-legado-nas-pistas-e-nas-ruas-do-mundo-todo\/","url":"https:\/\/dana.com.br\/canaldana\/2022\/05\/25\/bmw-m-completa-50-anos-com-legado-nas-pistas-e-nas-ruas-do-mundo-todo\/","name":"BMW M completa 50 anos com legado nas pistas e nas ruas do mundo todo - Canal Dana","isPartOf":{"@id":"https:\/\/dana.com.br\/canaldana\/#website"},"datePublished":"2022-05-25T11:39:48+00:00","author":{"@id":"https:\/\/dana.com.br\/canaldana\/#\/schema\/person\/3c21f22f56fcf3bc46b94bc60ea4fef6"},"breadcrumb":{"@id":"https:\/\/dana.com.br\/canaldana\/2022\/05\/25\/bmw-m-completa-50-anos-com-legado-nas-pistas-e-nas-ruas-do-mundo-todo\/#breadcrumb"},"inLanguage":"pt-BR","potentialAction":[{"@type":"ReadAction","target":["https:\/\/dana.com.br\/canaldana\/2022\/05\/25\/bmw-m-completa-50-anos-com-legado-nas-pistas-e-nas-ruas-do-mundo-todo\/"]}]},{"@type":"BreadcrumbList","@id":"https:\/\/dana.com.br\/canaldana\/2022\/05\/25\/bmw-m-completa-50-anos-com-legado-nas-pistas-e-nas-ruas-do-mundo-todo\/#breadcrumb","itemListElement":[{"@type":"ListItem","position":1,"name":"Home","item":"https:\/\/dana.com.br\/canaldana\/"},{"@type":"ListItem","position":2,"name":"Mercado","item":"https:\/\/dana.com.br\/canaldana\/mercado\/"},{"@type":"ListItem","position":3,"name":"BMW M completa 50 anos com legado nas pistas e nas ruas do mundo todo"}]},{"@type":"WebSite","@id":"https:\/\/dana.com.br\/canaldana\/#website","url":"https:\/\/dana.com.br\/canaldana\/","name":"Canal Dana","description":"Informativo com as principais not\u00edcias da ind\u00fastria automotiva","potentialAction":[{"@type":"SearchAction","target":{"@type":"EntryPoint","urlTemplate":"https:\/\/dana.com.br\/canaldana\/?s={search_term_string}"},"query-input":{"@type":"PropertyValueSpecification","valueRequired":true,"valueName":"search_term_string"}}],"inLanguage":"pt-BR"},{"@type":"Person","@id":"https:\/\/dana.com.br\/canaldana\/#\/schema\/person\/3c21f22f56fcf3bc46b94bc60ea4fef6","name":"Canal Dana","image":{"@type":"ImageObject","inLanguage":"pt-BR","@id":"https:\/\/secure.gravatar.com\/avatar\/420aaf9278582877d9018637c6817617705899d2858d7572ef0fe59a6b6454b4?s=96&d=mm&r=g","url":"https:\/\/secure.gravatar.com\/avatar\/420aaf9278582877d9018637c6817617705899d2858d7572ef0fe59a6b6454b4?s=96&d=mm&r=g","contentUrl":"https:\/\/secure.gravatar.com\/avatar\/420aaf9278582877d9018637c6817617705899d2858d7572ef0fe59a6b6454b4?s=96&d=mm&r=g","caption":"Canal Dana"},"url":"https:\/\/dana.com.br\/canaldana\/author\/cdeditor\/"}]}},"_links":{"self":[{"href":"https:\/\/dana.com.br\/canaldana\/wp-json\/wp\/v2\/posts\/58465","targetHints":{"allow":["GET"]}}],"collection":[{"href":"https:\/\/dana.com.br\/canaldana\/wp-json\/wp\/v2\/posts"}],"about":[{"href":"https:\/\/dana.com.br\/canaldana\/wp-json\/wp\/v2\/types\/post"}],"author":[{"embeddable":true,"href":"https:\/\/dana.com.br\/canaldana\/wp-json\/wp\/v2\/users\/3"}],"replies":[{"embeddable":true,"href":"https:\/\/dana.com.br\/canaldana\/wp-json\/wp\/v2\/comments?post=58465"}],"version-history":[{"count":0,"href":"https:\/\/dana.com.br\/canaldana\/wp-json\/wp\/v2\/posts\/58465\/revisions"}],"wp:attachment":[{"href":"https:\/\/dana.com.br\/canaldana\/wp-json\/wp\/v2\/media?parent=58465"}],"wp:term":[{"taxonomy":"category","embeddable":true,"href":"https:\/\/dana.com.br\/canaldana\/wp-json\/wp\/v2\/categories?post=58465"},{"taxonomy":"post_tag","embeddable":true,"href":"https:\/\/dana.com.br\/canaldana\/wp-json\/wp\/v2\/tags?post=58465"}],"curies":[{"name":"wp","href":"https:\/\/api.w.org\/{rel}","templated":true}]}}