{"id":58461,"date":"2022-05-25T08:38:41","date_gmt":"2022-05-25T11:38:41","guid":{"rendered":"https:\/\/dana.com.br\/canaldana\/?p=58461"},"modified":"2022-05-25T08:38:41","modified_gmt":"2022-05-25T11:38:41","slug":"concessionaria-exalta-conforto-dos-caminhoes-daf-para-motoristas","status":"publish","type":"post","link":"https:\/\/dana.com.br\/canaldana\/2022\/05\/25\/concessionaria-exalta-conforto-dos-caminhoes-daf-para-motoristas\/","title":{"rendered":"Concession\u00e1ria exalta conforto dos caminh\u00f5es DAF para motoristas"},"content":{"rendered":"<p><em>Carga &amp; Transporte<\/em><\/p>\n<p>&nbsp;<\/p>\n<p>Entre outros atributos, modelo CF FAC GR-7 da DAF tem banco equipado com suspens\u00e3o pneum\u00e1tica para melhor absor\u00e7\u00e3o das trepida\u00e7\u00f5es e impactos dos pneus em buracos nas estradas<\/p>\n<p>&nbsp;<\/p>\n<p>Imagine passar o dia todo dentro da cabine de um caminh\u00e3o sem o menor conforto? Suspens\u00e3o dura, bancos desconfort\u00e1veis, calor ou frio em seu interior. Tudo isso contribuindo para o cansa\u00e7o do motorista aumentar at\u00e9 que ele, exausto, se v\u00ea obrigado a parar para descansar e esticar o corpo. Essa situa\u00e7\u00e3o era muito comum em anos anteriores e ainda \u00e9 recorrente para quem trabalha com ve\u00edculos muito antigos. Mas de uns anos para c\u00e1, as montadoras passaram a se preocupar mais com a quest\u00e3o do conforto, pois se trata de um diferencial importante para o bem-estar e para o bom desempenho do condutor.<\/p>\n<p>&nbsp;<\/p>\n<p>Tanto as transportadoras quanto os motoristas aut\u00f4nomos devem dar especial aten\u00e7\u00e3o para este quesito na hora de adquirir um ve\u00edculo novo ou seminovo. Afinal, em certos casos o caminh\u00e3o n\u00e3o \u00e9 s\u00f3 um equipamento de trabalho, mas tamb\u00e9m a \u201ccasa\u201d do motorista. E por isso mesmo precisa ser aconchegante. Vale lembrar que a maioria dos caminhoneiros que faz transporte de longa dist\u00e2ncia dorme na cabine do ve\u00edculo.<\/p>\n<p>&nbsp;<\/p>\n<p>O modelo CF FAC GR-7 da DAF, com capacidade de transportar at\u00e9 33 toneladas, \u00e9 um exemplo de ve\u00edculo confort\u00e1vel. O banco do motorista \u00e9 equipado com suspens\u00e3o pneum\u00e1tica para melhor absor\u00e7\u00e3o das trepida\u00e7\u00f5es e impactos dos pneus em buracos nas estradas. A cabine conta com ar-condicionado digital e no painel h\u00e1 dispositivos que tornam a jornada do caminhoneiro bem mais tranquila e menos cansativa como sistema de controle de tra\u00e7\u00e3o (ASR), auxiliar de partidas em aclives, segunda cama tipo beliche, desligamento autom\u00e1tico se o ve\u00edculo estiver ocioso por cinco minutos, entre outros.<\/p>\n<p>&nbsp;<\/p>\n<p>\u201cQuem trabalha h\u00e1 muitos anos rodando pelas estradas sabe a diferen\u00e7a que \u00e9 conduzir um ve\u00edculo confort\u00e1vel como o modelo citado e um mais antigo, duro e nada ergon\u00f4mico. E n\u00e3o se trata apenas de cansa\u00e7o e desempenho, mas principalmente da sa\u00fade do motorista. H\u00e1 muitos profissionais com problemas de coluna por terem trabalhado a vida inteira em ve\u00edculos projetados sem ter o fator conforto entre as principais preocupa\u00e7\u00f5es\u201d, comenta Hovani Argeri, diretor geral de Opera\u00e7\u00e3o da Via Trucks, concession\u00e1ria DAF com unidades em Contagem (MG), Guarulhos (SP) e S\u00e3o Bernardo do Campo (SP).<\/p>\n<p>&nbsp;<\/p>\n<p>Argeri lembra que al\u00e9m desses itens de s\u00e9rie existem outros, opcionais, que contribuem para deixar a cabine ainda mais aconchegante como geladeira, cortinas centrais, que deixam a parte de tr\u00e1s da cabine mais privativa e escura na hora de dormir, climatizador de teto e outros. O conforto, por\u00e9m, n\u00e3o depende apenas do caminh\u00e3o, mas tamb\u00e9m das atitudes de quem o dirige todos os dias.<\/p>\n<p>&nbsp;<\/p>\n<p>\u00c9 sempre bom evitar fazer refei\u00e7\u00f5es dentro da cabine porque h\u00e1 o risco de cair alimentos no banco, cama ou assoalho gerando odores desagrad\u00e1veis e atraindo insetos. Isso n\u00e3o impede a instala\u00e7\u00e3o de um micro-ondas nos caminh\u00f5es que t\u00eam espa\u00e7o para isso, al\u00e9m de almofadas, saquinhos ou outro tipo de recipiente para descartar lixo. Higiene e limpeza s\u00e3o essenciais para o bem-estar de qualquer um.<\/p>\n<p>&nbsp;<\/p>\n<p>\u201cEssas pequenas atitudes somadas \u00e0 tecnologia dos caminh\u00f5es atuais fazem muita diferen\u00e7a na sa\u00fade de qualquer caminhoneiro. A viagem fica bem menos estressante, menos cansativa e o profissional percebe os benef\u00edcios com o passar do ano, pois ter\u00e1 muito menos problemas com doen\u00e7as funcionais\u201d, conclui Argeri. (Carga &amp; Transporte)<\/p>\n","protected":false},"excerpt":{"rendered":"<p>Carga &amp; Transporte &nbsp; Entre outros atributos, modelo CF FAC GR-7 da DAF tem banco equipado com suspens\u00e3o pneum\u00e1tica para melhor absor\u00e7\u00e3o das trepida\u00e7\u00f5es e impactos dos pneus em buracos nas estradas &nbsp; Imagine passar o dia todo dentro da cabine de um caminh\u00e3o sem o menor conforto? Suspens\u00e3o dura, bancos desconfort\u00e1veis, calor ou frio\u2026 <a class=\"readmore\" href=\"https:\/\/dana.com.br\/canaldana\/2022\/05\/25\/concessionaria-exalta-conforto-dos-caminhoes-daf-para-motoristas\/\">Leia mais \u00bb<\/a><\/p>\n","protected":false},"author":3,"featured_media":0,"comment_status":"closed","ping_status":"closed","sticky":false,"template":"","format":"standard","meta":{"_acf_changed":false,"footnotes":""},"categories":[79],"tags":[],"class_list":["post-58461","post","type-post","status-publish","format-standard","hentry","category-mercado"],"acf":[],"yoast_head":"<!-- This site is optimized with the Yoast SEO plugin v27.3 - https:\/\/yoast.com\/product\/yoast-seo-wordpress\/ -->\n<title>Concession\u00e1ria exalta conforto dos caminh\u00f5es DAF para motoristas - Canal Dana<\/title>\n<meta name=\"robots\" content=\"index, follow, max-snippet:-1, max-image-preview:large, max-video-preview:-1\" \/>\n<link rel=\"canonical\" href=\"https:\/\/dana.com.br\/canaldana\/2022\/05\/25\/concessionaria-exalta-conforto-dos-caminhoes-daf-para-motoristas\/\" \/>\n<meta property=\"og:locale\" content=\"pt_BR\" \/>\n<meta property=\"og:type\" content=\"article\" \/>\n<meta property=\"og:title\" content=\"Concession\u00e1ria exalta conforto dos caminh\u00f5es DAF para motoristas - Canal Dana\" \/>\n<meta property=\"og:description\" content=\"Carga &amp; Transporte &nbsp; Entre outros atributos, modelo CF FAC GR-7 da DAF tem banco equipado com suspens\u00e3o pneum\u00e1tica para melhor absor\u00e7\u00e3o das trepida\u00e7\u00f5es e impactos dos pneus em buracos nas estradas &nbsp; Imagine passar o dia todo dentro da cabine de um caminh\u00e3o sem o menor conforto? Suspens\u00e3o dura, bancos desconfort\u00e1veis, calor ou frio\u2026 Leia mais \u00bb\" \/>\n<meta property=\"og:url\" content=\"https:\/\/dana.com.br\/canaldana\/2022\/05\/25\/concessionaria-exalta-conforto-dos-caminhoes-daf-para-motoristas\/\" \/>\n<meta property=\"og:site_name\" content=\"Canal Dana\" \/>\n<meta property=\"article:published_time\" content=\"2022-05-25T11:38:41+00:00\" \/>\n<meta name=\"author\" content=\"Canal Dana\" \/>\n<meta name=\"twitter:card\" content=\"summary_large_image\" \/>\n<meta name=\"twitter:label1\" content=\"Escrito por\" \/>\n\t<meta name=\"twitter:data1\" content=\"Canal Dana\" \/>\n\t<meta name=\"twitter:label2\" content=\"Est. tempo de leitura\" \/>\n\t<meta name=\"twitter:data2\" content=\"3 minutos\" \/>\n<script type=\"application\/ld+json\" class=\"yoast-schema-graph\">{\"@context\":\"https:\\\/\\\/schema.org\",\"@graph\":[{\"@type\":\"Article\",\"@id\":\"https:\\\/\\\/dana.com.br\\\/canaldana\\\/2022\\\/05\\\/25\\\/concessionaria-exalta-conforto-dos-caminhoes-daf-para-motoristas\\\/#article\",\"isPartOf\":{\"@id\":\"https:\\\/\\\/dana.com.br\\\/canaldana\\\/2022\\\/05\\\/25\\\/concessionaria-exalta-conforto-dos-caminhoes-daf-para-motoristas\\\/\"},\"author\":{\"name\":\"Canal Dana\",\"@id\":\"https:\\\/\\\/dana.com.br\\\/canaldana\\\/#\\\/schema\\\/person\\\/3c21f22f56fcf3bc46b94bc60ea4fef6\"},\"headline\":\"Concession\u00e1ria exalta conforto dos caminh\u00f5es DAF para motoristas\",\"datePublished\":\"2022-05-25T11:38:41+00:00\",\"mainEntityOfPage\":{\"@id\":\"https:\\\/\\\/dana.com.br\\\/canaldana\\\/2022\\\/05\\\/25\\\/concessionaria-exalta-conforto-dos-caminhoes-daf-para-motoristas\\\/\"},\"wordCount\":637,\"articleSection\":[\"Mercado\"],\"inLanguage\":\"pt-BR\"},{\"@type\":\"WebPage\",\"@id\":\"https:\\\/\\\/dana.com.br\\\/canaldana\\\/2022\\\/05\\\/25\\\/concessionaria-exalta-conforto-dos-caminhoes-daf-para-motoristas\\\/\",\"url\":\"https:\\\/\\\/dana.com.br\\\/canaldana\\\/2022\\\/05\\\/25\\\/concessionaria-exalta-conforto-dos-caminhoes-daf-para-motoristas\\\/\",\"name\":\"Concession\u00e1ria exalta conforto dos caminh\u00f5es DAF para motoristas - Canal Dana\",\"isPartOf\":{\"@id\":\"https:\\\/\\\/dana.com.br\\\/canaldana\\\/#website\"},\"datePublished\":\"2022-05-25T11:38:41+00:00\",\"author\":{\"@id\":\"https:\\\/\\\/dana.com.br\\\/canaldana\\\/#\\\/schema\\\/person\\\/3c21f22f56fcf3bc46b94bc60ea4fef6\"},\"breadcrumb\":{\"@id\":\"https:\\\/\\\/dana.com.br\\\/canaldana\\\/2022\\\/05\\\/25\\\/concessionaria-exalta-conforto-dos-caminhoes-daf-para-motoristas\\\/#breadcrumb\"},\"inLanguage\":\"pt-BR\",\"potentialAction\":[{\"@type\":\"ReadAction\",\"target\":[\"https:\\\/\\\/dana.com.br\\\/canaldana\\\/2022\\\/05\\\/25\\\/concessionaria-exalta-conforto-dos-caminhoes-daf-para-motoristas\\\/\"]}]},{\"@type\":\"BreadcrumbList\",\"@id\":\"https:\\\/\\\/dana.com.br\\\/canaldana\\\/2022\\\/05\\\/25\\\/concessionaria-exalta-conforto-dos-caminhoes-daf-para-motoristas\\\/#breadcrumb\",\"itemListElement\":[{\"@type\":\"ListItem\",\"position\":1,\"name\":\"Home\",\"item\":\"https:\\\/\\\/dana.com.br\\\/canaldana\\\/\"},{\"@type\":\"ListItem\",\"position\":2,\"name\":\"Mercado\",\"item\":\"https:\\\/\\\/dana.com.br\\\/canaldana\\\/mercado\\\/\"},{\"@type\":\"ListItem\",\"position\":3,\"name\":\"Concession\u00e1ria exalta conforto dos caminh\u00f5es DAF para motoristas\"}]},{\"@type\":\"WebSite\",\"@id\":\"https:\\\/\\\/dana.com.br\\\/canaldana\\\/#website\",\"url\":\"https:\\\/\\\/dana.com.br\\\/canaldana\\\/\",\"name\":\"Canal Dana\",\"description\":\"Informativo com as principais not\u00edcias da ind\u00fastria automotiva\",\"potentialAction\":[{\"@type\":\"SearchAction\",\"target\":{\"@type\":\"EntryPoint\",\"urlTemplate\":\"https:\\\/\\\/dana.com.br\\\/canaldana\\\/?s={search_term_string}\"},\"query-input\":{\"@type\":\"PropertyValueSpecification\",\"valueRequired\":true,\"valueName\":\"search_term_string\"}}],\"inLanguage\":\"pt-BR\"},{\"@type\":\"Person\",\"@id\":\"https:\\\/\\\/dana.com.br\\\/canaldana\\\/#\\\/schema\\\/person\\\/3c21f22f56fcf3bc46b94bc60ea4fef6\",\"name\":\"Canal Dana\",\"image\":{\"@type\":\"ImageObject\",\"inLanguage\":\"pt-BR\",\"@id\":\"https:\\\/\\\/secure.gravatar.com\\\/avatar\\\/420aaf9278582877d9018637c6817617705899d2858d7572ef0fe59a6b6454b4?s=96&d=mm&r=g\",\"url\":\"https:\\\/\\\/secure.gravatar.com\\\/avatar\\\/420aaf9278582877d9018637c6817617705899d2858d7572ef0fe59a6b6454b4?s=96&d=mm&r=g\",\"contentUrl\":\"https:\\\/\\\/secure.gravatar.com\\\/avatar\\\/420aaf9278582877d9018637c6817617705899d2858d7572ef0fe59a6b6454b4?s=96&d=mm&r=g\",\"caption\":\"Canal Dana\"},\"url\":\"https:\\\/\\\/dana.com.br\\\/canaldana\\\/author\\\/cdeditor\\\/\"}]}<\/script>\n<!-- \/ Yoast SEO plugin. -->","yoast_head_json":{"title":"Concession\u00e1ria exalta conforto dos caminh\u00f5es DAF para motoristas - Canal Dana","robots":{"index":"index","follow":"follow","max-snippet":"max-snippet:-1","max-image-preview":"max-image-preview:large","max-video-preview":"max-video-preview:-1"},"canonical":"https:\/\/dana.com.br\/canaldana\/2022\/05\/25\/concessionaria-exalta-conforto-dos-caminhoes-daf-para-motoristas\/","og_locale":"pt_BR","og_type":"article","og_title":"Concession\u00e1ria exalta conforto dos caminh\u00f5es DAF para motoristas - Canal Dana","og_description":"Carga &amp; Transporte &nbsp; Entre outros atributos, modelo CF FAC GR-7 da DAF tem banco equipado com suspens\u00e3o pneum\u00e1tica para melhor absor\u00e7\u00e3o das trepida\u00e7\u00f5es e impactos dos pneus em buracos nas estradas &nbsp; Imagine passar o dia todo dentro da cabine de um caminh\u00e3o sem o menor conforto? Suspens\u00e3o dura, bancos desconfort\u00e1veis, calor ou frio\u2026 Leia mais \u00bb","og_url":"https:\/\/dana.com.br\/canaldana\/2022\/05\/25\/concessionaria-exalta-conforto-dos-caminhoes-daf-para-motoristas\/","og_site_name":"Canal Dana","article_published_time":"2022-05-25T11:38:41+00:00","author":"Canal Dana","twitter_card":"summary_large_image","twitter_misc":{"Escrito por":"Canal Dana","Est. tempo de leitura":"3 minutos"},"schema":{"@context":"https:\/\/schema.org","@graph":[{"@type":"Article","@id":"https:\/\/dana.com.br\/canaldana\/2022\/05\/25\/concessionaria-exalta-conforto-dos-caminhoes-daf-para-motoristas\/#article","isPartOf":{"@id":"https:\/\/dana.com.br\/canaldana\/2022\/05\/25\/concessionaria-exalta-conforto-dos-caminhoes-daf-para-motoristas\/"},"author":{"name":"Canal Dana","@id":"https:\/\/dana.com.br\/canaldana\/#\/schema\/person\/3c21f22f56fcf3bc46b94bc60ea4fef6"},"headline":"Concession\u00e1ria exalta conforto dos caminh\u00f5es DAF para motoristas","datePublished":"2022-05-25T11:38:41+00:00","mainEntityOfPage":{"@id":"https:\/\/dana.com.br\/canaldana\/2022\/05\/25\/concessionaria-exalta-conforto-dos-caminhoes-daf-para-motoristas\/"},"wordCount":637,"articleSection":["Mercado"],"inLanguage":"pt-BR"},{"@type":"WebPage","@id":"https:\/\/dana.com.br\/canaldana\/2022\/05\/25\/concessionaria-exalta-conforto-dos-caminhoes-daf-para-motoristas\/","url":"https:\/\/dana.com.br\/canaldana\/2022\/05\/25\/concessionaria-exalta-conforto-dos-caminhoes-daf-para-motoristas\/","name":"Concession\u00e1ria exalta conforto dos caminh\u00f5es DAF para motoristas - Canal Dana","isPartOf":{"@id":"https:\/\/dana.com.br\/canaldana\/#website"},"datePublished":"2022-05-25T11:38:41+00:00","author":{"@id":"https:\/\/dana.com.br\/canaldana\/#\/schema\/person\/3c21f22f56fcf3bc46b94bc60ea4fef6"},"breadcrumb":{"@id":"https:\/\/dana.com.br\/canaldana\/2022\/05\/25\/concessionaria-exalta-conforto-dos-caminhoes-daf-para-motoristas\/#breadcrumb"},"inLanguage":"pt-BR","potentialAction":[{"@type":"ReadAction","target":["https:\/\/dana.com.br\/canaldana\/2022\/05\/25\/concessionaria-exalta-conforto-dos-caminhoes-daf-para-motoristas\/"]}]},{"@type":"BreadcrumbList","@id":"https:\/\/dana.com.br\/canaldana\/2022\/05\/25\/concessionaria-exalta-conforto-dos-caminhoes-daf-para-motoristas\/#breadcrumb","itemListElement":[{"@type":"ListItem","position":1,"name":"Home","item":"https:\/\/dana.com.br\/canaldana\/"},{"@type":"ListItem","position":2,"name":"Mercado","item":"https:\/\/dana.com.br\/canaldana\/mercado\/"},{"@type":"ListItem","position":3,"name":"Concession\u00e1ria exalta conforto dos caminh\u00f5es DAF para motoristas"}]},{"@type":"WebSite","@id":"https:\/\/dana.com.br\/canaldana\/#website","url":"https:\/\/dana.com.br\/canaldana\/","name":"Canal Dana","description":"Informativo com as principais not\u00edcias da ind\u00fastria automotiva","potentialAction":[{"@type":"SearchAction","target":{"@type":"EntryPoint","urlTemplate":"https:\/\/dana.com.br\/canaldana\/?s={search_term_string}"},"query-input":{"@type":"PropertyValueSpecification","valueRequired":true,"valueName":"search_term_string"}}],"inLanguage":"pt-BR"},{"@type":"Person","@id":"https:\/\/dana.com.br\/canaldana\/#\/schema\/person\/3c21f22f56fcf3bc46b94bc60ea4fef6","name":"Canal Dana","image":{"@type":"ImageObject","inLanguage":"pt-BR","@id":"https:\/\/secure.gravatar.com\/avatar\/420aaf9278582877d9018637c6817617705899d2858d7572ef0fe59a6b6454b4?s=96&d=mm&r=g","url":"https:\/\/secure.gravatar.com\/avatar\/420aaf9278582877d9018637c6817617705899d2858d7572ef0fe59a6b6454b4?s=96&d=mm&r=g","contentUrl":"https:\/\/secure.gravatar.com\/avatar\/420aaf9278582877d9018637c6817617705899d2858d7572ef0fe59a6b6454b4?s=96&d=mm&r=g","caption":"Canal Dana"},"url":"https:\/\/dana.com.br\/canaldana\/author\/cdeditor\/"}]}},"_links":{"self":[{"href":"https:\/\/dana.com.br\/canaldana\/wp-json\/wp\/v2\/posts\/58461","targetHints":{"allow":["GET"]}}],"collection":[{"href":"https:\/\/dana.com.br\/canaldana\/wp-json\/wp\/v2\/posts"}],"about":[{"href":"https:\/\/dana.com.br\/canaldana\/wp-json\/wp\/v2\/types\/post"}],"author":[{"embeddable":true,"href":"https:\/\/dana.com.br\/canaldana\/wp-json\/wp\/v2\/users\/3"}],"replies":[{"embeddable":true,"href":"https:\/\/dana.com.br\/canaldana\/wp-json\/wp\/v2\/comments?post=58461"}],"version-history":[{"count":0,"href":"https:\/\/dana.com.br\/canaldana\/wp-json\/wp\/v2\/posts\/58461\/revisions"}],"wp:attachment":[{"href":"https:\/\/dana.com.br\/canaldana\/wp-json\/wp\/v2\/media?parent=58461"}],"wp:term":[{"taxonomy":"category","embeddable":true,"href":"https:\/\/dana.com.br\/canaldana\/wp-json\/wp\/v2\/categories?post=58461"},{"taxonomy":"post_tag","embeddable":true,"href":"https:\/\/dana.com.br\/canaldana\/wp-json\/wp\/v2\/tags?post=58461"}],"curies":[{"name":"wp","href":"https:\/\/api.w.org\/{rel}","templated":true}]}}