{"id":58457,"date":"2022-05-25T08:37:30","date_gmt":"2022-05-25T11:37:30","guid":{"rendered":"https:\/\/dana.com.br\/canaldana\/?p=58457"},"modified":"2022-05-25T08:37:30","modified_gmt":"2022-05-25T11:37:30","slug":"substituto-do-honda-wr-v-fica-para-2023-e-pode-nao-vir-para-o-brasil","status":"publish","type":"post","link":"https:\/\/dana.com.br\/canaldana\/2022\/05\/25\/substituto-do-honda-wr-v-fica-para-2023-e-pode-nao-vir-para-o-brasil\/","title":{"rendered":"Substituto do Honda WR-V fica para 2023 e pode n\u00e3o vir para o Brasil"},"content":{"rendered":"<p><em>Jornal do Carro\u00a0 <\/em><\/p>\n<p>&nbsp;<\/p>\n<p>No fim de 2021, a Honda aposentou o WR-V no Brasil junto com a linha Fit, da qual o crossover era derivado. Pois o seu substituto, esperado para este ano, s\u00f3 vai aparecer em 2023. E talvez ele n\u00e3o venha para o mercado brasileiro. Tal como o Jornal do Carro contou h\u00e1 poucos dias, a marca japonesa vai subir de patamar aqui, e pretende disputar vendas com Jeep e Toyota, sobretudo entre os SUVs m\u00e9dios, contra o l\u00edder Compass e o Corolla Cross.<\/p>\n<p>&nbsp;<\/p>\n<p>Para isso, a Honda lan\u00e7ar\u00e1 o novo HR-V em vers\u00f5es flex aspirada e com motor 1.5 turbo, al\u00e9m do ZR-V, o in\u00e9dito SUV feito sobre a base do novo Civic, que vir\u00e1 em 2023. Ou seja, a marca planeja atuar em uma faixa de pre\u00e7o superior. Mas n\u00e3o \u00e9 s\u00f3 isso. O que tamb\u00e9m dificultar\u00e1 a vinda do sucessor do WR-V \u00e9 a plataforma. Segundo a imprensa indiana, o futuro crossover de entrada nascer\u00e1 sobre a base do subcompacto Amaze.<\/p>\n<p>&nbsp;<\/p>\n<p>Trata-se da mesma plataforma do hatch Brio, que chegou a ser cogitado aqui uma d\u00e9cada atr\u00e1s, mas nunca veio. Para o Brasil e a Am\u00e9rica do Sul, a montadora optou pela nova gera\u00e7\u00e3o da linha City, nas vers\u00f5es hatch e sed\u00e3. Esta tem plataforma maior e mais cara em rela\u00e7\u00e3o \u00e0 base da dupla Brio e Amaze. Ou seja, o futuro crossover, identificado pelo c\u00f3digo 3US, fica mais distante, j\u00e1 que a sua nacionaliza\u00e7\u00e3o \u00e9 pouco prov\u00e1vel.<\/p>\n<p>&nbsp;<\/p>\n<p><strong>Novo HR-V preencher\u00e1 lacuna do WR-V<\/strong><\/p>\n<p>&nbsp;<\/p>\n<p>Embora o futuro crossover re\u00fana atributos como visual ousado e boa altura em rela\u00e7\u00e3o ao solo, o que agradaria o consumidor de SUVs, a Honda deve adotar outra estrat\u00e9gia por aqui. Em vez de investir em um modelo menor (caso do 3US), a marca vai vender o HR-V em vers\u00f5es mais acess\u00edveis, com o motor 1.5 flex da linha City, que gera at\u00e9 126 cv e 15,8 mkgf, e traz c\u00e2mbio autom\u00e1tico CVT. E nas vers\u00f5es de topo, ter\u00e1 a op\u00e7\u00e3o 1.5 turbo flex de at\u00e9 178 cv, para desafiar Compass e Corolla Cross no andar de cima, j\u00e1 entre os SUVs m\u00e9dios. (Jornal do Carro\/Vagner Aquino)<\/p>\n<p>&nbsp;<\/p>\n<p>&nbsp;<\/p>\n<p>&nbsp;<\/p>\n<p><strong>BAE Systems fornece sistema Full Electric para \u00f4nibus e trolley da Hometown Manufacturing, Inc. nos Estados Unidos<\/strong><\/p>\n<p>&nbsp;<\/p>\n<p><em>Truck &amp; Bus Builder Am\u00e9rica do Sul<\/em><\/p>\n<p>&nbsp;<\/p>\n<p>A BAE Systems vai oferecer seus sistemas de transmiss\u00e3o el\u00e9trica e acess\u00f3rios de gerenciamento de energia para os \u00f4nibus e trolleys da Hometown Manufacturing Inc., fabricante norte-americano de trolleys e \u00f4nibus com sede em Crandon, no estado de Wisconsin, nos Estados Unidos. A parceria est\u00e1 alinhada com o objetivo da empresa de um futuro mais verde com ve\u00edculos de emiss\u00e3o zero.<\/p>\n<p>&nbsp;<\/p>\n<p>\u201cEstamos ansiosos para trabalhar com a Hometown Manufacturing para ajudar a trazer seus ve\u00edculos de emiss\u00e3o zero ao mercado\u201d, disse Steve Trichka, vice-presidente e gerente geral de solu\u00e7\u00f5es de energia e propuls\u00e3o da BAE Systems. \u201cEstamos apoiando a Hometown com uma solu\u00e7\u00e3o de sistema completo que promove o transporte sustent\u00e1vel. Nosso sistema Series-EV proporcionar\u00e1 uma opera\u00e7\u00e3o limpa e altamente eficiente \u2013 ajudando uma ampla gama de clientes de tr\u00e2nsito a atingir suas metas ambientais.\u201d<\/p>\n<p>&nbsp;<\/p>\n<p>\u201cEstamos empolgados em combinar as solu\u00e7\u00f5es da BAE Systems com o nosso principal ve\u00edculo, trolley Streetcar. Nosso novo \u00f4nibus urbano tamb\u00e9m ser\u00e1 oferecido imediatamente com uma op\u00e7\u00e3o totalmente el\u00e9trica\u201d, afirmou Kristina Pence-Dunow, CEO e presidente da Hometown Manufacturing, Inc..<\/p>\n<p>&nbsp;<\/p>\n<p>\u201cO futuro da Hometown est\u00e1 ficando verde\u201d, comenta Kristina Pence-Dunow. \u201cN\u00f3s estamos dedicados a projetar ve\u00edculos adapt\u00e1veis a diferentes op\u00e7\u00f5es de combust\u00edvel \u00e0 medida que as tecnologias avan\u00e7am e mudam. Nossos ve\u00edculos evolu\u00edram ao longo dos anos para oferecer solu\u00e7\u00f5es de mobilidade inovadoras e sustent\u00e1veis, com impacto significativo nas emiss\u00f5es e no meio ambiente\u201d, enfatiza a presidente da Hometown.<\/p>\n<p>&nbsp;<\/p>\n<p>A Hometown Manufacturing produz trolleys e \u00f4nibus para opera\u00e7\u00f5es leves, m\u00e9dias e pesadas. A fabricante passa a ter em sua gama de produtos dois trolleys com propuls\u00e3o el\u00e9trica, o Streetcar e o Villager, e dois \u00f4nibus, os modelos View e Low Floor Urban.<\/p>\n<p>&nbsp;<\/p>\n<p>A BAE Systems tem mais de 25 anos de experi\u00eancia no desenvolvimento e fornecimento ao mercado de sistemas de propuls\u00e3o el\u00e9trica e energia acess\u00f3ria para \u00f4nibus urbanos. O desenvolvimento de tecnologias inovadoras \u00e9 parte integrante do trabalho da empresa e, com sua experi\u00eancia em gerenciamento de energia e propuls\u00e3o eficiente, a BAE Systems vai colaborar para a Hometown a avan\u00e7ar na mobilidade de ve\u00edculos urbanos com solu\u00e7\u00f5es el\u00e9tricas sustent\u00e1veis e de alto desempenho.<\/p>\n<p>&nbsp;<\/p>\n<p>Fundada em 1903, a Hometown Manufacturing \u00e9 uma empresa genuinamente americana, especializada na constru\u00e7\u00e3o de autocarros e trolleys adequados a qualquer aplica\u00e7\u00e3o de tr\u00e2nsito.<\/p>\n<p>&nbsp;<\/p>\n<p>A BAE Systems desenvolve e atende sua tecnologia de propuls\u00e3o el\u00e9trica em suas instala\u00e7\u00f5es em Endicott, N.Y., e Rochester, Reino Unido. (Truck &amp; Bus Builder Am\u00e9rica do Sul)<\/p>\n","protected":false},"excerpt":{"rendered":"<p>Jornal do Carro\u00a0 &nbsp; No fim de 2021, a Honda aposentou o WR-V no Brasil junto com a linha Fit, da qual o crossover era derivado. Pois o seu substituto, esperado para este ano, s\u00f3 vai aparecer em 2023. E talvez ele n\u00e3o venha para o mercado brasileiro. Tal como o Jornal do Carro contou\u2026 <a class=\"readmore\" href=\"https:\/\/dana.com.br\/canaldana\/2022\/05\/25\/substituto-do-honda-wr-v-fica-para-2023-e-pode-nao-vir-para-o-brasil\/\">Leia mais \u00bb<\/a><\/p>\n","protected":false},"author":3,"featured_media":0,"comment_status":"closed","ping_status":"closed","sticky":false,"template":"","format":"standard","meta":{"_acf_changed":false,"footnotes":""},"categories":[79],"tags":[],"class_list":["post-58457","post","type-post","status-publish","format-standard","hentry","category-mercado"],"acf":[],"yoast_head":"<!-- This site is optimized with the Yoast SEO plugin v27.3 - https:\/\/yoast.com\/product\/yoast-seo-wordpress\/ -->\n<title>Substituto do Honda WR-V fica para 2023 e pode n\u00e3o vir para o Brasil - Canal Dana<\/title>\n<meta name=\"robots\" content=\"index, follow, max-snippet:-1, max-image-preview:large, max-video-preview:-1\" \/>\n<link rel=\"canonical\" href=\"https:\/\/dana.com.br\/canaldana\/2022\/05\/25\/substituto-do-honda-wr-v-fica-para-2023-e-pode-nao-vir-para-o-brasil\/\" \/>\n<meta property=\"og:locale\" content=\"pt_BR\" \/>\n<meta property=\"og:type\" content=\"article\" \/>\n<meta property=\"og:title\" content=\"Substituto do Honda WR-V fica para 2023 e pode n\u00e3o vir para o Brasil - Canal Dana\" \/>\n<meta property=\"og:description\" content=\"Jornal do Carro\u00a0 &nbsp; No fim de 2021, a Honda aposentou o WR-V no Brasil junto com a linha Fit, da qual o crossover era derivado. Pois o seu substituto, esperado para este ano, s\u00f3 vai aparecer em 2023. E talvez ele n\u00e3o venha para o mercado brasileiro. Tal como o Jornal do Carro contou\u2026 Leia mais \u00bb\" \/>\n<meta property=\"og:url\" content=\"https:\/\/dana.com.br\/canaldana\/2022\/05\/25\/substituto-do-honda-wr-v-fica-para-2023-e-pode-nao-vir-para-o-brasil\/\" \/>\n<meta property=\"og:site_name\" content=\"Canal Dana\" \/>\n<meta property=\"article:published_time\" content=\"2022-05-25T11:37:30+00:00\" \/>\n<meta name=\"author\" content=\"Canal Dana\" \/>\n<meta name=\"twitter:card\" content=\"summary_large_image\" \/>\n<meta name=\"twitter:label1\" content=\"Escrito por\" \/>\n\t<meta name=\"twitter:data1\" content=\"Canal Dana\" \/>\n\t<meta name=\"twitter:label2\" content=\"Est. tempo de leitura\" \/>\n\t<meta name=\"twitter:data2\" content=\"4 minutos\" \/>\n<script type=\"application\/ld+json\" class=\"yoast-schema-graph\">{\"@context\":\"https:\\\/\\\/schema.org\",\"@graph\":[{\"@type\":\"Article\",\"@id\":\"https:\\\/\\\/dana.com.br\\\/canaldana\\\/2022\\\/05\\\/25\\\/substituto-do-honda-wr-v-fica-para-2023-e-pode-nao-vir-para-o-brasil\\\/#article\",\"isPartOf\":{\"@id\":\"https:\\\/\\\/dana.com.br\\\/canaldana\\\/2022\\\/05\\\/25\\\/substituto-do-honda-wr-v-fica-para-2023-e-pode-nao-vir-para-o-brasil\\\/\"},\"author\":{\"name\":\"Canal Dana\",\"@id\":\"https:\\\/\\\/dana.com.br\\\/canaldana\\\/#\\\/schema\\\/person\\\/3c21f22f56fcf3bc46b94bc60ea4fef6\"},\"headline\":\"Substituto do Honda WR-V fica para 2023 e pode n\u00e3o vir para o Brasil\",\"datePublished\":\"2022-05-25T11:37:30+00:00\",\"mainEntityOfPage\":{\"@id\":\"https:\\\/\\\/dana.com.br\\\/canaldana\\\/2022\\\/05\\\/25\\\/substituto-do-honda-wr-v-fica-para-2023-e-pode-nao-vir-para-o-brasil\\\/\"},\"wordCount\":876,\"articleSection\":[\"Mercado\"],\"inLanguage\":\"pt-BR\"},{\"@type\":\"WebPage\",\"@id\":\"https:\\\/\\\/dana.com.br\\\/canaldana\\\/2022\\\/05\\\/25\\\/substituto-do-honda-wr-v-fica-para-2023-e-pode-nao-vir-para-o-brasil\\\/\",\"url\":\"https:\\\/\\\/dana.com.br\\\/canaldana\\\/2022\\\/05\\\/25\\\/substituto-do-honda-wr-v-fica-para-2023-e-pode-nao-vir-para-o-brasil\\\/\",\"name\":\"Substituto do Honda WR-V fica para 2023 e pode n\u00e3o vir para o Brasil - Canal Dana\",\"isPartOf\":{\"@id\":\"https:\\\/\\\/dana.com.br\\\/canaldana\\\/#website\"},\"datePublished\":\"2022-05-25T11:37:30+00:00\",\"author\":{\"@id\":\"https:\\\/\\\/dana.com.br\\\/canaldana\\\/#\\\/schema\\\/person\\\/3c21f22f56fcf3bc46b94bc60ea4fef6\"},\"breadcrumb\":{\"@id\":\"https:\\\/\\\/dana.com.br\\\/canaldana\\\/2022\\\/05\\\/25\\\/substituto-do-honda-wr-v-fica-para-2023-e-pode-nao-vir-para-o-brasil\\\/#breadcrumb\"},\"inLanguage\":\"pt-BR\",\"potentialAction\":[{\"@type\":\"ReadAction\",\"target\":[\"https:\\\/\\\/dana.com.br\\\/canaldana\\\/2022\\\/05\\\/25\\\/substituto-do-honda-wr-v-fica-para-2023-e-pode-nao-vir-para-o-brasil\\\/\"]}]},{\"@type\":\"BreadcrumbList\",\"@id\":\"https:\\\/\\\/dana.com.br\\\/canaldana\\\/2022\\\/05\\\/25\\\/substituto-do-honda-wr-v-fica-para-2023-e-pode-nao-vir-para-o-brasil\\\/#breadcrumb\",\"itemListElement\":[{\"@type\":\"ListItem\",\"position\":1,\"name\":\"Home\",\"item\":\"https:\\\/\\\/dana.com.br\\\/canaldana\\\/\"},{\"@type\":\"ListItem\",\"position\":2,\"name\":\"Mercado\",\"item\":\"https:\\\/\\\/dana.com.br\\\/canaldana\\\/mercado\\\/\"},{\"@type\":\"ListItem\",\"position\":3,\"name\":\"Substituto do Honda WR-V fica para 2023 e pode n\u00e3o vir para o Brasil\"}]},{\"@type\":\"WebSite\",\"@id\":\"https:\\\/\\\/dana.com.br\\\/canaldana\\\/#website\",\"url\":\"https:\\\/\\\/dana.com.br\\\/canaldana\\\/\",\"name\":\"Canal Dana\",\"description\":\"Informativo com as principais not\u00edcias da ind\u00fastria automotiva\",\"potentialAction\":[{\"@type\":\"SearchAction\",\"target\":{\"@type\":\"EntryPoint\",\"urlTemplate\":\"https:\\\/\\\/dana.com.br\\\/canaldana\\\/?s={search_term_string}\"},\"query-input\":{\"@type\":\"PropertyValueSpecification\",\"valueRequired\":true,\"valueName\":\"search_term_string\"}}],\"inLanguage\":\"pt-BR\"},{\"@type\":\"Person\",\"@id\":\"https:\\\/\\\/dana.com.br\\\/canaldana\\\/#\\\/schema\\\/person\\\/3c21f22f56fcf3bc46b94bc60ea4fef6\",\"name\":\"Canal Dana\",\"image\":{\"@type\":\"ImageObject\",\"inLanguage\":\"pt-BR\",\"@id\":\"https:\\\/\\\/secure.gravatar.com\\\/avatar\\\/420aaf9278582877d9018637c6817617705899d2858d7572ef0fe59a6b6454b4?s=96&d=mm&r=g\",\"url\":\"https:\\\/\\\/secure.gravatar.com\\\/avatar\\\/420aaf9278582877d9018637c6817617705899d2858d7572ef0fe59a6b6454b4?s=96&d=mm&r=g\",\"contentUrl\":\"https:\\\/\\\/secure.gravatar.com\\\/avatar\\\/420aaf9278582877d9018637c6817617705899d2858d7572ef0fe59a6b6454b4?s=96&d=mm&r=g\",\"caption\":\"Canal Dana\"},\"url\":\"https:\\\/\\\/dana.com.br\\\/canaldana\\\/author\\\/cdeditor\\\/\"}]}<\/script>\n<!-- \/ Yoast SEO plugin. -->","yoast_head_json":{"title":"Substituto do Honda WR-V fica para 2023 e pode n\u00e3o vir para o Brasil - Canal Dana","robots":{"index":"index","follow":"follow","max-snippet":"max-snippet:-1","max-image-preview":"max-image-preview:large","max-video-preview":"max-video-preview:-1"},"canonical":"https:\/\/dana.com.br\/canaldana\/2022\/05\/25\/substituto-do-honda-wr-v-fica-para-2023-e-pode-nao-vir-para-o-brasil\/","og_locale":"pt_BR","og_type":"article","og_title":"Substituto do Honda WR-V fica para 2023 e pode n\u00e3o vir para o Brasil - Canal Dana","og_description":"Jornal do Carro\u00a0 &nbsp; No fim de 2021, a Honda aposentou o WR-V no Brasil junto com a linha Fit, da qual o crossover era derivado. Pois o seu substituto, esperado para este ano, s\u00f3 vai aparecer em 2023. E talvez ele n\u00e3o venha para o mercado brasileiro. Tal como o Jornal do Carro contou\u2026 Leia mais \u00bb","og_url":"https:\/\/dana.com.br\/canaldana\/2022\/05\/25\/substituto-do-honda-wr-v-fica-para-2023-e-pode-nao-vir-para-o-brasil\/","og_site_name":"Canal Dana","article_published_time":"2022-05-25T11:37:30+00:00","author":"Canal Dana","twitter_card":"summary_large_image","twitter_misc":{"Escrito por":"Canal Dana","Est. tempo de leitura":"4 minutos"},"schema":{"@context":"https:\/\/schema.org","@graph":[{"@type":"Article","@id":"https:\/\/dana.com.br\/canaldana\/2022\/05\/25\/substituto-do-honda-wr-v-fica-para-2023-e-pode-nao-vir-para-o-brasil\/#article","isPartOf":{"@id":"https:\/\/dana.com.br\/canaldana\/2022\/05\/25\/substituto-do-honda-wr-v-fica-para-2023-e-pode-nao-vir-para-o-brasil\/"},"author":{"name":"Canal Dana","@id":"https:\/\/dana.com.br\/canaldana\/#\/schema\/person\/3c21f22f56fcf3bc46b94bc60ea4fef6"},"headline":"Substituto do Honda WR-V fica para 2023 e pode n\u00e3o vir para o Brasil","datePublished":"2022-05-25T11:37:30+00:00","mainEntityOfPage":{"@id":"https:\/\/dana.com.br\/canaldana\/2022\/05\/25\/substituto-do-honda-wr-v-fica-para-2023-e-pode-nao-vir-para-o-brasil\/"},"wordCount":876,"articleSection":["Mercado"],"inLanguage":"pt-BR"},{"@type":"WebPage","@id":"https:\/\/dana.com.br\/canaldana\/2022\/05\/25\/substituto-do-honda-wr-v-fica-para-2023-e-pode-nao-vir-para-o-brasil\/","url":"https:\/\/dana.com.br\/canaldana\/2022\/05\/25\/substituto-do-honda-wr-v-fica-para-2023-e-pode-nao-vir-para-o-brasil\/","name":"Substituto do Honda WR-V fica para 2023 e pode n\u00e3o vir para o Brasil - Canal Dana","isPartOf":{"@id":"https:\/\/dana.com.br\/canaldana\/#website"},"datePublished":"2022-05-25T11:37:30+00:00","author":{"@id":"https:\/\/dana.com.br\/canaldana\/#\/schema\/person\/3c21f22f56fcf3bc46b94bc60ea4fef6"},"breadcrumb":{"@id":"https:\/\/dana.com.br\/canaldana\/2022\/05\/25\/substituto-do-honda-wr-v-fica-para-2023-e-pode-nao-vir-para-o-brasil\/#breadcrumb"},"inLanguage":"pt-BR","potentialAction":[{"@type":"ReadAction","target":["https:\/\/dana.com.br\/canaldana\/2022\/05\/25\/substituto-do-honda-wr-v-fica-para-2023-e-pode-nao-vir-para-o-brasil\/"]}]},{"@type":"BreadcrumbList","@id":"https:\/\/dana.com.br\/canaldana\/2022\/05\/25\/substituto-do-honda-wr-v-fica-para-2023-e-pode-nao-vir-para-o-brasil\/#breadcrumb","itemListElement":[{"@type":"ListItem","position":1,"name":"Home","item":"https:\/\/dana.com.br\/canaldana\/"},{"@type":"ListItem","position":2,"name":"Mercado","item":"https:\/\/dana.com.br\/canaldana\/mercado\/"},{"@type":"ListItem","position":3,"name":"Substituto do Honda WR-V fica para 2023 e pode n\u00e3o vir para o Brasil"}]},{"@type":"WebSite","@id":"https:\/\/dana.com.br\/canaldana\/#website","url":"https:\/\/dana.com.br\/canaldana\/","name":"Canal Dana","description":"Informativo com as principais not\u00edcias da ind\u00fastria automotiva","potentialAction":[{"@type":"SearchAction","target":{"@type":"EntryPoint","urlTemplate":"https:\/\/dana.com.br\/canaldana\/?s={search_term_string}"},"query-input":{"@type":"PropertyValueSpecification","valueRequired":true,"valueName":"search_term_string"}}],"inLanguage":"pt-BR"},{"@type":"Person","@id":"https:\/\/dana.com.br\/canaldana\/#\/schema\/person\/3c21f22f56fcf3bc46b94bc60ea4fef6","name":"Canal Dana","image":{"@type":"ImageObject","inLanguage":"pt-BR","@id":"https:\/\/secure.gravatar.com\/avatar\/420aaf9278582877d9018637c6817617705899d2858d7572ef0fe59a6b6454b4?s=96&d=mm&r=g","url":"https:\/\/secure.gravatar.com\/avatar\/420aaf9278582877d9018637c6817617705899d2858d7572ef0fe59a6b6454b4?s=96&d=mm&r=g","contentUrl":"https:\/\/secure.gravatar.com\/avatar\/420aaf9278582877d9018637c6817617705899d2858d7572ef0fe59a6b6454b4?s=96&d=mm&r=g","caption":"Canal Dana"},"url":"https:\/\/dana.com.br\/canaldana\/author\/cdeditor\/"}]}},"_links":{"self":[{"href":"https:\/\/dana.com.br\/canaldana\/wp-json\/wp\/v2\/posts\/58457","targetHints":{"allow":["GET"]}}],"collection":[{"href":"https:\/\/dana.com.br\/canaldana\/wp-json\/wp\/v2\/posts"}],"about":[{"href":"https:\/\/dana.com.br\/canaldana\/wp-json\/wp\/v2\/types\/post"}],"author":[{"embeddable":true,"href":"https:\/\/dana.com.br\/canaldana\/wp-json\/wp\/v2\/users\/3"}],"replies":[{"embeddable":true,"href":"https:\/\/dana.com.br\/canaldana\/wp-json\/wp\/v2\/comments?post=58457"}],"version-history":[{"count":0,"href":"https:\/\/dana.com.br\/canaldana\/wp-json\/wp\/v2\/posts\/58457\/revisions"}],"wp:attachment":[{"href":"https:\/\/dana.com.br\/canaldana\/wp-json\/wp\/v2\/media?parent=58457"}],"wp:term":[{"taxonomy":"category","embeddable":true,"href":"https:\/\/dana.com.br\/canaldana\/wp-json\/wp\/v2\/categories?post=58457"},{"taxonomy":"post_tag","embeddable":true,"href":"https:\/\/dana.com.br\/canaldana\/wp-json\/wp\/v2\/tags?post=58457"}],"curies":[{"name":"wp","href":"https:\/\/api.w.org\/{rel}","templated":true}]}}