{"id":58444,"date":"2022-05-24T09:01:32","date_gmt":"2022-05-24T12:01:32","guid":{"rendered":"https:\/\/dana.com.br\/canaldana\/?p=58444"},"modified":"2022-05-24T09:01:32","modified_gmt":"2022-05-24T12:01:32","slug":"vendas-de-pneus-de-carga-recuam-21-no-primeiro-quadrimestre-de-2022","status":"publish","type":"post","link":"https:\/\/dana.com.br\/canaldana\/2022\/05\/24\/vendas-de-pneus-de-carga-recuam-21-no-primeiro-quadrimestre-de-2022\/","title":{"rendered":"Vendas de pneus de carga recuam 2,1% no primeiro quadrimestre de 2022"},"content":{"rendered":"<p><em>Transporte Moderno <\/em><\/p>\n<p>&nbsp;<\/p>\n<p>As vendas de pneus de carga tiveram queda de 0,8% em abril em rela\u00e7\u00e3o a mar\u00e7o, com o total de 665.608 unidades. Em rela\u00e7\u00e3o a abril de 2021 (669.304 pneus) a retra\u00e7\u00e3o foi de 0,6%, segundo a Associa\u00e7\u00e3o Nacional da Ind\u00fastria de Pneum\u00e1ticos (Anip).<\/p>\n<p>&nbsp;<\/p>\n<p>Para as montadoras as fabricantes venderam 159.132 pneus de carga em abril 3,7% a mais que no mesmo m\u00eas de 2021 (154.248 unidades). Ao mercado de reposi\u00e7\u00e3o foi repassado 506.476 pneus, o que representou uma queda de 1,7% em rela\u00e7\u00e3o a abril do ano passado (515.056 unidades).<\/p>\n<p>&nbsp;<\/p>\n<p>No acumulado de janeiro a abril, as fabricantes venderam 2,61 milh\u00f5es de pneus de carga, 2,1% a menos que no primeiro quadrimestre de 2021, quando foram comercializados 2,66 milh\u00f5es de pneus no mercado brasileiro. O mercado de reposi\u00e7\u00e3o absorveu 1,99 milh\u00e3o de pneus at\u00e9 abril, 2,23% abaixo do mesmo per\u00edodo de 2021 (2,04 milh\u00f5es de unidades), e as montadoras receberam 612.438 produtos, queda de 1,5% sobre os 621.873 pneus vendidos nos quatro primeiros meses de 2021.<\/p>\n<p>&nbsp;<\/p>\n<p>Incluindo todos os segmentos que s\u00e3o abastecidos pela ind\u00fastria nacional (autom\u00f3veis, ve\u00edculos comerciais leves, carga e motos) a venda de pneus atingiu 4,78 milh\u00f5es em abril, aumento de 0,4% em rela\u00e7\u00e3o a mar\u00e7o deste ano e 0,1% abaixo de abril de 2021, segundo a Anip.<\/p>\n<p>&nbsp;<\/p>\n<p>No acumulado de janeiro a abril de 2022, as vendas totais atingiram 18,46 milh\u00f5es de pneus, 26,9% superior ao primeiro quadrimestre de 2021, quando foram comercializados 18,86 milh\u00f5es de pneus no mercado brasileiro.<\/p>\n<p>&nbsp;<\/p>\n<p><strong>Balan\u00e7a comercial<\/strong><\/p>\n<p>&nbsp;<\/p>\n<p>No primeiro quadrimestre de 2022, a balan\u00e7a comercial do setor de pneum\u00e1ticos apresentou d\u00e9ficit de US$ 47,166 milh\u00f5es, com a importa\u00e7\u00e3o de US$ 417,496 milh\u00f5es e a exporta\u00e7\u00e3o de US$ 370,330 milh\u00f5es. Este saldo negativo \u00e9 superior ao registrado no mesmo per\u00edodo de 2021, cujo d\u00e9ficit foi de US$ 11,950 milh\u00f5es.<\/p>\n<p>&nbsp;<\/p>\n<p>Em unidades, as fabricantes acumularam de janeiro a abril de 2022 saldo negativo de 4,51 milh\u00f5es de pneus, com a importa\u00e7\u00e3o de 9,23 milh\u00f5es (11,5% inferior aos 10,43 milh\u00f5es registrados no primeiro quadrimestre de 2021) e a exporta\u00e7\u00e3o de 4,78 milh\u00f5es de unidades (0,63% abaixo dos 4,68 milh\u00f5es embarcados nos quatro primeiros meses de 2021). No mesmo per\u00edodo de 2021 o saldo de pneus em unidades ficou negativo em 5,74 milh\u00f5es. (Transporte Moderno\/Sonia Moraes)<\/p>\n","protected":false},"excerpt":{"rendered":"<p>Transporte Moderno &nbsp; As vendas de pneus de carga tiveram queda de 0,8% em abril em rela\u00e7\u00e3o a mar\u00e7o, com o total de 665.608 unidades. Em rela\u00e7\u00e3o a abril de 2021 (669.304 pneus) a retra\u00e7\u00e3o foi de 0,6%, segundo a Associa\u00e7\u00e3o Nacional da Ind\u00fastria de Pneum\u00e1ticos (Anip). &nbsp; Para as montadoras as fabricantes venderam 159.132\u2026 <a class=\"readmore\" href=\"https:\/\/dana.com.br\/canaldana\/2022\/05\/24\/vendas-de-pneus-de-carga-recuam-21-no-primeiro-quadrimestre-de-2022\/\">Leia mais \u00bb<\/a><\/p>\n","protected":false},"author":3,"featured_media":0,"comment_status":"closed","ping_status":"closed","sticky":false,"template":"","format":"standard","meta":{"_acf_changed":false,"footnotes":""},"categories":[61],"tags":[],"class_list":["post-58444","post","type-post","status-publish","format-standard","hentry","category-destaques"],"acf":[],"yoast_head":"<!-- This site is optimized with the Yoast SEO plugin v27.3 - https:\/\/yoast.com\/product\/yoast-seo-wordpress\/ -->\n<title>Vendas de pneus de carga recuam 2,1% no primeiro quadrimestre de 2022 - Canal Dana<\/title>\n<meta name=\"robots\" content=\"index, follow, max-snippet:-1, max-image-preview:large, max-video-preview:-1\" \/>\n<link rel=\"canonical\" href=\"https:\/\/dana.com.br\/canaldana\/2022\/05\/24\/vendas-de-pneus-de-carga-recuam-21-no-primeiro-quadrimestre-de-2022\/\" \/>\n<meta property=\"og:locale\" content=\"pt_BR\" \/>\n<meta property=\"og:type\" content=\"article\" \/>\n<meta property=\"og:title\" content=\"Vendas de pneus de carga recuam 2,1% no primeiro quadrimestre de 2022 - Canal Dana\" \/>\n<meta property=\"og:description\" content=\"Transporte Moderno &nbsp; As vendas de pneus de carga tiveram queda de 0,8% em abril em rela\u00e7\u00e3o a mar\u00e7o, com o total de 665.608 unidades. Em rela\u00e7\u00e3o a abril de 2021 (669.304 pneus) a retra\u00e7\u00e3o foi de 0,6%, segundo a Associa\u00e7\u00e3o Nacional da Ind\u00fastria de Pneum\u00e1ticos (Anip). &nbsp; Para as montadoras as fabricantes venderam 159.132\u2026 Leia mais \u00bb\" \/>\n<meta property=\"og:url\" content=\"https:\/\/dana.com.br\/canaldana\/2022\/05\/24\/vendas-de-pneus-de-carga-recuam-21-no-primeiro-quadrimestre-de-2022\/\" \/>\n<meta property=\"og:site_name\" content=\"Canal Dana\" \/>\n<meta property=\"article:published_time\" content=\"2022-05-24T12:01:32+00:00\" \/>\n<meta name=\"author\" content=\"Canal Dana\" \/>\n<meta name=\"twitter:card\" content=\"summary_large_image\" \/>\n<meta name=\"twitter:label1\" content=\"Escrito por\" \/>\n\t<meta name=\"twitter:data1\" content=\"Canal Dana\" \/>\n\t<meta name=\"twitter:label2\" content=\"Est. tempo de leitura\" \/>\n\t<meta name=\"twitter:data2\" content=\"2 minutos\" \/>\n<script type=\"application\/ld+json\" class=\"yoast-schema-graph\">{\"@context\":\"https:\\\/\\\/schema.org\",\"@graph\":[{\"@type\":\"Article\",\"@id\":\"https:\\\/\\\/dana.com.br\\\/canaldana\\\/2022\\\/05\\\/24\\\/vendas-de-pneus-de-carga-recuam-21-no-primeiro-quadrimestre-de-2022\\\/#article\",\"isPartOf\":{\"@id\":\"https:\\\/\\\/dana.com.br\\\/canaldana\\\/2022\\\/05\\\/24\\\/vendas-de-pneus-de-carga-recuam-21-no-primeiro-quadrimestre-de-2022\\\/\"},\"author\":{\"name\":\"Canal Dana\",\"@id\":\"https:\\\/\\\/dana.com.br\\\/canaldana\\\/#\\\/schema\\\/person\\\/3c21f22f56fcf3bc46b94bc60ea4fef6\"},\"headline\":\"Vendas de pneus de carga recuam 2,1% no primeiro quadrimestre de 2022\",\"datePublished\":\"2022-05-24T12:01:32+00:00\",\"mainEntityOfPage\":{\"@id\":\"https:\\\/\\\/dana.com.br\\\/canaldana\\\/2022\\\/05\\\/24\\\/vendas-de-pneus-de-carga-recuam-21-no-primeiro-quadrimestre-de-2022\\\/\"},\"wordCount\":387,\"articleSection\":[\"Destaques\"],\"inLanguage\":\"pt-BR\"},{\"@type\":\"WebPage\",\"@id\":\"https:\\\/\\\/dana.com.br\\\/canaldana\\\/2022\\\/05\\\/24\\\/vendas-de-pneus-de-carga-recuam-21-no-primeiro-quadrimestre-de-2022\\\/\",\"url\":\"https:\\\/\\\/dana.com.br\\\/canaldana\\\/2022\\\/05\\\/24\\\/vendas-de-pneus-de-carga-recuam-21-no-primeiro-quadrimestre-de-2022\\\/\",\"name\":\"Vendas de pneus de carga recuam 2,1% no primeiro quadrimestre de 2022 - Canal Dana\",\"isPartOf\":{\"@id\":\"https:\\\/\\\/dana.com.br\\\/canaldana\\\/#website\"},\"datePublished\":\"2022-05-24T12:01:32+00:00\",\"author\":{\"@id\":\"https:\\\/\\\/dana.com.br\\\/canaldana\\\/#\\\/schema\\\/person\\\/3c21f22f56fcf3bc46b94bc60ea4fef6\"},\"breadcrumb\":{\"@id\":\"https:\\\/\\\/dana.com.br\\\/canaldana\\\/2022\\\/05\\\/24\\\/vendas-de-pneus-de-carga-recuam-21-no-primeiro-quadrimestre-de-2022\\\/#breadcrumb\"},\"inLanguage\":\"pt-BR\",\"potentialAction\":[{\"@type\":\"ReadAction\",\"target\":[\"https:\\\/\\\/dana.com.br\\\/canaldana\\\/2022\\\/05\\\/24\\\/vendas-de-pneus-de-carga-recuam-21-no-primeiro-quadrimestre-de-2022\\\/\"]}]},{\"@type\":\"BreadcrumbList\",\"@id\":\"https:\\\/\\\/dana.com.br\\\/canaldana\\\/2022\\\/05\\\/24\\\/vendas-de-pneus-de-carga-recuam-21-no-primeiro-quadrimestre-de-2022\\\/#breadcrumb\",\"itemListElement\":[{\"@type\":\"ListItem\",\"position\":1,\"name\":\"Home\",\"item\":\"https:\\\/\\\/dana.com.br\\\/canaldana\\\/\"},{\"@type\":\"ListItem\",\"position\":2,\"name\":\"Destaques\",\"item\":\"https:\\\/\\\/dana.com.br\\\/canaldana\\\/destaques\\\/\"},{\"@type\":\"ListItem\",\"position\":3,\"name\":\"Vendas de pneus de carga recuam 2,1% no primeiro quadrimestre de 2022\"}]},{\"@type\":\"WebSite\",\"@id\":\"https:\\\/\\\/dana.com.br\\\/canaldana\\\/#website\",\"url\":\"https:\\\/\\\/dana.com.br\\\/canaldana\\\/\",\"name\":\"Canal Dana\",\"description\":\"Informativo com as principais not\u00edcias da ind\u00fastria automotiva\",\"potentialAction\":[{\"@type\":\"SearchAction\",\"target\":{\"@type\":\"EntryPoint\",\"urlTemplate\":\"https:\\\/\\\/dana.com.br\\\/canaldana\\\/?s={search_term_string}\"},\"query-input\":{\"@type\":\"PropertyValueSpecification\",\"valueRequired\":true,\"valueName\":\"search_term_string\"}}],\"inLanguage\":\"pt-BR\"},{\"@type\":\"Person\",\"@id\":\"https:\\\/\\\/dana.com.br\\\/canaldana\\\/#\\\/schema\\\/person\\\/3c21f22f56fcf3bc46b94bc60ea4fef6\",\"name\":\"Canal Dana\",\"image\":{\"@type\":\"ImageObject\",\"inLanguage\":\"pt-BR\",\"@id\":\"https:\\\/\\\/secure.gravatar.com\\\/avatar\\\/420aaf9278582877d9018637c6817617705899d2858d7572ef0fe59a6b6454b4?s=96&d=mm&r=g\",\"url\":\"https:\\\/\\\/secure.gravatar.com\\\/avatar\\\/420aaf9278582877d9018637c6817617705899d2858d7572ef0fe59a6b6454b4?s=96&d=mm&r=g\",\"contentUrl\":\"https:\\\/\\\/secure.gravatar.com\\\/avatar\\\/420aaf9278582877d9018637c6817617705899d2858d7572ef0fe59a6b6454b4?s=96&d=mm&r=g\",\"caption\":\"Canal Dana\"},\"url\":\"https:\\\/\\\/dana.com.br\\\/canaldana\\\/author\\\/cdeditor\\\/\"}]}<\/script>\n<!-- \/ Yoast SEO plugin. -->","yoast_head_json":{"title":"Vendas de pneus de carga recuam 2,1% no primeiro quadrimestre de 2022 - Canal Dana","robots":{"index":"index","follow":"follow","max-snippet":"max-snippet:-1","max-image-preview":"max-image-preview:large","max-video-preview":"max-video-preview:-1"},"canonical":"https:\/\/dana.com.br\/canaldana\/2022\/05\/24\/vendas-de-pneus-de-carga-recuam-21-no-primeiro-quadrimestre-de-2022\/","og_locale":"pt_BR","og_type":"article","og_title":"Vendas de pneus de carga recuam 2,1% no primeiro quadrimestre de 2022 - Canal Dana","og_description":"Transporte Moderno &nbsp; As vendas de pneus de carga tiveram queda de 0,8% em abril em rela\u00e7\u00e3o a mar\u00e7o, com o total de 665.608 unidades. Em rela\u00e7\u00e3o a abril de 2021 (669.304 pneus) a retra\u00e7\u00e3o foi de 0,6%, segundo a Associa\u00e7\u00e3o Nacional da Ind\u00fastria de Pneum\u00e1ticos (Anip). &nbsp; Para as montadoras as fabricantes venderam 159.132\u2026 Leia mais \u00bb","og_url":"https:\/\/dana.com.br\/canaldana\/2022\/05\/24\/vendas-de-pneus-de-carga-recuam-21-no-primeiro-quadrimestre-de-2022\/","og_site_name":"Canal Dana","article_published_time":"2022-05-24T12:01:32+00:00","author":"Canal Dana","twitter_card":"summary_large_image","twitter_misc":{"Escrito por":"Canal Dana","Est. tempo de leitura":"2 minutos"},"schema":{"@context":"https:\/\/schema.org","@graph":[{"@type":"Article","@id":"https:\/\/dana.com.br\/canaldana\/2022\/05\/24\/vendas-de-pneus-de-carga-recuam-21-no-primeiro-quadrimestre-de-2022\/#article","isPartOf":{"@id":"https:\/\/dana.com.br\/canaldana\/2022\/05\/24\/vendas-de-pneus-de-carga-recuam-21-no-primeiro-quadrimestre-de-2022\/"},"author":{"name":"Canal Dana","@id":"https:\/\/dana.com.br\/canaldana\/#\/schema\/person\/3c21f22f56fcf3bc46b94bc60ea4fef6"},"headline":"Vendas de pneus de carga recuam 2,1% no primeiro quadrimestre de 2022","datePublished":"2022-05-24T12:01:32+00:00","mainEntityOfPage":{"@id":"https:\/\/dana.com.br\/canaldana\/2022\/05\/24\/vendas-de-pneus-de-carga-recuam-21-no-primeiro-quadrimestre-de-2022\/"},"wordCount":387,"articleSection":["Destaques"],"inLanguage":"pt-BR"},{"@type":"WebPage","@id":"https:\/\/dana.com.br\/canaldana\/2022\/05\/24\/vendas-de-pneus-de-carga-recuam-21-no-primeiro-quadrimestre-de-2022\/","url":"https:\/\/dana.com.br\/canaldana\/2022\/05\/24\/vendas-de-pneus-de-carga-recuam-21-no-primeiro-quadrimestre-de-2022\/","name":"Vendas de pneus de carga recuam 2,1% no primeiro quadrimestre de 2022 - Canal Dana","isPartOf":{"@id":"https:\/\/dana.com.br\/canaldana\/#website"},"datePublished":"2022-05-24T12:01:32+00:00","author":{"@id":"https:\/\/dana.com.br\/canaldana\/#\/schema\/person\/3c21f22f56fcf3bc46b94bc60ea4fef6"},"breadcrumb":{"@id":"https:\/\/dana.com.br\/canaldana\/2022\/05\/24\/vendas-de-pneus-de-carga-recuam-21-no-primeiro-quadrimestre-de-2022\/#breadcrumb"},"inLanguage":"pt-BR","potentialAction":[{"@type":"ReadAction","target":["https:\/\/dana.com.br\/canaldana\/2022\/05\/24\/vendas-de-pneus-de-carga-recuam-21-no-primeiro-quadrimestre-de-2022\/"]}]},{"@type":"BreadcrumbList","@id":"https:\/\/dana.com.br\/canaldana\/2022\/05\/24\/vendas-de-pneus-de-carga-recuam-21-no-primeiro-quadrimestre-de-2022\/#breadcrumb","itemListElement":[{"@type":"ListItem","position":1,"name":"Home","item":"https:\/\/dana.com.br\/canaldana\/"},{"@type":"ListItem","position":2,"name":"Destaques","item":"https:\/\/dana.com.br\/canaldana\/destaques\/"},{"@type":"ListItem","position":3,"name":"Vendas de pneus de carga recuam 2,1% no primeiro quadrimestre de 2022"}]},{"@type":"WebSite","@id":"https:\/\/dana.com.br\/canaldana\/#website","url":"https:\/\/dana.com.br\/canaldana\/","name":"Canal Dana","description":"Informativo com as principais not\u00edcias da ind\u00fastria automotiva","potentialAction":[{"@type":"SearchAction","target":{"@type":"EntryPoint","urlTemplate":"https:\/\/dana.com.br\/canaldana\/?s={search_term_string}"},"query-input":{"@type":"PropertyValueSpecification","valueRequired":true,"valueName":"search_term_string"}}],"inLanguage":"pt-BR"},{"@type":"Person","@id":"https:\/\/dana.com.br\/canaldana\/#\/schema\/person\/3c21f22f56fcf3bc46b94bc60ea4fef6","name":"Canal Dana","image":{"@type":"ImageObject","inLanguage":"pt-BR","@id":"https:\/\/secure.gravatar.com\/avatar\/420aaf9278582877d9018637c6817617705899d2858d7572ef0fe59a6b6454b4?s=96&d=mm&r=g","url":"https:\/\/secure.gravatar.com\/avatar\/420aaf9278582877d9018637c6817617705899d2858d7572ef0fe59a6b6454b4?s=96&d=mm&r=g","contentUrl":"https:\/\/secure.gravatar.com\/avatar\/420aaf9278582877d9018637c6817617705899d2858d7572ef0fe59a6b6454b4?s=96&d=mm&r=g","caption":"Canal Dana"},"url":"https:\/\/dana.com.br\/canaldana\/author\/cdeditor\/"}]}},"_links":{"self":[{"href":"https:\/\/dana.com.br\/canaldana\/wp-json\/wp\/v2\/posts\/58444","targetHints":{"allow":["GET"]}}],"collection":[{"href":"https:\/\/dana.com.br\/canaldana\/wp-json\/wp\/v2\/posts"}],"about":[{"href":"https:\/\/dana.com.br\/canaldana\/wp-json\/wp\/v2\/types\/post"}],"author":[{"embeddable":true,"href":"https:\/\/dana.com.br\/canaldana\/wp-json\/wp\/v2\/users\/3"}],"replies":[{"embeddable":true,"href":"https:\/\/dana.com.br\/canaldana\/wp-json\/wp\/v2\/comments?post=58444"}],"version-history":[{"count":0,"href":"https:\/\/dana.com.br\/canaldana\/wp-json\/wp\/v2\/posts\/58444\/revisions"}],"wp:attachment":[{"href":"https:\/\/dana.com.br\/canaldana\/wp-json\/wp\/v2\/media?parent=58444"}],"wp:term":[{"taxonomy":"category","embeddable":true,"href":"https:\/\/dana.com.br\/canaldana\/wp-json\/wp\/v2\/categories?post=58444"},{"taxonomy":"post_tag","embeddable":true,"href":"https:\/\/dana.com.br\/canaldana\/wp-json\/wp\/v2\/tags?post=58444"}],"curies":[{"name":"wp","href":"https:\/\/api.w.org\/{rel}","templated":true}]}}