{"id":58426,"date":"2022-05-24T08:55:17","date_gmt":"2022-05-24T11:55:17","guid":{"rendered":"https:\/\/dana.com.br\/canaldana\/?p=58426"},"modified":"2022-05-24T08:55:17","modified_gmt":"2022-05-24T11:55:17","slug":"muito-alem-da-bateria","status":"publish","type":"post","link":"https:\/\/dana.com.br\/canaldana\/2022\/05\/24\/muito-alem-da-bateria\/","title":{"rendered":"Muito al\u00e9m da bateria"},"content":{"rendered":"<p><em>O Estado de S. Paulo <\/em><\/p>\n<p>&nbsp;<\/p>\n<p>O apelo principal do autom\u00f3vel el\u00e9trico \u00e9 n\u00e3o lan\u00e7ar gases poluentes no meio ambiente. Mas se engana quem pensa que as fabricantes n\u00e3o t\u00eam outras preocupa\u00e7\u00f5es na hora de desenvolver seus modelos. Geralmente dotados de muita tecnologia, os ve\u00edculos movidos a bateria recebem uma s\u00e9rie de dispositivos voltada para a seguran\u00e7a de motorista e passageiros.<\/p>\n<p>&nbsp;<\/p>\n<p>Os carros da Mercedes-Benz e da Volvo s\u00e3o exemplos de recursos que aumentam a prote\u00e7\u00e3o dos ocupantes. \u201cEstamos sempre buscando solu\u00e7\u00f5es que garantam n\u00e3o s\u00f3 a mobilidade urbana com menor impacto na atmosfera como tamb\u00e9m a m\u00e1xima seguran\u00e7a poss\u00edvel do consumidor\u201d, diz Holger Marquardt, presidente da Mercedes-Benz Cars e Vans Brasil.<\/p>\n<p>&nbsp;<\/p>\n<p>O Mercedes EQC 400 oferece um pacote completo de assist\u00eancia \u00e0 condu\u00e7\u00e3o, composto por v\u00e1rios sistemas. O principal deles \u00e9 o Distronic, controle que mant\u00e9m dist\u00e2ncia predeterminada do carro da frente, que, se diminuir a velocidade bruscamente, ativar\u00e1 a frenagem de emerg\u00eancia do EQC.<\/p>\n<p>&nbsp;<\/p>\n<p>O SUV da Mercedes \u00e9 dotado de comandos ativos, que ajudam o trabalho do motorista. Quando ele inicia a manobra para mudan\u00e7a de faixa com a seta ligada, o EQC completa a trajet\u00f3ria sozinho, caso n\u00e3o exista nenhum carro vindo nas faixas ao lado.<\/p>\n<p>&nbsp;<\/p>\n<p>Essa tecnologia atua em conjunto com o sensor de ponto cego. Ela monitora a regi\u00e3o traseira e, se houver um ve\u00edculo ao redor, o Mercedes retorna \u00e0 pista de origem para impedir a colis\u00e3o. Tais controles se enquadram no n\u00edvel 2 de condu\u00e7\u00e3o aut\u00f4noma. O motorista os aciona, mas \u00e9 bom ressaltar que, em algum momento, os recursos precisar\u00e3o da interven\u00e7\u00e3o humana.<\/p>\n<p>&nbsp;<\/p>\n<p>Afinal, se o motorista tirar as m\u00e3os do volante e, nos segundos seguintes, n\u00e3o apresentar nenhuma rea\u00e7\u00e3o, o EQC 400 come\u00e7a a perder velocidade e sai para a direita, com o devido cuidado de n\u00e3o bater em outro autom\u00f3vel. Ele para, desliga o motor e ativa o pisca alerta.<\/p>\n<p>&nbsp;<\/p>\n<p>Outros elementos ativos est\u00e3o nos freios. Em situa\u00e7\u00f5es pontuais, o modelo alem\u00e3o pode acionar o freio antes mesmo do motorista, caso identifique a possibilidade de acidente, como em cruzamentos ou aproxima\u00e7\u00e3o de pedestres e ciclistas.<\/p>\n<p>&nbsp;<\/p>\n<p><strong>Google embarcado <\/strong><\/p>\n<p>&nbsp;<\/p>\n<p>O Volvo XC40 Recharge Pure Electric n\u00e3o fica atr\u00e1s em dispositivos que refor\u00e7am a seguran\u00e7a dos passageiros. \u201cTrata-se de um ve\u00edculo robusto, que cont\u00e9m, em seu DNA, todos os anos de desenvolvimento da marca no quesito seguran\u00e7a\u201d, afirma Jo\u00e3o Oliveira, diretor-geral de opera\u00e7\u00f5es e inova\u00e7\u00e3o da Volvo Car Brasil.<\/p>\n<p>&nbsp;<\/p>\n<p>Uma novidade \u00e9 a central de infoentretenimento, com o sistema operacional Google Automotive Services, que integra o carro aos mais avan\u00e7ados recursos do Google. Com ele, o motorista do XC40 repete a experi\u00eancia que executa nos smartphones.<\/p>\n<p>&nbsp;<\/p>\n<p>O motorista pode usar o comando de voz para fazer as coisas, mantendo aten\u00e7\u00e3o total na estrada. O assistente controla a temperatura interna, define um destino, toca m\u00fasica e podcasts e envia mensagens, sem que o condutor precise tirar as m\u00e3os do volante. Ponto para a seguran\u00e7a.<\/p>\n<p>&nbsp;<\/p>\n<p>O Volvo XC40 Recharge Pure Electric tem c\u00e2mera de 360 graus, que, em combina\u00e7\u00e3o com o alerta de tr\u00e1fego cruzado, auxilia e evita colis\u00f5es em sa\u00eddas e entradas de vagas de estacionamento, por exemplo. O SUV tamb\u00e9m disp\u00f5e de alertas de mudan\u00e7a de faixa e de ponto cego.<\/p>\n<p>&nbsp;<\/p>\n<p>J\u00e1 a tecnologia City Safety reconhece pedestres, ciclistas e animais de grande porte. Feito isso, ele diminui a velocidade e ester\u00e7a o volante para evitar ou minimizar os efeitos de um acidente. O ve\u00edculo vem equipado com o controle de cruzeiro adaptativo, cujos sensores e c\u00e2meras, entre outras fun\u00e7\u00f5es, monitoram as faixas das vias e controlam a dist\u00e2ncia em rela\u00e7\u00e3o ao ve\u00edculo adiante.<\/p>\n<p>&nbsp;<\/p>\n<p>Os sistemas de seguran\u00e7a aceleram o desenvolvimento do carro el\u00e9trico para uma dire\u00e7\u00e3o bem clara: a de ser 100% aut\u00f4nomo no futuro, que j\u00e1 est\u00e1 logo ali. (O Estado de S. Paulo\/M\u00e1rio S\u00e9rgio Venditti)<\/p>\n","protected":false},"excerpt":{"rendered":"<p>O Estado de S. Paulo &nbsp; O apelo principal do autom\u00f3vel el\u00e9trico \u00e9 n\u00e3o lan\u00e7ar gases poluentes no meio ambiente. Mas se engana quem pensa que as fabricantes n\u00e3o t\u00eam outras preocupa\u00e7\u00f5es na hora de desenvolver seus modelos. Geralmente dotados de muita tecnologia, os ve\u00edculos movidos a bateria recebem uma s\u00e9rie de dispositivos voltada para\u2026 <a class=\"readmore\" href=\"https:\/\/dana.com.br\/canaldana\/2022\/05\/24\/muito-alem-da-bateria\/\">Leia mais \u00bb<\/a><\/p>\n","protected":false},"author":3,"featured_media":0,"comment_status":"closed","ping_status":"closed","sticky":false,"template":"","format":"standard","meta":{"_acf_changed":false,"footnotes":""},"categories":[79],"tags":[],"class_list":["post-58426","post","type-post","status-publish","format-standard","hentry","category-mercado"],"acf":[],"yoast_head":"<!-- This site is optimized with the Yoast SEO plugin v27.3 - https:\/\/yoast.com\/product\/yoast-seo-wordpress\/ -->\n<title>Muito al\u00e9m da bateria - Canal Dana<\/title>\n<meta name=\"robots\" content=\"index, follow, max-snippet:-1, max-image-preview:large, max-video-preview:-1\" \/>\n<link rel=\"canonical\" href=\"https:\/\/dana.com.br\/canaldana\/2022\/05\/24\/muito-alem-da-bateria\/\" \/>\n<meta property=\"og:locale\" content=\"pt_BR\" \/>\n<meta property=\"og:type\" content=\"article\" \/>\n<meta property=\"og:title\" content=\"Muito al\u00e9m da bateria - Canal Dana\" \/>\n<meta property=\"og:description\" content=\"O Estado de S. Paulo &nbsp; O apelo principal do autom\u00f3vel el\u00e9trico \u00e9 n\u00e3o lan\u00e7ar gases poluentes no meio ambiente. Mas se engana quem pensa que as fabricantes n\u00e3o t\u00eam outras preocupa\u00e7\u00f5es na hora de desenvolver seus modelos. Geralmente dotados de muita tecnologia, os ve\u00edculos movidos a bateria recebem uma s\u00e9rie de dispositivos voltada para\u2026 Leia mais \u00bb\" \/>\n<meta property=\"og:url\" content=\"https:\/\/dana.com.br\/canaldana\/2022\/05\/24\/muito-alem-da-bateria\/\" \/>\n<meta property=\"og:site_name\" content=\"Canal Dana\" \/>\n<meta property=\"article:published_time\" content=\"2022-05-24T11:55:17+00:00\" \/>\n<meta name=\"author\" content=\"Canal Dana\" \/>\n<meta name=\"twitter:card\" content=\"summary_large_image\" \/>\n<meta name=\"twitter:label1\" content=\"Escrito por\" \/>\n\t<meta name=\"twitter:data1\" content=\"Canal Dana\" \/>\n\t<meta name=\"twitter:label2\" content=\"Est. tempo de leitura\" \/>\n\t<meta name=\"twitter:data2\" content=\"4 minutos\" \/>\n<script type=\"application\/ld+json\" class=\"yoast-schema-graph\">{\"@context\":\"https:\\\/\\\/schema.org\",\"@graph\":[{\"@type\":\"Article\",\"@id\":\"https:\\\/\\\/dana.com.br\\\/canaldana\\\/2022\\\/05\\\/24\\\/muito-alem-da-bateria\\\/#article\",\"isPartOf\":{\"@id\":\"https:\\\/\\\/dana.com.br\\\/canaldana\\\/2022\\\/05\\\/24\\\/muito-alem-da-bateria\\\/\"},\"author\":{\"name\":\"Canal Dana\",\"@id\":\"https:\\\/\\\/dana.com.br\\\/canaldana\\\/#\\\/schema\\\/person\\\/3c21f22f56fcf3bc46b94bc60ea4fef6\"},\"headline\":\"Muito al\u00e9m da bateria\",\"datePublished\":\"2022-05-24T11:55:17+00:00\",\"mainEntityOfPage\":{\"@id\":\"https:\\\/\\\/dana.com.br\\\/canaldana\\\/2022\\\/05\\\/24\\\/muito-alem-da-bateria\\\/\"},\"wordCount\":715,\"articleSection\":[\"Mercado\"],\"inLanguage\":\"pt-BR\"},{\"@type\":\"WebPage\",\"@id\":\"https:\\\/\\\/dana.com.br\\\/canaldana\\\/2022\\\/05\\\/24\\\/muito-alem-da-bateria\\\/\",\"url\":\"https:\\\/\\\/dana.com.br\\\/canaldana\\\/2022\\\/05\\\/24\\\/muito-alem-da-bateria\\\/\",\"name\":\"Muito al\u00e9m da bateria - Canal Dana\",\"isPartOf\":{\"@id\":\"https:\\\/\\\/dana.com.br\\\/canaldana\\\/#website\"},\"datePublished\":\"2022-05-24T11:55:17+00:00\",\"author\":{\"@id\":\"https:\\\/\\\/dana.com.br\\\/canaldana\\\/#\\\/schema\\\/person\\\/3c21f22f56fcf3bc46b94bc60ea4fef6\"},\"breadcrumb\":{\"@id\":\"https:\\\/\\\/dana.com.br\\\/canaldana\\\/2022\\\/05\\\/24\\\/muito-alem-da-bateria\\\/#breadcrumb\"},\"inLanguage\":\"pt-BR\",\"potentialAction\":[{\"@type\":\"ReadAction\",\"target\":[\"https:\\\/\\\/dana.com.br\\\/canaldana\\\/2022\\\/05\\\/24\\\/muito-alem-da-bateria\\\/\"]}]},{\"@type\":\"BreadcrumbList\",\"@id\":\"https:\\\/\\\/dana.com.br\\\/canaldana\\\/2022\\\/05\\\/24\\\/muito-alem-da-bateria\\\/#breadcrumb\",\"itemListElement\":[{\"@type\":\"ListItem\",\"position\":1,\"name\":\"Home\",\"item\":\"https:\\\/\\\/dana.com.br\\\/canaldana\\\/\"},{\"@type\":\"ListItem\",\"position\":2,\"name\":\"Mercado\",\"item\":\"https:\\\/\\\/dana.com.br\\\/canaldana\\\/mercado\\\/\"},{\"@type\":\"ListItem\",\"position\":3,\"name\":\"Muito al\u00e9m da bateria\"}]},{\"@type\":\"WebSite\",\"@id\":\"https:\\\/\\\/dana.com.br\\\/canaldana\\\/#website\",\"url\":\"https:\\\/\\\/dana.com.br\\\/canaldana\\\/\",\"name\":\"Canal Dana\",\"description\":\"Informativo com as principais not\u00edcias da ind\u00fastria automotiva\",\"potentialAction\":[{\"@type\":\"SearchAction\",\"target\":{\"@type\":\"EntryPoint\",\"urlTemplate\":\"https:\\\/\\\/dana.com.br\\\/canaldana\\\/?s={search_term_string}\"},\"query-input\":{\"@type\":\"PropertyValueSpecification\",\"valueRequired\":true,\"valueName\":\"search_term_string\"}}],\"inLanguage\":\"pt-BR\"},{\"@type\":\"Person\",\"@id\":\"https:\\\/\\\/dana.com.br\\\/canaldana\\\/#\\\/schema\\\/person\\\/3c21f22f56fcf3bc46b94bc60ea4fef6\",\"name\":\"Canal Dana\",\"image\":{\"@type\":\"ImageObject\",\"inLanguage\":\"pt-BR\",\"@id\":\"https:\\\/\\\/secure.gravatar.com\\\/avatar\\\/420aaf9278582877d9018637c6817617705899d2858d7572ef0fe59a6b6454b4?s=96&d=mm&r=g\",\"url\":\"https:\\\/\\\/secure.gravatar.com\\\/avatar\\\/420aaf9278582877d9018637c6817617705899d2858d7572ef0fe59a6b6454b4?s=96&d=mm&r=g\",\"contentUrl\":\"https:\\\/\\\/secure.gravatar.com\\\/avatar\\\/420aaf9278582877d9018637c6817617705899d2858d7572ef0fe59a6b6454b4?s=96&d=mm&r=g\",\"caption\":\"Canal Dana\"},\"url\":\"https:\\\/\\\/dana.com.br\\\/canaldana\\\/author\\\/cdeditor\\\/\"}]}<\/script>\n<!-- \/ Yoast SEO plugin. -->","yoast_head_json":{"title":"Muito al\u00e9m da bateria - Canal Dana","robots":{"index":"index","follow":"follow","max-snippet":"max-snippet:-1","max-image-preview":"max-image-preview:large","max-video-preview":"max-video-preview:-1"},"canonical":"https:\/\/dana.com.br\/canaldana\/2022\/05\/24\/muito-alem-da-bateria\/","og_locale":"pt_BR","og_type":"article","og_title":"Muito al\u00e9m da bateria - Canal Dana","og_description":"O Estado de S. Paulo &nbsp; O apelo principal do autom\u00f3vel el\u00e9trico \u00e9 n\u00e3o lan\u00e7ar gases poluentes no meio ambiente. Mas se engana quem pensa que as fabricantes n\u00e3o t\u00eam outras preocupa\u00e7\u00f5es na hora de desenvolver seus modelos. Geralmente dotados de muita tecnologia, os ve\u00edculos movidos a bateria recebem uma s\u00e9rie de dispositivos voltada para\u2026 Leia mais \u00bb","og_url":"https:\/\/dana.com.br\/canaldana\/2022\/05\/24\/muito-alem-da-bateria\/","og_site_name":"Canal Dana","article_published_time":"2022-05-24T11:55:17+00:00","author":"Canal Dana","twitter_card":"summary_large_image","twitter_misc":{"Escrito por":"Canal Dana","Est. tempo de leitura":"4 minutos"},"schema":{"@context":"https:\/\/schema.org","@graph":[{"@type":"Article","@id":"https:\/\/dana.com.br\/canaldana\/2022\/05\/24\/muito-alem-da-bateria\/#article","isPartOf":{"@id":"https:\/\/dana.com.br\/canaldana\/2022\/05\/24\/muito-alem-da-bateria\/"},"author":{"name":"Canal Dana","@id":"https:\/\/dana.com.br\/canaldana\/#\/schema\/person\/3c21f22f56fcf3bc46b94bc60ea4fef6"},"headline":"Muito al\u00e9m da bateria","datePublished":"2022-05-24T11:55:17+00:00","mainEntityOfPage":{"@id":"https:\/\/dana.com.br\/canaldana\/2022\/05\/24\/muito-alem-da-bateria\/"},"wordCount":715,"articleSection":["Mercado"],"inLanguage":"pt-BR"},{"@type":"WebPage","@id":"https:\/\/dana.com.br\/canaldana\/2022\/05\/24\/muito-alem-da-bateria\/","url":"https:\/\/dana.com.br\/canaldana\/2022\/05\/24\/muito-alem-da-bateria\/","name":"Muito al\u00e9m da bateria - Canal Dana","isPartOf":{"@id":"https:\/\/dana.com.br\/canaldana\/#website"},"datePublished":"2022-05-24T11:55:17+00:00","author":{"@id":"https:\/\/dana.com.br\/canaldana\/#\/schema\/person\/3c21f22f56fcf3bc46b94bc60ea4fef6"},"breadcrumb":{"@id":"https:\/\/dana.com.br\/canaldana\/2022\/05\/24\/muito-alem-da-bateria\/#breadcrumb"},"inLanguage":"pt-BR","potentialAction":[{"@type":"ReadAction","target":["https:\/\/dana.com.br\/canaldana\/2022\/05\/24\/muito-alem-da-bateria\/"]}]},{"@type":"BreadcrumbList","@id":"https:\/\/dana.com.br\/canaldana\/2022\/05\/24\/muito-alem-da-bateria\/#breadcrumb","itemListElement":[{"@type":"ListItem","position":1,"name":"Home","item":"https:\/\/dana.com.br\/canaldana\/"},{"@type":"ListItem","position":2,"name":"Mercado","item":"https:\/\/dana.com.br\/canaldana\/mercado\/"},{"@type":"ListItem","position":3,"name":"Muito al\u00e9m da bateria"}]},{"@type":"WebSite","@id":"https:\/\/dana.com.br\/canaldana\/#website","url":"https:\/\/dana.com.br\/canaldana\/","name":"Canal Dana","description":"Informativo com as principais not\u00edcias da ind\u00fastria automotiva","potentialAction":[{"@type":"SearchAction","target":{"@type":"EntryPoint","urlTemplate":"https:\/\/dana.com.br\/canaldana\/?s={search_term_string}"},"query-input":{"@type":"PropertyValueSpecification","valueRequired":true,"valueName":"search_term_string"}}],"inLanguage":"pt-BR"},{"@type":"Person","@id":"https:\/\/dana.com.br\/canaldana\/#\/schema\/person\/3c21f22f56fcf3bc46b94bc60ea4fef6","name":"Canal Dana","image":{"@type":"ImageObject","inLanguage":"pt-BR","@id":"https:\/\/secure.gravatar.com\/avatar\/420aaf9278582877d9018637c6817617705899d2858d7572ef0fe59a6b6454b4?s=96&d=mm&r=g","url":"https:\/\/secure.gravatar.com\/avatar\/420aaf9278582877d9018637c6817617705899d2858d7572ef0fe59a6b6454b4?s=96&d=mm&r=g","contentUrl":"https:\/\/secure.gravatar.com\/avatar\/420aaf9278582877d9018637c6817617705899d2858d7572ef0fe59a6b6454b4?s=96&d=mm&r=g","caption":"Canal Dana"},"url":"https:\/\/dana.com.br\/canaldana\/author\/cdeditor\/"}]}},"_links":{"self":[{"href":"https:\/\/dana.com.br\/canaldana\/wp-json\/wp\/v2\/posts\/58426","targetHints":{"allow":["GET"]}}],"collection":[{"href":"https:\/\/dana.com.br\/canaldana\/wp-json\/wp\/v2\/posts"}],"about":[{"href":"https:\/\/dana.com.br\/canaldana\/wp-json\/wp\/v2\/types\/post"}],"author":[{"embeddable":true,"href":"https:\/\/dana.com.br\/canaldana\/wp-json\/wp\/v2\/users\/3"}],"replies":[{"embeddable":true,"href":"https:\/\/dana.com.br\/canaldana\/wp-json\/wp\/v2\/comments?post=58426"}],"version-history":[{"count":0,"href":"https:\/\/dana.com.br\/canaldana\/wp-json\/wp\/v2\/posts\/58426\/revisions"}],"wp:attachment":[{"href":"https:\/\/dana.com.br\/canaldana\/wp-json\/wp\/v2\/media?parent=58426"}],"wp:term":[{"taxonomy":"category","embeddable":true,"href":"https:\/\/dana.com.br\/canaldana\/wp-json\/wp\/v2\/categories?post=58426"},{"taxonomy":"post_tag","embeddable":true,"href":"https:\/\/dana.com.br\/canaldana\/wp-json\/wp\/v2\/tags?post=58426"}],"curies":[{"name":"wp","href":"https:\/\/api.w.org\/{rel}","templated":true}]}}