{"id":58343,"date":"2022-05-19T08:58:05","date_gmt":"2022-05-19T11:58:05","guid":{"rendered":"https:\/\/dana.com.br\/canaldana\/?p=58343"},"modified":"2022-05-19T08:58:05","modified_gmt":"2022-05-19T11:58:05","slug":"volkswagen-truck-bus-e-a-nova-razao-social-da-volkswagen-caminhoes-e-onibus","status":"publish","type":"post","link":"https:\/\/dana.com.br\/canaldana\/2022\/05\/19\/volkswagen-truck-bus-e-a-nova-razao-social-da-volkswagen-caminhoes-e-onibus\/","title":{"rendered":"Volkswagen Truck &#038; Bus \u00e9 a nova raz\u00e3o social da Volkswagen Caminh\u00f5es e \u00d4nibus"},"content":{"rendered":"<p><em>Truck &amp; Bus Builder Am\u00e9rica do Sul<\/em><\/p>\n<p>&nbsp;<\/p>\n<p>A Volkswagen Caminh\u00f5es e \u00d4nibus anunciou hoje, em S\u00f6dert\u00e4lje, na Su\u00e9cia, a mudan\u00e7a de sua raz\u00e3o social no Brasil para Volkswagen Truck &amp; Bus Ind\u00fastria e Com\u00e9rcio de Ve\u00edculos Ltda.. No M\u00e9xico, a empresa passa a se chamar Volkswagen Truck &amp; Bus M\u00e9xico S.A. de C.V.<\/p>\n<p>&nbsp;<\/p>\n<p>O an\u00fancio oficial das mudan\u00e7as foi feito pelo presidente e CEO Roberto Cortes durante o Capital Markets Day (Dia do Mercado de Capitais) do GRUPO TRATON. As novidades coincidem com o an\u00fancio da amplia\u00e7\u00e3o da presen\u00e7a da empresa em mais mercados, focando as regi\u00f5es ocidental e norte da \u00c1frica, al\u00e9m de avaliar oportunidades no Oriente M\u00e9dio.<\/p>\n<p>&nbsp;<\/p>\n<p>\u201cO an\u00fancio dessas mudan\u00e7as ocorre justamente quando buscamos ampliar nossa presen\u00e7a global como fornecedores de ve\u00edculos comerciais e servi\u00e7os. Em parceria com importadores, queremos aumentar nossas vendas nos mais de 30 pa\u00edses onde j\u00e1 atuamos, entrar em novos mercados como Togo, Benim, Burkina Faso, Sud\u00e3o e Sud\u00e3o do Sul, na \u00c1frica, e buscar oportunidades no Oriente M\u00e9dio, como por exemplo na Jord\u00e2nia. Al\u00e9m de ampliar o sucesso obtido em mercados como o filipino, na \u00c1sia\u201d, disse Roberto Cortes.<\/p>\n<p>&nbsp;<\/p>\n<p>Comercialmente, a empresa continuar\u00e1 usando a marca Volkswagen Caminh\u00f5es e \u00d4nibus no Brasil e nos demais pa\u00edses de l\u00edngua portuguesa. No M\u00e9xico, tamb\u00e9m seguir\u00e1 conforme o idioma espanhol: Volkswagen Camiones y Buses. Para eventos corporativos internacionais, al\u00e9m de alguns mercados de exporta\u00e7\u00e3o, o nome adotado pela montadora ser\u00e1 Volkswagen Truck &amp; Bus.<\/p>\n<p>&nbsp;<\/p>\n<p>O Capital Markets Day, que reuniu investidores e analistas em formato h\u00edbrido (presencial e on-line), teve a presen\u00e7a de todo o Board do Grupo, do qual o executivo brasileiro tamb\u00e9m \u00e9 parte. \u201cA Volkswagen Caminh\u00f5es e \u00d4nibus tem todas as condi\u00e7\u00f5es necess\u00e1rias para continuar crescendo. Seguiremos investindo de forma crescente, trabalhando em efici\u00eancia e sinergias de grupo para melhorar ainda mais a rentabilidade\u201d, completou o executivo.<\/p>\n<p>&nbsp;<\/p>\n<p><strong>Hist\u00f3ria de sucesso<\/strong><\/p>\n<p>&nbsp;<\/p>\n<p>Criada h\u00e1 41 anos, a montadora iniciou suas opera\u00e7\u00f5es no Brasil, com a oferta de apenas dois caminh\u00f5es m\u00e9dios: os VW 11.130 e 13.130. Hoje, mant\u00e9m f\u00e1bricas no Brasil e no M\u00e9xico, uma rede com cerca de 350 pontos de venda em tr\u00eas continentes, e mais de 50 diferentes modelos de caminh\u00f5es e \u00f4nibus, que ainda podem configurados sob medida. Somados, os times da Volkswagen Caminh\u00f5es e \u00d4nibus e das oito empresas que comp\u00f5em o in\u00e9dito sistema produtivo chamado de Cons\u00f3rcio Modular chegam a 5 mil colaboradores.<\/p>\n<p>&nbsp;<\/p>\n<p>A empresa \u00e9 a atual l\u00edder brasileira em vendas de caminh\u00f5es (t\u00edtulo tamb\u00e9m conquistado de 2008 a 2015), segundo a Associa\u00e7\u00e3o Nacional de Ve\u00edculos Automotores \u2013 ANFAVEA. Tamb\u00e9m det\u00e9m a vice-lideran\u00e7a hist\u00f3rica no mercado nacional de chassis de \u00f4nibus, e realiza embarques de produtos completos ou em kits para seus importadores na Am\u00e9rica Latina, \u00c1frica, Oriente M\u00e9dio e \u00c1sia. (Truck &amp; Bus Builder Am\u00e9rica do Sul)<\/p>\n","protected":false},"excerpt":{"rendered":"<p>Truck &amp; Bus Builder Am\u00e9rica do Sul &nbsp; A Volkswagen Caminh\u00f5es e \u00d4nibus anunciou hoje, em S\u00f6dert\u00e4lje, na Su\u00e9cia, a mudan\u00e7a de sua raz\u00e3o social no Brasil para Volkswagen Truck &amp; Bus Ind\u00fastria e Com\u00e9rcio de Ve\u00edculos Ltda.. No M\u00e9xico, a empresa passa a se chamar Volkswagen Truck &amp; Bus M\u00e9xico S.A. de C.V. &nbsp;\u2026 <a class=\"readmore\" href=\"https:\/\/dana.com.br\/canaldana\/2022\/05\/19\/volkswagen-truck-bus-e-a-nova-razao-social-da-volkswagen-caminhoes-e-onibus\/\">Leia mais \u00bb<\/a><\/p>\n","protected":false},"author":3,"featured_media":0,"comment_status":"closed","ping_status":"closed","sticky":false,"template":"","format":"standard","meta":{"_acf_changed":false,"footnotes":""},"categories":[79],"tags":[],"class_list":["post-58343","post","type-post","status-publish","format-standard","hentry","category-mercado"],"acf":[],"yoast_head":"<!-- This site is optimized with the Yoast SEO plugin v27.3 - https:\/\/yoast.com\/product\/yoast-seo-wordpress\/ -->\n<title>Volkswagen Truck &amp; Bus \u00e9 a nova raz\u00e3o social da Volkswagen Caminh\u00f5es e \u00d4nibus - Canal Dana<\/title>\n<meta name=\"robots\" content=\"index, follow, max-snippet:-1, max-image-preview:large, max-video-preview:-1\" \/>\n<link rel=\"canonical\" href=\"https:\/\/dana.com.br\/canaldana\/2022\/05\/19\/volkswagen-truck-bus-e-a-nova-razao-social-da-volkswagen-caminhoes-e-onibus\/\" \/>\n<meta property=\"og:locale\" content=\"pt_BR\" \/>\n<meta property=\"og:type\" content=\"article\" \/>\n<meta property=\"og:title\" content=\"Volkswagen Truck &amp; Bus \u00e9 a nova raz\u00e3o social da Volkswagen Caminh\u00f5es e \u00d4nibus - Canal Dana\" \/>\n<meta property=\"og:description\" content=\"Truck &amp; Bus Builder Am\u00e9rica do Sul &nbsp; A Volkswagen Caminh\u00f5es e \u00d4nibus anunciou hoje, em S\u00f6dert\u00e4lje, na Su\u00e9cia, a mudan\u00e7a de sua raz\u00e3o social no Brasil para Volkswagen Truck &amp; Bus Ind\u00fastria e Com\u00e9rcio de Ve\u00edculos Ltda.. No M\u00e9xico, a empresa passa a se chamar Volkswagen Truck &amp; Bus M\u00e9xico S.A. de C.V. &nbsp;\u2026 Leia mais \u00bb\" \/>\n<meta property=\"og:url\" content=\"https:\/\/dana.com.br\/canaldana\/2022\/05\/19\/volkswagen-truck-bus-e-a-nova-razao-social-da-volkswagen-caminhoes-e-onibus\/\" \/>\n<meta property=\"og:site_name\" content=\"Canal Dana\" \/>\n<meta property=\"article:published_time\" content=\"2022-05-19T11:58:05+00:00\" \/>\n<meta name=\"author\" content=\"Canal Dana\" \/>\n<meta name=\"twitter:card\" content=\"summary_large_image\" \/>\n<meta name=\"twitter:label1\" content=\"Escrito por\" \/>\n\t<meta name=\"twitter:data1\" content=\"Canal Dana\" \/>\n\t<meta name=\"twitter:label2\" content=\"Est. tempo de leitura\" \/>\n\t<meta name=\"twitter:data2\" content=\"3 minutos\" \/>\n<script type=\"application\/ld+json\" class=\"yoast-schema-graph\">{\"@context\":\"https:\\\/\\\/schema.org\",\"@graph\":[{\"@type\":\"Article\",\"@id\":\"https:\\\/\\\/dana.com.br\\\/canaldana\\\/2022\\\/05\\\/19\\\/volkswagen-truck-bus-e-a-nova-razao-social-da-volkswagen-caminhoes-e-onibus\\\/#article\",\"isPartOf\":{\"@id\":\"https:\\\/\\\/dana.com.br\\\/canaldana\\\/2022\\\/05\\\/19\\\/volkswagen-truck-bus-e-a-nova-razao-social-da-volkswagen-caminhoes-e-onibus\\\/\"},\"author\":{\"name\":\"Canal Dana\",\"@id\":\"https:\\\/\\\/dana.com.br\\\/canaldana\\\/#\\\/schema\\\/person\\\/3c21f22f56fcf3bc46b94bc60ea4fef6\"},\"headline\":\"Volkswagen Truck &#038; Bus \u00e9 a nova raz\u00e3o social da Volkswagen Caminh\u00f5es e \u00d4nibus\",\"datePublished\":\"2022-05-19T11:58:05+00:00\",\"mainEntityOfPage\":{\"@id\":\"https:\\\/\\\/dana.com.br\\\/canaldana\\\/2022\\\/05\\\/19\\\/volkswagen-truck-bus-e-a-nova-razao-social-da-volkswagen-caminhoes-e-onibus\\\/\"},\"wordCount\":544,\"articleSection\":[\"Mercado\"],\"inLanguage\":\"pt-BR\"},{\"@type\":\"WebPage\",\"@id\":\"https:\\\/\\\/dana.com.br\\\/canaldana\\\/2022\\\/05\\\/19\\\/volkswagen-truck-bus-e-a-nova-razao-social-da-volkswagen-caminhoes-e-onibus\\\/\",\"url\":\"https:\\\/\\\/dana.com.br\\\/canaldana\\\/2022\\\/05\\\/19\\\/volkswagen-truck-bus-e-a-nova-razao-social-da-volkswagen-caminhoes-e-onibus\\\/\",\"name\":\"Volkswagen Truck & Bus \u00e9 a nova raz\u00e3o social da Volkswagen Caminh\u00f5es e \u00d4nibus - Canal Dana\",\"isPartOf\":{\"@id\":\"https:\\\/\\\/dana.com.br\\\/canaldana\\\/#website\"},\"datePublished\":\"2022-05-19T11:58:05+00:00\",\"author\":{\"@id\":\"https:\\\/\\\/dana.com.br\\\/canaldana\\\/#\\\/schema\\\/person\\\/3c21f22f56fcf3bc46b94bc60ea4fef6\"},\"breadcrumb\":{\"@id\":\"https:\\\/\\\/dana.com.br\\\/canaldana\\\/2022\\\/05\\\/19\\\/volkswagen-truck-bus-e-a-nova-razao-social-da-volkswagen-caminhoes-e-onibus\\\/#breadcrumb\"},\"inLanguage\":\"pt-BR\",\"potentialAction\":[{\"@type\":\"ReadAction\",\"target\":[\"https:\\\/\\\/dana.com.br\\\/canaldana\\\/2022\\\/05\\\/19\\\/volkswagen-truck-bus-e-a-nova-razao-social-da-volkswagen-caminhoes-e-onibus\\\/\"]}]},{\"@type\":\"BreadcrumbList\",\"@id\":\"https:\\\/\\\/dana.com.br\\\/canaldana\\\/2022\\\/05\\\/19\\\/volkswagen-truck-bus-e-a-nova-razao-social-da-volkswagen-caminhoes-e-onibus\\\/#breadcrumb\",\"itemListElement\":[{\"@type\":\"ListItem\",\"position\":1,\"name\":\"Home\",\"item\":\"https:\\\/\\\/dana.com.br\\\/canaldana\\\/\"},{\"@type\":\"ListItem\",\"position\":2,\"name\":\"Mercado\",\"item\":\"https:\\\/\\\/dana.com.br\\\/canaldana\\\/mercado\\\/\"},{\"@type\":\"ListItem\",\"position\":3,\"name\":\"Volkswagen Truck &#038; Bus \u00e9 a nova raz\u00e3o social da Volkswagen Caminh\u00f5es e \u00d4nibus\"}]},{\"@type\":\"WebSite\",\"@id\":\"https:\\\/\\\/dana.com.br\\\/canaldana\\\/#website\",\"url\":\"https:\\\/\\\/dana.com.br\\\/canaldana\\\/\",\"name\":\"Canal Dana\",\"description\":\"Informativo com as principais not\u00edcias da ind\u00fastria automotiva\",\"potentialAction\":[{\"@type\":\"SearchAction\",\"target\":{\"@type\":\"EntryPoint\",\"urlTemplate\":\"https:\\\/\\\/dana.com.br\\\/canaldana\\\/?s={search_term_string}\"},\"query-input\":{\"@type\":\"PropertyValueSpecification\",\"valueRequired\":true,\"valueName\":\"search_term_string\"}}],\"inLanguage\":\"pt-BR\"},{\"@type\":\"Person\",\"@id\":\"https:\\\/\\\/dana.com.br\\\/canaldana\\\/#\\\/schema\\\/person\\\/3c21f22f56fcf3bc46b94bc60ea4fef6\",\"name\":\"Canal Dana\",\"image\":{\"@type\":\"ImageObject\",\"inLanguage\":\"pt-BR\",\"@id\":\"https:\\\/\\\/secure.gravatar.com\\\/avatar\\\/420aaf9278582877d9018637c6817617705899d2858d7572ef0fe59a6b6454b4?s=96&d=mm&r=g\",\"url\":\"https:\\\/\\\/secure.gravatar.com\\\/avatar\\\/420aaf9278582877d9018637c6817617705899d2858d7572ef0fe59a6b6454b4?s=96&d=mm&r=g\",\"contentUrl\":\"https:\\\/\\\/secure.gravatar.com\\\/avatar\\\/420aaf9278582877d9018637c6817617705899d2858d7572ef0fe59a6b6454b4?s=96&d=mm&r=g\",\"caption\":\"Canal Dana\"},\"url\":\"https:\\\/\\\/dana.com.br\\\/canaldana\\\/author\\\/cdeditor\\\/\"}]}<\/script>\n<!-- \/ Yoast SEO plugin. -->","yoast_head_json":{"title":"Volkswagen Truck & Bus \u00e9 a nova raz\u00e3o social da Volkswagen Caminh\u00f5es e \u00d4nibus - Canal Dana","robots":{"index":"index","follow":"follow","max-snippet":"max-snippet:-1","max-image-preview":"max-image-preview:large","max-video-preview":"max-video-preview:-1"},"canonical":"https:\/\/dana.com.br\/canaldana\/2022\/05\/19\/volkswagen-truck-bus-e-a-nova-razao-social-da-volkswagen-caminhoes-e-onibus\/","og_locale":"pt_BR","og_type":"article","og_title":"Volkswagen Truck & Bus \u00e9 a nova raz\u00e3o social da Volkswagen Caminh\u00f5es e \u00d4nibus - Canal Dana","og_description":"Truck &amp; Bus Builder Am\u00e9rica do Sul &nbsp; A Volkswagen Caminh\u00f5es e \u00d4nibus anunciou hoje, em S\u00f6dert\u00e4lje, na Su\u00e9cia, a mudan\u00e7a de sua raz\u00e3o social no Brasil para Volkswagen Truck &amp; Bus Ind\u00fastria e Com\u00e9rcio de Ve\u00edculos Ltda.. No M\u00e9xico, a empresa passa a se chamar Volkswagen Truck &amp; Bus M\u00e9xico S.A. de C.V. &nbsp;\u2026 Leia mais \u00bb","og_url":"https:\/\/dana.com.br\/canaldana\/2022\/05\/19\/volkswagen-truck-bus-e-a-nova-razao-social-da-volkswagen-caminhoes-e-onibus\/","og_site_name":"Canal Dana","article_published_time":"2022-05-19T11:58:05+00:00","author":"Canal Dana","twitter_card":"summary_large_image","twitter_misc":{"Escrito por":"Canal Dana","Est. tempo de leitura":"3 minutos"},"schema":{"@context":"https:\/\/schema.org","@graph":[{"@type":"Article","@id":"https:\/\/dana.com.br\/canaldana\/2022\/05\/19\/volkswagen-truck-bus-e-a-nova-razao-social-da-volkswagen-caminhoes-e-onibus\/#article","isPartOf":{"@id":"https:\/\/dana.com.br\/canaldana\/2022\/05\/19\/volkswagen-truck-bus-e-a-nova-razao-social-da-volkswagen-caminhoes-e-onibus\/"},"author":{"name":"Canal Dana","@id":"https:\/\/dana.com.br\/canaldana\/#\/schema\/person\/3c21f22f56fcf3bc46b94bc60ea4fef6"},"headline":"Volkswagen Truck &#038; Bus \u00e9 a nova raz\u00e3o social da Volkswagen Caminh\u00f5es e \u00d4nibus","datePublished":"2022-05-19T11:58:05+00:00","mainEntityOfPage":{"@id":"https:\/\/dana.com.br\/canaldana\/2022\/05\/19\/volkswagen-truck-bus-e-a-nova-razao-social-da-volkswagen-caminhoes-e-onibus\/"},"wordCount":544,"articleSection":["Mercado"],"inLanguage":"pt-BR"},{"@type":"WebPage","@id":"https:\/\/dana.com.br\/canaldana\/2022\/05\/19\/volkswagen-truck-bus-e-a-nova-razao-social-da-volkswagen-caminhoes-e-onibus\/","url":"https:\/\/dana.com.br\/canaldana\/2022\/05\/19\/volkswagen-truck-bus-e-a-nova-razao-social-da-volkswagen-caminhoes-e-onibus\/","name":"Volkswagen Truck & Bus \u00e9 a nova raz\u00e3o social da Volkswagen Caminh\u00f5es e \u00d4nibus - Canal Dana","isPartOf":{"@id":"https:\/\/dana.com.br\/canaldana\/#website"},"datePublished":"2022-05-19T11:58:05+00:00","author":{"@id":"https:\/\/dana.com.br\/canaldana\/#\/schema\/person\/3c21f22f56fcf3bc46b94bc60ea4fef6"},"breadcrumb":{"@id":"https:\/\/dana.com.br\/canaldana\/2022\/05\/19\/volkswagen-truck-bus-e-a-nova-razao-social-da-volkswagen-caminhoes-e-onibus\/#breadcrumb"},"inLanguage":"pt-BR","potentialAction":[{"@type":"ReadAction","target":["https:\/\/dana.com.br\/canaldana\/2022\/05\/19\/volkswagen-truck-bus-e-a-nova-razao-social-da-volkswagen-caminhoes-e-onibus\/"]}]},{"@type":"BreadcrumbList","@id":"https:\/\/dana.com.br\/canaldana\/2022\/05\/19\/volkswagen-truck-bus-e-a-nova-razao-social-da-volkswagen-caminhoes-e-onibus\/#breadcrumb","itemListElement":[{"@type":"ListItem","position":1,"name":"Home","item":"https:\/\/dana.com.br\/canaldana\/"},{"@type":"ListItem","position":2,"name":"Mercado","item":"https:\/\/dana.com.br\/canaldana\/mercado\/"},{"@type":"ListItem","position":3,"name":"Volkswagen Truck &#038; Bus \u00e9 a nova raz\u00e3o social da Volkswagen Caminh\u00f5es e \u00d4nibus"}]},{"@type":"WebSite","@id":"https:\/\/dana.com.br\/canaldana\/#website","url":"https:\/\/dana.com.br\/canaldana\/","name":"Canal Dana","description":"Informativo com as principais not\u00edcias da ind\u00fastria automotiva","potentialAction":[{"@type":"SearchAction","target":{"@type":"EntryPoint","urlTemplate":"https:\/\/dana.com.br\/canaldana\/?s={search_term_string}"},"query-input":{"@type":"PropertyValueSpecification","valueRequired":true,"valueName":"search_term_string"}}],"inLanguage":"pt-BR"},{"@type":"Person","@id":"https:\/\/dana.com.br\/canaldana\/#\/schema\/person\/3c21f22f56fcf3bc46b94bc60ea4fef6","name":"Canal Dana","image":{"@type":"ImageObject","inLanguage":"pt-BR","@id":"https:\/\/secure.gravatar.com\/avatar\/420aaf9278582877d9018637c6817617705899d2858d7572ef0fe59a6b6454b4?s=96&d=mm&r=g","url":"https:\/\/secure.gravatar.com\/avatar\/420aaf9278582877d9018637c6817617705899d2858d7572ef0fe59a6b6454b4?s=96&d=mm&r=g","contentUrl":"https:\/\/secure.gravatar.com\/avatar\/420aaf9278582877d9018637c6817617705899d2858d7572ef0fe59a6b6454b4?s=96&d=mm&r=g","caption":"Canal Dana"},"url":"https:\/\/dana.com.br\/canaldana\/author\/cdeditor\/"}]}},"_links":{"self":[{"href":"https:\/\/dana.com.br\/canaldana\/wp-json\/wp\/v2\/posts\/58343","targetHints":{"allow":["GET"]}}],"collection":[{"href":"https:\/\/dana.com.br\/canaldana\/wp-json\/wp\/v2\/posts"}],"about":[{"href":"https:\/\/dana.com.br\/canaldana\/wp-json\/wp\/v2\/types\/post"}],"author":[{"embeddable":true,"href":"https:\/\/dana.com.br\/canaldana\/wp-json\/wp\/v2\/users\/3"}],"replies":[{"embeddable":true,"href":"https:\/\/dana.com.br\/canaldana\/wp-json\/wp\/v2\/comments?post=58343"}],"version-history":[{"count":0,"href":"https:\/\/dana.com.br\/canaldana\/wp-json\/wp\/v2\/posts\/58343\/revisions"}],"wp:attachment":[{"href":"https:\/\/dana.com.br\/canaldana\/wp-json\/wp\/v2\/media?parent=58343"}],"wp:term":[{"taxonomy":"category","embeddable":true,"href":"https:\/\/dana.com.br\/canaldana\/wp-json\/wp\/v2\/categories?post=58343"},{"taxonomy":"post_tag","embeddable":true,"href":"https:\/\/dana.com.br\/canaldana\/wp-json\/wp\/v2\/tags?post=58343"}],"curies":[{"name":"wp","href":"https:\/\/api.w.org\/{rel}","templated":true}]}}