{"id":58322,"date":"2022-05-18T08:39:10","date_gmt":"2022-05-18T11:39:10","guid":{"rendered":"https:\/\/dana.com.br\/canaldana\/?p=58322"},"modified":"2022-05-18T08:39:10","modified_gmt":"2022-05-18T11:39:10","slug":"defasagem-da-gasolina-deve-elevar-tensao-entre-o-governo-e-a-petrobras","status":"publish","type":"post","link":"https:\/\/dana.com.br\/canaldana\/2022\/05\/18\/defasagem-da-gasolina-deve-elevar-tensao-entre-o-governo-e-a-petrobras\/","title":{"rendered":"Defasagem da gasolina deve elevar tens\u00e3o entre o governo e a Petrobras"},"content":{"rendered":"<p><em>O Estado de S. Paulo <\/em><\/p>\n<p>&nbsp;<\/p>\n<p>Sem reajustes nas refinarias h\u00e1 mais de dois meses (o \u00faltimo foi em 11 de mar\u00e7o), a gasolina se tornou o novo ponto de tens\u00e3o entre a diretoria da Petrobras e o governo. O presidente Jair Bolsonaro tem recorrido a demiss\u00f5es para mostrar seu desagrado com o pre\u00e7o dos combust\u00edveis. J\u00e1 os acionistas se sentem lesados pela demora dos reajustes, o que gera impacto nos resultados.<\/p>\n<p>&nbsp;<\/p>\n<p>Segundo c\u00e1lculos da Abicom, associa\u00e7\u00e3o que re\u00fane pequenos e m\u00e9dios importadores de combust\u00edveis, a defasagem dos pre\u00e7os da gasolina em rela\u00e7\u00e3o ao mercado internacional chegaria a 20%. \u201cA press\u00e3o est\u00e1 muito grande por parte do governo, e acho dif\u00edcil fazer reajuste nos pr\u00f3ximos dias, mas deveria\u201d, avalia o presidente da entidade, Sergio Ara\u00fajo.<\/p>\n<p>&nbsp;<\/p>\n<p>\u201cEm abril, houve at\u00e9 potencial para redu\u00e7\u00e3o de pre\u00e7o da ordem de 6%, com a valoriza\u00e7\u00e3o do real. Mas o d\u00f3lar subiu, e a defasagem voltou\u201d, diz o analista da Ativa Investimentos Ilan Arbetman.<\/p>\n<p>&nbsp;<\/p>\n<p>Ao contr\u00e1rio do diesel (que depende de cerca de 25% de importa\u00e7\u00f5es), a gasolina \u00e9 menos dependente do mercado externo, j\u00e1 que as refinarias locais abastecem 97% do mercado. Mas, ainda assim, a defasagem em rela\u00e7\u00e3o ao mercado externo \u00e9 da ordem de R$ 1 por litro, segundo a Abicom.<\/p>\n<p>&nbsp;<\/p>\n<p>Na avalia\u00e7\u00e3o do professor do Instituto de Energia da PUCRIO Edmar Almeida, os reajustes s\u00e3o necess\u00e1rios e, se n\u00e3o forem feitos com alguma regularidade, a Petrobras pode ser questionada na Justi\u00e7a pelos acionistas, principalmente se houver suspeita de interfer\u00eancia por parte do governo. \u201cN\u00e3o se pode fazer pol\u00edtica p\u00fablica com dinheiro dos acionistas. Ela (Petrobras) n\u00e3o tem op\u00e7\u00e3o.\u201d<\/p>\n<p>&nbsp;<\/p>\n<p>O especialista ressalta que, apesar da alta volatilidade do mercado de petr\u00f3leo, intensificada com a guerra na Ucr\u00e2nia, a Petrobras \u00e9 uma empresa de capital aberto e n\u00e3o pode subsidiar pre\u00e7os. (O Estado de S. Paulo\/Denise Luna)<\/p>\n","protected":false},"excerpt":{"rendered":"<p>O Estado de S. Paulo &nbsp; Sem reajustes nas refinarias h\u00e1 mais de dois meses (o \u00faltimo foi em 11 de mar\u00e7o), a gasolina se tornou o novo ponto de tens\u00e3o entre a diretoria da Petrobras e o governo. O presidente Jair Bolsonaro tem recorrido a demiss\u00f5es para mostrar seu desagrado com o pre\u00e7o dos\u2026 <a class=\"readmore\" href=\"https:\/\/dana.com.br\/canaldana\/2022\/05\/18\/defasagem-da-gasolina-deve-elevar-tensao-entre-o-governo-e-a-petrobras\/\">Leia mais \u00bb<\/a><\/p>\n","protected":false},"author":3,"featured_media":0,"comment_status":"closed","ping_status":"closed","sticky":false,"template":"","format":"standard","meta":{"_acf_changed":false,"footnotes":""},"categories":[79],"tags":[],"class_list":["post-58322","post","type-post","status-publish","format-standard","hentry","category-mercado"],"acf":[],"yoast_head":"<!-- This site is optimized with the Yoast SEO plugin v27.3 - https:\/\/yoast.com\/product\/yoast-seo-wordpress\/ -->\n<title>Defasagem da gasolina deve elevar tens\u00e3o entre o governo e a Petrobras - Canal Dana<\/title>\n<meta name=\"robots\" content=\"index, follow, max-snippet:-1, max-image-preview:large, max-video-preview:-1\" \/>\n<link rel=\"canonical\" href=\"https:\/\/dana.com.br\/canaldana\/2022\/05\/18\/defasagem-da-gasolina-deve-elevar-tensao-entre-o-governo-e-a-petrobras\/\" \/>\n<meta property=\"og:locale\" content=\"pt_BR\" \/>\n<meta property=\"og:type\" content=\"article\" \/>\n<meta property=\"og:title\" content=\"Defasagem da gasolina deve elevar tens\u00e3o entre o governo e a Petrobras - Canal Dana\" \/>\n<meta property=\"og:description\" content=\"O Estado de S. Paulo &nbsp; Sem reajustes nas refinarias h\u00e1 mais de dois meses (o \u00faltimo foi em 11 de mar\u00e7o), a gasolina se tornou o novo ponto de tens\u00e3o entre a diretoria da Petrobras e o governo. O presidente Jair Bolsonaro tem recorrido a demiss\u00f5es para mostrar seu desagrado com o pre\u00e7o dos\u2026 Leia mais \u00bb\" \/>\n<meta property=\"og:url\" content=\"https:\/\/dana.com.br\/canaldana\/2022\/05\/18\/defasagem-da-gasolina-deve-elevar-tensao-entre-o-governo-e-a-petrobras\/\" \/>\n<meta property=\"og:site_name\" content=\"Canal Dana\" \/>\n<meta property=\"article:published_time\" content=\"2022-05-18T11:39:10+00:00\" \/>\n<meta name=\"author\" content=\"Canal Dana\" \/>\n<meta name=\"twitter:card\" content=\"summary_large_image\" \/>\n<meta name=\"twitter:label1\" content=\"Escrito por\" \/>\n\t<meta name=\"twitter:data1\" content=\"Canal Dana\" \/>\n\t<meta name=\"twitter:label2\" content=\"Est. tempo de leitura\" \/>\n\t<meta name=\"twitter:data2\" content=\"2 minutos\" \/>\n<script type=\"application\/ld+json\" class=\"yoast-schema-graph\">{\"@context\":\"https:\\\/\\\/schema.org\",\"@graph\":[{\"@type\":\"Article\",\"@id\":\"https:\\\/\\\/dana.com.br\\\/canaldana\\\/2022\\\/05\\\/18\\\/defasagem-da-gasolina-deve-elevar-tensao-entre-o-governo-e-a-petrobras\\\/#article\",\"isPartOf\":{\"@id\":\"https:\\\/\\\/dana.com.br\\\/canaldana\\\/2022\\\/05\\\/18\\\/defasagem-da-gasolina-deve-elevar-tensao-entre-o-governo-e-a-petrobras\\\/\"},\"author\":{\"name\":\"Canal Dana\",\"@id\":\"https:\\\/\\\/dana.com.br\\\/canaldana\\\/#\\\/schema\\\/person\\\/3c21f22f56fcf3bc46b94bc60ea4fef6\"},\"headline\":\"Defasagem da gasolina deve elevar tens\u00e3o entre o governo e a Petrobras\",\"datePublished\":\"2022-05-18T11:39:10+00:00\",\"mainEntityOfPage\":{\"@id\":\"https:\\\/\\\/dana.com.br\\\/canaldana\\\/2022\\\/05\\\/18\\\/defasagem-da-gasolina-deve-elevar-tensao-entre-o-governo-e-a-petrobras\\\/\"},\"wordCount\":352,\"articleSection\":[\"Mercado\"],\"inLanguage\":\"pt-BR\"},{\"@type\":\"WebPage\",\"@id\":\"https:\\\/\\\/dana.com.br\\\/canaldana\\\/2022\\\/05\\\/18\\\/defasagem-da-gasolina-deve-elevar-tensao-entre-o-governo-e-a-petrobras\\\/\",\"url\":\"https:\\\/\\\/dana.com.br\\\/canaldana\\\/2022\\\/05\\\/18\\\/defasagem-da-gasolina-deve-elevar-tensao-entre-o-governo-e-a-petrobras\\\/\",\"name\":\"Defasagem da gasolina deve elevar tens\u00e3o entre o governo e a Petrobras - Canal Dana\",\"isPartOf\":{\"@id\":\"https:\\\/\\\/dana.com.br\\\/canaldana\\\/#website\"},\"datePublished\":\"2022-05-18T11:39:10+00:00\",\"author\":{\"@id\":\"https:\\\/\\\/dana.com.br\\\/canaldana\\\/#\\\/schema\\\/person\\\/3c21f22f56fcf3bc46b94bc60ea4fef6\"},\"breadcrumb\":{\"@id\":\"https:\\\/\\\/dana.com.br\\\/canaldana\\\/2022\\\/05\\\/18\\\/defasagem-da-gasolina-deve-elevar-tensao-entre-o-governo-e-a-petrobras\\\/#breadcrumb\"},\"inLanguage\":\"pt-BR\",\"potentialAction\":[{\"@type\":\"ReadAction\",\"target\":[\"https:\\\/\\\/dana.com.br\\\/canaldana\\\/2022\\\/05\\\/18\\\/defasagem-da-gasolina-deve-elevar-tensao-entre-o-governo-e-a-petrobras\\\/\"]}]},{\"@type\":\"BreadcrumbList\",\"@id\":\"https:\\\/\\\/dana.com.br\\\/canaldana\\\/2022\\\/05\\\/18\\\/defasagem-da-gasolina-deve-elevar-tensao-entre-o-governo-e-a-petrobras\\\/#breadcrumb\",\"itemListElement\":[{\"@type\":\"ListItem\",\"position\":1,\"name\":\"Home\",\"item\":\"https:\\\/\\\/dana.com.br\\\/canaldana\\\/\"},{\"@type\":\"ListItem\",\"position\":2,\"name\":\"Mercado\",\"item\":\"https:\\\/\\\/dana.com.br\\\/canaldana\\\/mercado\\\/\"},{\"@type\":\"ListItem\",\"position\":3,\"name\":\"Defasagem da gasolina deve elevar tens\u00e3o entre o governo e a Petrobras\"}]},{\"@type\":\"WebSite\",\"@id\":\"https:\\\/\\\/dana.com.br\\\/canaldana\\\/#website\",\"url\":\"https:\\\/\\\/dana.com.br\\\/canaldana\\\/\",\"name\":\"Canal Dana\",\"description\":\"Informativo com as principais not\u00edcias da ind\u00fastria automotiva\",\"potentialAction\":[{\"@type\":\"SearchAction\",\"target\":{\"@type\":\"EntryPoint\",\"urlTemplate\":\"https:\\\/\\\/dana.com.br\\\/canaldana\\\/?s={search_term_string}\"},\"query-input\":{\"@type\":\"PropertyValueSpecification\",\"valueRequired\":true,\"valueName\":\"search_term_string\"}}],\"inLanguage\":\"pt-BR\"},{\"@type\":\"Person\",\"@id\":\"https:\\\/\\\/dana.com.br\\\/canaldana\\\/#\\\/schema\\\/person\\\/3c21f22f56fcf3bc46b94bc60ea4fef6\",\"name\":\"Canal Dana\",\"image\":{\"@type\":\"ImageObject\",\"inLanguage\":\"pt-BR\",\"@id\":\"https:\\\/\\\/secure.gravatar.com\\\/avatar\\\/420aaf9278582877d9018637c6817617705899d2858d7572ef0fe59a6b6454b4?s=96&d=mm&r=g\",\"url\":\"https:\\\/\\\/secure.gravatar.com\\\/avatar\\\/420aaf9278582877d9018637c6817617705899d2858d7572ef0fe59a6b6454b4?s=96&d=mm&r=g\",\"contentUrl\":\"https:\\\/\\\/secure.gravatar.com\\\/avatar\\\/420aaf9278582877d9018637c6817617705899d2858d7572ef0fe59a6b6454b4?s=96&d=mm&r=g\",\"caption\":\"Canal Dana\"},\"url\":\"https:\\\/\\\/dana.com.br\\\/canaldana\\\/author\\\/cdeditor\\\/\"}]}<\/script>\n<!-- \/ Yoast SEO plugin. -->","yoast_head_json":{"title":"Defasagem da gasolina deve elevar tens\u00e3o entre o governo e a Petrobras - Canal Dana","robots":{"index":"index","follow":"follow","max-snippet":"max-snippet:-1","max-image-preview":"max-image-preview:large","max-video-preview":"max-video-preview:-1"},"canonical":"https:\/\/dana.com.br\/canaldana\/2022\/05\/18\/defasagem-da-gasolina-deve-elevar-tensao-entre-o-governo-e-a-petrobras\/","og_locale":"pt_BR","og_type":"article","og_title":"Defasagem da gasolina deve elevar tens\u00e3o entre o governo e a Petrobras - Canal Dana","og_description":"O Estado de S. Paulo &nbsp; Sem reajustes nas refinarias h\u00e1 mais de dois meses (o \u00faltimo foi em 11 de mar\u00e7o), a gasolina se tornou o novo ponto de tens\u00e3o entre a diretoria da Petrobras e o governo. O presidente Jair Bolsonaro tem recorrido a demiss\u00f5es para mostrar seu desagrado com o pre\u00e7o dos\u2026 Leia mais \u00bb","og_url":"https:\/\/dana.com.br\/canaldana\/2022\/05\/18\/defasagem-da-gasolina-deve-elevar-tensao-entre-o-governo-e-a-petrobras\/","og_site_name":"Canal Dana","article_published_time":"2022-05-18T11:39:10+00:00","author":"Canal Dana","twitter_card":"summary_large_image","twitter_misc":{"Escrito por":"Canal Dana","Est. tempo de leitura":"2 minutos"},"schema":{"@context":"https:\/\/schema.org","@graph":[{"@type":"Article","@id":"https:\/\/dana.com.br\/canaldana\/2022\/05\/18\/defasagem-da-gasolina-deve-elevar-tensao-entre-o-governo-e-a-petrobras\/#article","isPartOf":{"@id":"https:\/\/dana.com.br\/canaldana\/2022\/05\/18\/defasagem-da-gasolina-deve-elevar-tensao-entre-o-governo-e-a-petrobras\/"},"author":{"name":"Canal Dana","@id":"https:\/\/dana.com.br\/canaldana\/#\/schema\/person\/3c21f22f56fcf3bc46b94bc60ea4fef6"},"headline":"Defasagem da gasolina deve elevar tens\u00e3o entre o governo e a Petrobras","datePublished":"2022-05-18T11:39:10+00:00","mainEntityOfPage":{"@id":"https:\/\/dana.com.br\/canaldana\/2022\/05\/18\/defasagem-da-gasolina-deve-elevar-tensao-entre-o-governo-e-a-petrobras\/"},"wordCount":352,"articleSection":["Mercado"],"inLanguage":"pt-BR"},{"@type":"WebPage","@id":"https:\/\/dana.com.br\/canaldana\/2022\/05\/18\/defasagem-da-gasolina-deve-elevar-tensao-entre-o-governo-e-a-petrobras\/","url":"https:\/\/dana.com.br\/canaldana\/2022\/05\/18\/defasagem-da-gasolina-deve-elevar-tensao-entre-o-governo-e-a-petrobras\/","name":"Defasagem da gasolina deve elevar tens\u00e3o entre o governo e a Petrobras - Canal Dana","isPartOf":{"@id":"https:\/\/dana.com.br\/canaldana\/#website"},"datePublished":"2022-05-18T11:39:10+00:00","author":{"@id":"https:\/\/dana.com.br\/canaldana\/#\/schema\/person\/3c21f22f56fcf3bc46b94bc60ea4fef6"},"breadcrumb":{"@id":"https:\/\/dana.com.br\/canaldana\/2022\/05\/18\/defasagem-da-gasolina-deve-elevar-tensao-entre-o-governo-e-a-petrobras\/#breadcrumb"},"inLanguage":"pt-BR","potentialAction":[{"@type":"ReadAction","target":["https:\/\/dana.com.br\/canaldana\/2022\/05\/18\/defasagem-da-gasolina-deve-elevar-tensao-entre-o-governo-e-a-petrobras\/"]}]},{"@type":"BreadcrumbList","@id":"https:\/\/dana.com.br\/canaldana\/2022\/05\/18\/defasagem-da-gasolina-deve-elevar-tensao-entre-o-governo-e-a-petrobras\/#breadcrumb","itemListElement":[{"@type":"ListItem","position":1,"name":"Home","item":"https:\/\/dana.com.br\/canaldana\/"},{"@type":"ListItem","position":2,"name":"Mercado","item":"https:\/\/dana.com.br\/canaldana\/mercado\/"},{"@type":"ListItem","position":3,"name":"Defasagem da gasolina deve elevar tens\u00e3o entre o governo e a Petrobras"}]},{"@type":"WebSite","@id":"https:\/\/dana.com.br\/canaldana\/#website","url":"https:\/\/dana.com.br\/canaldana\/","name":"Canal Dana","description":"Informativo com as principais not\u00edcias da ind\u00fastria automotiva","potentialAction":[{"@type":"SearchAction","target":{"@type":"EntryPoint","urlTemplate":"https:\/\/dana.com.br\/canaldana\/?s={search_term_string}"},"query-input":{"@type":"PropertyValueSpecification","valueRequired":true,"valueName":"search_term_string"}}],"inLanguage":"pt-BR"},{"@type":"Person","@id":"https:\/\/dana.com.br\/canaldana\/#\/schema\/person\/3c21f22f56fcf3bc46b94bc60ea4fef6","name":"Canal Dana","image":{"@type":"ImageObject","inLanguage":"pt-BR","@id":"https:\/\/secure.gravatar.com\/avatar\/420aaf9278582877d9018637c6817617705899d2858d7572ef0fe59a6b6454b4?s=96&d=mm&r=g","url":"https:\/\/secure.gravatar.com\/avatar\/420aaf9278582877d9018637c6817617705899d2858d7572ef0fe59a6b6454b4?s=96&d=mm&r=g","contentUrl":"https:\/\/secure.gravatar.com\/avatar\/420aaf9278582877d9018637c6817617705899d2858d7572ef0fe59a6b6454b4?s=96&d=mm&r=g","caption":"Canal Dana"},"url":"https:\/\/dana.com.br\/canaldana\/author\/cdeditor\/"}]}},"_links":{"self":[{"href":"https:\/\/dana.com.br\/canaldana\/wp-json\/wp\/v2\/posts\/58322","targetHints":{"allow":["GET"]}}],"collection":[{"href":"https:\/\/dana.com.br\/canaldana\/wp-json\/wp\/v2\/posts"}],"about":[{"href":"https:\/\/dana.com.br\/canaldana\/wp-json\/wp\/v2\/types\/post"}],"author":[{"embeddable":true,"href":"https:\/\/dana.com.br\/canaldana\/wp-json\/wp\/v2\/users\/3"}],"replies":[{"embeddable":true,"href":"https:\/\/dana.com.br\/canaldana\/wp-json\/wp\/v2\/comments?post=58322"}],"version-history":[{"count":0,"href":"https:\/\/dana.com.br\/canaldana\/wp-json\/wp\/v2\/posts\/58322\/revisions"}],"wp:attachment":[{"href":"https:\/\/dana.com.br\/canaldana\/wp-json\/wp\/v2\/media?parent=58322"}],"wp:term":[{"taxonomy":"category","embeddable":true,"href":"https:\/\/dana.com.br\/canaldana\/wp-json\/wp\/v2\/categories?post=58322"},{"taxonomy":"post_tag","embeddable":true,"href":"https:\/\/dana.com.br\/canaldana\/wp-json\/wp\/v2\/tags?post=58322"}],"curies":[{"name":"wp","href":"https:\/\/api.w.org\/{rel}","templated":true}]}}