{"id":58318,"date":"2022-05-18T08:38:01","date_gmt":"2022-05-18T11:38:01","guid":{"rendered":"https:\/\/dana.com.br\/canaldana\/?p=58318"},"modified":"2022-05-18T08:38:01","modified_gmt":"2022-05-18T11:38:01","slug":"consorcio-para-caminhoes-em-alta","status":"publish","type":"post","link":"https:\/\/dana.com.br\/canaldana\/2022\/05\/18\/consorcio-para-caminhoes-em-alta\/","title":{"rendered":"Cons\u00f3rcio para caminh\u00f5es em alta"},"content":{"rendered":"<p><em>O Estado de S. Paulo\/Mobilidade <\/em><\/p>\n<p>&nbsp;<\/p>\n<p>A venda de cons\u00f3rcios para caminh\u00e3o cresceu 91,2%, no primeiro trimestre de 2022 sobre o mesmo per\u00edodo do ano passado. Foram 35.600 novas cotas adquiridas neste ano, ante 18.600 do in\u00edcio do ano passado. A informa\u00e7\u00e3o \u00e9 da Associa\u00e7\u00e3o Brasileira das Administradoras de Cons\u00f3rcio (Abac).<\/p>\n<p>&nbsp;<\/p>\n<p>\u201cEsse \u00e9 um bom sinal e indica que o caminhoneiro est\u00e1 apostando na retomada da economia\u201d, afirma Paulo Roberto Rossi, presidente da entidade. \u201cO cons\u00f3rcio tamb\u00e9m \u00e9 uma forma de enfrentar a economia atual, com juros altos, infla\u00e7\u00e3o elevada e cr\u00e9dito mais dif\u00edcil pelo aumento da inadimpl\u00eancia\u201d, comenta o executivo.<\/p>\n<p>&nbsp;<\/p>\n<p>De acordo com levantamentos da Abac, as cotas para caminh\u00f5es v\u00e3o de R$ 120 mil a R$ 990 mil. \u201cO valor m\u00e9dio \u00e9 de R$ 390 mil. E o prazo m\u00e9dio de pagamento \u00e9 de 92 meses\u201d, afirma Rossi.<\/p>\n<p>&nbsp;<\/p>\n<p>Um exemplo real se aplica a um caminh\u00e3o Iveco Tector 17-280, com cr\u00e9dito de R$ 389.725, pelo cons\u00f3rcio da montadora. Em 120 meses, as parcelas de um plano regular saem por R$ 3.734,72.<\/p>\n<p>&nbsp;<\/p>\n<p>\u201cO cons\u00f3rcio \u00e9 uma boa op\u00e7\u00e3o quando o mercado est\u00e1 em uma situa\u00e7\u00e3o como a atual, com a taxa Selic em 12,75%, e os bancos sendo mais criteriosos na concess\u00e3o de cr\u00e9dito. O cliente pode aguardar o sorteio ou mesmo achar o momento certo para a aquisi\u00e7\u00e3o, dando um lance\u201d, diz Mauro Andrade, gerente comercial do Cons\u00f3rcio Iveco. O executivo confirma o bom momento da modalidade, que, nos primeiros quatro meses de 2022, anotou alta de 15,4% sobre igual per\u00edodo de 2021.<\/p>\n<p>&nbsp;<\/p>\n<p>Vale dizer que o consumidor contemplado por lance ou sorteio recebe uma car ta de cr\u00e9dito que n\u00e3o est\u00e1 vinculada a nenhum modelo espec\u00edfico. Por isso, pode ser utilizada para um ve\u00edculo diferente. \u201cA cota de um modelo pesado serve para a aquisi\u00e7\u00e3o de um leve e vice-versa\u201d, ressalta Andrade, da Iveco.<\/p>\n<p>&nbsp;<\/p>\n<p>Tamb\u00e9m \u00e9 poss\u00edvel comprar implementos para caminh\u00e3o pela modalidade. A ind\u00fastria de carrocerias Librelato tem planos de 24 a 100 meses, com cr\u00e9ditos de R$ 84 mil a R$ 336 mil e parcelas a partir de R$ 615. Sua carreta mais vendida \u00e9 um modelo basculante, com cr\u00e9dito de R$ 170 mil. As parcelas ficam em R$ 2.744,29, em um plano de 70 meses. \u201cNo primeiro quadrimestre, o Cons\u00f3rcio Librelato aumentou em 25% o volume de cr\u00e9ditos comercializados\u201d, afirma Manuel Bernardo, gerente comercial.<\/p>\n<p>&nbsp;<\/p>\n<p><strong>Autom\u00f3veis e utilit\u00e1rios\u00a0 <\/strong><\/p>\n<p>&nbsp;<\/p>\n<p>O cons\u00f3rcio tamb\u00e9m \u00e9 uma modalidade de venda interessante para ve\u00edculos leves. Em mar\u00e7o deste ano, havia 4 milh\u00f5es de participantes pagando regularmente suas mensalidades. O valor m\u00e9dio das cotas vendidas, em mar\u00e7o de 2022, para ve\u00edculos leves estava abaixo de R$ 60 mil, indicando maior demanda por carros pequenos.<\/p>\n<p>&nbsp;<\/p>\n<p>\u201cUm plano com cr\u00e9dito de R$ 65 mil e saldo em 80 meses tem parcelas de R$ 1.026,06, na Unifisa\u201d, afirma Thiago Savian, diretor comercial da administradora de cons\u00f3rcios que atua com planos de at\u00e9 100 meses para autom\u00f3veis. Savian recorda que as parcelas menores, na compara\u00e7\u00e3o com o cr\u00e9dito tradicional, atraem pessoas f\u00edsicas e jur\u00eddicas. Por isso, ele tem como clientes locadoras de ve\u00edculos leves e de caminh\u00f5es.<\/p>\n<p>&nbsp;<\/p>\n<p>O Cons\u00f3rcio Fiat tamb\u00e9m trabalha com parcelamento em at\u00e9 100 meses. De acordo com o site da empresa, um sed\u00e3 Fiat Cronos 1.3 tem parcelas a partir de R$ 1.136, em um plano de 64 meses. Por ser a l\u00edder de vendas do Pa\u00eds, a montadora oferece como vantagem maior velocidade na forma\u00e7\u00e3o de grupos de cons\u00f3rcio, grande n\u00famero de contempla\u00e7\u00f5es e faturamento do carro em at\u00e9 48 horas.<\/p>\n<p>&nbsp;<\/p>\n<p>Os prazos el\u00e1sticos tamb\u00e9m tornam o cons\u00f3rcio interessante para utilit\u00e1rios. \u201cA linha Daily responde por 65% das novas cotas que vendemos na Iveco\u201d, afirma Mauro Andrade, referindo-se \u00e0 linha de comerciais leves da marca. Na lista de planos de cons\u00f3rcio da empresa, um Daily chassi-cabine (que pode receber um ba\u00fa de alum\u00ednio, por exemplo) tem cr\u00e9dito de R$ 155.360. Em 100 meses, as parcelas ficam em R$ 1.786,64.<\/p>\n<p>&nbsp;<\/p>\n<p>As presta\u00e7\u00f5es do cons\u00f3rcio s\u00e3o reajustadas, anualmente, pelo \u00cdndice Nacional de Pre\u00e7os ao Consumidor Amplo (IPCA), e tamb\u00e9m poder\u00e3o ser alteradas pela tabela da montadora. (O Estado de S. Paulo\/Mobilidade\/M\u00e1rio Curcio)<\/p>\n","protected":false},"excerpt":{"rendered":"<p>O Estado de S. Paulo\/Mobilidade &nbsp; A venda de cons\u00f3rcios para caminh\u00e3o cresceu 91,2%, no primeiro trimestre de 2022 sobre o mesmo per\u00edodo do ano passado. Foram 35.600 novas cotas adquiridas neste ano, ante 18.600 do in\u00edcio do ano passado. A informa\u00e7\u00e3o \u00e9 da Associa\u00e7\u00e3o Brasileira das Administradoras de Cons\u00f3rcio (Abac). &nbsp; \u201cEsse \u00e9 um\u2026 <a class=\"readmore\" href=\"https:\/\/dana.com.br\/canaldana\/2022\/05\/18\/consorcio-para-caminhoes-em-alta\/\">Leia mais \u00bb<\/a><\/p>\n","protected":false},"author":3,"featured_media":0,"comment_status":"closed","ping_status":"closed","sticky":false,"template":"","format":"standard","meta":{"_acf_changed":false,"footnotes":""},"categories":[79],"tags":[],"class_list":["post-58318","post","type-post","status-publish","format-standard","hentry","category-mercado"],"acf":[],"yoast_head":"<!-- This site is optimized with the Yoast SEO plugin v27.3 - https:\/\/yoast.com\/product\/yoast-seo-wordpress\/ -->\n<title>Cons\u00f3rcio para caminh\u00f5es em alta - Canal Dana<\/title>\n<meta name=\"robots\" content=\"index, follow, max-snippet:-1, max-image-preview:large, max-video-preview:-1\" \/>\n<link rel=\"canonical\" href=\"https:\/\/dana.com.br\/canaldana\/2022\/05\/18\/consorcio-para-caminhoes-em-alta\/\" \/>\n<meta property=\"og:locale\" content=\"pt_BR\" \/>\n<meta property=\"og:type\" content=\"article\" \/>\n<meta property=\"og:title\" content=\"Cons\u00f3rcio para caminh\u00f5es em alta - Canal Dana\" \/>\n<meta property=\"og:description\" content=\"O Estado de S. Paulo\/Mobilidade &nbsp; A venda de cons\u00f3rcios para caminh\u00e3o cresceu 91,2%, no primeiro trimestre de 2022 sobre o mesmo per\u00edodo do ano passado. Foram 35.600 novas cotas adquiridas neste ano, ante 18.600 do in\u00edcio do ano passado. A informa\u00e7\u00e3o \u00e9 da Associa\u00e7\u00e3o Brasileira das Administradoras de Cons\u00f3rcio (Abac). &nbsp; \u201cEsse \u00e9 um\u2026 Leia mais \u00bb\" \/>\n<meta property=\"og:url\" content=\"https:\/\/dana.com.br\/canaldana\/2022\/05\/18\/consorcio-para-caminhoes-em-alta\/\" \/>\n<meta property=\"og:site_name\" content=\"Canal Dana\" \/>\n<meta property=\"article:published_time\" content=\"2022-05-18T11:38:01+00:00\" \/>\n<meta name=\"author\" content=\"Canal Dana\" \/>\n<meta name=\"twitter:card\" content=\"summary_large_image\" \/>\n<meta name=\"twitter:label1\" content=\"Escrito por\" \/>\n\t<meta name=\"twitter:data1\" content=\"Canal Dana\" \/>\n\t<meta name=\"twitter:label2\" content=\"Est. tempo de leitura\" \/>\n\t<meta name=\"twitter:data2\" content=\"4 minutos\" \/>\n<script type=\"application\/ld+json\" class=\"yoast-schema-graph\">{\"@context\":\"https:\\\/\\\/schema.org\",\"@graph\":[{\"@type\":\"Article\",\"@id\":\"https:\\\/\\\/dana.com.br\\\/canaldana\\\/2022\\\/05\\\/18\\\/consorcio-para-caminhoes-em-alta\\\/#article\",\"isPartOf\":{\"@id\":\"https:\\\/\\\/dana.com.br\\\/canaldana\\\/2022\\\/05\\\/18\\\/consorcio-para-caminhoes-em-alta\\\/\"},\"author\":{\"name\":\"Canal Dana\",\"@id\":\"https:\\\/\\\/dana.com.br\\\/canaldana\\\/#\\\/schema\\\/person\\\/3c21f22f56fcf3bc46b94bc60ea4fef6\"},\"headline\":\"Cons\u00f3rcio para caminh\u00f5es em alta\",\"datePublished\":\"2022-05-18T11:38:01+00:00\",\"mainEntityOfPage\":{\"@id\":\"https:\\\/\\\/dana.com.br\\\/canaldana\\\/2022\\\/05\\\/18\\\/consorcio-para-caminhoes-em-alta\\\/\"},\"wordCount\":734,\"articleSection\":[\"Mercado\"],\"inLanguage\":\"pt-BR\"},{\"@type\":\"WebPage\",\"@id\":\"https:\\\/\\\/dana.com.br\\\/canaldana\\\/2022\\\/05\\\/18\\\/consorcio-para-caminhoes-em-alta\\\/\",\"url\":\"https:\\\/\\\/dana.com.br\\\/canaldana\\\/2022\\\/05\\\/18\\\/consorcio-para-caminhoes-em-alta\\\/\",\"name\":\"Cons\u00f3rcio para caminh\u00f5es em alta - Canal Dana\",\"isPartOf\":{\"@id\":\"https:\\\/\\\/dana.com.br\\\/canaldana\\\/#website\"},\"datePublished\":\"2022-05-18T11:38:01+00:00\",\"author\":{\"@id\":\"https:\\\/\\\/dana.com.br\\\/canaldana\\\/#\\\/schema\\\/person\\\/3c21f22f56fcf3bc46b94bc60ea4fef6\"},\"breadcrumb\":{\"@id\":\"https:\\\/\\\/dana.com.br\\\/canaldana\\\/2022\\\/05\\\/18\\\/consorcio-para-caminhoes-em-alta\\\/#breadcrumb\"},\"inLanguage\":\"pt-BR\",\"potentialAction\":[{\"@type\":\"ReadAction\",\"target\":[\"https:\\\/\\\/dana.com.br\\\/canaldana\\\/2022\\\/05\\\/18\\\/consorcio-para-caminhoes-em-alta\\\/\"]}]},{\"@type\":\"BreadcrumbList\",\"@id\":\"https:\\\/\\\/dana.com.br\\\/canaldana\\\/2022\\\/05\\\/18\\\/consorcio-para-caminhoes-em-alta\\\/#breadcrumb\",\"itemListElement\":[{\"@type\":\"ListItem\",\"position\":1,\"name\":\"Home\",\"item\":\"https:\\\/\\\/dana.com.br\\\/canaldana\\\/\"},{\"@type\":\"ListItem\",\"position\":2,\"name\":\"Mercado\",\"item\":\"https:\\\/\\\/dana.com.br\\\/canaldana\\\/mercado\\\/\"},{\"@type\":\"ListItem\",\"position\":3,\"name\":\"Cons\u00f3rcio para caminh\u00f5es em alta\"}]},{\"@type\":\"WebSite\",\"@id\":\"https:\\\/\\\/dana.com.br\\\/canaldana\\\/#website\",\"url\":\"https:\\\/\\\/dana.com.br\\\/canaldana\\\/\",\"name\":\"Canal Dana\",\"description\":\"Informativo com as principais not\u00edcias da ind\u00fastria automotiva\",\"potentialAction\":[{\"@type\":\"SearchAction\",\"target\":{\"@type\":\"EntryPoint\",\"urlTemplate\":\"https:\\\/\\\/dana.com.br\\\/canaldana\\\/?s={search_term_string}\"},\"query-input\":{\"@type\":\"PropertyValueSpecification\",\"valueRequired\":true,\"valueName\":\"search_term_string\"}}],\"inLanguage\":\"pt-BR\"},{\"@type\":\"Person\",\"@id\":\"https:\\\/\\\/dana.com.br\\\/canaldana\\\/#\\\/schema\\\/person\\\/3c21f22f56fcf3bc46b94bc60ea4fef6\",\"name\":\"Canal Dana\",\"image\":{\"@type\":\"ImageObject\",\"inLanguage\":\"pt-BR\",\"@id\":\"https:\\\/\\\/secure.gravatar.com\\\/avatar\\\/420aaf9278582877d9018637c6817617705899d2858d7572ef0fe59a6b6454b4?s=96&d=mm&r=g\",\"url\":\"https:\\\/\\\/secure.gravatar.com\\\/avatar\\\/420aaf9278582877d9018637c6817617705899d2858d7572ef0fe59a6b6454b4?s=96&d=mm&r=g\",\"contentUrl\":\"https:\\\/\\\/secure.gravatar.com\\\/avatar\\\/420aaf9278582877d9018637c6817617705899d2858d7572ef0fe59a6b6454b4?s=96&d=mm&r=g\",\"caption\":\"Canal Dana\"},\"url\":\"https:\\\/\\\/dana.com.br\\\/canaldana\\\/author\\\/cdeditor\\\/\"}]}<\/script>\n<!-- \/ Yoast SEO plugin. -->","yoast_head_json":{"title":"Cons\u00f3rcio para caminh\u00f5es em alta - Canal Dana","robots":{"index":"index","follow":"follow","max-snippet":"max-snippet:-1","max-image-preview":"max-image-preview:large","max-video-preview":"max-video-preview:-1"},"canonical":"https:\/\/dana.com.br\/canaldana\/2022\/05\/18\/consorcio-para-caminhoes-em-alta\/","og_locale":"pt_BR","og_type":"article","og_title":"Cons\u00f3rcio para caminh\u00f5es em alta - Canal Dana","og_description":"O Estado de S. Paulo\/Mobilidade &nbsp; A venda de cons\u00f3rcios para caminh\u00e3o cresceu 91,2%, no primeiro trimestre de 2022 sobre o mesmo per\u00edodo do ano passado. Foram 35.600 novas cotas adquiridas neste ano, ante 18.600 do in\u00edcio do ano passado. A informa\u00e7\u00e3o \u00e9 da Associa\u00e7\u00e3o Brasileira das Administradoras de Cons\u00f3rcio (Abac). &nbsp; \u201cEsse \u00e9 um\u2026 Leia mais \u00bb","og_url":"https:\/\/dana.com.br\/canaldana\/2022\/05\/18\/consorcio-para-caminhoes-em-alta\/","og_site_name":"Canal Dana","article_published_time":"2022-05-18T11:38:01+00:00","author":"Canal Dana","twitter_card":"summary_large_image","twitter_misc":{"Escrito por":"Canal Dana","Est. tempo de leitura":"4 minutos"},"schema":{"@context":"https:\/\/schema.org","@graph":[{"@type":"Article","@id":"https:\/\/dana.com.br\/canaldana\/2022\/05\/18\/consorcio-para-caminhoes-em-alta\/#article","isPartOf":{"@id":"https:\/\/dana.com.br\/canaldana\/2022\/05\/18\/consorcio-para-caminhoes-em-alta\/"},"author":{"name":"Canal Dana","@id":"https:\/\/dana.com.br\/canaldana\/#\/schema\/person\/3c21f22f56fcf3bc46b94bc60ea4fef6"},"headline":"Cons\u00f3rcio para caminh\u00f5es em alta","datePublished":"2022-05-18T11:38:01+00:00","mainEntityOfPage":{"@id":"https:\/\/dana.com.br\/canaldana\/2022\/05\/18\/consorcio-para-caminhoes-em-alta\/"},"wordCount":734,"articleSection":["Mercado"],"inLanguage":"pt-BR"},{"@type":"WebPage","@id":"https:\/\/dana.com.br\/canaldana\/2022\/05\/18\/consorcio-para-caminhoes-em-alta\/","url":"https:\/\/dana.com.br\/canaldana\/2022\/05\/18\/consorcio-para-caminhoes-em-alta\/","name":"Cons\u00f3rcio para caminh\u00f5es em alta - Canal Dana","isPartOf":{"@id":"https:\/\/dana.com.br\/canaldana\/#website"},"datePublished":"2022-05-18T11:38:01+00:00","author":{"@id":"https:\/\/dana.com.br\/canaldana\/#\/schema\/person\/3c21f22f56fcf3bc46b94bc60ea4fef6"},"breadcrumb":{"@id":"https:\/\/dana.com.br\/canaldana\/2022\/05\/18\/consorcio-para-caminhoes-em-alta\/#breadcrumb"},"inLanguage":"pt-BR","potentialAction":[{"@type":"ReadAction","target":["https:\/\/dana.com.br\/canaldana\/2022\/05\/18\/consorcio-para-caminhoes-em-alta\/"]}]},{"@type":"BreadcrumbList","@id":"https:\/\/dana.com.br\/canaldana\/2022\/05\/18\/consorcio-para-caminhoes-em-alta\/#breadcrumb","itemListElement":[{"@type":"ListItem","position":1,"name":"Home","item":"https:\/\/dana.com.br\/canaldana\/"},{"@type":"ListItem","position":2,"name":"Mercado","item":"https:\/\/dana.com.br\/canaldana\/mercado\/"},{"@type":"ListItem","position":3,"name":"Cons\u00f3rcio para caminh\u00f5es em alta"}]},{"@type":"WebSite","@id":"https:\/\/dana.com.br\/canaldana\/#website","url":"https:\/\/dana.com.br\/canaldana\/","name":"Canal Dana","description":"Informativo com as principais not\u00edcias da ind\u00fastria automotiva","potentialAction":[{"@type":"SearchAction","target":{"@type":"EntryPoint","urlTemplate":"https:\/\/dana.com.br\/canaldana\/?s={search_term_string}"},"query-input":{"@type":"PropertyValueSpecification","valueRequired":true,"valueName":"search_term_string"}}],"inLanguage":"pt-BR"},{"@type":"Person","@id":"https:\/\/dana.com.br\/canaldana\/#\/schema\/person\/3c21f22f56fcf3bc46b94bc60ea4fef6","name":"Canal Dana","image":{"@type":"ImageObject","inLanguage":"pt-BR","@id":"https:\/\/secure.gravatar.com\/avatar\/420aaf9278582877d9018637c6817617705899d2858d7572ef0fe59a6b6454b4?s=96&d=mm&r=g","url":"https:\/\/secure.gravatar.com\/avatar\/420aaf9278582877d9018637c6817617705899d2858d7572ef0fe59a6b6454b4?s=96&d=mm&r=g","contentUrl":"https:\/\/secure.gravatar.com\/avatar\/420aaf9278582877d9018637c6817617705899d2858d7572ef0fe59a6b6454b4?s=96&d=mm&r=g","caption":"Canal Dana"},"url":"https:\/\/dana.com.br\/canaldana\/author\/cdeditor\/"}]}},"_links":{"self":[{"href":"https:\/\/dana.com.br\/canaldana\/wp-json\/wp\/v2\/posts\/58318","targetHints":{"allow":["GET"]}}],"collection":[{"href":"https:\/\/dana.com.br\/canaldana\/wp-json\/wp\/v2\/posts"}],"about":[{"href":"https:\/\/dana.com.br\/canaldana\/wp-json\/wp\/v2\/types\/post"}],"author":[{"embeddable":true,"href":"https:\/\/dana.com.br\/canaldana\/wp-json\/wp\/v2\/users\/3"}],"replies":[{"embeddable":true,"href":"https:\/\/dana.com.br\/canaldana\/wp-json\/wp\/v2\/comments?post=58318"}],"version-history":[{"count":0,"href":"https:\/\/dana.com.br\/canaldana\/wp-json\/wp\/v2\/posts\/58318\/revisions"}],"wp:attachment":[{"href":"https:\/\/dana.com.br\/canaldana\/wp-json\/wp\/v2\/media?parent=58318"}],"wp:term":[{"taxonomy":"category","embeddable":true,"href":"https:\/\/dana.com.br\/canaldana\/wp-json\/wp\/v2\/categories?post=58318"},{"taxonomy":"post_tag","embeddable":true,"href":"https:\/\/dana.com.br\/canaldana\/wp-json\/wp\/v2\/tags?post=58318"}],"curies":[{"name":"wp","href":"https:\/\/api.w.org\/{rel}","templated":true}]}}