{"id":58222,"date":"2022-05-13T08:44:23","date_gmt":"2022-05-13T11:44:23","guid":{"rendered":"https:\/\/dana.com.br\/canaldana\/?p=58222"},"modified":"2022-05-13T08:44:23","modified_gmt":"2022-05-13T11:44:23","slug":"contran-revoga-resolucao-que-proibia-uso-de-capas-de-porca-em-caminhoes","status":"publish","type":"post","link":"https:\/\/dana.com.br\/canaldana\/2022\/05\/13\/contran-revoga-resolucao-que-proibia-uso-de-capas-de-porca-em-caminhoes\/","title":{"rendered":"CONTRAN revoga Resolu\u00e7\u00e3o que proibia uso de capas de porca em caminh\u00f5es"},"content":{"rendered":"<p><em>Caminh\u00f5es e Carretas<\/em><\/p>\n<p>&nbsp;<\/p>\n<p>Fim da proibi\u00e7\u00e3o \u00e9 confirmado pela Resolu\u00e7\u00e3o n\u00ba 912 do CONTRAN e tamb\u00e9m pelo pr\u00f3prio Secret\u00e1rio Nacional de Tr\u00e2nsito (Senatran); entretanto, h\u00e1 limites que vem ser respeitados<\/p>\n<p>&nbsp;<\/p>\n<p>Centro de in\u00fameras d\u00favidas, discuss\u00f5es e pol\u00eamicas nos \u00faltimos anos, os protetores de parafusos de rodas, popularmente conhecidos como capas de porca, voltaram a ser assunto nesta semana no transporte rodovi\u00e1rio de cargas brasileiro.<\/p>\n<p>&nbsp;<\/p>\n<p>Febre entre os caminhoneiros e comercializadas atrav\u00e9s de uma infinidade de modelos, as capas de porca se tornaram nos \u00faltimos anos, alvo frequente das a\u00e7\u00f5es fiscaliza\u00e7\u00f5es de tr\u00e2nsito, justamente por se tratar de um acess\u00f3rio proibido pela legisla\u00e7\u00e3o brasileira, mais precisamente pela Resolu\u00e7\u00e3o n\u00ba 426 do Conselho Nacional de Tr\u00e2nsito (CONTRAN). Entretanto, essa realidade acaba de mudar.<\/p>\n<p>&nbsp;<\/p>\n<p>No dia 1\u00ba de abril de 2022, o CONTRAN publicou a Resolu\u00e7\u00e3o n\u00ba 912. Al\u00e9m de estabelecer a rela\u00e7\u00e3o completa de equipamentos obrigat\u00f3rios para a frota de ve\u00edculos em circula\u00e7\u00e3o, o documento tamb\u00e9m revoga a Resolu\u00e7\u00e3o n\u00ba 426, ou seja, tamb\u00e9m acaba com a proibi\u00e7\u00e3o de utiliza\u00e7\u00e3o de capas de porca. A informa\u00e7\u00e3o foi confirmada pelo pr\u00f3prio Secret\u00e1rio Nacional de Tr\u00e2nsito (Senatran), Frederico Carneiro, em um v\u00eddeo divulgado pelo Presidente do SINDICAM OURINHOS, Junior Almeida.<\/p>\n<p>&nbsp;<\/p>\n<p>Entretanto, o pr\u00f3prio Secret\u00e1rio Nacional de Tr\u00e2nsito lembra que h\u00e1 limites que ainda devem ser respeitados no momento de utiliza\u00e7\u00e3o do acess\u00f3rio. &#8220;A Resolu\u00e7\u00e3o n\u00ba 912 do CONTRAN j\u00e1 est\u00e1 em vigor desde o dia 1\u00ba de abril, ent\u00e3o ela j\u00e1 permite que os caminhoneiros possam utilizar as capas de porca at\u00e9 respeitando a largura do ve\u00edculo&#8221;, destaca Carneiro.<\/p>\n<p>&nbsp;<\/p>\n<p>Com a revoga\u00e7\u00e3o da Resolu\u00e7\u00e3o n\u00ba 426, a expectativa \u00e9 de haja uma redu\u00e7\u00e3o no fardo fiscalizat\u00f3rio existente atualmente sobre os caminhoneiros brasileiros.<\/p>\n<p>&nbsp;<\/p>\n<p>Confira na \u00edntegra a Resolu\u00e7\u00e3o n\u00ba 912: <a href=\"https:\/\/www.in.gov.br\/en\/web\/dou\/-\/resolucao-contran-n-912-de-28-de-marco-de-2022-390284404\" target=\"_blank\" rel=\"noopener\">Clique aqui<\/a>. (Caminh\u00f5es e Carretas\/Lucas Duarte)<\/p>\n","protected":false},"excerpt":{"rendered":"<p>Caminh\u00f5es e Carretas &nbsp; Fim da proibi\u00e7\u00e3o \u00e9 confirmado pela Resolu\u00e7\u00e3o n\u00ba 912 do CONTRAN e tamb\u00e9m pelo pr\u00f3prio Secret\u00e1rio Nacional de Tr\u00e2nsito (Senatran); entretanto, h\u00e1 limites que vem ser respeitados &nbsp; Centro de in\u00fameras d\u00favidas, discuss\u00f5es e pol\u00eamicas nos \u00faltimos anos, os protetores de parafusos de rodas, popularmente conhecidos como capas de porca, voltaram\u2026 <a class=\"readmore\" href=\"https:\/\/dana.com.br\/canaldana\/2022\/05\/13\/contran-revoga-resolucao-que-proibia-uso-de-capas-de-porca-em-caminhoes\/\">Leia mais \u00bb<\/a><\/p>\n","protected":false},"author":3,"featured_media":0,"comment_status":"closed","ping_status":"closed","sticky":false,"template":"","format":"standard","meta":{"_acf_changed":false,"footnotes":""},"categories":[79],"tags":[],"class_list":["post-58222","post","type-post","status-publish","format-standard","hentry","category-mercado"],"acf":[],"yoast_head":"<!-- This site is optimized with the Yoast SEO plugin v27.3 - https:\/\/yoast.com\/product\/yoast-seo-wordpress\/ -->\n<title>CONTRAN revoga Resolu\u00e7\u00e3o que proibia uso de capas de porca em caminh\u00f5es - Canal Dana<\/title>\n<meta name=\"robots\" content=\"index, follow, max-snippet:-1, max-image-preview:large, max-video-preview:-1\" \/>\n<link rel=\"canonical\" href=\"https:\/\/dana.com.br\/canaldana\/2022\/05\/13\/contran-revoga-resolucao-que-proibia-uso-de-capas-de-porca-em-caminhoes\/\" \/>\n<meta property=\"og:locale\" content=\"pt_BR\" \/>\n<meta property=\"og:type\" content=\"article\" \/>\n<meta property=\"og:title\" content=\"CONTRAN revoga Resolu\u00e7\u00e3o que proibia uso de capas de porca em caminh\u00f5es - Canal Dana\" \/>\n<meta property=\"og:description\" content=\"Caminh\u00f5es e Carretas &nbsp; Fim da proibi\u00e7\u00e3o \u00e9 confirmado pela Resolu\u00e7\u00e3o n\u00ba 912 do CONTRAN e tamb\u00e9m pelo pr\u00f3prio Secret\u00e1rio Nacional de Tr\u00e2nsito (Senatran); entretanto, h\u00e1 limites que vem ser respeitados &nbsp; Centro de in\u00fameras d\u00favidas, discuss\u00f5es e pol\u00eamicas nos \u00faltimos anos, os protetores de parafusos de rodas, popularmente conhecidos como capas de porca, voltaram\u2026 Leia mais \u00bb\" \/>\n<meta property=\"og:url\" content=\"https:\/\/dana.com.br\/canaldana\/2022\/05\/13\/contran-revoga-resolucao-que-proibia-uso-de-capas-de-porca-em-caminhoes\/\" \/>\n<meta property=\"og:site_name\" content=\"Canal Dana\" \/>\n<meta property=\"article:published_time\" content=\"2022-05-13T11:44:23+00:00\" \/>\n<meta name=\"author\" content=\"Canal Dana\" \/>\n<meta name=\"twitter:card\" content=\"summary_large_image\" \/>\n<meta name=\"twitter:label1\" content=\"Escrito por\" \/>\n\t<meta name=\"twitter:data1\" content=\"Canal Dana\" \/>\n\t<meta name=\"twitter:label2\" content=\"Est. tempo de leitura\" \/>\n\t<meta name=\"twitter:data2\" content=\"2 minutos\" \/>\n<script type=\"application\/ld+json\" class=\"yoast-schema-graph\">{\"@context\":\"https:\\\/\\\/schema.org\",\"@graph\":[{\"@type\":\"Article\",\"@id\":\"https:\\\/\\\/dana.com.br\\\/canaldana\\\/2022\\\/05\\\/13\\\/contran-revoga-resolucao-que-proibia-uso-de-capas-de-porca-em-caminhoes\\\/#article\",\"isPartOf\":{\"@id\":\"https:\\\/\\\/dana.com.br\\\/canaldana\\\/2022\\\/05\\\/13\\\/contran-revoga-resolucao-que-proibia-uso-de-capas-de-porca-em-caminhoes\\\/\"},\"author\":{\"name\":\"Canal Dana\",\"@id\":\"https:\\\/\\\/dana.com.br\\\/canaldana\\\/#\\\/schema\\\/person\\\/3c21f22f56fcf3bc46b94bc60ea4fef6\"},\"headline\":\"CONTRAN revoga Resolu\u00e7\u00e3o que proibia uso de capas de porca em caminh\u00f5es\",\"datePublished\":\"2022-05-13T11:44:23+00:00\",\"mainEntityOfPage\":{\"@id\":\"https:\\\/\\\/dana.com.br\\\/canaldana\\\/2022\\\/05\\\/13\\\/contran-revoga-resolucao-que-proibia-uso-de-capas-de-porca-em-caminhoes\\\/\"},\"wordCount\":351,\"articleSection\":[\"Mercado\"],\"inLanguage\":\"pt-BR\"},{\"@type\":\"WebPage\",\"@id\":\"https:\\\/\\\/dana.com.br\\\/canaldana\\\/2022\\\/05\\\/13\\\/contran-revoga-resolucao-que-proibia-uso-de-capas-de-porca-em-caminhoes\\\/\",\"url\":\"https:\\\/\\\/dana.com.br\\\/canaldana\\\/2022\\\/05\\\/13\\\/contran-revoga-resolucao-que-proibia-uso-de-capas-de-porca-em-caminhoes\\\/\",\"name\":\"CONTRAN revoga Resolu\u00e7\u00e3o que proibia uso de capas de porca em caminh\u00f5es - Canal Dana\",\"isPartOf\":{\"@id\":\"https:\\\/\\\/dana.com.br\\\/canaldana\\\/#website\"},\"datePublished\":\"2022-05-13T11:44:23+00:00\",\"author\":{\"@id\":\"https:\\\/\\\/dana.com.br\\\/canaldana\\\/#\\\/schema\\\/person\\\/3c21f22f56fcf3bc46b94bc60ea4fef6\"},\"breadcrumb\":{\"@id\":\"https:\\\/\\\/dana.com.br\\\/canaldana\\\/2022\\\/05\\\/13\\\/contran-revoga-resolucao-que-proibia-uso-de-capas-de-porca-em-caminhoes\\\/#breadcrumb\"},\"inLanguage\":\"pt-BR\",\"potentialAction\":[{\"@type\":\"ReadAction\",\"target\":[\"https:\\\/\\\/dana.com.br\\\/canaldana\\\/2022\\\/05\\\/13\\\/contran-revoga-resolucao-que-proibia-uso-de-capas-de-porca-em-caminhoes\\\/\"]}]},{\"@type\":\"BreadcrumbList\",\"@id\":\"https:\\\/\\\/dana.com.br\\\/canaldana\\\/2022\\\/05\\\/13\\\/contran-revoga-resolucao-que-proibia-uso-de-capas-de-porca-em-caminhoes\\\/#breadcrumb\",\"itemListElement\":[{\"@type\":\"ListItem\",\"position\":1,\"name\":\"Home\",\"item\":\"https:\\\/\\\/dana.com.br\\\/canaldana\\\/\"},{\"@type\":\"ListItem\",\"position\":2,\"name\":\"Mercado\",\"item\":\"https:\\\/\\\/dana.com.br\\\/canaldana\\\/mercado\\\/\"},{\"@type\":\"ListItem\",\"position\":3,\"name\":\"CONTRAN revoga Resolu\u00e7\u00e3o que proibia uso de capas de porca em caminh\u00f5es\"}]},{\"@type\":\"WebSite\",\"@id\":\"https:\\\/\\\/dana.com.br\\\/canaldana\\\/#website\",\"url\":\"https:\\\/\\\/dana.com.br\\\/canaldana\\\/\",\"name\":\"Canal Dana\",\"description\":\"Informativo com as principais not\u00edcias da ind\u00fastria automotiva\",\"potentialAction\":[{\"@type\":\"SearchAction\",\"target\":{\"@type\":\"EntryPoint\",\"urlTemplate\":\"https:\\\/\\\/dana.com.br\\\/canaldana\\\/?s={search_term_string}\"},\"query-input\":{\"@type\":\"PropertyValueSpecification\",\"valueRequired\":true,\"valueName\":\"search_term_string\"}}],\"inLanguage\":\"pt-BR\"},{\"@type\":\"Person\",\"@id\":\"https:\\\/\\\/dana.com.br\\\/canaldana\\\/#\\\/schema\\\/person\\\/3c21f22f56fcf3bc46b94bc60ea4fef6\",\"name\":\"Canal Dana\",\"image\":{\"@type\":\"ImageObject\",\"inLanguage\":\"pt-BR\",\"@id\":\"https:\\\/\\\/secure.gravatar.com\\\/avatar\\\/420aaf9278582877d9018637c6817617705899d2858d7572ef0fe59a6b6454b4?s=96&d=mm&r=g\",\"url\":\"https:\\\/\\\/secure.gravatar.com\\\/avatar\\\/420aaf9278582877d9018637c6817617705899d2858d7572ef0fe59a6b6454b4?s=96&d=mm&r=g\",\"contentUrl\":\"https:\\\/\\\/secure.gravatar.com\\\/avatar\\\/420aaf9278582877d9018637c6817617705899d2858d7572ef0fe59a6b6454b4?s=96&d=mm&r=g\",\"caption\":\"Canal Dana\"},\"url\":\"https:\\\/\\\/dana.com.br\\\/canaldana\\\/author\\\/cdeditor\\\/\"}]}<\/script>\n<!-- \/ Yoast SEO plugin. -->","yoast_head_json":{"title":"CONTRAN revoga Resolu\u00e7\u00e3o que proibia uso de capas de porca em caminh\u00f5es - Canal Dana","robots":{"index":"index","follow":"follow","max-snippet":"max-snippet:-1","max-image-preview":"max-image-preview:large","max-video-preview":"max-video-preview:-1"},"canonical":"https:\/\/dana.com.br\/canaldana\/2022\/05\/13\/contran-revoga-resolucao-que-proibia-uso-de-capas-de-porca-em-caminhoes\/","og_locale":"pt_BR","og_type":"article","og_title":"CONTRAN revoga Resolu\u00e7\u00e3o que proibia uso de capas de porca em caminh\u00f5es - Canal Dana","og_description":"Caminh\u00f5es e Carretas &nbsp; Fim da proibi\u00e7\u00e3o \u00e9 confirmado pela Resolu\u00e7\u00e3o n\u00ba 912 do CONTRAN e tamb\u00e9m pelo pr\u00f3prio Secret\u00e1rio Nacional de Tr\u00e2nsito (Senatran); entretanto, h\u00e1 limites que vem ser respeitados &nbsp; Centro de in\u00fameras d\u00favidas, discuss\u00f5es e pol\u00eamicas nos \u00faltimos anos, os protetores de parafusos de rodas, popularmente conhecidos como capas de porca, voltaram\u2026 Leia mais \u00bb","og_url":"https:\/\/dana.com.br\/canaldana\/2022\/05\/13\/contran-revoga-resolucao-que-proibia-uso-de-capas-de-porca-em-caminhoes\/","og_site_name":"Canal Dana","article_published_time":"2022-05-13T11:44:23+00:00","author":"Canal Dana","twitter_card":"summary_large_image","twitter_misc":{"Escrito por":"Canal Dana","Est. tempo de leitura":"2 minutos"},"schema":{"@context":"https:\/\/schema.org","@graph":[{"@type":"Article","@id":"https:\/\/dana.com.br\/canaldana\/2022\/05\/13\/contran-revoga-resolucao-que-proibia-uso-de-capas-de-porca-em-caminhoes\/#article","isPartOf":{"@id":"https:\/\/dana.com.br\/canaldana\/2022\/05\/13\/contran-revoga-resolucao-que-proibia-uso-de-capas-de-porca-em-caminhoes\/"},"author":{"name":"Canal Dana","@id":"https:\/\/dana.com.br\/canaldana\/#\/schema\/person\/3c21f22f56fcf3bc46b94bc60ea4fef6"},"headline":"CONTRAN revoga Resolu\u00e7\u00e3o que proibia uso de capas de porca em caminh\u00f5es","datePublished":"2022-05-13T11:44:23+00:00","mainEntityOfPage":{"@id":"https:\/\/dana.com.br\/canaldana\/2022\/05\/13\/contran-revoga-resolucao-que-proibia-uso-de-capas-de-porca-em-caminhoes\/"},"wordCount":351,"articleSection":["Mercado"],"inLanguage":"pt-BR"},{"@type":"WebPage","@id":"https:\/\/dana.com.br\/canaldana\/2022\/05\/13\/contran-revoga-resolucao-que-proibia-uso-de-capas-de-porca-em-caminhoes\/","url":"https:\/\/dana.com.br\/canaldana\/2022\/05\/13\/contran-revoga-resolucao-que-proibia-uso-de-capas-de-porca-em-caminhoes\/","name":"CONTRAN revoga Resolu\u00e7\u00e3o que proibia uso de capas de porca em caminh\u00f5es - Canal Dana","isPartOf":{"@id":"https:\/\/dana.com.br\/canaldana\/#website"},"datePublished":"2022-05-13T11:44:23+00:00","author":{"@id":"https:\/\/dana.com.br\/canaldana\/#\/schema\/person\/3c21f22f56fcf3bc46b94bc60ea4fef6"},"breadcrumb":{"@id":"https:\/\/dana.com.br\/canaldana\/2022\/05\/13\/contran-revoga-resolucao-que-proibia-uso-de-capas-de-porca-em-caminhoes\/#breadcrumb"},"inLanguage":"pt-BR","potentialAction":[{"@type":"ReadAction","target":["https:\/\/dana.com.br\/canaldana\/2022\/05\/13\/contran-revoga-resolucao-que-proibia-uso-de-capas-de-porca-em-caminhoes\/"]}]},{"@type":"BreadcrumbList","@id":"https:\/\/dana.com.br\/canaldana\/2022\/05\/13\/contran-revoga-resolucao-que-proibia-uso-de-capas-de-porca-em-caminhoes\/#breadcrumb","itemListElement":[{"@type":"ListItem","position":1,"name":"Home","item":"https:\/\/dana.com.br\/canaldana\/"},{"@type":"ListItem","position":2,"name":"Mercado","item":"https:\/\/dana.com.br\/canaldana\/mercado\/"},{"@type":"ListItem","position":3,"name":"CONTRAN revoga Resolu\u00e7\u00e3o que proibia uso de capas de porca em caminh\u00f5es"}]},{"@type":"WebSite","@id":"https:\/\/dana.com.br\/canaldana\/#website","url":"https:\/\/dana.com.br\/canaldana\/","name":"Canal Dana","description":"Informativo com as principais not\u00edcias da ind\u00fastria automotiva","potentialAction":[{"@type":"SearchAction","target":{"@type":"EntryPoint","urlTemplate":"https:\/\/dana.com.br\/canaldana\/?s={search_term_string}"},"query-input":{"@type":"PropertyValueSpecification","valueRequired":true,"valueName":"search_term_string"}}],"inLanguage":"pt-BR"},{"@type":"Person","@id":"https:\/\/dana.com.br\/canaldana\/#\/schema\/person\/3c21f22f56fcf3bc46b94bc60ea4fef6","name":"Canal Dana","image":{"@type":"ImageObject","inLanguage":"pt-BR","@id":"https:\/\/secure.gravatar.com\/avatar\/420aaf9278582877d9018637c6817617705899d2858d7572ef0fe59a6b6454b4?s=96&d=mm&r=g","url":"https:\/\/secure.gravatar.com\/avatar\/420aaf9278582877d9018637c6817617705899d2858d7572ef0fe59a6b6454b4?s=96&d=mm&r=g","contentUrl":"https:\/\/secure.gravatar.com\/avatar\/420aaf9278582877d9018637c6817617705899d2858d7572ef0fe59a6b6454b4?s=96&d=mm&r=g","caption":"Canal Dana"},"url":"https:\/\/dana.com.br\/canaldana\/author\/cdeditor\/"}]}},"_links":{"self":[{"href":"https:\/\/dana.com.br\/canaldana\/wp-json\/wp\/v2\/posts\/58222","targetHints":{"allow":["GET"]}}],"collection":[{"href":"https:\/\/dana.com.br\/canaldana\/wp-json\/wp\/v2\/posts"}],"about":[{"href":"https:\/\/dana.com.br\/canaldana\/wp-json\/wp\/v2\/types\/post"}],"author":[{"embeddable":true,"href":"https:\/\/dana.com.br\/canaldana\/wp-json\/wp\/v2\/users\/3"}],"replies":[{"embeddable":true,"href":"https:\/\/dana.com.br\/canaldana\/wp-json\/wp\/v2\/comments?post=58222"}],"version-history":[{"count":0,"href":"https:\/\/dana.com.br\/canaldana\/wp-json\/wp\/v2\/posts\/58222\/revisions"}],"wp:attachment":[{"href":"https:\/\/dana.com.br\/canaldana\/wp-json\/wp\/v2\/media?parent=58222"}],"wp:term":[{"taxonomy":"category","embeddable":true,"href":"https:\/\/dana.com.br\/canaldana\/wp-json\/wp\/v2\/categories?post=58222"},{"taxonomy":"post_tag","embeddable":true,"href":"https:\/\/dana.com.br\/canaldana\/wp-json\/wp\/v2\/tags?post=58222"}],"curies":[{"name":"wp","href":"https:\/\/api.w.org\/{rel}","templated":true}]}}