{"id":58218,"date":"2022-05-13T08:42:22","date_gmt":"2022-05-13T11:42:22","guid":{"rendered":"https:\/\/dana.com.br\/canaldana\/?p=58218"},"modified":"2022-05-16T08:25:58","modified_gmt":"2022-05-16T11:25:58","slug":"audi-do-brasil-avanca-em-nova-fase-do-programa-de-assinatura-com-e-tron-s-sportback-e-expansao","status":"publish","type":"post","link":"https:\/\/dana.com.br\/canaldana\/2022\/05\/13\/audi-do-brasil-avanca-em-nova-fase-do-programa-de-assinatura-com-e-tron-s-sportback-e-expansao\/","title":{"rendered":"Audi do Brasil avan\u00e7a em nova fase do programa de assinatura com e-tron S Sportback e expans\u00e3o"},"content":{"rendered":"<p><em>Blog do Ricardo Ribas<\/em><\/p>\n<p>&nbsp;<\/p>\n<p>A Audi do Brasil anuncia a nova fase do programa de carros por assinatura da marca. O Audi Luxury Signature ter\u00e1 agora o novo Audi e-tron S Sportback, modelo com maior torque da marca e 100% el\u00e9trico, dispon\u00edvel no programa. Al\u00e9m do el\u00e9trico, tamb\u00e9m \u00e9 poss\u00edvel assinar os modelos A4, Q7, e-tron e e-tron Sportback. Os valores para assinatura partem de R$ 8.285,00 por m\u00eas em planos de 24 meses.<\/p>\n<p>&nbsp;<\/p>\n<p>Al\u00e9m da chegada do esportivo el\u00e9trico ao portf\u00f3lio de carros por assinatura, o programa tamb\u00e9m ganha expans\u00e3o territorial e est\u00e1 dispon\u00edvel em 27 cidades atrav\u00e9s de 34 pontos de venda. O plano por assinatura pode ser contratado nas concession\u00e1rias presentes nos estados de S\u00e3o Paulo, Goi\u00e1s, Distrito Federal, Mato Grosso, Mato Grosso do Sul, Santa Catarina, Minas Gerais, Paran\u00e1, Rio Grande do Sul, Rio de Janeiro e Esp\u00edrito Santo.<\/p>\n<p>&nbsp;<\/p>\n<p>\u201cO Audi Luxury Signature deixou de ser uma tend\u00eancia para se tornar uma realidade entre os servi\u00e7os oferecidos pela Audi no Brasil. O modelo de neg\u00f3cios de carro por assinatura est\u00e1 cada vez mais consolidado no mercado e ganha abrang\u00eancia significativa com um portf\u00f3lio de produtos ainda mais completo para atender \u00e0 demanda de clientes que buscam ve\u00edculos altamente tecnol\u00f3gicos\u201d, avalia Daniel Rojas, CEO e Presidente da Audi do Brasil.<\/p>\n<p>&nbsp;<\/p>\n<p>O programa ainda oferece planos que possuem dura\u00e7\u00e3o de 18 ou 24 meses e contemplam at\u00e9 1.500 km para rodar por m\u00eas, seguro, IPVA, licenciamento, assist\u00eancia 24 horas e manuten\u00e7\u00e3o preventiva, al\u00e9m de blindagem dispon\u00edvel com custo adicional. O projeto \u00e9 desenvolvido em parceria com a Fleet Solutions, empresa do Grupo Volkswagen.<\/p>\n<p>&nbsp;<\/p>\n<p>Os valores de assinatura partem de R$ 8.285,00 para o Audi A4 Sedan, R$ 15.330 para o Audi e-tron , R$ 15.795 para o Audi Q7, R$ 16.345 para o Audi e-tron Sportback, R$ 18.245 para o Q8 e R$ 21.100 para o Audi e-tron S Sportback. Mais informa\u00e7\u00f5es est\u00e3o dispon\u00edveis na p\u00e1gina exclusiva do Audi Luxury Signature.<\/p>\n<p>&nbsp;<\/p>\n<p>As concession\u00e1rias Audi Center s\u00e3o respons\u00e1veis por apresentar aos potenciais clientes as informa\u00e7\u00f5es dos modelos e planos dispon\u00edveis do Audi Luxury Signature. Ao confirmar o interesse, o cliente escolhe o ve\u00edculo de sua prefer\u00eancia e pode adicionar opcionais e\/ou blindagem, com respectiva adi\u00e7\u00e3o de valor no plano de assinatura.<\/p>\n<p>&nbsp;<\/p>\n<p>Ap\u00f3s a apresenta\u00e7\u00e3o de toda a documenta\u00e7\u00e3o necess\u00e1ria, o contrato \u00e9 assinado e a Audi fatura o ve\u00edculo em nome da Fleet Solutions, parceira do projeto respons\u00e1vel pela aquisi\u00e7\u00e3o do modelo. A unidade zero quil\u00f4metro escolhido de acordo com as prefer\u00eancias do interessado chega \u00e0 concession\u00e1ria, que faz a entrega t\u00e9cnica para o cliente.<\/p>\n<p>&nbsp;<\/p>\n<p>A partir da\u00ed o cliente fica respons\u00e1vel por efetuar o pagamento da assinatura mensalmente e seguir as recomenda\u00e7\u00f5es de manuten\u00e7\u00e3o da marca, como agendar e levar o ve\u00edculo para fazer as revis\u00f5es nas concession\u00e1rias. Ao final do contrato, o cliente ter\u00e1 a possibilidade de adquirir o modelo com condi\u00e7\u00f5es especiais ou devolver na concession\u00e1ria onde fechou o plano. (Blog do Ricardo Ribas)<\/p>\n","protected":false},"excerpt":{"rendered":"<p>Blog do Ricardo Ribas &nbsp; A Audi do Brasil anuncia a nova fase do programa de carros por assinatura da marca. O Audi Luxury Signature ter\u00e1 agora o novo Audi e-tron S Sportback, modelo com maior torque da marca e 100% el\u00e9trico, dispon\u00edvel no programa. Al\u00e9m do el\u00e9trico, tamb\u00e9m \u00e9 poss\u00edvel assinar os modelos A4,\u2026 <a class=\"readmore\" href=\"https:\/\/dana.com.br\/canaldana\/2022\/05\/13\/audi-do-brasil-avanca-em-nova-fase-do-programa-de-assinatura-com-e-tron-s-sportback-e-expansao\/\">Leia mais \u00bb<\/a><\/p>\n","protected":false},"author":3,"featured_media":0,"comment_status":"closed","ping_status":"closed","sticky":false,"template":"","format":"standard","meta":{"_acf_changed":false,"footnotes":""},"categories":[79],"tags":[],"class_list":["post-58218","post","type-post","status-publish","format-standard","hentry","category-mercado"],"acf":[],"yoast_head":"<!-- This site is optimized with the Yoast SEO plugin v27.3 - https:\/\/yoast.com\/product\/yoast-seo-wordpress\/ -->\n<title>Audi do Brasil avan\u00e7a em nova fase do programa de assinatura com e-tron S Sportback e expans\u00e3o - Canal Dana<\/title>\n<meta name=\"robots\" content=\"index, follow, max-snippet:-1, max-image-preview:large, max-video-preview:-1\" \/>\n<link rel=\"canonical\" href=\"https:\/\/dana.com.br\/canaldana\/2022\/05\/13\/audi-do-brasil-avanca-em-nova-fase-do-programa-de-assinatura-com-e-tron-s-sportback-e-expansao\/\" \/>\n<meta property=\"og:locale\" content=\"pt_BR\" \/>\n<meta property=\"og:type\" content=\"article\" \/>\n<meta property=\"og:title\" content=\"Audi do Brasil avan\u00e7a em nova fase do programa de assinatura com e-tron S Sportback e expans\u00e3o - Canal Dana\" \/>\n<meta property=\"og:description\" content=\"Blog do Ricardo Ribas &nbsp; A Audi do Brasil anuncia a nova fase do programa de carros por assinatura da marca. O Audi Luxury Signature ter\u00e1 agora o novo Audi e-tron S Sportback, modelo com maior torque da marca e 100% el\u00e9trico, dispon\u00edvel no programa. Al\u00e9m do el\u00e9trico, tamb\u00e9m \u00e9 poss\u00edvel assinar os modelos A4,\u2026 Leia mais \u00bb\" \/>\n<meta property=\"og:url\" content=\"https:\/\/dana.com.br\/canaldana\/2022\/05\/13\/audi-do-brasil-avanca-em-nova-fase-do-programa-de-assinatura-com-e-tron-s-sportback-e-expansao\/\" \/>\n<meta property=\"og:site_name\" content=\"Canal Dana\" \/>\n<meta property=\"article:published_time\" content=\"2022-05-13T11:42:22+00:00\" \/>\n<meta property=\"article:modified_time\" content=\"2022-05-16T11:25:58+00:00\" \/>\n<meta name=\"author\" content=\"Canal Dana\" \/>\n<meta name=\"twitter:card\" content=\"summary_large_image\" \/>\n<meta name=\"twitter:label1\" content=\"Escrito por\" \/>\n\t<meta name=\"twitter:data1\" content=\"Canal Dana\" \/>\n\t<meta name=\"twitter:label2\" content=\"Est. tempo de leitura\" \/>\n\t<meta name=\"twitter:data2\" content=\"3 minutos\" \/>\n<script type=\"application\/ld+json\" class=\"yoast-schema-graph\">{\"@context\":\"https:\\\/\\\/schema.org\",\"@graph\":[{\"@type\":\"Article\",\"@id\":\"https:\\\/\\\/dana.com.br\\\/canaldana\\\/2022\\\/05\\\/13\\\/audi-do-brasil-avanca-em-nova-fase-do-programa-de-assinatura-com-e-tron-s-sportback-e-expansao\\\/#article\",\"isPartOf\":{\"@id\":\"https:\\\/\\\/dana.com.br\\\/canaldana\\\/2022\\\/05\\\/13\\\/audi-do-brasil-avanca-em-nova-fase-do-programa-de-assinatura-com-e-tron-s-sportback-e-expansao\\\/\"},\"author\":{\"name\":\"Canal Dana\",\"@id\":\"https:\\\/\\\/dana.com.br\\\/canaldana\\\/#\\\/schema\\\/person\\\/3c21f22f56fcf3bc46b94bc60ea4fef6\"},\"headline\":\"Audi do Brasil avan\u00e7a em nova fase do programa de assinatura com e-tron S Sportback e expans\u00e3o\",\"datePublished\":\"2022-05-13T11:42:22+00:00\",\"dateModified\":\"2022-05-16T11:25:58+00:00\",\"mainEntityOfPage\":{\"@id\":\"https:\\\/\\\/dana.com.br\\\/canaldana\\\/2022\\\/05\\\/13\\\/audi-do-brasil-avanca-em-nova-fase-do-programa-de-assinatura-com-e-tron-s-sportback-e-expansao\\\/\"},\"wordCount\":557,\"articleSection\":[\"Mercado\"],\"inLanguage\":\"pt-BR\"},{\"@type\":\"WebPage\",\"@id\":\"https:\\\/\\\/dana.com.br\\\/canaldana\\\/2022\\\/05\\\/13\\\/audi-do-brasil-avanca-em-nova-fase-do-programa-de-assinatura-com-e-tron-s-sportback-e-expansao\\\/\",\"url\":\"https:\\\/\\\/dana.com.br\\\/canaldana\\\/2022\\\/05\\\/13\\\/audi-do-brasil-avanca-em-nova-fase-do-programa-de-assinatura-com-e-tron-s-sportback-e-expansao\\\/\",\"name\":\"Audi do Brasil avan\u00e7a em nova fase do programa de assinatura com e-tron S Sportback e expans\u00e3o - Canal Dana\",\"isPartOf\":{\"@id\":\"https:\\\/\\\/dana.com.br\\\/canaldana\\\/#website\"},\"datePublished\":\"2022-05-13T11:42:22+00:00\",\"dateModified\":\"2022-05-16T11:25:58+00:00\",\"author\":{\"@id\":\"https:\\\/\\\/dana.com.br\\\/canaldana\\\/#\\\/schema\\\/person\\\/3c21f22f56fcf3bc46b94bc60ea4fef6\"},\"breadcrumb\":{\"@id\":\"https:\\\/\\\/dana.com.br\\\/canaldana\\\/2022\\\/05\\\/13\\\/audi-do-brasil-avanca-em-nova-fase-do-programa-de-assinatura-com-e-tron-s-sportback-e-expansao\\\/#breadcrumb\"},\"inLanguage\":\"pt-BR\",\"potentialAction\":[{\"@type\":\"ReadAction\",\"target\":[\"https:\\\/\\\/dana.com.br\\\/canaldana\\\/2022\\\/05\\\/13\\\/audi-do-brasil-avanca-em-nova-fase-do-programa-de-assinatura-com-e-tron-s-sportback-e-expansao\\\/\"]}]},{\"@type\":\"BreadcrumbList\",\"@id\":\"https:\\\/\\\/dana.com.br\\\/canaldana\\\/2022\\\/05\\\/13\\\/audi-do-brasil-avanca-em-nova-fase-do-programa-de-assinatura-com-e-tron-s-sportback-e-expansao\\\/#breadcrumb\",\"itemListElement\":[{\"@type\":\"ListItem\",\"position\":1,\"name\":\"Home\",\"item\":\"https:\\\/\\\/dana.com.br\\\/canaldana\\\/\"},{\"@type\":\"ListItem\",\"position\":2,\"name\":\"Mercado\",\"item\":\"https:\\\/\\\/dana.com.br\\\/canaldana\\\/mercado\\\/\"},{\"@type\":\"ListItem\",\"position\":3,\"name\":\"Audi do Brasil avan\u00e7a em nova fase do programa de assinatura com e-tron S Sportback e expans\u00e3o\"}]},{\"@type\":\"WebSite\",\"@id\":\"https:\\\/\\\/dana.com.br\\\/canaldana\\\/#website\",\"url\":\"https:\\\/\\\/dana.com.br\\\/canaldana\\\/\",\"name\":\"Canal Dana\",\"description\":\"Informativo com as principais not\u00edcias da ind\u00fastria automotiva\",\"potentialAction\":[{\"@type\":\"SearchAction\",\"target\":{\"@type\":\"EntryPoint\",\"urlTemplate\":\"https:\\\/\\\/dana.com.br\\\/canaldana\\\/?s={search_term_string}\"},\"query-input\":{\"@type\":\"PropertyValueSpecification\",\"valueRequired\":true,\"valueName\":\"search_term_string\"}}],\"inLanguage\":\"pt-BR\"},{\"@type\":\"Person\",\"@id\":\"https:\\\/\\\/dana.com.br\\\/canaldana\\\/#\\\/schema\\\/person\\\/3c21f22f56fcf3bc46b94bc60ea4fef6\",\"name\":\"Canal Dana\",\"image\":{\"@type\":\"ImageObject\",\"inLanguage\":\"pt-BR\",\"@id\":\"https:\\\/\\\/secure.gravatar.com\\\/avatar\\\/420aaf9278582877d9018637c6817617705899d2858d7572ef0fe59a6b6454b4?s=96&d=mm&r=g\",\"url\":\"https:\\\/\\\/secure.gravatar.com\\\/avatar\\\/420aaf9278582877d9018637c6817617705899d2858d7572ef0fe59a6b6454b4?s=96&d=mm&r=g\",\"contentUrl\":\"https:\\\/\\\/secure.gravatar.com\\\/avatar\\\/420aaf9278582877d9018637c6817617705899d2858d7572ef0fe59a6b6454b4?s=96&d=mm&r=g\",\"caption\":\"Canal Dana\"},\"url\":\"https:\\\/\\\/dana.com.br\\\/canaldana\\\/author\\\/cdeditor\\\/\"}]}<\/script>\n<!-- \/ Yoast SEO plugin. -->","yoast_head_json":{"title":"Audi do Brasil avan\u00e7a em nova fase do programa de assinatura com e-tron S Sportback e expans\u00e3o - Canal Dana","robots":{"index":"index","follow":"follow","max-snippet":"max-snippet:-1","max-image-preview":"max-image-preview:large","max-video-preview":"max-video-preview:-1"},"canonical":"https:\/\/dana.com.br\/canaldana\/2022\/05\/13\/audi-do-brasil-avanca-em-nova-fase-do-programa-de-assinatura-com-e-tron-s-sportback-e-expansao\/","og_locale":"pt_BR","og_type":"article","og_title":"Audi do Brasil avan\u00e7a em nova fase do programa de assinatura com e-tron S Sportback e expans\u00e3o - Canal Dana","og_description":"Blog do Ricardo Ribas &nbsp; A Audi do Brasil anuncia a nova fase do programa de carros por assinatura da marca. O Audi Luxury Signature ter\u00e1 agora o novo Audi e-tron S Sportback, modelo com maior torque da marca e 100% el\u00e9trico, dispon\u00edvel no programa. Al\u00e9m do el\u00e9trico, tamb\u00e9m \u00e9 poss\u00edvel assinar os modelos A4,\u2026 Leia mais \u00bb","og_url":"https:\/\/dana.com.br\/canaldana\/2022\/05\/13\/audi-do-brasil-avanca-em-nova-fase-do-programa-de-assinatura-com-e-tron-s-sportback-e-expansao\/","og_site_name":"Canal Dana","article_published_time":"2022-05-13T11:42:22+00:00","article_modified_time":"2022-05-16T11:25:58+00:00","author":"Canal Dana","twitter_card":"summary_large_image","twitter_misc":{"Escrito por":"Canal Dana","Est. tempo de leitura":"3 minutos"},"schema":{"@context":"https:\/\/schema.org","@graph":[{"@type":"Article","@id":"https:\/\/dana.com.br\/canaldana\/2022\/05\/13\/audi-do-brasil-avanca-em-nova-fase-do-programa-de-assinatura-com-e-tron-s-sportback-e-expansao\/#article","isPartOf":{"@id":"https:\/\/dana.com.br\/canaldana\/2022\/05\/13\/audi-do-brasil-avanca-em-nova-fase-do-programa-de-assinatura-com-e-tron-s-sportback-e-expansao\/"},"author":{"name":"Canal Dana","@id":"https:\/\/dana.com.br\/canaldana\/#\/schema\/person\/3c21f22f56fcf3bc46b94bc60ea4fef6"},"headline":"Audi do Brasil avan\u00e7a em nova fase do programa de assinatura com e-tron S Sportback e expans\u00e3o","datePublished":"2022-05-13T11:42:22+00:00","dateModified":"2022-05-16T11:25:58+00:00","mainEntityOfPage":{"@id":"https:\/\/dana.com.br\/canaldana\/2022\/05\/13\/audi-do-brasil-avanca-em-nova-fase-do-programa-de-assinatura-com-e-tron-s-sportback-e-expansao\/"},"wordCount":557,"articleSection":["Mercado"],"inLanguage":"pt-BR"},{"@type":"WebPage","@id":"https:\/\/dana.com.br\/canaldana\/2022\/05\/13\/audi-do-brasil-avanca-em-nova-fase-do-programa-de-assinatura-com-e-tron-s-sportback-e-expansao\/","url":"https:\/\/dana.com.br\/canaldana\/2022\/05\/13\/audi-do-brasil-avanca-em-nova-fase-do-programa-de-assinatura-com-e-tron-s-sportback-e-expansao\/","name":"Audi do Brasil avan\u00e7a em nova fase do programa de assinatura com e-tron S Sportback e expans\u00e3o - Canal Dana","isPartOf":{"@id":"https:\/\/dana.com.br\/canaldana\/#website"},"datePublished":"2022-05-13T11:42:22+00:00","dateModified":"2022-05-16T11:25:58+00:00","author":{"@id":"https:\/\/dana.com.br\/canaldana\/#\/schema\/person\/3c21f22f56fcf3bc46b94bc60ea4fef6"},"breadcrumb":{"@id":"https:\/\/dana.com.br\/canaldana\/2022\/05\/13\/audi-do-brasil-avanca-em-nova-fase-do-programa-de-assinatura-com-e-tron-s-sportback-e-expansao\/#breadcrumb"},"inLanguage":"pt-BR","potentialAction":[{"@type":"ReadAction","target":["https:\/\/dana.com.br\/canaldana\/2022\/05\/13\/audi-do-brasil-avanca-em-nova-fase-do-programa-de-assinatura-com-e-tron-s-sportback-e-expansao\/"]}]},{"@type":"BreadcrumbList","@id":"https:\/\/dana.com.br\/canaldana\/2022\/05\/13\/audi-do-brasil-avanca-em-nova-fase-do-programa-de-assinatura-com-e-tron-s-sportback-e-expansao\/#breadcrumb","itemListElement":[{"@type":"ListItem","position":1,"name":"Home","item":"https:\/\/dana.com.br\/canaldana\/"},{"@type":"ListItem","position":2,"name":"Mercado","item":"https:\/\/dana.com.br\/canaldana\/mercado\/"},{"@type":"ListItem","position":3,"name":"Audi do Brasil avan\u00e7a em nova fase do programa de assinatura com e-tron S Sportback e expans\u00e3o"}]},{"@type":"WebSite","@id":"https:\/\/dana.com.br\/canaldana\/#website","url":"https:\/\/dana.com.br\/canaldana\/","name":"Canal Dana","description":"Informativo com as principais not\u00edcias da ind\u00fastria automotiva","potentialAction":[{"@type":"SearchAction","target":{"@type":"EntryPoint","urlTemplate":"https:\/\/dana.com.br\/canaldana\/?s={search_term_string}"},"query-input":{"@type":"PropertyValueSpecification","valueRequired":true,"valueName":"search_term_string"}}],"inLanguage":"pt-BR"},{"@type":"Person","@id":"https:\/\/dana.com.br\/canaldana\/#\/schema\/person\/3c21f22f56fcf3bc46b94bc60ea4fef6","name":"Canal Dana","image":{"@type":"ImageObject","inLanguage":"pt-BR","@id":"https:\/\/secure.gravatar.com\/avatar\/420aaf9278582877d9018637c6817617705899d2858d7572ef0fe59a6b6454b4?s=96&d=mm&r=g","url":"https:\/\/secure.gravatar.com\/avatar\/420aaf9278582877d9018637c6817617705899d2858d7572ef0fe59a6b6454b4?s=96&d=mm&r=g","contentUrl":"https:\/\/secure.gravatar.com\/avatar\/420aaf9278582877d9018637c6817617705899d2858d7572ef0fe59a6b6454b4?s=96&d=mm&r=g","caption":"Canal Dana"},"url":"https:\/\/dana.com.br\/canaldana\/author\/cdeditor\/"}]}},"_links":{"self":[{"href":"https:\/\/dana.com.br\/canaldana\/wp-json\/wp\/v2\/posts\/58218","targetHints":{"allow":["GET"]}}],"collection":[{"href":"https:\/\/dana.com.br\/canaldana\/wp-json\/wp\/v2\/posts"}],"about":[{"href":"https:\/\/dana.com.br\/canaldana\/wp-json\/wp\/v2\/types\/post"}],"author":[{"embeddable":true,"href":"https:\/\/dana.com.br\/canaldana\/wp-json\/wp\/v2\/users\/3"}],"replies":[{"embeddable":true,"href":"https:\/\/dana.com.br\/canaldana\/wp-json\/wp\/v2\/comments?post=58218"}],"version-history":[{"count":0,"href":"https:\/\/dana.com.br\/canaldana\/wp-json\/wp\/v2\/posts\/58218\/revisions"}],"wp:attachment":[{"href":"https:\/\/dana.com.br\/canaldana\/wp-json\/wp\/v2\/media?parent=58218"}],"wp:term":[{"taxonomy":"category","embeddable":true,"href":"https:\/\/dana.com.br\/canaldana\/wp-json\/wp\/v2\/categories?post=58218"},{"taxonomy":"post_tag","embeddable":true,"href":"https:\/\/dana.com.br\/canaldana\/wp-json\/wp\/v2\/tags?post=58218"}],"curies":[{"name":"wp","href":"https:\/\/api.w.org\/{rel}","templated":true}]}}