{"id":58186,"date":"2022-05-12T08:16:17","date_gmt":"2022-05-12T11:16:17","guid":{"rendered":"https:\/\/dana.com.br\/canaldana\/?p=58186"},"modified":"2022-05-12T08:16:17","modified_gmt":"2022-05-12T11:16:17","slug":"inflacao-registra-alta-de-106-em-abril-e-ja-chega-a-1213-em-12-meses","status":"publish","type":"post","link":"https:\/\/dana.com.br\/canaldana\/2022\/05\/12\/inflacao-registra-alta-de-106-em-abril-e-ja-chega-a-1213-em-12-meses\/","title":{"rendered":"Infla\u00e7\u00e3o registra alta de 1,06% em abril e j\u00e1 chega a 12,13% em 12 meses"},"content":{"rendered":"<p><em>O Estado de S. Paulo <\/em><\/p>\n<p>&nbsp;<\/p>\n<p>Turbinado por combust\u00edveis e alimentos, o \u00cdndice Nacional de Pre\u00e7os ao Consumidor Amplo (IPCA) registrou alta de 1,06% em abril, a maior para o m\u00eas desde 1996, segundo informa\u00e7\u00f5es divulgadas ontem pelo Instituto Brasileiro de Geografia e Estat\u00edstica (IBGE). Com o resultado, a infla\u00e7\u00e3o acumulada em 12 meses somou 12,13% \u2013 o patamar mais elevado desde outubro de 2003 \u2013, afastando-se ainda mais da meta do Banco Central para este ano \u2013 de 3,5%, com toler\u00e2ncia at\u00e9 5%.<\/p>\n<p>&nbsp;<\/p>\n<p>Conforme o IBGE, a alta de pre\u00e7os est\u00e1 espalhada por toda a cadeia: 78,25% dos produtos e dos servi\u00e7os pesquisados subiram no \u00faltimo m\u00eas, ante 76% em mar\u00e7o. Foi o pior \u00edndice desde janeiro de 2003.<\/p>\n<p>&nbsp;<\/p>\n<p>\u201cDados os riscos \u00e0 frente, especialmente na taxa de c\u00e2mbio e nos pre\u00e7os de commodities, o Banco Central tem elevada chance de, eventualmente, ter de levar a Selic para 14% ou mais. Isto n\u00e3o est\u00e1 descartado\u201d, afirmou o economista-chefe da consultoria MB Associados, Sergio Vale. A taxa b\u00e1sica de juros est\u00e1 hoje em 12,75% ao ano.<\/p>\n<p>&nbsp;<\/p>\n<p>Vale acrescenta que as preocupa\u00e7\u00f5es em torno da infla\u00e7\u00e3o s\u00e3o agora in\u00e9ditas desde o Plano Real, considerando que o BC est\u00e1 isolado no combate ao aumento de pre\u00e7os, enquanto o Minist\u00e9rio da Economia e o Planalto lan\u00e7am m\u00e3o de medidas para o crescimento das despesas p\u00fablicas em pleno ano eleitoral. Por isso, ele considera que o BC ter\u00e1 de endurecer sua a\u00e7\u00e3o para conter as expectativas inflacion\u00e1rias para 2023. A MB Associados aumentou sua proje\u00e7\u00e3o para o IPCA de 2022, de 7,8% para 8,7%, enquanto a do ano que vem foi revista de 4,2% para 4,5%.<\/p>\n<p>&nbsp;<\/p>\n<p>\u201cA gente v\u00ea, pelas aberturas do IPCA, que o quadro continua bastante preocupante\u201d, disse o economista Daniel Lima, do Banco ABC Brasil. Para ele, o cen\u00e1rio de curto prazo imp\u00f5e uma tend\u00eancia de revis\u00e3o de sua proje\u00e7\u00e3o de infla\u00e7\u00e3o para o ano \u2013 dos atuais 8,4% para um n\u00edvel pr\u00f3ximo de 9%. J\u00e1 o Banco Original elevou sua proje\u00e7\u00e3o de IPCA em 2022 de 7,7% para 9%, enquanto o brit\u00e2nico Barclays subiu de 7,5% para 8,4%.<\/p>\n<p>&nbsp;<\/p>\n<p>\u201cA infla\u00e7\u00e3o n\u00e3o est\u00e1 muito pior do que no m\u00eas passado, mas continua ruim. Se desconsiderar os fatores espec\u00edficos, andou de lado. A qualidade dos n\u00fameros \u00e9 bastante negativa e n\u00e3o d\u00e1 sinais de que vai ter grandes al\u00edvios t\u00e3o cedo\u201d, disse o economista Luis Menon, da gestora de recursos Garde Asset Management.<\/p>\n<p>&nbsp;<\/p>\n<p><strong>Contribui\u00e7\u00e3o<\/strong><\/p>\n<p>&nbsp;<\/p>\n<p>Os combust\u00edveis tiveram o maior peso individual na infla\u00e7\u00e3o de abril, com alta de 3,2%, respondendo por 0,25 ponto porcentual do \u00edndice no m\u00eas. A gasolina subiu 2,48% em abril. Houve altas tamb\u00e9m nos pre\u00e7os do etanol (8,44%), do \u00f3leo diesel (4,74%) e do g\u00e1s veicular (0,24%). Depois, vieram os rem\u00e9dios, que subiram 6,13%, com contribui\u00e7\u00e3o de 0,19 ponto porcentual para o IPCA.<\/p>\n<p>&nbsp;<\/p>\n<p>Alimentos e transportes pesaram mais no bolso das fam\u00edlias. Os aumentos de 2,06% em alimenta\u00e7\u00e3o e bebidas e de 1,91% no gasto com deslocamento responderam, juntos, por cerca de 80% do IPCA do m\u00eas. No caso dos alimentos, as fam\u00edlias pagaram mais pelo leite longa-vida (10,31%), batata-inglesa (18,28%), tomate (10,18%), \u00f3leo de soja (8,24%), p\u00e3o franc\u00eas (4,52%) e carnes (1,02%). \u2022<\/p>\n<p>&nbsp;<\/p>\n<p>Em alta Mais de 78% de produtos e servi\u00e7os pesquisados tiveram aumento em abril, conforme o IBGE, colaborou Guilherme Bianchini. (O Estado de S. Paulo\/Daniela Amorim e C\u00edcero Cotrim)<\/p>\n","protected":false},"excerpt":{"rendered":"<p>O Estado de S. Paulo &nbsp; Turbinado por combust\u00edveis e alimentos, o \u00cdndice Nacional de Pre\u00e7os ao Consumidor Amplo (IPCA) registrou alta de 1,06% em abril, a maior para o m\u00eas desde 1996, segundo informa\u00e7\u00f5es divulgadas ontem pelo Instituto Brasileiro de Geografia e Estat\u00edstica (IBGE). Com o resultado, a infla\u00e7\u00e3o acumulada em 12 meses somou\u2026 <a class=\"readmore\" href=\"https:\/\/dana.com.br\/canaldana\/2022\/05\/12\/inflacao-registra-alta-de-106-em-abril-e-ja-chega-a-1213-em-12-meses\/\">Leia mais \u00bb<\/a><\/p>\n","protected":false},"author":3,"featured_media":0,"comment_status":"closed","ping_status":"closed","sticky":false,"template":"","format":"standard","meta":{"_acf_changed":false,"footnotes":""},"categories":[79],"tags":[],"class_list":["post-58186","post","type-post","status-publish","format-standard","hentry","category-mercado"],"acf":[],"yoast_head":"<!-- This site is optimized with the Yoast SEO plugin v27.3 - https:\/\/yoast.com\/product\/yoast-seo-wordpress\/ -->\n<title>Infla\u00e7\u00e3o registra alta de 1,06% em abril e j\u00e1 chega a 12,13% em 12 meses - Canal Dana<\/title>\n<meta name=\"robots\" content=\"index, follow, max-snippet:-1, max-image-preview:large, max-video-preview:-1\" \/>\n<link rel=\"canonical\" href=\"https:\/\/dana.com.br\/canaldana\/2022\/05\/12\/inflacao-registra-alta-de-106-em-abril-e-ja-chega-a-1213-em-12-meses\/\" \/>\n<meta property=\"og:locale\" content=\"pt_BR\" \/>\n<meta property=\"og:type\" content=\"article\" \/>\n<meta property=\"og:title\" content=\"Infla\u00e7\u00e3o registra alta de 1,06% em abril e j\u00e1 chega a 12,13% em 12 meses - Canal Dana\" \/>\n<meta property=\"og:description\" content=\"O Estado de S. Paulo &nbsp; Turbinado por combust\u00edveis e alimentos, o \u00cdndice Nacional de Pre\u00e7os ao Consumidor Amplo (IPCA) registrou alta de 1,06% em abril, a maior para o m\u00eas desde 1996, segundo informa\u00e7\u00f5es divulgadas ontem pelo Instituto Brasileiro de Geografia e Estat\u00edstica (IBGE). Com o resultado, a infla\u00e7\u00e3o acumulada em 12 meses somou\u2026 Leia mais \u00bb\" \/>\n<meta property=\"og:url\" content=\"https:\/\/dana.com.br\/canaldana\/2022\/05\/12\/inflacao-registra-alta-de-106-em-abril-e-ja-chega-a-1213-em-12-meses\/\" \/>\n<meta property=\"og:site_name\" content=\"Canal Dana\" \/>\n<meta property=\"article:published_time\" content=\"2022-05-12T11:16:17+00:00\" \/>\n<meta name=\"author\" content=\"Canal Dana\" \/>\n<meta name=\"twitter:card\" content=\"summary_large_image\" \/>\n<meta name=\"twitter:label1\" content=\"Escrito por\" \/>\n\t<meta name=\"twitter:data1\" content=\"Canal Dana\" \/>\n\t<meta name=\"twitter:label2\" content=\"Est. tempo de leitura\" \/>\n\t<meta name=\"twitter:data2\" content=\"3 minutos\" \/>\n<script type=\"application\/ld+json\" class=\"yoast-schema-graph\">{\"@context\":\"https:\\\/\\\/schema.org\",\"@graph\":[{\"@type\":\"Article\",\"@id\":\"https:\\\/\\\/dana.com.br\\\/canaldana\\\/2022\\\/05\\\/12\\\/inflacao-registra-alta-de-106-em-abril-e-ja-chega-a-1213-em-12-meses\\\/#article\",\"isPartOf\":{\"@id\":\"https:\\\/\\\/dana.com.br\\\/canaldana\\\/2022\\\/05\\\/12\\\/inflacao-registra-alta-de-106-em-abril-e-ja-chega-a-1213-em-12-meses\\\/\"},\"author\":{\"name\":\"Canal Dana\",\"@id\":\"https:\\\/\\\/dana.com.br\\\/canaldana\\\/#\\\/schema\\\/person\\\/3c21f22f56fcf3bc46b94bc60ea4fef6\"},\"headline\":\"Infla\u00e7\u00e3o registra alta de 1,06% em abril e j\u00e1 chega a 12,13% em 12 meses\",\"datePublished\":\"2022-05-12T11:16:17+00:00\",\"mainEntityOfPage\":{\"@id\":\"https:\\\/\\\/dana.com.br\\\/canaldana\\\/2022\\\/05\\\/12\\\/inflacao-registra-alta-de-106-em-abril-e-ja-chega-a-1213-em-12-meses\\\/\"},\"wordCount\":590,\"articleSection\":[\"Mercado\"],\"inLanguage\":\"pt-BR\"},{\"@type\":\"WebPage\",\"@id\":\"https:\\\/\\\/dana.com.br\\\/canaldana\\\/2022\\\/05\\\/12\\\/inflacao-registra-alta-de-106-em-abril-e-ja-chega-a-1213-em-12-meses\\\/\",\"url\":\"https:\\\/\\\/dana.com.br\\\/canaldana\\\/2022\\\/05\\\/12\\\/inflacao-registra-alta-de-106-em-abril-e-ja-chega-a-1213-em-12-meses\\\/\",\"name\":\"Infla\u00e7\u00e3o registra alta de 1,06% em abril e j\u00e1 chega a 12,13% em 12 meses - Canal Dana\",\"isPartOf\":{\"@id\":\"https:\\\/\\\/dana.com.br\\\/canaldana\\\/#website\"},\"datePublished\":\"2022-05-12T11:16:17+00:00\",\"author\":{\"@id\":\"https:\\\/\\\/dana.com.br\\\/canaldana\\\/#\\\/schema\\\/person\\\/3c21f22f56fcf3bc46b94bc60ea4fef6\"},\"breadcrumb\":{\"@id\":\"https:\\\/\\\/dana.com.br\\\/canaldana\\\/2022\\\/05\\\/12\\\/inflacao-registra-alta-de-106-em-abril-e-ja-chega-a-1213-em-12-meses\\\/#breadcrumb\"},\"inLanguage\":\"pt-BR\",\"potentialAction\":[{\"@type\":\"ReadAction\",\"target\":[\"https:\\\/\\\/dana.com.br\\\/canaldana\\\/2022\\\/05\\\/12\\\/inflacao-registra-alta-de-106-em-abril-e-ja-chega-a-1213-em-12-meses\\\/\"]}]},{\"@type\":\"BreadcrumbList\",\"@id\":\"https:\\\/\\\/dana.com.br\\\/canaldana\\\/2022\\\/05\\\/12\\\/inflacao-registra-alta-de-106-em-abril-e-ja-chega-a-1213-em-12-meses\\\/#breadcrumb\",\"itemListElement\":[{\"@type\":\"ListItem\",\"position\":1,\"name\":\"Home\",\"item\":\"https:\\\/\\\/dana.com.br\\\/canaldana\\\/\"},{\"@type\":\"ListItem\",\"position\":2,\"name\":\"Mercado\",\"item\":\"https:\\\/\\\/dana.com.br\\\/canaldana\\\/mercado\\\/\"},{\"@type\":\"ListItem\",\"position\":3,\"name\":\"Infla\u00e7\u00e3o registra alta de 1,06% em abril e j\u00e1 chega a 12,13% em 12 meses\"}]},{\"@type\":\"WebSite\",\"@id\":\"https:\\\/\\\/dana.com.br\\\/canaldana\\\/#website\",\"url\":\"https:\\\/\\\/dana.com.br\\\/canaldana\\\/\",\"name\":\"Canal Dana\",\"description\":\"Informativo com as principais not\u00edcias da ind\u00fastria automotiva\",\"potentialAction\":[{\"@type\":\"SearchAction\",\"target\":{\"@type\":\"EntryPoint\",\"urlTemplate\":\"https:\\\/\\\/dana.com.br\\\/canaldana\\\/?s={search_term_string}\"},\"query-input\":{\"@type\":\"PropertyValueSpecification\",\"valueRequired\":true,\"valueName\":\"search_term_string\"}}],\"inLanguage\":\"pt-BR\"},{\"@type\":\"Person\",\"@id\":\"https:\\\/\\\/dana.com.br\\\/canaldana\\\/#\\\/schema\\\/person\\\/3c21f22f56fcf3bc46b94bc60ea4fef6\",\"name\":\"Canal Dana\",\"image\":{\"@type\":\"ImageObject\",\"inLanguage\":\"pt-BR\",\"@id\":\"https:\\\/\\\/secure.gravatar.com\\\/avatar\\\/420aaf9278582877d9018637c6817617705899d2858d7572ef0fe59a6b6454b4?s=96&d=mm&r=g\",\"url\":\"https:\\\/\\\/secure.gravatar.com\\\/avatar\\\/420aaf9278582877d9018637c6817617705899d2858d7572ef0fe59a6b6454b4?s=96&d=mm&r=g\",\"contentUrl\":\"https:\\\/\\\/secure.gravatar.com\\\/avatar\\\/420aaf9278582877d9018637c6817617705899d2858d7572ef0fe59a6b6454b4?s=96&d=mm&r=g\",\"caption\":\"Canal Dana\"},\"url\":\"https:\\\/\\\/dana.com.br\\\/canaldana\\\/author\\\/cdeditor\\\/\"}]}<\/script>\n<!-- \/ Yoast SEO plugin. -->","yoast_head_json":{"title":"Infla\u00e7\u00e3o registra alta de 1,06% em abril e j\u00e1 chega a 12,13% em 12 meses - Canal Dana","robots":{"index":"index","follow":"follow","max-snippet":"max-snippet:-1","max-image-preview":"max-image-preview:large","max-video-preview":"max-video-preview:-1"},"canonical":"https:\/\/dana.com.br\/canaldana\/2022\/05\/12\/inflacao-registra-alta-de-106-em-abril-e-ja-chega-a-1213-em-12-meses\/","og_locale":"pt_BR","og_type":"article","og_title":"Infla\u00e7\u00e3o registra alta de 1,06% em abril e j\u00e1 chega a 12,13% em 12 meses - Canal Dana","og_description":"O Estado de S. Paulo &nbsp; Turbinado por combust\u00edveis e alimentos, o \u00cdndice Nacional de Pre\u00e7os ao Consumidor Amplo (IPCA) registrou alta de 1,06% em abril, a maior para o m\u00eas desde 1996, segundo informa\u00e7\u00f5es divulgadas ontem pelo Instituto Brasileiro de Geografia e Estat\u00edstica (IBGE). Com o resultado, a infla\u00e7\u00e3o acumulada em 12 meses somou\u2026 Leia mais \u00bb","og_url":"https:\/\/dana.com.br\/canaldana\/2022\/05\/12\/inflacao-registra-alta-de-106-em-abril-e-ja-chega-a-1213-em-12-meses\/","og_site_name":"Canal Dana","article_published_time":"2022-05-12T11:16:17+00:00","author":"Canal Dana","twitter_card":"summary_large_image","twitter_misc":{"Escrito por":"Canal Dana","Est. tempo de leitura":"3 minutos"},"schema":{"@context":"https:\/\/schema.org","@graph":[{"@type":"Article","@id":"https:\/\/dana.com.br\/canaldana\/2022\/05\/12\/inflacao-registra-alta-de-106-em-abril-e-ja-chega-a-1213-em-12-meses\/#article","isPartOf":{"@id":"https:\/\/dana.com.br\/canaldana\/2022\/05\/12\/inflacao-registra-alta-de-106-em-abril-e-ja-chega-a-1213-em-12-meses\/"},"author":{"name":"Canal Dana","@id":"https:\/\/dana.com.br\/canaldana\/#\/schema\/person\/3c21f22f56fcf3bc46b94bc60ea4fef6"},"headline":"Infla\u00e7\u00e3o registra alta de 1,06% em abril e j\u00e1 chega a 12,13% em 12 meses","datePublished":"2022-05-12T11:16:17+00:00","mainEntityOfPage":{"@id":"https:\/\/dana.com.br\/canaldana\/2022\/05\/12\/inflacao-registra-alta-de-106-em-abril-e-ja-chega-a-1213-em-12-meses\/"},"wordCount":590,"articleSection":["Mercado"],"inLanguage":"pt-BR"},{"@type":"WebPage","@id":"https:\/\/dana.com.br\/canaldana\/2022\/05\/12\/inflacao-registra-alta-de-106-em-abril-e-ja-chega-a-1213-em-12-meses\/","url":"https:\/\/dana.com.br\/canaldana\/2022\/05\/12\/inflacao-registra-alta-de-106-em-abril-e-ja-chega-a-1213-em-12-meses\/","name":"Infla\u00e7\u00e3o registra alta de 1,06% em abril e j\u00e1 chega a 12,13% em 12 meses - Canal Dana","isPartOf":{"@id":"https:\/\/dana.com.br\/canaldana\/#website"},"datePublished":"2022-05-12T11:16:17+00:00","author":{"@id":"https:\/\/dana.com.br\/canaldana\/#\/schema\/person\/3c21f22f56fcf3bc46b94bc60ea4fef6"},"breadcrumb":{"@id":"https:\/\/dana.com.br\/canaldana\/2022\/05\/12\/inflacao-registra-alta-de-106-em-abril-e-ja-chega-a-1213-em-12-meses\/#breadcrumb"},"inLanguage":"pt-BR","potentialAction":[{"@type":"ReadAction","target":["https:\/\/dana.com.br\/canaldana\/2022\/05\/12\/inflacao-registra-alta-de-106-em-abril-e-ja-chega-a-1213-em-12-meses\/"]}]},{"@type":"BreadcrumbList","@id":"https:\/\/dana.com.br\/canaldana\/2022\/05\/12\/inflacao-registra-alta-de-106-em-abril-e-ja-chega-a-1213-em-12-meses\/#breadcrumb","itemListElement":[{"@type":"ListItem","position":1,"name":"Home","item":"https:\/\/dana.com.br\/canaldana\/"},{"@type":"ListItem","position":2,"name":"Mercado","item":"https:\/\/dana.com.br\/canaldana\/mercado\/"},{"@type":"ListItem","position":3,"name":"Infla\u00e7\u00e3o registra alta de 1,06% em abril e j\u00e1 chega a 12,13% em 12 meses"}]},{"@type":"WebSite","@id":"https:\/\/dana.com.br\/canaldana\/#website","url":"https:\/\/dana.com.br\/canaldana\/","name":"Canal Dana","description":"Informativo com as principais not\u00edcias da ind\u00fastria automotiva","potentialAction":[{"@type":"SearchAction","target":{"@type":"EntryPoint","urlTemplate":"https:\/\/dana.com.br\/canaldana\/?s={search_term_string}"},"query-input":{"@type":"PropertyValueSpecification","valueRequired":true,"valueName":"search_term_string"}}],"inLanguage":"pt-BR"},{"@type":"Person","@id":"https:\/\/dana.com.br\/canaldana\/#\/schema\/person\/3c21f22f56fcf3bc46b94bc60ea4fef6","name":"Canal Dana","image":{"@type":"ImageObject","inLanguage":"pt-BR","@id":"https:\/\/secure.gravatar.com\/avatar\/420aaf9278582877d9018637c6817617705899d2858d7572ef0fe59a6b6454b4?s=96&d=mm&r=g","url":"https:\/\/secure.gravatar.com\/avatar\/420aaf9278582877d9018637c6817617705899d2858d7572ef0fe59a6b6454b4?s=96&d=mm&r=g","contentUrl":"https:\/\/secure.gravatar.com\/avatar\/420aaf9278582877d9018637c6817617705899d2858d7572ef0fe59a6b6454b4?s=96&d=mm&r=g","caption":"Canal Dana"},"url":"https:\/\/dana.com.br\/canaldana\/author\/cdeditor\/"}]}},"_links":{"self":[{"href":"https:\/\/dana.com.br\/canaldana\/wp-json\/wp\/v2\/posts\/58186","targetHints":{"allow":["GET"]}}],"collection":[{"href":"https:\/\/dana.com.br\/canaldana\/wp-json\/wp\/v2\/posts"}],"about":[{"href":"https:\/\/dana.com.br\/canaldana\/wp-json\/wp\/v2\/types\/post"}],"author":[{"embeddable":true,"href":"https:\/\/dana.com.br\/canaldana\/wp-json\/wp\/v2\/users\/3"}],"replies":[{"embeddable":true,"href":"https:\/\/dana.com.br\/canaldana\/wp-json\/wp\/v2\/comments?post=58186"}],"version-history":[{"count":0,"href":"https:\/\/dana.com.br\/canaldana\/wp-json\/wp\/v2\/posts\/58186\/revisions"}],"wp:attachment":[{"href":"https:\/\/dana.com.br\/canaldana\/wp-json\/wp\/v2\/media?parent=58186"}],"wp:term":[{"taxonomy":"category","embeddable":true,"href":"https:\/\/dana.com.br\/canaldana\/wp-json\/wp\/v2\/categories?post=58186"},{"taxonomy":"post_tag","embeddable":true,"href":"https:\/\/dana.com.br\/canaldana\/wp-json\/wp\/v2\/tags?post=58186"}],"curies":[{"name":"wp","href":"https:\/\/api.w.org\/{rel}","templated":true}]}}