{"id":58184,"date":"2022-05-12T08:15:47","date_gmt":"2022-05-12T11:15:47","guid":{"rendered":"https:\/\/dana.com.br\/canaldana\/?p=58184"},"modified":"2022-05-12T08:15:47","modified_gmt":"2022-05-12T11:15:47","slug":"aumento-da-selic-incentiva-consorcio-de-caminhoes","status":"publish","type":"post","link":"https:\/\/dana.com.br\/canaldana\/2022\/05\/12\/aumento-da-selic-incentiva-consorcio-de-caminhoes\/","title":{"rendered":"Aumento da Selic incentiva cons\u00f3rcio de caminh\u00f5es"},"content":{"rendered":"<p><em>Carga Pesada<\/em><\/p>\n<p>&nbsp;<\/p>\n<p>O recente aumento da taxa Selic para 11,75%, promovido pelo Copom (Comit\u00ea de Pol\u00edtica Monet\u00e1ria), do Banco Central, deixa mais caro o financiamento de caminh\u00f5es no pa\u00eds. Por n\u00e3o cobrar juros, o cons\u00f3rcio surge como uma alternativa para quem precisa renovar ou aumentar a frota de caminh\u00f5es, em meio a v\u00e1rias categorias de cr\u00e9dito que sofrem o impacto desse ajuste.<\/p>\n<p>&nbsp;<\/p>\n<p>De acordo com a ABAC (Associa\u00e7\u00e3o Brasileira de Administradoras de Cons\u00f3rcios), a modalidade vem atraindo a aten\u00e7\u00e3o do consumidor e a percep\u00e7\u00e3o das suas vantagens, se traduzindo em vendas. Depois do desempenho positivo registrado no ano passado, 2022 come\u00e7ou aquecido para o setor. No primeiro bimestre, as vendas de novas cotas na categoria de pesados, que inclui os caminh\u00f5es, subiram mais de 89% em compara\u00e7\u00e3o ao mesmo per\u00edodo de 2021. Ainda segundo a associa\u00e7\u00e3o, um a cada tr\u00eas caminh\u00f5es negociados no mercado brasileiro, em janeiro, foi adquirido por meio de cons\u00f3rcio.<\/p>\n<p>&nbsp;<\/p>\n<p>As 6,78 mil contempla\u00e7\u00f5es s\u00f3 de caminh\u00f5es, anotadas em janeiro e fevereiro, ainda segundo a ABAC, corresponderam a potencial compra de 41,1% do mercado interno, que totalizou 16,48 mil unidades vendidas, segundo dados da Federa\u00e7\u00e3o Nacional da Distribui\u00e7\u00e3o de Ve\u00edculos Automotores (Fenabrave).<\/p>\n<p>&nbsp;<\/p>\n<p>Em sua edi\u00e7\u00e3o de mar\u00e7o, a Revista Carga Pesada destacou o tema conforme link abaixo:<\/p>\n<p>&nbsp;<\/p>\n<p>Na mat\u00e9ria, o diretor comercial da Scania Cons\u00f3rcio, Rodrigo Clemente destacou que o cen\u00e1rio de 2022 favorece quem tomar a decis\u00e3o de continuar investindo na frota. \u201cSabemos que existem diversas dificuldades, mas quem tomar a iniciativa agora vai estar melhor preparado para o futuro, com um saldo de caixa sendo constru\u00eddo e mais perto de ter seu ve\u00edculo novo\u201d. O executivo destaca que nos \u00faltimos anos houve um grande aumento da frota, e que em dois ou tr\u00eas anos essa frota precisar\u00e1 ser renovada.<\/p>\n<p>&nbsp;<\/p>\n<p>Para Clemente, o transportador precisa pensar nesse planejamento da renova\u00e7\u00e3o, e o Cons\u00f3rcio surge como uma \u00f3tima ferramenta, onde ele n\u00e3o tem a necessidade imediata do bem, mas j\u00e1 pode ir se preparando para o futuro.<\/p>\n<p>&nbsp;<\/p>\n<p><a href=\"https:\/\/cargapesada.com.br\/2022\/04\/08\/como-investir-na-frota-diante-do-cenario-atual\/\" target=\"_blank\" rel=\"noopener\">Clique aqui e leia mais<\/a>. \u00a0(Carga Pesada)<\/p>\n","protected":false},"excerpt":{"rendered":"<p>Carga Pesada &nbsp; O recente aumento da taxa Selic para 11,75%, promovido pelo Copom (Comit\u00ea de Pol\u00edtica Monet\u00e1ria), do Banco Central, deixa mais caro o financiamento de caminh\u00f5es no pa\u00eds. Por n\u00e3o cobrar juros, o cons\u00f3rcio surge como uma alternativa para quem precisa renovar ou aumentar a frota de caminh\u00f5es, em meio a v\u00e1rias categorias\u2026 <a class=\"readmore\" href=\"https:\/\/dana.com.br\/canaldana\/2022\/05\/12\/aumento-da-selic-incentiva-consorcio-de-caminhoes\/\">Leia mais \u00bb<\/a><\/p>\n","protected":false},"author":3,"featured_media":0,"comment_status":"closed","ping_status":"closed","sticky":false,"template":"","format":"standard","meta":{"_acf_changed":false,"footnotes":""},"categories":[79],"tags":[],"class_list":["post-58184","post","type-post","status-publish","format-standard","hentry","category-mercado"],"acf":[],"yoast_head":"<!-- This site is optimized with the Yoast SEO plugin v27.3 - https:\/\/yoast.com\/product\/yoast-seo-wordpress\/ -->\n<title>Aumento da Selic incentiva cons\u00f3rcio de caminh\u00f5es - Canal Dana<\/title>\n<meta name=\"robots\" content=\"index, follow, max-snippet:-1, max-image-preview:large, max-video-preview:-1\" \/>\n<link rel=\"canonical\" href=\"https:\/\/dana.com.br\/canaldana\/2022\/05\/12\/aumento-da-selic-incentiva-consorcio-de-caminhoes\/\" \/>\n<meta property=\"og:locale\" content=\"pt_BR\" \/>\n<meta property=\"og:type\" content=\"article\" \/>\n<meta property=\"og:title\" content=\"Aumento da Selic incentiva cons\u00f3rcio de caminh\u00f5es - Canal Dana\" \/>\n<meta property=\"og:description\" content=\"Carga Pesada &nbsp; O recente aumento da taxa Selic para 11,75%, promovido pelo Copom (Comit\u00ea de Pol\u00edtica Monet\u00e1ria), do Banco Central, deixa mais caro o financiamento de caminh\u00f5es no pa\u00eds. Por n\u00e3o cobrar juros, o cons\u00f3rcio surge como uma alternativa para quem precisa renovar ou aumentar a frota de caminh\u00f5es, em meio a v\u00e1rias categorias\u2026 Leia mais \u00bb\" \/>\n<meta property=\"og:url\" content=\"https:\/\/dana.com.br\/canaldana\/2022\/05\/12\/aumento-da-selic-incentiva-consorcio-de-caminhoes\/\" \/>\n<meta property=\"og:site_name\" content=\"Canal Dana\" \/>\n<meta property=\"article:published_time\" content=\"2022-05-12T11:15:47+00:00\" \/>\n<meta name=\"author\" content=\"Canal Dana\" \/>\n<meta name=\"twitter:card\" content=\"summary_large_image\" \/>\n<meta name=\"twitter:label1\" content=\"Escrito por\" \/>\n\t<meta name=\"twitter:data1\" content=\"Canal Dana\" \/>\n\t<meta name=\"twitter:label2\" content=\"Est. tempo de leitura\" \/>\n\t<meta name=\"twitter:data2\" content=\"2 minutos\" \/>\n<script type=\"application\/ld+json\" class=\"yoast-schema-graph\">{\"@context\":\"https:\\\/\\\/schema.org\",\"@graph\":[{\"@type\":\"Article\",\"@id\":\"https:\\\/\\\/dana.com.br\\\/canaldana\\\/2022\\\/05\\\/12\\\/aumento-da-selic-incentiva-consorcio-de-caminhoes\\\/#article\",\"isPartOf\":{\"@id\":\"https:\\\/\\\/dana.com.br\\\/canaldana\\\/2022\\\/05\\\/12\\\/aumento-da-selic-incentiva-consorcio-de-caminhoes\\\/\"},\"author\":{\"name\":\"Canal Dana\",\"@id\":\"https:\\\/\\\/dana.com.br\\\/canaldana\\\/#\\\/schema\\\/person\\\/3c21f22f56fcf3bc46b94bc60ea4fef6\"},\"headline\":\"Aumento da Selic incentiva cons\u00f3rcio de caminh\u00f5es\",\"datePublished\":\"2022-05-12T11:15:47+00:00\",\"mainEntityOfPage\":{\"@id\":\"https:\\\/\\\/dana.com.br\\\/canaldana\\\/2022\\\/05\\\/12\\\/aumento-da-selic-incentiva-consorcio-de-caminhoes\\\/\"},\"wordCount\":383,\"articleSection\":[\"Mercado\"],\"inLanguage\":\"pt-BR\"},{\"@type\":\"WebPage\",\"@id\":\"https:\\\/\\\/dana.com.br\\\/canaldana\\\/2022\\\/05\\\/12\\\/aumento-da-selic-incentiva-consorcio-de-caminhoes\\\/\",\"url\":\"https:\\\/\\\/dana.com.br\\\/canaldana\\\/2022\\\/05\\\/12\\\/aumento-da-selic-incentiva-consorcio-de-caminhoes\\\/\",\"name\":\"Aumento da Selic incentiva cons\u00f3rcio de caminh\u00f5es - Canal Dana\",\"isPartOf\":{\"@id\":\"https:\\\/\\\/dana.com.br\\\/canaldana\\\/#website\"},\"datePublished\":\"2022-05-12T11:15:47+00:00\",\"author\":{\"@id\":\"https:\\\/\\\/dana.com.br\\\/canaldana\\\/#\\\/schema\\\/person\\\/3c21f22f56fcf3bc46b94bc60ea4fef6\"},\"breadcrumb\":{\"@id\":\"https:\\\/\\\/dana.com.br\\\/canaldana\\\/2022\\\/05\\\/12\\\/aumento-da-selic-incentiva-consorcio-de-caminhoes\\\/#breadcrumb\"},\"inLanguage\":\"pt-BR\",\"potentialAction\":[{\"@type\":\"ReadAction\",\"target\":[\"https:\\\/\\\/dana.com.br\\\/canaldana\\\/2022\\\/05\\\/12\\\/aumento-da-selic-incentiva-consorcio-de-caminhoes\\\/\"]}]},{\"@type\":\"BreadcrumbList\",\"@id\":\"https:\\\/\\\/dana.com.br\\\/canaldana\\\/2022\\\/05\\\/12\\\/aumento-da-selic-incentiva-consorcio-de-caminhoes\\\/#breadcrumb\",\"itemListElement\":[{\"@type\":\"ListItem\",\"position\":1,\"name\":\"Home\",\"item\":\"https:\\\/\\\/dana.com.br\\\/canaldana\\\/\"},{\"@type\":\"ListItem\",\"position\":2,\"name\":\"Mercado\",\"item\":\"https:\\\/\\\/dana.com.br\\\/canaldana\\\/mercado\\\/\"},{\"@type\":\"ListItem\",\"position\":3,\"name\":\"Aumento da Selic incentiva cons\u00f3rcio de caminh\u00f5es\"}]},{\"@type\":\"WebSite\",\"@id\":\"https:\\\/\\\/dana.com.br\\\/canaldana\\\/#website\",\"url\":\"https:\\\/\\\/dana.com.br\\\/canaldana\\\/\",\"name\":\"Canal Dana\",\"description\":\"Informativo com as principais not\u00edcias da ind\u00fastria automotiva\",\"potentialAction\":[{\"@type\":\"SearchAction\",\"target\":{\"@type\":\"EntryPoint\",\"urlTemplate\":\"https:\\\/\\\/dana.com.br\\\/canaldana\\\/?s={search_term_string}\"},\"query-input\":{\"@type\":\"PropertyValueSpecification\",\"valueRequired\":true,\"valueName\":\"search_term_string\"}}],\"inLanguage\":\"pt-BR\"},{\"@type\":\"Person\",\"@id\":\"https:\\\/\\\/dana.com.br\\\/canaldana\\\/#\\\/schema\\\/person\\\/3c21f22f56fcf3bc46b94bc60ea4fef6\",\"name\":\"Canal Dana\",\"image\":{\"@type\":\"ImageObject\",\"inLanguage\":\"pt-BR\",\"@id\":\"https:\\\/\\\/secure.gravatar.com\\\/avatar\\\/420aaf9278582877d9018637c6817617705899d2858d7572ef0fe59a6b6454b4?s=96&d=mm&r=g\",\"url\":\"https:\\\/\\\/secure.gravatar.com\\\/avatar\\\/420aaf9278582877d9018637c6817617705899d2858d7572ef0fe59a6b6454b4?s=96&d=mm&r=g\",\"contentUrl\":\"https:\\\/\\\/secure.gravatar.com\\\/avatar\\\/420aaf9278582877d9018637c6817617705899d2858d7572ef0fe59a6b6454b4?s=96&d=mm&r=g\",\"caption\":\"Canal Dana\"},\"url\":\"https:\\\/\\\/dana.com.br\\\/canaldana\\\/author\\\/cdeditor\\\/\"}]}<\/script>\n<!-- \/ Yoast SEO plugin. -->","yoast_head_json":{"title":"Aumento da Selic incentiva cons\u00f3rcio de caminh\u00f5es - Canal Dana","robots":{"index":"index","follow":"follow","max-snippet":"max-snippet:-1","max-image-preview":"max-image-preview:large","max-video-preview":"max-video-preview:-1"},"canonical":"https:\/\/dana.com.br\/canaldana\/2022\/05\/12\/aumento-da-selic-incentiva-consorcio-de-caminhoes\/","og_locale":"pt_BR","og_type":"article","og_title":"Aumento da Selic incentiva cons\u00f3rcio de caminh\u00f5es - Canal Dana","og_description":"Carga Pesada &nbsp; O recente aumento da taxa Selic para 11,75%, promovido pelo Copom (Comit\u00ea de Pol\u00edtica Monet\u00e1ria), do Banco Central, deixa mais caro o financiamento de caminh\u00f5es no pa\u00eds. Por n\u00e3o cobrar juros, o cons\u00f3rcio surge como uma alternativa para quem precisa renovar ou aumentar a frota de caminh\u00f5es, em meio a v\u00e1rias categorias\u2026 Leia mais \u00bb","og_url":"https:\/\/dana.com.br\/canaldana\/2022\/05\/12\/aumento-da-selic-incentiva-consorcio-de-caminhoes\/","og_site_name":"Canal Dana","article_published_time":"2022-05-12T11:15:47+00:00","author":"Canal Dana","twitter_card":"summary_large_image","twitter_misc":{"Escrito por":"Canal Dana","Est. tempo de leitura":"2 minutos"},"schema":{"@context":"https:\/\/schema.org","@graph":[{"@type":"Article","@id":"https:\/\/dana.com.br\/canaldana\/2022\/05\/12\/aumento-da-selic-incentiva-consorcio-de-caminhoes\/#article","isPartOf":{"@id":"https:\/\/dana.com.br\/canaldana\/2022\/05\/12\/aumento-da-selic-incentiva-consorcio-de-caminhoes\/"},"author":{"name":"Canal Dana","@id":"https:\/\/dana.com.br\/canaldana\/#\/schema\/person\/3c21f22f56fcf3bc46b94bc60ea4fef6"},"headline":"Aumento da Selic incentiva cons\u00f3rcio de caminh\u00f5es","datePublished":"2022-05-12T11:15:47+00:00","mainEntityOfPage":{"@id":"https:\/\/dana.com.br\/canaldana\/2022\/05\/12\/aumento-da-selic-incentiva-consorcio-de-caminhoes\/"},"wordCount":383,"articleSection":["Mercado"],"inLanguage":"pt-BR"},{"@type":"WebPage","@id":"https:\/\/dana.com.br\/canaldana\/2022\/05\/12\/aumento-da-selic-incentiva-consorcio-de-caminhoes\/","url":"https:\/\/dana.com.br\/canaldana\/2022\/05\/12\/aumento-da-selic-incentiva-consorcio-de-caminhoes\/","name":"Aumento da Selic incentiva cons\u00f3rcio de caminh\u00f5es - Canal Dana","isPartOf":{"@id":"https:\/\/dana.com.br\/canaldana\/#website"},"datePublished":"2022-05-12T11:15:47+00:00","author":{"@id":"https:\/\/dana.com.br\/canaldana\/#\/schema\/person\/3c21f22f56fcf3bc46b94bc60ea4fef6"},"breadcrumb":{"@id":"https:\/\/dana.com.br\/canaldana\/2022\/05\/12\/aumento-da-selic-incentiva-consorcio-de-caminhoes\/#breadcrumb"},"inLanguage":"pt-BR","potentialAction":[{"@type":"ReadAction","target":["https:\/\/dana.com.br\/canaldana\/2022\/05\/12\/aumento-da-selic-incentiva-consorcio-de-caminhoes\/"]}]},{"@type":"BreadcrumbList","@id":"https:\/\/dana.com.br\/canaldana\/2022\/05\/12\/aumento-da-selic-incentiva-consorcio-de-caminhoes\/#breadcrumb","itemListElement":[{"@type":"ListItem","position":1,"name":"Home","item":"https:\/\/dana.com.br\/canaldana\/"},{"@type":"ListItem","position":2,"name":"Mercado","item":"https:\/\/dana.com.br\/canaldana\/mercado\/"},{"@type":"ListItem","position":3,"name":"Aumento da Selic incentiva cons\u00f3rcio de caminh\u00f5es"}]},{"@type":"WebSite","@id":"https:\/\/dana.com.br\/canaldana\/#website","url":"https:\/\/dana.com.br\/canaldana\/","name":"Canal Dana","description":"Informativo com as principais not\u00edcias da ind\u00fastria automotiva","potentialAction":[{"@type":"SearchAction","target":{"@type":"EntryPoint","urlTemplate":"https:\/\/dana.com.br\/canaldana\/?s={search_term_string}"},"query-input":{"@type":"PropertyValueSpecification","valueRequired":true,"valueName":"search_term_string"}}],"inLanguage":"pt-BR"},{"@type":"Person","@id":"https:\/\/dana.com.br\/canaldana\/#\/schema\/person\/3c21f22f56fcf3bc46b94bc60ea4fef6","name":"Canal Dana","image":{"@type":"ImageObject","inLanguage":"pt-BR","@id":"https:\/\/secure.gravatar.com\/avatar\/420aaf9278582877d9018637c6817617705899d2858d7572ef0fe59a6b6454b4?s=96&d=mm&r=g","url":"https:\/\/secure.gravatar.com\/avatar\/420aaf9278582877d9018637c6817617705899d2858d7572ef0fe59a6b6454b4?s=96&d=mm&r=g","contentUrl":"https:\/\/secure.gravatar.com\/avatar\/420aaf9278582877d9018637c6817617705899d2858d7572ef0fe59a6b6454b4?s=96&d=mm&r=g","caption":"Canal Dana"},"url":"https:\/\/dana.com.br\/canaldana\/author\/cdeditor\/"}]}},"_links":{"self":[{"href":"https:\/\/dana.com.br\/canaldana\/wp-json\/wp\/v2\/posts\/58184","targetHints":{"allow":["GET"]}}],"collection":[{"href":"https:\/\/dana.com.br\/canaldana\/wp-json\/wp\/v2\/posts"}],"about":[{"href":"https:\/\/dana.com.br\/canaldana\/wp-json\/wp\/v2\/types\/post"}],"author":[{"embeddable":true,"href":"https:\/\/dana.com.br\/canaldana\/wp-json\/wp\/v2\/users\/3"}],"replies":[{"embeddable":true,"href":"https:\/\/dana.com.br\/canaldana\/wp-json\/wp\/v2\/comments?post=58184"}],"version-history":[{"count":0,"href":"https:\/\/dana.com.br\/canaldana\/wp-json\/wp\/v2\/posts\/58184\/revisions"}],"wp:attachment":[{"href":"https:\/\/dana.com.br\/canaldana\/wp-json\/wp\/v2\/media?parent=58184"}],"wp:term":[{"taxonomy":"category","embeddable":true,"href":"https:\/\/dana.com.br\/canaldana\/wp-json\/wp\/v2\/categories?post=58184"},{"taxonomy":"post_tag","embeddable":true,"href":"https:\/\/dana.com.br\/canaldana\/wp-json\/wp\/v2\/tags?post=58184"}],"curies":[{"name":"wp","href":"https:\/\/api.w.org\/{rel}","templated":true}]}}