{"id":57980,"date":"2022-05-04T08:47:22","date_gmt":"2022-05-04T11:47:22","guid":{"rendered":"https:\/\/dana.com.br\/canaldana\/?p=57980"},"modified":"2022-05-04T08:47:22","modified_gmt":"2022-05-04T11:47:22","slug":"honda-automoveis-passa-a-realizar-a-montagem-do-conjunto-de-transmissao-em-santa-catarina","status":"publish","type":"post","link":"https:\/\/dana.com.br\/canaldana\/2022\/05\/04\/honda-automoveis-passa-a-realizar-a-montagem-do-conjunto-de-transmissao-em-santa-catarina\/","title":{"rendered":"Honda Autom\u00f3veis passa a realizar a montagem do conjunto de transmiss\u00e3o em Santa Catarina"},"content":{"rendered":"<p><em>Blog do Ricardo Ribas<\/em><\/p>\n<p>&nbsp;<\/p>\n<p>A Honda Autom\u00f3veis do Brasil d\u00e1 in\u00edcio nesta ter\u00e7a-feira, 03 de maio, a uma nova configura\u00e7\u00e3o no processo de montagem do conjunto powertrain.<\/p>\n<p>&nbsp;<\/p>\n<p>A empresa ir\u00e1 concentrar a montagem da transmiss\u00e3o na cidade de Itaja\u00ed, em Santa Catarina. A nova unidade seguir\u00e1 a metodologia, requisitos e rigor t\u00e9cnico empregados nas demais opera\u00e7\u00f5es da Honda, sempre com o objetivo de assegurar a m\u00e1xima qualidade.<\/p>\n<p>&nbsp;<\/p>\n<p>A iniciativa est\u00e1 em linha com os constantes estudos realizados pela empresa com o objetivo de agregar maior agilidade, efici\u00eancia e competitividade \u00e0 sua opera\u00e7\u00e3o.<\/p>\n<p>&nbsp;<\/p>\n<p>Ap\u00f3s montado, o conjunto de transmiss\u00e3o seguir\u00e1 para a unidade de Sumar\u00e9, para ser integrado ao motor e, posteriormente, transferido para a f\u00e1brica de Itirapina (SP), onde s\u00e3o produzidos os autom\u00f3veis Honda.<\/p>\n<p>&nbsp;<\/p>\n<p>O conjunto de transmiss\u00e3o montado em Itaja\u00ed ir\u00e1 equipar o motor 1.5L DOHC i-VETEC com inje\u00e7\u00e3o direta, dos modelos New City Sedan e New City Hatchback comercializados no Brasil, al\u00e9m do motor \u00e0 gasolina voltado para exporta\u00e7\u00e3o. A nova opera\u00e7\u00e3o tamb\u00e9m ir\u00e1 realizar a montagem do conjunto de transmiss\u00e3o do Novo HR-V, anunciado recentemente, e que ser\u00e1 comercializado no Brasil, a partir de agosto de 2022, nas motoriza\u00e7\u00f5es 1.5 DI DOHC i-VTEC e 1.5 Turbo Flex.<\/p>\n<p>&nbsp;<\/p>\n<p>\u201cCom essa configura\u00e7\u00e3o, a opera\u00e7\u00e3o apresenta ganhos de agilidade no processo de importa\u00e7\u00e3o de pe\u00e7as e efici\u00eancia na montagem da transmiss\u00e3o. A estrutura portu\u00e1ria e vi\u00e1ria da cidade de Itaja\u00ed atende as atuais necessidades da Honda. Estamos confiantes nas parcerias estabelecidas no estado de Santa Catarina, que permitir\u00e3o criar um fluxo est\u00e1vel em nossa cadeia de suprimentos\u201d, comenta Ot\u00e1vio Mizikami, Vice-Presidente Industrial da Honda Autom\u00f3veis do Brasil. (Blog do Ricardo Ribas)<\/p>\n","protected":false},"excerpt":{"rendered":"<p>Blog do Ricardo Ribas &nbsp; A Honda Autom\u00f3veis do Brasil d\u00e1 in\u00edcio nesta ter\u00e7a-feira, 03 de maio, a uma nova configura\u00e7\u00e3o no processo de montagem do conjunto powertrain. &nbsp; A empresa ir\u00e1 concentrar a montagem da transmiss\u00e3o na cidade de Itaja\u00ed, em Santa Catarina. A nova unidade seguir\u00e1 a metodologia, requisitos e rigor t\u00e9cnico empregados\u2026 <a class=\"readmore\" href=\"https:\/\/dana.com.br\/canaldana\/2022\/05\/04\/honda-automoveis-passa-a-realizar-a-montagem-do-conjunto-de-transmissao-em-santa-catarina\/\">Leia mais \u00bb<\/a><\/p>\n","protected":false},"author":3,"featured_media":0,"comment_status":"closed","ping_status":"closed","sticky":false,"template":"","format":"standard","meta":{"_acf_changed":false,"footnotes":""},"categories":[79],"tags":[],"class_list":["post-57980","post","type-post","status-publish","format-standard","hentry","category-mercado"],"acf":[],"yoast_head":"<!-- This site is optimized with the Yoast SEO plugin v27.3 - https:\/\/yoast.com\/product\/yoast-seo-wordpress\/ -->\n<title>Honda Autom\u00f3veis passa a realizar a montagem do conjunto de transmiss\u00e3o em Santa Catarina - Canal Dana<\/title>\n<meta name=\"robots\" content=\"index, follow, max-snippet:-1, max-image-preview:large, max-video-preview:-1\" \/>\n<link rel=\"canonical\" href=\"https:\/\/dana.com.br\/canaldana\/2022\/05\/04\/honda-automoveis-passa-a-realizar-a-montagem-do-conjunto-de-transmissao-em-santa-catarina\/\" \/>\n<meta property=\"og:locale\" content=\"pt_BR\" \/>\n<meta property=\"og:type\" content=\"article\" \/>\n<meta property=\"og:title\" content=\"Honda Autom\u00f3veis passa a realizar a montagem do conjunto de transmiss\u00e3o em Santa Catarina - Canal Dana\" \/>\n<meta property=\"og:description\" content=\"Blog do Ricardo Ribas &nbsp; A Honda Autom\u00f3veis do Brasil d\u00e1 in\u00edcio nesta ter\u00e7a-feira, 03 de maio, a uma nova configura\u00e7\u00e3o no processo de montagem do conjunto powertrain. &nbsp; A empresa ir\u00e1 concentrar a montagem da transmiss\u00e3o na cidade de Itaja\u00ed, em Santa Catarina. A nova unidade seguir\u00e1 a metodologia, requisitos e rigor t\u00e9cnico empregados\u2026 Leia mais \u00bb\" \/>\n<meta property=\"og:url\" content=\"https:\/\/dana.com.br\/canaldana\/2022\/05\/04\/honda-automoveis-passa-a-realizar-a-montagem-do-conjunto-de-transmissao-em-santa-catarina\/\" \/>\n<meta property=\"og:site_name\" content=\"Canal Dana\" \/>\n<meta property=\"article:published_time\" content=\"2022-05-04T11:47:22+00:00\" \/>\n<meta name=\"author\" content=\"Canal Dana\" \/>\n<meta name=\"twitter:card\" content=\"summary_large_image\" \/>\n<meta name=\"twitter:label1\" content=\"Escrito por\" \/>\n\t<meta name=\"twitter:data1\" content=\"Canal Dana\" \/>\n\t<meta name=\"twitter:label2\" content=\"Est. tempo de leitura\" \/>\n\t<meta name=\"twitter:data2\" content=\"2 minutos\" \/>\n<script type=\"application\/ld+json\" class=\"yoast-schema-graph\">{\"@context\":\"https:\\\/\\\/schema.org\",\"@graph\":[{\"@type\":\"Article\",\"@id\":\"https:\\\/\\\/dana.com.br\\\/canaldana\\\/2022\\\/05\\\/04\\\/honda-automoveis-passa-a-realizar-a-montagem-do-conjunto-de-transmissao-em-santa-catarina\\\/#article\",\"isPartOf\":{\"@id\":\"https:\\\/\\\/dana.com.br\\\/canaldana\\\/2022\\\/05\\\/04\\\/honda-automoveis-passa-a-realizar-a-montagem-do-conjunto-de-transmissao-em-santa-catarina\\\/\"},\"author\":{\"name\":\"Canal Dana\",\"@id\":\"https:\\\/\\\/dana.com.br\\\/canaldana\\\/#\\\/schema\\\/person\\\/3c21f22f56fcf3bc46b94bc60ea4fef6\"},\"headline\":\"Honda Autom\u00f3veis passa a realizar a montagem do conjunto de transmiss\u00e3o em Santa Catarina\",\"datePublished\":\"2022-05-04T11:47:22+00:00\",\"mainEntityOfPage\":{\"@id\":\"https:\\\/\\\/dana.com.br\\\/canaldana\\\/2022\\\/05\\\/04\\\/honda-automoveis-passa-a-realizar-a-montagem-do-conjunto-de-transmissao-em-santa-catarina\\\/\"},\"wordCount\":322,\"articleSection\":[\"Mercado\"],\"inLanguage\":\"pt-BR\"},{\"@type\":\"WebPage\",\"@id\":\"https:\\\/\\\/dana.com.br\\\/canaldana\\\/2022\\\/05\\\/04\\\/honda-automoveis-passa-a-realizar-a-montagem-do-conjunto-de-transmissao-em-santa-catarina\\\/\",\"url\":\"https:\\\/\\\/dana.com.br\\\/canaldana\\\/2022\\\/05\\\/04\\\/honda-automoveis-passa-a-realizar-a-montagem-do-conjunto-de-transmissao-em-santa-catarina\\\/\",\"name\":\"Honda Autom\u00f3veis passa a realizar a montagem do conjunto de transmiss\u00e3o em Santa Catarina - Canal Dana\",\"isPartOf\":{\"@id\":\"https:\\\/\\\/dana.com.br\\\/canaldana\\\/#website\"},\"datePublished\":\"2022-05-04T11:47:22+00:00\",\"author\":{\"@id\":\"https:\\\/\\\/dana.com.br\\\/canaldana\\\/#\\\/schema\\\/person\\\/3c21f22f56fcf3bc46b94bc60ea4fef6\"},\"breadcrumb\":{\"@id\":\"https:\\\/\\\/dana.com.br\\\/canaldana\\\/2022\\\/05\\\/04\\\/honda-automoveis-passa-a-realizar-a-montagem-do-conjunto-de-transmissao-em-santa-catarina\\\/#breadcrumb\"},\"inLanguage\":\"pt-BR\",\"potentialAction\":[{\"@type\":\"ReadAction\",\"target\":[\"https:\\\/\\\/dana.com.br\\\/canaldana\\\/2022\\\/05\\\/04\\\/honda-automoveis-passa-a-realizar-a-montagem-do-conjunto-de-transmissao-em-santa-catarina\\\/\"]}]},{\"@type\":\"BreadcrumbList\",\"@id\":\"https:\\\/\\\/dana.com.br\\\/canaldana\\\/2022\\\/05\\\/04\\\/honda-automoveis-passa-a-realizar-a-montagem-do-conjunto-de-transmissao-em-santa-catarina\\\/#breadcrumb\",\"itemListElement\":[{\"@type\":\"ListItem\",\"position\":1,\"name\":\"Home\",\"item\":\"https:\\\/\\\/dana.com.br\\\/canaldana\\\/\"},{\"@type\":\"ListItem\",\"position\":2,\"name\":\"Mercado\",\"item\":\"https:\\\/\\\/dana.com.br\\\/canaldana\\\/mercado\\\/\"},{\"@type\":\"ListItem\",\"position\":3,\"name\":\"Honda Autom\u00f3veis passa a realizar a montagem do conjunto de transmiss\u00e3o em Santa Catarina\"}]},{\"@type\":\"WebSite\",\"@id\":\"https:\\\/\\\/dana.com.br\\\/canaldana\\\/#website\",\"url\":\"https:\\\/\\\/dana.com.br\\\/canaldana\\\/\",\"name\":\"Canal Dana\",\"description\":\"Informativo com as principais not\u00edcias da ind\u00fastria automotiva\",\"potentialAction\":[{\"@type\":\"SearchAction\",\"target\":{\"@type\":\"EntryPoint\",\"urlTemplate\":\"https:\\\/\\\/dana.com.br\\\/canaldana\\\/?s={search_term_string}\"},\"query-input\":{\"@type\":\"PropertyValueSpecification\",\"valueRequired\":true,\"valueName\":\"search_term_string\"}}],\"inLanguage\":\"pt-BR\"},{\"@type\":\"Person\",\"@id\":\"https:\\\/\\\/dana.com.br\\\/canaldana\\\/#\\\/schema\\\/person\\\/3c21f22f56fcf3bc46b94bc60ea4fef6\",\"name\":\"Canal Dana\",\"image\":{\"@type\":\"ImageObject\",\"inLanguage\":\"pt-BR\",\"@id\":\"https:\\\/\\\/secure.gravatar.com\\\/avatar\\\/420aaf9278582877d9018637c6817617705899d2858d7572ef0fe59a6b6454b4?s=96&d=mm&r=g\",\"url\":\"https:\\\/\\\/secure.gravatar.com\\\/avatar\\\/420aaf9278582877d9018637c6817617705899d2858d7572ef0fe59a6b6454b4?s=96&d=mm&r=g\",\"contentUrl\":\"https:\\\/\\\/secure.gravatar.com\\\/avatar\\\/420aaf9278582877d9018637c6817617705899d2858d7572ef0fe59a6b6454b4?s=96&d=mm&r=g\",\"caption\":\"Canal Dana\"},\"url\":\"https:\\\/\\\/dana.com.br\\\/canaldana\\\/author\\\/cdeditor\\\/\"}]}<\/script>\n<!-- \/ Yoast SEO plugin. -->","yoast_head_json":{"title":"Honda Autom\u00f3veis passa a realizar a montagem do conjunto de transmiss\u00e3o em Santa Catarina - Canal Dana","robots":{"index":"index","follow":"follow","max-snippet":"max-snippet:-1","max-image-preview":"max-image-preview:large","max-video-preview":"max-video-preview:-1"},"canonical":"https:\/\/dana.com.br\/canaldana\/2022\/05\/04\/honda-automoveis-passa-a-realizar-a-montagem-do-conjunto-de-transmissao-em-santa-catarina\/","og_locale":"pt_BR","og_type":"article","og_title":"Honda Autom\u00f3veis passa a realizar a montagem do conjunto de transmiss\u00e3o em Santa Catarina - Canal Dana","og_description":"Blog do Ricardo Ribas &nbsp; A Honda Autom\u00f3veis do Brasil d\u00e1 in\u00edcio nesta ter\u00e7a-feira, 03 de maio, a uma nova configura\u00e7\u00e3o no processo de montagem do conjunto powertrain. &nbsp; A empresa ir\u00e1 concentrar a montagem da transmiss\u00e3o na cidade de Itaja\u00ed, em Santa Catarina. A nova unidade seguir\u00e1 a metodologia, requisitos e rigor t\u00e9cnico empregados\u2026 Leia mais \u00bb","og_url":"https:\/\/dana.com.br\/canaldana\/2022\/05\/04\/honda-automoveis-passa-a-realizar-a-montagem-do-conjunto-de-transmissao-em-santa-catarina\/","og_site_name":"Canal Dana","article_published_time":"2022-05-04T11:47:22+00:00","author":"Canal Dana","twitter_card":"summary_large_image","twitter_misc":{"Escrito por":"Canal Dana","Est. tempo de leitura":"2 minutos"},"schema":{"@context":"https:\/\/schema.org","@graph":[{"@type":"Article","@id":"https:\/\/dana.com.br\/canaldana\/2022\/05\/04\/honda-automoveis-passa-a-realizar-a-montagem-do-conjunto-de-transmissao-em-santa-catarina\/#article","isPartOf":{"@id":"https:\/\/dana.com.br\/canaldana\/2022\/05\/04\/honda-automoveis-passa-a-realizar-a-montagem-do-conjunto-de-transmissao-em-santa-catarina\/"},"author":{"name":"Canal Dana","@id":"https:\/\/dana.com.br\/canaldana\/#\/schema\/person\/3c21f22f56fcf3bc46b94bc60ea4fef6"},"headline":"Honda Autom\u00f3veis passa a realizar a montagem do conjunto de transmiss\u00e3o em Santa Catarina","datePublished":"2022-05-04T11:47:22+00:00","mainEntityOfPage":{"@id":"https:\/\/dana.com.br\/canaldana\/2022\/05\/04\/honda-automoveis-passa-a-realizar-a-montagem-do-conjunto-de-transmissao-em-santa-catarina\/"},"wordCount":322,"articleSection":["Mercado"],"inLanguage":"pt-BR"},{"@type":"WebPage","@id":"https:\/\/dana.com.br\/canaldana\/2022\/05\/04\/honda-automoveis-passa-a-realizar-a-montagem-do-conjunto-de-transmissao-em-santa-catarina\/","url":"https:\/\/dana.com.br\/canaldana\/2022\/05\/04\/honda-automoveis-passa-a-realizar-a-montagem-do-conjunto-de-transmissao-em-santa-catarina\/","name":"Honda Autom\u00f3veis passa a realizar a montagem do conjunto de transmiss\u00e3o em Santa Catarina - Canal Dana","isPartOf":{"@id":"https:\/\/dana.com.br\/canaldana\/#website"},"datePublished":"2022-05-04T11:47:22+00:00","author":{"@id":"https:\/\/dana.com.br\/canaldana\/#\/schema\/person\/3c21f22f56fcf3bc46b94bc60ea4fef6"},"breadcrumb":{"@id":"https:\/\/dana.com.br\/canaldana\/2022\/05\/04\/honda-automoveis-passa-a-realizar-a-montagem-do-conjunto-de-transmissao-em-santa-catarina\/#breadcrumb"},"inLanguage":"pt-BR","potentialAction":[{"@type":"ReadAction","target":["https:\/\/dana.com.br\/canaldana\/2022\/05\/04\/honda-automoveis-passa-a-realizar-a-montagem-do-conjunto-de-transmissao-em-santa-catarina\/"]}]},{"@type":"BreadcrumbList","@id":"https:\/\/dana.com.br\/canaldana\/2022\/05\/04\/honda-automoveis-passa-a-realizar-a-montagem-do-conjunto-de-transmissao-em-santa-catarina\/#breadcrumb","itemListElement":[{"@type":"ListItem","position":1,"name":"Home","item":"https:\/\/dana.com.br\/canaldana\/"},{"@type":"ListItem","position":2,"name":"Mercado","item":"https:\/\/dana.com.br\/canaldana\/mercado\/"},{"@type":"ListItem","position":3,"name":"Honda Autom\u00f3veis passa a realizar a montagem do conjunto de transmiss\u00e3o em Santa Catarina"}]},{"@type":"WebSite","@id":"https:\/\/dana.com.br\/canaldana\/#website","url":"https:\/\/dana.com.br\/canaldana\/","name":"Canal Dana","description":"Informativo com as principais not\u00edcias da ind\u00fastria automotiva","potentialAction":[{"@type":"SearchAction","target":{"@type":"EntryPoint","urlTemplate":"https:\/\/dana.com.br\/canaldana\/?s={search_term_string}"},"query-input":{"@type":"PropertyValueSpecification","valueRequired":true,"valueName":"search_term_string"}}],"inLanguage":"pt-BR"},{"@type":"Person","@id":"https:\/\/dana.com.br\/canaldana\/#\/schema\/person\/3c21f22f56fcf3bc46b94bc60ea4fef6","name":"Canal Dana","image":{"@type":"ImageObject","inLanguage":"pt-BR","@id":"https:\/\/secure.gravatar.com\/avatar\/420aaf9278582877d9018637c6817617705899d2858d7572ef0fe59a6b6454b4?s=96&d=mm&r=g","url":"https:\/\/secure.gravatar.com\/avatar\/420aaf9278582877d9018637c6817617705899d2858d7572ef0fe59a6b6454b4?s=96&d=mm&r=g","contentUrl":"https:\/\/secure.gravatar.com\/avatar\/420aaf9278582877d9018637c6817617705899d2858d7572ef0fe59a6b6454b4?s=96&d=mm&r=g","caption":"Canal Dana"},"url":"https:\/\/dana.com.br\/canaldana\/author\/cdeditor\/"}]}},"_links":{"self":[{"href":"https:\/\/dana.com.br\/canaldana\/wp-json\/wp\/v2\/posts\/57980","targetHints":{"allow":["GET"]}}],"collection":[{"href":"https:\/\/dana.com.br\/canaldana\/wp-json\/wp\/v2\/posts"}],"about":[{"href":"https:\/\/dana.com.br\/canaldana\/wp-json\/wp\/v2\/types\/post"}],"author":[{"embeddable":true,"href":"https:\/\/dana.com.br\/canaldana\/wp-json\/wp\/v2\/users\/3"}],"replies":[{"embeddable":true,"href":"https:\/\/dana.com.br\/canaldana\/wp-json\/wp\/v2\/comments?post=57980"}],"version-history":[{"count":0,"href":"https:\/\/dana.com.br\/canaldana\/wp-json\/wp\/v2\/posts\/57980\/revisions"}],"wp:attachment":[{"href":"https:\/\/dana.com.br\/canaldana\/wp-json\/wp\/v2\/media?parent=57980"}],"wp:term":[{"taxonomy":"category","embeddable":true,"href":"https:\/\/dana.com.br\/canaldana\/wp-json\/wp\/v2\/categories?post=57980"},{"taxonomy":"post_tag","embeddable":true,"href":"https:\/\/dana.com.br\/canaldana\/wp-json\/wp\/v2\/tags?post=57980"}],"curies":[{"name":"wp","href":"https:\/\/api.w.org\/{rel}","templated":true}]}}