{"id":57956,"date":"2022-05-03T08:44:01","date_gmt":"2022-05-03T11:44:01","guid":{"rendered":"https:\/\/dana.com.br\/canaldana\/?p=57956"},"modified":"2022-05-03T08:44:01","modified_gmt":"2022-05-03T11:44:01","slug":"presidente-da-anfavea-quer-que-chip-e-cambio-sejam-feitos-no-brasil","status":"publish","type":"post","link":"https:\/\/dana.com.br\/canaldana\/2022\/05\/03\/presidente-da-anfavea-quer-que-chip-e-cambio-sejam-feitos-no-brasil\/","title":{"rendered":"Presidente da Anfavea quer que chip e c\u00e2mbio sejam feitos no Brasil"},"content":{"rendered":"<p><em>O Estado de S. Paulo\u00a0 <\/em><\/p>\n<p>&nbsp;<\/p>\n<p>O novo presidente da Associa\u00e7\u00e3o Nacional dos Fabricantes de Ve\u00edculos Automotores (Anfavea), M\u00e1rcio de Lima Leite, disse que uma de suas prioridades para o setor \u00e9 a nacionaliza\u00e7\u00e3o de componentes estrat\u00e9gicos, como semicondutores e transmiss\u00e3o autom\u00e1tica, cuja escassez tem paralisado f\u00e1bricas no Pa\u00eds desde o ano passado.<\/p>\n<p>&nbsp;<\/p>\n<p>Na apresenta\u00e7\u00e3o que fez ontem, ao assumir o comando da entidade, o executivo destacou um selo com a frase \u201cFeito no Brasil\u201d, uma alus\u00e3o ao slogan adotado h\u00e1 alguns anos pela ind\u00fastria automobil\u00edstica de Detroit, nos EUA, que vinha definhando com a concorr\u00eancia de marcas internacionais.<\/p>\n<p>&nbsp;<\/p>\n<p>Leite disse que a nacionaliza\u00e7\u00e3o de itens importantes faz parte da estrat\u00e9gia do setor para melhorar sua competitividade e poder suprir o mercado interno e as exporta\u00e7\u00f5es.<\/p>\n<p>&nbsp;<\/p>\n<p>O novo presidente da Anfavea vai se reunir hoje, em Bras\u00edlia, com o ministro da Economia, Paulo Guedes, em um encontro com a participa\u00e7\u00e3o de todos os executivos das montadoras locais. \u201cVamos apresentar os investimentos que estamos fazendo, que s\u00e3o indutores da economia brasileira, e<\/p>\n<p>&nbsp;<\/p>\n<p>Reuni\u00e3o com Guedes Presidente da Anfavea vai se reunir hoje com ministro Paulo Guedes e executivos da ind\u00fastria automotiva dar sugest\u00f5es sobre o que pensamos para a retomada da industrializa\u00e7\u00e3o.\u201d<\/p>\n<p>&nbsp;<\/p>\n<p>O executivo ressaltou que os investimentos da ind\u00fastria automotiva somam R$ 105 bilh\u00f5es entre 2014 e 2028 e que o ecossistema total do setor envolve 98 mil empresas e mais de 1,2 milh\u00e3o de empregos. \u201cTemos urg\u00eancia em estabelecer prioridades\u201d, afirmou ele, que tem 51 anos e \u00e9 vice-presidente de Assuntos Jur\u00eddicos, Tribut\u00e1rios e de Rela\u00e7\u00f5es Institucionais da Stellantis na Am\u00e9rica do Sul. Ele entrou no lugar de Luiz Carlos Moraes, executivo da Mercedes-Benz do Brasil.<\/p>\n<p>&nbsp;<\/p>\n<p>Outro foco de Leite ser\u00e1 nos trabalhos de pesquisa e desenvolvimento do etanol como uma das fontes de gera\u00e7\u00e3o de energia para carros el\u00e9tricos, h\u00edbridos e a c\u00e9lula de combust\u00edvel. \u201cN\u00e3o vamos apresentar s\u00f3 uma solu\u00e7\u00e3o (para a eletrifica\u00e7\u00e3o); queremos ser um grande player global com solu\u00e7\u00f5es que os outros pa\u00edses n\u00e3o t\u00eam\u201d. (O Estado de S. Paulo\/Cleide Silva)<\/p>\n","protected":false},"excerpt":{"rendered":"<p>O Estado de S. Paulo\u00a0 &nbsp; O novo presidente da Associa\u00e7\u00e3o Nacional dos Fabricantes de Ve\u00edculos Automotores (Anfavea), M\u00e1rcio de Lima Leite, disse que uma de suas prioridades para o setor \u00e9 a nacionaliza\u00e7\u00e3o de componentes estrat\u00e9gicos, como semicondutores e transmiss\u00e3o autom\u00e1tica, cuja escassez tem paralisado f\u00e1bricas no Pa\u00eds desde o ano passado. &nbsp; Na\u2026 <a class=\"readmore\" href=\"https:\/\/dana.com.br\/canaldana\/2022\/05\/03\/presidente-da-anfavea-quer-que-chip-e-cambio-sejam-feitos-no-brasil\/\">Leia mais \u00bb<\/a><\/p>\n","protected":false},"author":3,"featured_media":0,"comment_status":"closed","ping_status":"closed","sticky":false,"template":"","format":"standard","meta":{"_acf_changed":false,"footnotes":""},"categories":[61],"tags":[],"class_list":["post-57956","post","type-post","status-publish","format-standard","hentry","category-destaques"],"acf":[],"yoast_head":"<!-- This site is optimized with the Yoast SEO plugin v27.3 - https:\/\/yoast.com\/product\/yoast-seo-wordpress\/ -->\n<title>Presidente da Anfavea quer que chip e c\u00e2mbio sejam feitos no Brasil - Canal Dana<\/title>\n<meta name=\"robots\" content=\"index, follow, max-snippet:-1, max-image-preview:large, max-video-preview:-1\" \/>\n<link rel=\"canonical\" href=\"https:\/\/dana.com.br\/canaldana\/2022\/05\/03\/presidente-da-anfavea-quer-que-chip-e-cambio-sejam-feitos-no-brasil\/\" \/>\n<meta property=\"og:locale\" content=\"pt_BR\" \/>\n<meta property=\"og:type\" content=\"article\" \/>\n<meta property=\"og:title\" content=\"Presidente da Anfavea quer que chip e c\u00e2mbio sejam feitos no Brasil - Canal Dana\" \/>\n<meta property=\"og:description\" content=\"O Estado de S. Paulo\u00a0 &nbsp; O novo presidente da Associa\u00e7\u00e3o Nacional dos Fabricantes de Ve\u00edculos Automotores (Anfavea), M\u00e1rcio de Lima Leite, disse que uma de suas prioridades para o setor \u00e9 a nacionaliza\u00e7\u00e3o de componentes estrat\u00e9gicos, como semicondutores e transmiss\u00e3o autom\u00e1tica, cuja escassez tem paralisado f\u00e1bricas no Pa\u00eds desde o ano passado. &nbsp; Na\u2026 Leia mais \u00bb\" \/>\n<meta property=\"og:url\" content=\"https:\/\/dana.com.br\/canaldana\/2022\/05\/03\/presidente-da-anfavea-quer-que-chip-e-cambio-sejam-feitos-no-brasil\/\" \/>\n<meta property=\"og:site_name\" content=\"Canal Dana\" \/>\n<meta property=\"article:published_time\" content=\"2022-05-03T11:44:01+00:00\" \/>\n<meta name=\"author\" content=\"Canal Dana\" \/>\n<meta name=\"twitter:card\" content=\"summary_large_image\" \/>\n<meta name=\"twitter:label1\" content=\"Escrito por\" \/>\n\t<meta name=\"twitter:data1\" content=\"Canal Dana\" \/>\n\t<meta name=\"twitter:label2\" content=\"Est. tempo de leitura\" \/>\n\t<meta name=\"twitter:data2\" content=\"2 minutos\" \/>\n<script type=\"application\/ld+json\" class=\"yoast-schema-graph\">{\"@context\":\"https:\\\/\\\/schema.org\",\"@graph\":[{\"@type\":\"Article\",\"@id\":\"https:\\\/\\\/dana.com.br\\\/canaldana\\\/2022\\\/05\\\/03\\\/presidente-da-anfavea-quer-que-chip-e-cambio-sejam-feitos-no-brasil\\\/#article\",\"isPartOf\":{\"@id\":\"https:\\\/\\\/dana.com.br\\\/canaldana\\\/2022\\\/05\\\/03\\\/presidente-da-anfavea-quer-que-chip-e-cambio-sejam-feitos-no-brasil\\\/\"},\"author\":{\"name\":\"Canal Dana\",\"@id\":\"https:\\\/\\\/dana.com.br\\\/canaldana\\\/#\\\/schema\\\/person\\\/3c21f22f56fcf3bc46b94bc60ea4fef6\"},\"headline\":\"Presidente da Anfavea quer que chip e c\u00e2mbio sejam feitos no Brasil\",\"datePublished\":\"2022-05-03T11:44:01+00:00\",\"mainEntityOfPage\":{\"@id\":\"https:\\\/\\\/dana.com.br\\\/canaldana\\\/2022\\\/05\\\/03\\\/presidente-da-anfavea-quer-que-chip-e-cambio-sejam-feitos-no-brasil\\\/\"},\"wordCount\":392,\"articleSection\":[\"Destaques\"],\"inLanguage\":\"pt-BR\"},{\"@type\":\"WebPage\",\"@id\":\"https:\\\/\\\/dana.com.br\\\/canaldana\\\/2022\\\/05\\\/03\\\/presidente-da-anfavea-quer-que-chip-e-cambio-sejam-feitos-no-brasil\\\/\",\"url\":\"https:\\\/\\\/dana.com.br\\\/canaldana\\\/2022\\\/05\\\/03\\\/presidente-da-anfavea-quer-que-chip-e-cambio-sejam-feitos-no-brasil\\\/\",\"name\":\"Presidente da Anfavea quer que chip e c\u00e2mbio sejam feitos no Brasil - Canal Dana\",\"isPartOf\":{\"@id\":\"https:\\\/\\\/dana.com.br\\\/canaldana\\\/#website\"},\"datePublished\":\"2022-05-03T11:44:01+00:00\",\"author\":{\"@id\":\"https:\\\/\\\/dana.com.br\\\/canaldana\\\/#\\\/schema\\\/person\\\/3c21f22f56fcf3bc46b94bc60ea4fef6\"},\"breadcrumb\":{\"@id\":\"https:\\\/\\\/dana.com.br\\\/canaldana\\\/2022\\\/05\\\/03\\\/presidente-da-anfavea-quer-que-chip-e-cambio-sejam-feitos-no-brasil\\\/#breadcrumb\"},\"inLanguage\":\"pt-BR\",\"potentialAction\":[{\"@type\":\"ReadAction\",\"target\":[\"https:\\\/\\\/dana.com.br\\\/canaldana\\\/2022\\\/05\\\/03\\\/presidente-da-anfavea-quer-que-chip-e-cambio-sejam-feitos-no-brasil\\\/\"]}]},{\"@type\":\"BreadcrumbList\",\"@id\":\"https:\\\/\\\/dana.com.br\\\/canaldana\\\/2022\\\/05\\\/03\\\/presidente-da-anfavea-quer-que-chip-e-cambio-sejam-feitos-no-brasil\\\/#breadcrumb\",\"itemListElement\":[{\"@type\":\"ListItem\",\"position\":1,\"name\":\"Home\",\"item\":\"https:\\\/\\\/dana.com.br\\\/canaldana\\\/\"},{\"@type\":\"ListItem\",\"position\":2,\"name\":\"Destaques\",\"item\":\"https:\\\/\\\/dana.com.br\\\/canaldana\\\/destaques\\\/\"},{\"@type\":\"ListItem\",\"position\":3,\"name\":\"Presidente da Anfavea quer que chip e c\u00e2mbio sejam feitos no Brasil\"}]},{\"@type\":\"WebSite\",\"@id\":\"https:\\\/\\\/dana.com.br\\\/canaldana\\\/#website\",\"url\":\"https:\\\/\\\/dana.com.br\\\/canaldana\\\/\",\"name\":\"Canal Dana\",\"description\":\"Informativo com as principais not\u00edcias da ind\u00fastria automotiva\",\"potentialAction\":[{\"@type\":\"SearchAction\",\"target\":{\"@type\":\"EntryPoint\",\"urlTemplate\":\"https:\\\/\\\/dana.com.br\\\/canaldana\\\/?s={search_term_string}\"},\"query-input\":{\"@type\":\"PropertyValueSpecification\",\"valueRequired\":true,\"valueName\":\"search_term_string\"}}],\"inLanguage\":\"pt-BR\"},{\"@type\":\"Person\",\"@id\":\"https:\\\/\\\/dana.com.br\\\/canaldana\\\/#\\\/schema\\\/person\\\/3c21f22f56fcf3bc46b94bc60ea4fef6\",\"name\":\"Canal Dana\",\"image\":{\"@type\":\"ImageObject\",\"inLanguage\":\"pt-BR\",\"@id\":\"https:\\\/\\\/secure.gravatar.com\\\/avatar\\\/420aaf9278582877d9018637c6817617705899d2858d7572ef0fe59a6b6454b4?s=96&d=mm&r=g\",\"url\":\"https:\\\/\\\/secure.gravatar.com\\\/avatar\\\/420aaf9278582877d9018637c6817617705899d2858d7572ef0fe59a6b6454b4?s=96&d=mm&r=g\",\"contentUrl\":\"https:\\\/\\\/secure.gravatar.com\\\/avatar\\\/420aaf9278582877d9018637c6817617705899d2858d7572ef0fe59a6b6454b4?s=96&d=mm&r=g\",\"caption\":\"Canal Dana\"},\"url\":\"https:\\\/\\\/dana.com.br\\\/canaldana\\\/author\\\/cdeditor\\\/\"}]}<\/script>\n<!-- \/ Yoast SEO plugin. -->","yoast_head_json":{"title":"Presidente da Anfavea quer que chip e c\u00e2mbio sejam feitos no Brasil - Canal Dana","robots":{"index":"index","follow":"follow","max-snippet":"max-snippet:-1","max-image-preview":"max-image-preview:large","max-video-preview":"max-video-preview:-1"},"canonical":"https:\/\/dana.com.br\/canaldana\/2022\/05\/03\/presidente-da-anfavea-quer-que-chip-e-cambio-sejam-feitos-no-brasil\/","og_locale":"pt_BR","og_type":"article","og_title":"Presidente da Anfavea quer que chip e c\u00e2mbio sejam feitos no Brasil - Canal Dana","og_description":"O Estado de S. Paulo\u00a0 &nbsp; O novo presidente da Associa\u00e7\u00e3o Nacional dos Fabricantes de Ve\u00edculos Automotores (Anfavea), M\u00e1rcio de Lima Leite, disse que uma de suas prioridades para o setor \u00e9 a nacionaliza\u00e7\u00e3o de componentes estrat\u00e9gicos, como semicondutores e transmiss\u00e3o autom\u00e1tica, cuja escassez tem paralisado f\u00e1bricas no Pa\u00eds desde o ano passado. &nbsp; Na\u2026 Leia mais \u00bb","og_url":"https:\/\/dana.com.br\/canaldana\/2022\/05\/03\/presidente-da-anfavea-quer-que-chip-e-cambio-sejam-feitos-no-brasil\/","og_site_name":"Canal Dana","article_published_time":"2022-05-03T11:44:01+00:00","author":"Canal Dana","twitter_card":"summary_large_image","twitter_misc":{"Escrito por":"Canal Dana","Est. tempo de leitura":"2 minutos"},"schema":{"@context":"https:\/\/schema.org","@graph":[{"@type":"Article","@id":"https:\/\/dana.com.br\/canaldana\/2022\/05\/03\/presidente-da-anfavea-quer-que-chip-e-cambio-sejam-feitos-no-brasil\/#article","isPartOf":{"@id":"https:\/\/dana.com.br\/canaldana\/2022\/05\/03\/presidente-da-anfavea-quer-que-chip-e-cambio-sejam-feitos-no-brasil\/"},"author":{"name":"Canal Dana","@id":"https:\/\/dana.com.br\/canaldana\/#\/schema\/person\/3c21f22f56fcf3bc46b94bc60ea4fef6"},"headline":"Presidente da Anfavea quer que chip e c\u00e2mbio sejam feitos no Brasil","datePublished":"2022-05-03T11:44:01+00:00","mainEntityOfPage":{"@id":"https:\/\/dana.com.br\/canaldana\/2022\/05\/03\/presidente-da-anfavea-quer-que-chip-e-cambio-sejam-feitos-no-brasil\/"},"wordCount":392,"articleSection":["Destaques"],"inLanguage":"pt-BR"},{"@type":"WebPage","@id":"https:\/\/dana.com.br\/canaldana\/2022\/05\/03\/presidente-da-anfavea-quer-que-chip-e-cambio-sejam-feitos-no-brasil\/","url":"https:\/\/dana.com.br\/canaldana\/2022\/05\/03\/presidente-da-anfavea-quer-que-chip-e-cambio-sejam-feitos-no-brasil\/","name":"Presidente da Anfavea quer que chip e c\u00e2mbio sejam feitos no Brasil - Canal Dana","isPartOf":{"@id":"https:\/\/dana.com.br\/canaldana\/#website"},"datePublished":"2022-05-03T11:44:01+00:00","author":{"@id":"https:\/\/dana.com.br\/canaldana\/#\/schema\/person\/3c21f22f56fcf3bc46b94bc60ea4fef6"},"breadcrumb":{"@id":"https:\/\/dana.com.br\/canaldana\/2022\/05\/03\/presidente-da-anfavea-quer-que-chip-e-cambio-sejam-feitos-no-brasil\/#breadcrumb"},"inLanguage":"pt-BR","potentialAction":[{"@type":"ReadAction","target":["https:\/\/dana.com.br\/canaldana\/2022\/05\/03\/presidente-da-anfavea-quer-que-chip-e-cambio-sejam-feitos-no-brasil\/"]}]},{"@type":"BreadcrumbList","@id":"https:\/\/dana.com.br\/canaldana\/2022\/05\/03\/presidente-da-anfavea-quer-que-chip-e-cambio-sejam-feitos-no-brasil\/#breadcrumb","itemListElement":[{"@type":"ListItem","position":1,"name":"Home","item":"https:\/\/dana.com.br\/canaldana\/"},{"@type":"ListItem","position":2,"name":"Destaques","item":"https:\/\/dana.com.br\/canaldana\/destaques\/"},{"@type":"ListItem","position":3,"name":"Presidente da Anfavea quer que chip e c\u00e2mbio sejam feitos no Brasil"}]},{"@type":"WebSite","@id":"https:\/\/dana.com.br\/canaldana\/#website","url":"https:\/\/dana.com.br\/canaldana\/","name":"Canal Dana","description":"Informativo com as principais not\u00edcias da ind\u00fastria automotiva","potentialAction":[{"@type":"SearchAction","target":{"@type":"EntryPoint","urlTemplate":"https:\/\/dana.com.br\/canaldana\/?s={search_term_string}"},"query-input":{"@type":"PropertyValueSpecification","valueRequired":true,"valueName":"search_term_string"}}],"inLanguage":"pt-BR"},{"@type":"Person","@id":"https:\/\/dana.com.br\/canaldana\/#\/schema\/person\/3c21f22f56fcf3bc46b94bc60ea4fef6","name":"Canal Dana","image":{"@type":"ImageObject","inLanguage":"pt-BR","@id":"https:\/\/secure.gravatar.com\/avatar\/420aaf9278582877d9018637c6817617705899d2858d7572ef0fe59a6b6454b4?s=96&d=mm&r=g","url":"https:\/\/secure.gravatar.com\/avatar\/420aaf9278582877d9018637c6817617705899d2858d7572ef0fe59a6b6454b4?s=96&d=mm&r=g","contentUrl":"https:\/\/secure.gravatar.com\/avatar\/420aaf9278582877d9018637c6817617705899d2858d7572ef0fe59a6b6454b4?s=96&d=mm&r=g","caption":"Canal Dana"},"url":"https:\/\/dana.com.br\/canaldana\/author\/cdeditor\/"}]}},"_links":{"self":[{"href":"https:\/\/dana.com.br\/canaldana\/wp-json\/wp\/v2\/posts\/57956","targetHints":{"allow":["GET"]}}],"collection":[{"href":"https:\/\/dana.com.br\/canaldana\/wp-json\/wp\/v2\/posts"}],"about":[{"href":"https:\/\/dana.com.br\/canaldana\/wp-json\/wp\/v2\/types\/post"}],"author":[{"embeddable":true,"href":"https:\/\/dana.com.br\/canaldana\/wp-json\/wp\/v2\/users\/3"}],"replies":[{"embeddable":true,"href":"https:\/\/dana.com.br\/canaldana\/wp-json\/wp\/v2\/comments?post=57956"}],"version-history":[{"count":0,"href":"https:\/\/dana.com.br\/canaldana\/wp-json\/wp\/v2\/posts\/57956\/revisions"}],"wp:attachment":[{"href":"https:\/\/dana.com.br\/canaldana\/wp-json\/wp\/v2\/media?parent=57956"}],"wp:term":[{"taxonomy":"category","embeddable":true,"href":"https:\/\/dana.com.br\/canaldana\/wp-json\/wp\/v2\/categories?post=57956"},{"taxonomy":"post_tag","embeddable":true,"href":"https:\/\/dana.com.br\/canaldana\/wp-json\/wp\/v2\/tags?post=57956"}],"curies":[{"name":"wp","href":"https:\/\/api.w.org\/{rel}","templated":true}]}}