{"id":57899,"date":"2022-05-02T08:21:06","date_gmt":"2022-05-02T11:21:06","guid":{"rendered":"https:\/\/dana.com.br\/canaldana\/?p=57899"},"modified":"2022-05-02T08:21:06","modified_gmt":"2022-05-02T11:21:06","slug":"byd-nomeia-grupo-saga-e-celebra-a-venda-de-mil-unidades-do-automovel-d1-no-mexico","status":"publish","type":"post","link":"https:\/\/dana.com.br\/canaldana\/2022\/05\/02\/byd-nomeia-grupo-saga-e-celebra-a-venda-de-mil-unidades-do-automovel-d1-no-mexico\/","title":{"rendered":"BYD nomeia Grupo Saga e celebra a venda de mil unidades do autom\u00f3vel D1 no M\u00e9xico"},"content":{"rendered":"<p><em>Blog do Ricardo Ribas<\/em><\/p>\n<p>&nbsp;<\/p>\n<p>A BYD Brasil deu mais um importante passo rumo \u00e0 sua meta de encerrar 2022 com concession\u00e1rias abertas em 45 das principais cidades brasileiras. Desta vez, a empresa nomeou o Grupo Saga como representante da marca na regi\u00e3o Centro-Oeste. A nova parceira ser\u00e1 respons\u00e1vel pela abertura de tr\u00eas unidades neste ano: Bras\u00edlia (DF), Cuiab\u00e1 e Sinop (Mato Grosso).<\/p>\n<p>&nbsp;<\/p>\n<p>\u201cRepresentar a maior fabricante de ve\u00edculos el\u00e9tricos da China e uma das montadoras mais valiosas do mundo \u00e9 uma grande honra. Seus autom\u00f3veis de alta tecnologia, sofistica\u00e7\u00e3o e design futur\u00edstico, aliado \u00e0s solu\u00e7\u00f5es de energia solar, vem ao encontro do plano estrat\u00e9gico do grupo em diversificar os neg\u00f3cios.\u201d, afirma S\u00e9rgio Maia, presidente do Grupo Saga.<\/p>\n<p>&nbsp;<\/p>\n<p>O grupo Saga acumula meio s\u00e9culo de experi\u00eancia no setor automotivo.<\/p>\n<p>&nbsp;<\/p>\n<p>A empresa foi inaugurada em 1972 por um grupo de empres\u00e1rios goianos. Desde ent\u00e3o, atua com diversas marcas e tem concession\u00e1rias espalhadas por estados como Minas Gerais, Rond\u00f4nia, Distrito Federal, Goi\u00e1s, Maranh\u00e3o e Mato Grosso.<\/p>\n<p>&nbsp;<\/p>\n<p>\u201cAtuar no Centro-Oeste \u00e9 fundamental para o crescimento e a consolida\u00e7\u00e3o da marca no Brasil. E a Saga \u00e9 o parceiro ideal, pois disp\u00f5e de credibilidade e tradi\u00e7\u00e3o na comercializa\u00e7\u00e3o de autom\u00f3veis na regi\u00e3o\u201d, destaca Henrique Antunes, diretor de Vendas da BYD Brasil.<\/p>\n<p>&nbsp;<\/p>\n<p>Na semana passada, a BYD Brasil apresentou no Rio de janeiro, seu segundo modelo de passeio el\u00e9trico. Trata-se do sed\u00e3 premium HAN EV, ve\u00edculo sustent\u00e1vel que combina luxo, sofistica\u00e7\u00e3o e design arrojado com seguran\u00e7a em seu mais alto n\u00edvel e in\u00fameros recursos inteligentes. Antes, havia lan\u00e7ado e j\u00e1 iniciado a comercializa\u00e7\u00e3o do TAN EV, primeiro SUV de sete lugares 100% el\u00e9trico do mercado brasileiro.<\/p>\n<p>&nbsp;<\/p>\n<p><strong>M\u00e9xico<\/strong><\/p>\n<p>&nbsp;<\/p>\n<p>Recentemente, BYD e VEMO se uniram para desenvolver cada vez mais a eletrifica\u00e7\u00e3o automotiva e disponibilizar novas op\u00e7\u00f5es de mobilidade sustent\u00e1vel \u00e0 popula\u00e7\u00e3o do M\u00e9xico. Considerada a maior operadora de transporte de energia do pa\u00eds, a VEMO anunciou a compra de mil unidades do modelo BYD D1, sendo que 200 unidades j\u00e1 est\u00e3o em circula\u00e7\u00e3o na Cidade do M\u00e9xico por meio da plataforma Uber. A frota adquirida pela VEMO pode economizar aproximadamente 20 mil toneladas de emiss\u00f5es de carbono por ano, o que equivale ao plantio de 1 milh\u00e3o de \u00e1rvores.<\/p>\n<p>&nbsp;<\/p>\n<p>O modelo D1 \u00e9 o primeiro ve\u00edculo el\u00e9trico projetado exclusivamente pela BYD para o transporte de passageiros e permite uma economia de consumo de 80% em rela\u00e7\u00e3o aos combust\u00edveis convencionais, com a vantagem de ser um autom\u00f3vel com emiss\u00e3o zero.<\/p>\n<p>&nbsp;<\/p>\n<p>Com muita tecnologia embarcada, o carro el\u00e9trico da BYD conta com a inovadora bateria Blade, que redefiniu os padr\u00f5es de seguran\u00e7a da ind\u00fastria de modelos eletrificados. Ali\u00e1s, todos os modelos da BYD s\u00e3o produzidos com essa bateria. No Brasil, os dois modelos j\u00e1 apresentados (Tan EV e Han EV) j\u00e1 incorporam essa tecnologia.<\/p>\n<p>&nbsp;<\/p>\n<p>O BYD D1 \u00e9 equipado com um sistema de condu\u00e7\u00e3o aut\u00f4noma n\u00edvel 2, sistema de seguran\u00e7a m\u00f3vel, volante com intelig\u00eancia artificial, reconhecimento facial, assistente de voz com Intelig\u00eancia artificial, entre v\u00e1rias outras tecnologias.<\/p>\n<p>&nbsp;<\/p>\n<p>Al\u00e9m disso, existem mais diferenciais atrativos, como um assento com ajuste autom\u00e1tico para a \u00e1rea lombar para o conforto do motorista que deve realizar longas horas de condu\u00e7\u00e3o.<\/p>\n<p>&nbsp;<\/p>\n<p>Desenvolvido na China, o ve\u00edculo foi projetado com motor el\u00e9trico de 130 CV de pot\u00eancia e torque de 18,3 kgf.m. O modelo consegue atingir uma velocidade de 130 km\/h e suas modernas baterias de 53 kWh garantem autonomia de 371 km com uma \u00fanica carga. (Blog do Ricardo Ribas)<\/p>\n","protected":false},"excerpt":{"rendered":"<p>Blog do Ricardo Ribas &nbsp; A BYD Brasil deu mais um importante passo rumo \u00e0 sua meta de encerrar 2022 com concession\u00e1rias abertas em 45 das principais cidades brasileiras. Desta vez, a empresa nomeou o Grupo Saga como representante da marca na regi\u00e3o Centro-Oeste. A nova parceira ser\u00e1 respons\u00e1vel pela abertura de tr\u00eas unidades neste\u2026 <a class=\"readmore\" href=\"https:\/\/dana.com.br\/canaldana\/2022\/05\/02\/byd-nomeia-grupo-saga-e-celebra-a-venda-de-mil-unidades-do-automovel-d1-no-mexico\/\">Leia mais \u00bb<\/a><\/p>\n","protected":false},"author":3,"featured_media":0,"comment_status":"closed","ping_status":"closed","sticky":false,"template":"","format":"standard","meta":{"_acf_changed":false,"footnotes":""},"categories":[79],"tags":[],"class_list":["post-57899","post","type-post","status-publish","format-standard","hentry","category-mercado"],"acf":[],"yoast_head":"<!-- This site is optimized with the Yoast SEO plugin v27.3 - https:\/\/yoast.com\/product\/yoast-seo-wordpress\/ -->\n<title>BYD nomeia Grupo Saga e celebra a venda de mil unidades do autom\u00f3vel D1 no M\u00e9xico - Canal Dana<\/title>\n<meta name=\"robots\" content=\"index, follow, max-snippet:-1, max-image-preview:large, max-video-preview:-1\" \/>\n<link rel=\"canonical\" href=\"https:\/\/dana.com.br\/canaldana\/2022\/05\/02\/byd-nomeia-grupo-saga-e-celebra-a-venda-de-mil-unidades-do-automovel-d1-no-mexico\/\" \/>\n<meta property=\"og:locale\" content=\"pt_BR\" \/>\n<meta property=\"og:type\" content=\"article\" \/>\n<meta property=\"og:title\" content=\"BYD nomeia Grupo Saga e celebra a venda de mil unidades do autom\u00f3vel D1 no M\u00e9xico - Canal Dana\" \/>\n<meta property=\"og:description\" content=\"Blog do Ricardo Ribas &nbsp; A BYD Brasil deu mais um importante passo rumo \u00e0 sua meta de encerrar 2022 com concession\u00e1rias abertas em 45 das principais cidades brasileiras. Desta vez, a empresa nomeou o Grupo Saga como representante da marca na regi\u00e3o Centro-Oeste. A nova parceira ser\u00e1 respons\u00e1vel pela abertura de tr\u00eas unidades neste\u2026 Leia mais \u00bb\" \/>\n<meta property=\"og:url\" content=\"https:\/\/dana.com.br\/canaldana\/2022\/05\/02\/byd-nomeia-grupo-saga-e-celebra-a-venda-de-mil-unidades-do-automovel-d1-no-mexico\/\" \/>\n<meta property=\"og:site_name\" content=\"Canal Dana\" \/>\n<meta property=\"article:published_time\" content=\"2022-05-02T11:21:06+00:00\" \/>\n<meta name=\"author\" content=\"Canal Dana\" \/>\n<meta name=\"twitter:card\" content=\"summary_large_image\" \/>\n<meta name=\"twitter:label1\" content=\"Escrito por\" \/>\n\t<meta name=\"twitter:data1\" content=\"Canal Dana\" \/>\n\t<meta name=\"twitter:label2\" content=\"Est. tempo de leitura\" \/>\n\t<meta name=\"twitter:data2\" content=\"3 minutos\" \/>\n<script type=\"application\/ld+json\" class=\"yoast-schema-graph\">{\"@context\":\"https:\\\/\\\/schema.org\",\"@graph\":[{\"@type\":\"Article\",\"@id\":\"https:\\\/\\\/dana.com.br\\\/canaldana\\\/2022\\\/05\\\/02\\\/byd-nomeia-grupo-saga-e-celebra-a-venda-de-mil-unidades-do-automovel-d1-no-mexico\\\/#article\",\"isPartOf\":{\"@id\":\"https:\\\/\\\/dana.com.br\\\/canaldana\\\/2022\\\/05\\\/02\\\/byd-nomeia-grupo-saga-e-celebra-a-venda-de-mil-unidades-do-automovel-d1-no-mexico\\\/\"},\"author\":{\"name\":\"Canal Dana\",\"@id\":\"https:\\\/\\\/dana.com.br\\\/canaldana\\\/#\\\/schema\\\/person\\\/3c21f22f56fcf3bc46b94bc60ea4fef6\"},\"headline\":\"BYD nomeia Grupo Saga e celebra a venda de mil unidades do autom\u00f3vel D1 no M\u00e9xico\",\"datePublished\":\"2022-05-02T11:21:06+00:00\",\"mainEntityOfPage\":{\"@id\":\"https:\\\/\\\/dana.com.br\\\/canaldana\\\/2022\\\/05\\\/02\\\/byd-nomeia-grupo-saga-e-celebra-a-venda-de-mil-unidades-do-automovel-d1-no-mexico\\\/\"},\"wordCount\":653,\"articleSection\":[\"Mercado\"],\"inLanguage\":\"pt-BR\"},{\"@type\":\"WebPage\",\"@id\":\"https:\\\/\\\/dana.com.br\\\/canaldana\\\/2022\\\/05\\\/02\\\/byd-nomeia-grupo-saga-e-celebra-a-venda-de-mil-unidades-do-automovel-d1-no-mexico\\\/\",\"url\":\"https:\\\/\\\/dana.com.br\\\/canaldana\\\/2022\\\/05\\\/02\\\/byd-nomeia-grupo-saga-e-celebra-a-venda-de-mil-unidades-do-automovel-d1-no-mexico\\\/\",\"name\":\"BYD nomeia Grupo Saga e celebra a venda de mil unidades do autom\u00f3vel D1 no M\u00e9xico - Canal Dana\",\"isPartOf\":{\"@id\":\"https:\\\/\\\/dana.com.br\\\/canaldana\\\/#website\"},\"datePublished\":\"2022-05-02T11:21:06+00:00\",\"author\":{\"@id\":\"https:\\\/\\\/dana.com.br\\\/canaldana\\\/#\\\/schema\\\/person\\\/3c21f22f56fcf3bc46b94bc60ea4fef6\"},\"breadcrumb\":{\"@id\":\"https:\\\/\\\/dana.com.br\\\/canaldana\\\/2022\\\/05\\\/02\\\/byd-nomeia-grupo-saga-e-celebra-a-venda-de-mil-unidades-do-automovel-d1-no-mexico\\\/#breadcrumb\"},\"inLanguage\":\"pt-BR\",\"potentialAction\":[{\"@type\":\"ReadAction\",\"target\":[\"https:\\\/\\\/dana.com.br\\\/canaldana\\\/2022\\\/05\\\/02\\\/byd-nomeia-grupo-saga-e-celebra-a-venda-de-mil-unidades-do-automovel-d1-no-mexico\\\/\"]}]},{\"@type\":\"BreadcrumbList\",\"@id\":\"https:\\\/\\\/dana.com.br\\\/canaldana\\\/2022\\\/05\\\/02\\\/byd-nomeia-grupo-saga-e-celebra-a-venda-de-mil-unidades-do-automovel-d1-no-mexico\\\/#breadcrumb\",\"itemListElement\":[{\"@type\":\"ListItem\",\"position\":1,\"name\":\"Home\",\"item\":\"https:\\\/\\\/dana.com.br\\\/canaldana\\\/\"},{\"@type\":\"ListItem\",\"position\":2,\"name\":\"Mercado\",\"item\":\"https:\\\/\\\/dana.com.br\\\/canaldana\\\/mercado\\\/\"},{\"@type\":\"ListItem\",\"position\":3,\"name\":\"BYD nomeia Grupo Saga e celebra a venda de mil unidades do autom\u00f3vel D1 no M\u00e9xico\"}]},{\"@type\":\"WebSite\",\"@id\":\"https:\\\/\\\/dana.com.br\\\/canaldana\\\/#website\",\"url\":\"https:\\\/\\\/dana.com.br\\\/canaldana\\\/\",\"name\":\"Canal Dana\",\"description\":\"Informativo com as principais not\u00edcias da ind\u00fastria automotiva\",\"potentialAction\":[{\"@type\":\"SearchAction\",\"target\":{\"@type\":\"EntryPoint\",\"urlTemplate\":\"https:\\\/\\\/dana.com.br\\\/canaldana\\\/?s={search_term_string}\"},\"query-input\":{\"@type\":\"PropertyValueSpecification\",\"valueRequired\":true,\"valueName\":\"search_term_string\"}}],\"inLanguage\":\"pt-BR\"},{\"@type\":\"Person\",\"@id\":\"https:\\\/\\\/dana.com.br\\\/canaldana\\\/#\\\/schema\\\/person\\\/3c21f22f56fcf3bc46b94bc60ea4fef6\",\"name\":\"Canal Dana\",\"image\":{\"@type\":\"ImageObject\",\"inLanguage\":\"pt-BR\",\"@id\":\"https:\\\/\\\/secure.gravatar.com\\\/avatar\\\/420aaf9278582877d9018637c6817617705899d2858d7572ef0fe59a6b6454b4?s=96&d=mm&r=g\",\"url\":\"https:\\\/\\\/secure.gravatar.com\\\/avatar\\\/420aaf9278582877d9018637c6817617705899d2858d7572ef0fe59a6b6454b4?s=96&d=mm&r=g\",\"contentUrl\":\"https:\\\/\\\/secure.gravatar.com\\\/avatar\\\/420aaf9278582877d9018637c6817617705899d2858d7572ef0fe59a6b6454b4?s=96&d=mm&r=g\",\"caption\":\"Canal Dana\"},\"url\":\"https:\\\/\\\/dana.com.br\\\/canaldana\\\/author\\\/cdeditor\\\/\"}]}<\/script>\n<!-- \/ Yoast SEO plugin. -->","yoast_head_json":{"title":"BYD nomeia Grupo Saga e celebra a venda de mil unidades do autom\u00f3vel D1 no M\u00e9xico - Canal Dana","robots":{"index":"index","follow":"follow","max-snippet":"max-snippet:-1","max-image-preview":"max-image-preview:large","max-video-preview":"max-video-preview:-1"},"canonical":"https:\/\/dana.com.br\/canaldana\/2022\/05\/02\/byd-nomeia-grupo-saga-e-celebra-a-venda-de-mil-unidades-do-automovel-d1-no-mexico\/","og_locale":"pt_BR","og_type":"article","og_title":"BYD nomeia Grupo Saga e celebra a venda de mil unidades do autom\u00f3vel D1 no M\u00e9xico - Canal Dana","og_description":"Blog do Ricardo Ribas &nbsp; A BYD Brasil deu mais um importante passo rumo \u00e0 sua meta de encerrar 2022 com concession\u00e1rias abertas em 45 das principais cidades brasileiras. Desta vez, a empresa nomeou o Grupo Saga como representante da marca na regi\u00e3o Centro-Oeste. A nova parceira ser\u00e1 respons\u00e1vel pela abertura de tr\u00eas unidades neste\u2026 Leia mais \u00bb","og_url":"https:\/\/dana.com.br\/canaldana\/2022\/05\/02\/byd-nomeia-grupo-saga-e-celebra-a-venda-de-mil-unidades-do-automovel-d1-no-mexico\/","og_site_name":"Canal Dana","article_published_time":"2022-05-02T11:21:06+00:00","author":"Canal Dana","twitter_card":"summary_large_image","twitter_misc":{"Escrito por":"Canal Dana","Est. tempo de leitura":"3 minutos"},"schema":{"@context":"https:\/\/schema.org","@graph":[{"@type":"Article","@id":"https:\/\/dana.com.br\/canaldana\/2022\/05\/02\/byd-nomeia-grupo-saga-e-celebra-a-venda-de-mil-unidades-do-automovel-d1-no-mexico\/#article","isPartOf":{"@id":"https:\/\/dana.com.br\/canaldana\/2022\/05\/02\/byd-nomeia-grupo-saga-e-celebra-a-venda-de-mil-unidades-do-automovel-d1-no-mexico\/"},"author":{"name":"Canal Dana","@id":"https:\/\/dana.com.br\/canaldana\/#\/schema\/person\/3c21f22f56fcf3bc46b94bc60ea4fef6"},"headline":"BYD nomeia Grupo Saga e celebra a venda de mil unidades do autom\u00f3vel D1 no M\u00e9xico","datePublished":"2022-05-02T11:21:06+00:00","mainEntityOfPage":{"@id":"https:\/\/dana.com.br\/canaldana\/2022\/05\/02\/byd-nomeia-grupo-saga-e-celebra-a-venda-de-mil-unidades-do-automovel-d1-no-mexico\/"},"wordCount":653,"articleSection":["Mercado"],"inLanguage":"pt-BR"},{"@type":"WebPage","@id":"https:\/\/dana.com.br\/canaldana\/2022\/05\/02\/byd-nomeia-grupo-saga-e-celebra-a-venda-de-mil-unidades-do-automovel-d1-no-mexico\/","url":"https:\/\/dana.com.br\/canaldana\/2022\/05\/02\/byd-nomeia-grupo-saga-e-celebra-a-venda-de-mil-unidades-do-automovel-d1-no-mexico\/","name":"BYD nomeia Grupo Saga e celebra a venda de mil unidades do autom\u00f3vel D1 no M\u00e9xico - Canal Dana","isPartOf":{"@id":"https:\/\/dana.com.br\/canaldana\/#website"},"datePublished":"2022-05-02T11:21:06+00:00","author":{"@id":"https:\/\/dana.com.br\/canaldana\/#\/schema\/person\/3c21f22f56fcf3bc46b94bc60ea4fef6"},"breadcrumb":{"@id":"https:\/\/dana.com.br\/canaldana\/2022\/05\/02\/byd-nomeia-grupo-saga-e-celebra-a-venda-de-mil-unidades-do-automovel-d1-no-mexico\/#breadcrumb"},"inLanguage":"pt-BR","potentialAction":[{"@type":"ReadAction","target":["https:\/\/dana.com.br\/canaldana\/2022\/05\/02\/byd-nomeia-grupo-saga-e-celebra-a-venda-de-mil-unidades-do-automovel-d1-no-mexico\/"]}]},{"@type":"BreadcrumbList","@id":"https:\/\/dana.com.br\/canaldana\/2022\/05\/02\/byd-nomeia-grupo-saga-e-celebra-a-venda-de-mil-unidades-do-automovel-d1-no-mexico\/#breadcrumb","itemListElement":[{"@type":"ListItem","position":1,"name":"Home","item":"https:\/\/dana.com.br\/canaldana\/"},{"@type":"ListItem","position":2,"name":"Mercado","item":"https:\/\/dana.com.br\/canaldana\/mercado\/"},{"@type":"ListItem","position":3,"name":"BYD nomeia Grupo Saga e celebra a venda de mil unidades do autom\u00f3vel D1 no M\u00e9xico"}]},{"@type":"WebSite","@id":"https:\/\/dana.com.br\/canaldana\/#website","url":"https:\/\/dana.com.br\/canaldana\/","name":"Canal Dana","description":"Informativo com as principais not\u00edcias da ind\u00fastria automotiva","potentialAction":[{"@type":"SearchAction","target":{"@type":"EntryPoint","urlTemplate":"https:\/\/dana.com.br\/canaldana\/?s={search_term_string}"},"query-input":{"@type":"PropertyValueSpecification","valueRequired":true,"valueName":"search_term_string"}}],"inLanguage":"pt-BR"},{"@type":"Person","@id":"https:\/\/dana.com.br\/canaldana\/#\/schema\/person\/3c21f22f56fcf3bc46b94bc60ea4fef6","name":"Canal Dana","image":{"@type":"ImageObject","inLanguage":"pt-BR","@id":"https:\/\/secure.gravatar.com\/avatar\/420aaf9278582877d9018637c6817617705899d2858d7572ef0fe59a6b6454b4?s=96&d=mm&r=g","url":"https:\/\/secure.gravatar.com\/avatar\/420aaf9278582877d9018637c6817617705899d2858d7572ef0fe59a6b6454b4?s=96&d=mm&r=g","contentUrl":"https:\/\/secure.gravatar.com\/avatar\/420aaf9278582877d9018637c6817617705899d2858d7572ef0fe59a6b6454b4?s=96&d=mm&r=g","caption":"Canal Dana"},"url":"https:\/\/dana.com.br\/canaldana\/author\/cdeditor\/"}]}},"_links":{"self":[{"href":"https:\/\/dana.com.br\/canaldana\/wp-json\/wp\/v2\/posts\/57899","targetHints":{"allow":["GET"]}}],"collection":[{"href":"https:\/\/dana.com.br\/canaldana\/wp-json\/wp\/v2\/posts"}],"about":[{"href":"https:\/\/dana.com.br\/canaldana\/wp-json\/wp\/v2\/types\/post"}],"author":[{"embeddable":true,"href":"https:\/\/dana.com.br\/canaldana\/wp-json\/wp\/v2\/users\/3"}],"replies":[{"embeddable":true,"href":"https:\/\/dana.com.br\/canaldana\/wp-json\/wp\/v2\/comments?post=57899"}],"version-history":[{"count":0,"href":"https:\/\/dana.com.br\/canaldana\/wp-json\/wp\/v2\/posts\/57899\/revisions"}],"wp:attachment":[{"href":"https:\/\/dana.com.br\/canaldana\/wp-json\/wp\/v2\/media?parent=57899"}],"wp:term":[{"taxonomy":"category","embeddable":true,"href":"https:\/\/dana.com.br\/canaldana\/wp-json\/wp\/v2\/categories?post=57899"},{"taxonomy":"post_tag","embeddable":true,"href":"https:\/\/dana.com.br\/canaldana\/wp-json\/wp\/v2\/tags?post=57899"}],"curies":[{"name":"wp","href":"https:\/\/api.w.org\/{rel}","templated":true}]}}