{"id":57874,"date":"2022-04-29T08:44:18","date_gmt":"2022-04-29T11:44:18","guid":{"rendered":"https:\/\/dana.com.br\/canaldana\/?p=57874"},"modified":"2022-04-29T08:44:18","modified_gmt":"2022-04-29T11:44:18","slug":"crise-dos-semicondutores-pandemia-trouxe-novas-oportunidades-para-o-brasil","status":"publish","type":"post","link":"https:\/\/dana.com.br\/canaldana\/2022\/04\/29\/crise-dos-semicondutores-pandemia-trouxe-novas-oportunidades-para-o-brasil\/","title":{"rendered":"Crise dos semicondutores: pandemia trouxe novas oportunidades para o Brasil"},"content":{"rendered":"<p><em>O Estado de S. Paulo <\/em><\/p>\n<p>&nbsp;<\/p>\n<p>Apesar dos problemas e grandes sequelas causadas ao setor industrial como um todo, a pandemia tamb\u00e9m trouxe novas oportunidades ao Brasil e uma delas \u00e9 a de localiza\u00e7\u00e3o de componentes n\u00e3o fabricados localmente para evitar a depend\u00eancia das importa\u00e7\u00f5es.<\/p>\n<p>&nbsp;<\/p>\n<p>Autom\u00f3veis; presidente da Anfavea &#8211; que re\u00fane as montadoras -, Luiz Carlos Moraes, afirmou que a pandemia obriga a uma revisita\u00e7\u00e3o da globaliza\u00e7\u00e3o para determinados itens Foto: Nilton Fukuda\/Estad\u00e3o<\/p>\n<p>&nbsp;<\/p>\n<p>Essa &#8220;janela \u00fanica de oportunidade&#8221; foi tema na quarta-feira, 27, em Bras\u00edlia, de um semin\u00e1rio com as participa\u00e7\u00f5es de dirigentes do setor automotivo e representantes de v\u00e1rios minist\u00e9rios sobre a produ\u00e7\u00e3o no Pa\u00eds de semicondutores.<\/p>\n<p>&nbsp;<\/p>\n<p>&#8220;Estamos estudando medidas de facilita\u00e7\u00e3o por parte do governo, com isen\u00e7\u00f5es fiscais, para que empresas de fora venham produzir semicondutores no Brasil&#8221;, anunciou o presidente do Sindipe\u00e7as (representa a ind\u00fastria de autope\u00e7as), Cl\u00e1udio Sahad em painel do Summit \u201cO Futuro da Ind\u00fastria Automotiva\u201d, realizado pelo Estad\u00e3o na manh\u00e3 desta quinta-feira, 28.<\/p>\n<p>&nbsp;<\/p>\n<p>Segundo o executivo, esse \u00e9 um grande gargalo do Pa\u00eds e h\u00e1 um esfor\u00e7o entre o setor p\u00fablico e privado para resolver essa depend\u00eancia. Al\u00e9m das entidades do setor, participaram do evento ontem no Itamaraty representantes dos minist\u00e9rios de Rela\u00e7\u00f5es Exteriores, Economia, Ci\u00eancia e Tecnologia e Comunica\u00e7\u00e3o.<\/p>\n<p>&nbsp;<\/p>\n<p>Sahad ressaltou, contudo, que \u00e9 preciso melhorar o ambiente de neg\u00f3cios no Pa\u00eds para atrair essas empresas. &#8220;Sem isso, mesmo tendo incentivos as empresas n\u00e3o vir\u00e3o, pois, a cadeia de semicondutores \u00e9 longa e os investimentos exigidos s\u00e3o altos&#8221;, disse ele.<\/p>\n<p>&nbsp;<\/p>\n<p>Antonio Filosa, presidente da Stellantis (re\u00fane Fiat, Jeep, Peugeot e Citro\u00ebn), refor\u00e7ou que as montadoras do Pa\u00eds &#8220;s\u00e3o competitivas dos port\u00f5es para dentro, com uso de tecnologias, investimentos, produtos e m\u00e3o de obra iguais ao que temos nos demais pa\u00edses, mas essa competitividade acaba do port\u00e3o para fora&#8221;.<\/p>\n<p>&nbsp;<\/p>\n<p>Filosa citou como principais problemas o sistema tribut\u00e1rio lembrando que no Brasil a carga tribut\u00e1ria \u00e9 uma das mais altas do mundo; a falta de infraestrutura, por exemplo em portos, aeroportos e rodovias; e a falta de isonomia entre as regi\u00f5es brasileiras.<\/p>\n<p>&nbsp;<\/p>\n<p>&#8220;H\u00e1 uma enorme desigualdade territorial, com o Sudeste altamente desenvolvido e outras regi\u00f5es onde o desenvolvimento n\u00e3o chega com a mesma intensidade&#8221;, disse Filosa. Ele ressaltou que, ao levar a f\u00e1brica da Jeep para Pernambuco, houve melhoras em todos os indicadores sociais em Goiana e nas demais cidades ao redor da f\u00e1brica. &#8220;Uma vez que a regi\u00e3o atrai um investimento de alta qualidade, automaticamente for\u00e7a investimentos p\u00fablicos na melhoria da infraestrutura f\u00edsica e de dados&#8221;, disse.<\/p>\n<p>&nbsp;<\/p>\n<p>Na mesma linha, o presidente da Anfavea &#8211; que re\u00fane as montadoras -, Luiz Carlos Moraes, afirmou que a pandemia obriga a uma revisita\u00e7\u00e3o da globaliza\u00e7\u00e3o para determinados itens, mas n\u00e3o s\u00f3 para que o Brasil fique menos dependente de importa\u00e7\u00f5es, mas tamb\u00e9m ser base de exporta\u00e7\u00e3o de novos produtos, como semicondutores.<\/p>\n<p>&nbsp;<\/p>\n<p>Ele citou o caso da eletrifica\u00e7\u00e3o automotiva, que pode atrair empresas de energia el\u00e9trica, recargas e baterias. &#8220;Olhando a pandemia como oportunidades, se tivermos um ambiente favor\u00e1vel de neg\u00f3cios podemos conseguir uma grande transforma\u00e7\u00e3o, assim como est\u00e3o fazendo China, estados Unidos e Coreia&#8221;. (O Estado de S. Paulo\/Cleide Silva)<\/p>\n","protected":false},"excerpt":{"rendered":"<p>O Estado de S. Paulo &nbsp; Apesar dos problemas e grandes sequelas causadas ao setor industrial como um todo, a pandemia tamb\u00e9m trouxe novas oportunidades ao Brasil e uma delas \u00e9 a de localiza\u00e7\u00e3o de componentes n\u00e3o fabricados localmente para evitar a depend\u00eancia das importa\u00e7\u00f5es. &nbsp; Autom\u00f3veis; presidente da Anfavea &#8211; que re\u00fane as montadoras\u2026 <a class=\"readmore\" href=\"https:\/\/dana.com.br\/canaldana\/2022\/04\/29\/crise-dos-semicondutores-pandemia-trouxe-novas-oportunidades-para-o-brasil\/\">Leia mais \u00bb<\/a><\/p>\n","protected":false},"author":3,"featured_media":0,"comment_status":"closed","ping_status":"closed","sticky":false,"template":"","format":"standard","meta":{"_acf_changed":false,"footnotes":""},"categories":[79],"tags":[],"class_list":["post-57874","post","type-post","status-publish","format-standard","hentry","category-mercado"],"acf":[],"yoast_head":"<!-- This site is optimized with the Yoast SEO plugin v27.3 - https:\/\/yoast.com\/product\/yoast-seo-wordpress\/ -->\n<title>Crise dos semicondutores: pandemia trouxe novas oportunidades para o Brasil - Canal Dana<\/title>\n<meta name=\"robots\" content=\"index, follow, max-snippet:-1, max-image-preview:large, max-video-preview:-1\" \/>\n<link rel=\"canonical\" href=\"https:\/\/dana.com.br\/canaldana\/2022\/04\/29\/crise-dos-semicondutores-pandemia-trouxe-novas-oportunidades-para-o-brasil\/\" \/>\n<meta property=\"og:locale\" content=\"pt_BR\" \/>\n<meta property=\"og:type\" content=\"article\" \/>\n<meta property=\"og:title\" content=\"Crise dos semicondutores: pandemia trouxe novas oportunidades para o Brasil - Canal Dana\" \/>\n<meta property=\"og:description\" content=\"O Estado de S. Paulo &nbsp; Apesar dos problemas e grandes sequelas causadas ao setor industrial como um todo, a pandemia tamb\u00e9m trouxe novas oportunidades ao Brasil e uma delas \u00e9 a de localiza\u00e7\u00e3o de componentes n\u00e3o fabricados localmente para evitar a depend\u00eancia das importa\u00e7\u00f5es. &nbsp; Autom\u00f3veis; presidente da Anfavea &#8211; que re\u00fane as montadoras\u2026 Leia mais \u00bb\" \/>\n<meta property=\"og:url\" content=\"https:\/\/dana.com.br\/canaldana\/2022\/04\/29\/crise-dos-semicondutores-pandemia-trouxe-novas-oportunidades-para-o-brasil\/\" \/>\n<meta property=\"og:site_name\" content=\"Canal Dana\" \/>\n<meta property=\"article:published_time\" content=\"2022-04-29T11:44:18+00:00\" \/>\n<meta name=\"author\" content=\"Canal Dana\" \/>\n<meta name=\"twitter:card\" content=\"summary_large_image\" \/>\n<meta name=\"twitter:label1\" content=\"Escrito por\" \/>\n\t<meta name=\"twitter:data1\" content=\"Canal Dana\" \/>\n\t<meta name=\"twitter:label2\" content=\"Est. tempo de leitura\" \/>\n\t<meta name=\"twitter:data2\" content=\"3 minutos\" \/>\n<script type=\"application\/ld+json\" class=\"yoast-schema-graph\">{\"@context\":\"https:\\\/\\\/schema.org\",\"@graph\":[{\"@type\":\"Article\",\"@id\":\"https:\\\/\\\/dana.com.br\\\/canaldana\\\/2022\\\/04\\\/29\\\/crise-dos-semicondutores-pandemia-trouxe-novas-oportunidades-para-o-brasil\\\/#article\",\"isPartOf\":{\"@id\":\"https:\\\/\\\/dana.com.br\\\/canaldana\\\/2022\\\/04\\\/29\\\/crise-dos-semicondutores-pandemia-trouxe-novas-oportunidades-para-o-brasil\\\/\"},\"author\":{\"name\":\"Canal Dana\",\"@id\":\"https:\\\/\\\/dana.com.br\\\/canaldana\\\/#\\\/schema\\\/person\\\/3c21f22f56fcf3bc46b94bc60ea4fef6\"},\"headline\":\"Crise dos semicondutores: pandemia trouxe novas oportunidades para o Brasil\",\"datePublished\":\"2022-04-29T11:44:18+00:00\",\"mainEntityOfPage\":{\"@id\":\"https:\\\/\\\/dana.com.br\\\/canaldana\\\/2022\\\/04\\\/29\\\/crise-dos-semicondutores-pandemia-trouxe-novas-oportunidades-para-o-brasil\\\/\"},\"wordCount\":602,\"articleSection\":[\"Mercado\"],\"inLanguage\":\"pt-BR\"},{\"@type\":\"WebPage\",\"@id\":\"https:\\\/\\\/dana.com.br\\\/canaldana\\\/2022\\\/04\\\/29\\\/crise-dos-semicondutores-pandemia-trouxe-novas-oportunidades-para-o-brasil\\\/\",\"url\":\"https:\\\/\\\/dana.com.br\\\/canaldana\\\/2022\\\/04\\\/29\\\/crise-dos-semicondutores-pandemia-trouxe-novas-oportunidades-para-o-brasil\\\/\",\"name\":\"Crise dos semicondutores: pandemia trouxe novas oportunidades para o Brasil - Canal Dana\",\"isPartOf\":{\"@id\":\"https:\\\/\\\/dana.com.br\\\/canaldana\\\/#website\"},\"datePublished\":\"2022-04-29T11:44:18+00:00\",\"author\":{\"@id\":\"https:\\\/\\\/dana.com.br\\\/canaldana\\\/#\\\/schema\\\/person\\\/3c21f22f56fcf3bc46b94bc60ea4fef6\"},\"breadcrumb\":{\"@id\":\"https:\\\/\\\/dana.com.br\\\/canaldana\\\/2022\\\/04\\\/29\\\/crise-dos-semicondutores-pandemia-trouxe-novas-oportunidades-para-o-brasil\\\/#breadcrumb\"},\"inLanguage\":\"pt-BR\",\"potentialAction\":[{\"@type\":\"ReadAction\",\"target\":[\"https:\\\/\\\/dana.com.br\\\/canaldana\\\/2022\\\/04\\\/29\\\/crise-dos-semicondutores-pandemia-trouxe-novas-oportunidades-para-o-brasil\\\/\"]}]},{\"@type\":\"BreadcrumbList\",\"@id\":\"https:\\\/\\\/dana.com.br\\\/canaldana\\\/2022\\\/04\\\/29\\\/crise-dos-semicondutores-pandemia-trouxe-novas-oportunidades-para-o-brasil\\\/#breadcrumb\",\"itemListElement\":[{\"@type\":\"ListItem\",\"position\":1,\"name\":\"Home\",\"item\":\"https:\\\/\\\/dana.com.br\\\/canaldana\\\/\"},{\"@type\":\"ListItem\",\"position\":2,\"name\":\"Mercado\",\"item\":\"https:\\\/\\\/dana.com.br\\\/canaldana\\\/mercado\\\/\"},{\"@type\":\"ListItem\",\"position\":3,\"name\":\"Crise dos semicondutores: pandemia trouxe novas oportunidades para o Brasil\"}]},{\"@type\":\"WebSite\",\"@id\":\"https:\\\/\\\/dana.com.br\\\/canaldana\\\/#website\",\"url\":\"https:\\\/\\\/dana.com.br\\\/canaldana\\\/\",\"name\":\"Canal Dana\",\"description\":\"Informativo com as principais not\u00edcias da ind\u00fastria automotiva\",\"potentialAction\":[{\"@type\":\"SearchAction\",\"target\":{\"@type\":\"EntryPoint\",\"urlTemplate\":\"https:\\\/\\\/dana.com.br\\\/canaldana\\\/?s={search_term_string}\"},\"query-input\":{\"@type\":\"PropertyValueSpecification\",\"valueRequired\":true,\"valueName\":\"search_term_string\"}}],\"inLanguage\":\"pt-BR\"},{\"@type\":\"Person\",\"@id\":\"https:\\\/\\\/dana.com.br\\\/canaldana\\\/#\\\/schema\\\/person\\\/3c21f22f56fcf3bc46b94bc60ea4fef6\",\"name\":\"Canal Dana\",\"image\":{\"@type\":\"ImageObject\",\"inLanguage\":\"pt-BR\",\"@id\":\"https:\\\/\\\/secure.gravatar.com\\\/avatar\\\/420aaf9278582877d9018637c6817617705899d2858d7572ef0fe59a6b6454b4?s=96&d=mm&r=g\",\"url\":\"https:\\\/\\\/secure.gravatar.com\\\/avatar\\\/420aaf9278582877d9018637c6817617705899d2858d7572ef0fe59a6b6454b4?s=96&d=mm&r=g\",\"contentUrl\":\"https:\\\/\\\/secure.gravatar.com\\\/avatar\\\/420aaf9278582877d9018637c6817617705899d2858d7572ef0fe59a6b6454b4?s=96&d=mm&r=g\",\"caption\":\"Canal Dana\"},\"url\":\"https:\\\/\\\/dana.com.br\\\/canaldana\\\/author\\\/cdeditor\\\/\"}]}<\/script>\n<!-- \/ Yoast SEO plugin. -->","yoast_head_json":{"title":"Crise dos semicondutores: pandemia trouxe novas oportunidades para o Brasil - Canal Dana","robots":{"index":"index","follow":"follow","max-snippet":"max-snippet:-1","max-image-preview":"max-image-preview:large","max-video-preview":"max-video-preview:-1"},"canonical":"https:\/\/dana.com.br\/canaldana\/2022\/04\/29\/crise-dos-semicondutores-pandemia-trouxe-novas-oportunidades-para-o-brasil\/","og_locale":"pt_BR","og_type":"article","og_title":"Crise dos semicondutores: pandemia trouxe novas oportunidades para o Brasil - Canal Dana","og_description":"O Estado de S. Paulo &nbsp; Apesar dos problemas e grandes sequelas causadas ao setor industrial como um todo, a pandemia tamb\u00e9m trouxe novas oportunidades ao Brasil e uma delas \u00e9 a de localiza\u00e7\u00e3o de componentes n\u00e3o fabricados localmente para evitar a depend\u00eancia das importa\u00e7\u00f5es. &nbsp; Autom\u00f3veis; presidente da Anfavea &#8211; que re\u00fane as montadoras\u2026 Leia mais \u00bb","og_url":"https:\/\/dana.com.br\/canaldana\/2022\/04\/29\/crise-dos-semicondutores-pandemia-trouxe-novas-oportunidades-para-o-brasil\/","og_site_name":"Canal Dana","article_published_time":"2022-04-29T11:44:18+00:00","author":"Canal Dana","twitter_card":"summary_large_image","twitter_misc":{"Escrito por":"Canal Dana","Est. tempo de leitura":"3 minutos"},"schema":{"@context":"https:\/\/schema.org","@graph":[{"@type":"Article","@id":"https:\/\/dana.com.br\/canaldana\/2022\/04\/29\/crise-dos-semicondutores-pandemia-trouxe-novas-oportunidades-para-o-brasil\/#article","isPartOf":{"@id":"https:\/\/dana.com.br\/canaldana\/2022\/04\/29\/crise-dos-semicondutores-pandemia-trouxe-novas-oportunidades-para-o-brasil\/"},"author":{"name":"Canal Dana","@id":"https:\/\/dana.com.br\/canaldana\/#\/schema\/person\/3c21f22f56fcf3bc46b94bc60ea4fef6"},"headline":"Crise dos semicondutores: pandemia trouxe novas oportunidades para o Brasil","datePublished":"2022-04-29T11:44:18+00:00","mainEntityOfPage":{"@id":"https:\/\/dana.com.br\/canaldana\/2022\/04\/29\/crise-dos-semicondutores-pandemia-trouxe-novas-oportunidades-para-o-brasil\/"},"wordCount":602,"articleSection":["Mercado"],"inLanguage":"pt-BR"},{"@type":"WebPage","@id":"https:\/\/dana.com.br\/canaldana\/2022\/04\/29\/crise-dos-semicondutores-pandemia-trouxe-novas-oportunidades-para-o-brasil\/","url":"https:\/\/dana.com.br\/canaldana\/2022\/04\/29\/crise-dos-semicondutores-pandemia-trouxe-novas-oportunidades-para-o-brasil\/","name":"Crise dos semicondutores: pandemia trouxe novas oportunidades para o Brasil - Canal Dana","isPartOf":{"@id":"https:\/\/dana.com.br\/canaldana\/#website"},"datePublished":"2022-04-29T11:44:18+00:00","author":{"@id":"https:\/\/dana.com.br\/canaldana\/#\/schema\/person\/3c21f22f56fcf3bc46b94bc60ea4fef6"},"breadcrumb":{"@id":"https:\/\/dana.com.br\/canaldana\/2022\/04\/29\/crise-dos-semicondutores-pandemia-trouxe-novas-oportunidades-para-o-brasil\/#breadcrumb"},"inLanguage":"pt-BR","potentialAction":[{"@type":"ReadAction","target":["https:\/\/dana.com.br\/canaldana\/2022\/04\/29\/crise-dos-semicondutores-pandemia-trouxe-novas-oportunidades-para-o-brasil\/"]}]},{"@type":"BreadcrumbList","@id":"https:\/\/dana.com.br\/canaldana\/2022\/04\/29\/crise-dos-semicondutores-pandemia-trouxe-novas-oportunidades-para-o-brasil\/#breadcrumb","itemListElement":[{"@type":"ListItem","position":1,"name":"Home","item":"https:\/\/dana.com.br\/canaldana\/"},{"@type":"ListItem","position":2,"name":"Mercado","item":"https:\/\/dana.com.br\/canaldana\/mercado\/"},{"@type":"ListItem","position":3,"name":"Crise dos semicondutores: pandemia trouxe novas oportunidades para o Brasil"}]},{"@type":"WebSite","@id":"https:\/\/dana.com.br\/canaldana\/#website","url":"https:\/\/dana.com.br\/canaldana\/","name":"Canal Dana","description":"Informativo com as principais not\u00edcias da ind\u00fastria automotiva","potentialAction":[{"@type":"SearchAction","target":{"@type":"EntryPoint","urlTemplate":"https:\/\/dana.com.br\/canaldana\/?s={search_term_string}"},"query-input":{"@type":"PropertyValueSpecification","valueRequired":true,"valueName":"search_term_string"}}],"inLanguage":"pt-BR"},{"@type":"Person","@id":"https:\/\/dana.com.br\/canaldana\/#\/schema\/person\/3c21f22f56fcf3bc46b94bc60ea4fef6","name":"Canal Dana","image":{"@type":"ImageObject","inLanguage":"pt-BR","@id":"https:\/\/secure.gravatar.com\/avatar\/420aaf9278582877d9018637c6817617705899d2858d7572ef0fe59a6b6454b4?s=96&d=mm&r=g","url":"https:\/\/secure.gravatar.com\/avatar\/420aaf9278582877d9018637c6817617705899d2858d7572ef0fe59a6b6454b4?s=96&d=mm&r=g","contentUrl":"https:\/\/secure.gravatar.com\/avatar\/420aaf9278582877d9018637c6817617705899d2858d7572ef0fe59a6b6454b4?s=96&d=mm&r=g","caption":"Canal Dana"},"url":"https:\/\/dana.com.br\/canaldana\/author\/cdeditor\/"}]}},"_links":{"self":[{"href":"https:\/\/dana.com.br\/canaldana\/wp-json\/wp\/v2\/posts\/57874","targetHints":{"allow":["GET"]}}],"collection":[{"href":"https:\/\/dana.com.br\/canaldana\/wp-json\/wp\/v2\/posts"}],"about":[{"href":"https:\/\/dana.com.br\/canaldana\/wp-json\/wp\/v2\/types\/post"}],"author":[{"embeddable":true,"href":"https:\/\/dana.com.br\/canaldana\/wp-json\/wp\/v2\/users\/3"}],"replies":[{"embeddable":true,"href":"https:\/\/dana.com.br\/canaldana\/wp-json\/wp\/v2\/comments?post=57874"}],"version-history":[{"count":0,"href":"https:\/\/dana.com.br\/canaldana\/wp-json\/wp\/v2\/posts\/57874\/revisions"}],"wp:attachment":[{"href":"https:\/\/dana.com.br\/canaldana\/wp-json\/wp\/v2\/media?parent=57874"}],"wp:term":[{"taxonomy":"category","embeddable":true,"href":"https:\/\/dana.com.br\/canaldana\/wp-json\/wp\/v2\/categories?post=57874"},{"taxonomy":"post_tag","embeddable":true,"href":"https:\/\/dana.com.br\/canaldana\/wp-json\/wp\/v2\/tags?post=57874"}],"curies":[{"name":"wp","href":"https:\/\/api.w.org\/{rel}","templated":true}]}}