{"id":57809,"date":"2022-04-27T08:26:45","date_gmt":"2022-04-27T11:26:45","guid":{"rendered":"https:\/\/dana.com.br\/canaldana\/?p=57809"},"modified":"2022-04-27T08:26:45","modified_gmt":"2022-04-27T11:26:45","slug":"nova-amarok-sera-lancada-na-europa-ate-o-fim-do-ano","status":"publish","type":"post","link":"https:\/\/dana.com.br\/canaldana\/2022\/04\/27\/nova-amarok-sera-lancada-na-europa-ate-o-fim-do-ano\/","title":{"rendered":"Nova Amarok ser\u00e1 lan\u00e7ada na Europa at\u00e9 o fim do ano"},"content":{"rendered":"<p><em>AutoInd\u00fastria<\/em><\/p>\n<p>&nbsp;<\/p>\n<p>Ap\u00f3s doze anos de produ\u00e7\u00e3o e mais de 830 mil unidades vendidas em todo o mundo, a Amarok est\u00e1 pr\u00f3xima de ingressar em sua segunda gera\u00e7\u00e3o. A Volkswagen revelou nesta ter\u00e7a-feira, 26, as primeiras imagens oficiais da nova picape que tem previs\u00e3o de chegada aos mercados da Europa e de outros continentes at\u00e9 o fim de 2022.<\/p>\n<p>&nbsp;<\/p>\n<p>O novo modelo \u00e9 fruto de desenvolvimento conjunto com a Ford, que a produzir\u00e1 como Ranger, e tem 5.350 mm de comprimento, 100 mm a mais do que a atual gera\u00e7\u00e3o, dist\u00e2ncia entre eixos de 3.270 mm, aumento de 175 mm, e poder\u00e1 carregar at\u00e9 1,2 tonelada.<\/p>\n<p>&nbsp;<\/p>\n<p>Dependendo do mercado, ser\u00e3o oferecidos motores a gasolina e at\u00e9 quatro op\u00e7\u00f5es de diesel de quatro e seis cilindros de 2 a 3 litros, tra\u00e7\u00f5es traseiras e nas quatro rodas. Est\u00e1 prevista tamb\u00e9m uma vers\u00e3o cabine simples apenas para alguns pa\u00edses.<\/p>\n<p>&nbsp;<\/p>\n<p>As primeiras fotos n\u00e3o revelam integralmente o novo desenho da carroceria. Mas Albert Kirzinger, chefe de design da Volkswagen Commercial Vehicles, afirma que \u201c\u00e9 inequivocamente mais expressivo. Certo \u00e9 que os far\u00f3is ser\u00e3o em LED para todas as vers\u00f5es e que a caixa de rodas seguir\u00e1 com linha superior mais reta, como a da primeira gera\u00e7\u00e3o.<\/p>\n<p>&nbsp;<\/p>\n<p>A Volkswagen aposta muito no amplo leque de sistemas de assist\u00eancia \u00e0 condu\u00e7\u00e3o. Ser\u00e3o mais de trinta e, segundo a montadora, vinte deles completamente novos para a picape. No interior, a Volkswagen confirmou a ado\u00e7\u00e3o de cockpit digital e tela de infoentretenimento no estilo tablet. Conforme a vers\u00e3o &#8211; ser\u00e3o cinco na Europa -, o revestimento interno poder\u00e1 ser em couro.<\/p>\n<p>&nbsp;<\/p>\n<p>A futura picape ser\u00e1 fabricada na \u00c1frica do Sul. Para o Brasil e demais pa\u00edses sul-americanos, sair\u00e1 da f\u00e1brica de Pacheco, na Argentina, assim como a atual gera\u00e7\u00e3o. Mas n\u00e3o antes de 2023.<\/p>\n<p>&nbsp;<\/p>\n<p>Principal mercado da regi\u00e3o, o Brasil consumiu pouco mais de 1,7 mil unidades da Amarok no primeiro trimestre. O modelo ocupa apenas a 8\u00aa posi\u00e7\u00e3o do ranking de picapes grandes, segundo classifica\u00e7\u00e3o da Fenabrave. (AutoInd\u00fastria)<\/p>\n","protected":false},"excerpt":{"rendered":"<p>AutoInd\u00fastria &nbsp; Ap\u00f3s doze anos de produ\u00e7\u00e3o e mais de 830 mil unidades vendidas em todo o mundo, a Amarok est\u00e1 pr\u00f3xima de ingressar em sua segunda gera\u00e7\u00e3o. A Volkswagen revelou nesta ter\u00e7a-feira, 26, as primeiras imagens oficiais da nova picape que tem previs\u00e3o de chegada aos mercados da Europa e de outros continentes at\u00e9\u2026 <a class=\"readmore\" href=\"https:\/\/dana.com.br\/canaldana\/2022\/04\/27\/nova-amarok-sera-lancada-na-europa-ate-o-fim-do-ano\/\">Leia mais \u00bb<\/a><\/p>\n","protected":false},"author":3,"featured_media":0,"comment_status":"closed","ping_status":"closed","sticky":false,"template":"","format":"standard","meta":{"_acf_changed":false,"footnotes":""},"categories":[79],"tags":[],"class_list":["post-57809","post","type-post","status-publish","format-standard","hentry","category-mercado"],"acf":[],"yoast_head":"<!-- This site is optimized with the Yoast SEO plugin v27.3 - https:\/\/yoast.com\/product\/yoast-seo-wordpress\/ -->\n<title>Nova Amarok ser\u00e1 lan\u00e7ada na Europa at\u00e9 o fim do ano - Canal Dana<\/title>\n<meta name=\"robots\" content=\"index, follow, max-snippet:-1, max-image-preview:large, max-video-preview:-1\" \/>\n<link rel=\"canonical\" href=\"https:\/\/dana.com.br\/canaldana\/2022\/04\/27\/nova-amarok-sera-lancada-na-europa-ate-o-fim-do-ano\/\" \/>\n<meta property=\"og:locale\" content=\"pt_BR\" \/>\n<meta property=\"og:type\" content=\"article\" \/>\n<meta property=\"og:title\" content=\"Nova Amarok ser\u00e1 lan\u00e7ada na Europa at\u00e9 o fim do ano - Canal Dana\" \/>\n<meta property=\"og:description\" content=\"AutoInd\u00fastria &nbsp; Ap\u00f3s doze anos de produ\u00e7\u00e3o e mais de 830 mil unidades vendidas em todo o mundo, a Amarok est\u00e1 pr\u00f3xima de ingressar em sua segunda gera\u00e7\u00e3o. A Volkswagen revelou nesta ter\u00e7a-feira, 26, as primeiras imagens oficiais da nova picape que tem previs\u00e3o de chegada aos mercados da Europa e de outros continentes at\u00e9\u2026 Leia mais \u00bb\" \/>\n<meta property=\"og:url\" content=\"https:\/\/dana.com.br\/canaldana\/2022\/04\/27\/nova-amarok-sera-lancada-na-europa-ate-o-fim-do-ano\/\" \/>\n<meta property=\"og:site_name\" content=\"Canal Dana\" \/>\n<meta property=\"article:published_time\" content=\"2022-04-27T11:26:45+00:00\" \/>\n<meta name=\"author\" content=\"Canal Dana\" \/>\n<meta name=\"twitter:card\" content=\"summary_large_image\" \/>\n<meta name=\"twitter:label1\" content=\"Escrito por\" \/>\n\t<meta name=\"twitter:data1\" content=\"Canal Dana\" \/>\n\t<meta name=\"twitter:label2\" content=\"Est. tempo de leitura\" \/>\n\t<meta name=\"twitter:data2\" content=\"2 minutos\" \/>\n<script type=\"application\/ld+json\" class=\"yoast-schema-graph\">{\"@context\":\"https:\\\/\\\/schema.org\",\"@graph\":[{\"@type\":\"Article\",\"@id\":\"https:\\\/\\\/dana.com.br\\\/canaldana\\\/2022\\\/04\\\/27\\\/nova-amarok-sera-lancada-na-europa-ate-o-fim-do-ano\\\/#article\",\"isPartOf\":{\"@id\":\"https:\\\/\\\/dana.com.br\\\/canaldana\\\/2022\\\/04\\\/27\\\/nova-amarok-sera-lancada-na-europa-ate-o-fim-do-ano\\\/\"},\"author\":{\"name\":\"Canal Dana\",\"@id\":\"https:\\\/\\\/dana.com.br\\\/canaldana\\\/#\\\/schema\\\/person\\\/3c21f22f56fcf3bc46b94bc60ea4fef6\"},\"headline\":\"Nova Amarok ser\u00e1 lan\u00e7ada na Europa at\u00e9 o fim do ano\",\"datePublished\":\"2022-04-27T11:26:45+00:00\",\"mainEntityOfPage\":{\"@id\":\"https:\\\/\\\/dana.com.br\\\/canaldana\\\/2022\\\/04\\\/27\\\/nova-amarok-sera-lancada-na-europa-ate-o-fim-do-ano\\\/\"},\"wordCount\":367,\"articleSection\":[\"Mercado\"],\"inLanguage\":\"pt-BR\"},{\"@type\":\"WebPage\",\"@id\":\"https:\\\/\\\/dana.com.br\\\/canaldana\\\/2022\\\/04\\\/27\\\/nova-amarok-sera-lancada-na-europa-ate-o-fim-do-ano\\\/\",\"url\":\"https:\\\/\\\/dana.com.br\\\/canaldana\\\/2022\\\/04\\\/27\\\/nova-amarok-sera-lancada-na-europa-ate-o-fim-do-ano\\\/\",\"name\":\"Nova Amarok ser\u00e1 lan\u00e7ada na Europa at\u00e9 o fim do ano - Canal Dana\",\"isPartOf\":{\"@id\":\"https:\\\/\\\/dana.com.br\\\/canaldana\\\/#website\"},\"datePublished\":\"2022-04-27T11:26:45+00:00\",\"author\":{\"@id\":\"https:\\\/\\\/dana.com.br\\\/canaldana\\\/#\\\/schema\\\/person\\\/3c21f22f56fcf3bc46b94bc60ea4fef6\"},\"breadcrumb\":{\"@id\":\"https:\\\/\\\/dana.com.br\\\/canaldana\\\/2022\\\/04\\\/27\\\/nova-amarok-sera-lancada-na-europa-ate-o-fim-do-ano\\\/#breadcrumb\"},\"inLanguage\":\"pt-BR\",\"potentialAction\":[{\"@type\":\"ReadAction\",\"target\":[\"https:\\\/\\\/dana.com.br\\\/canaldana\\\/2022\\\/04\\\/27\\\/nova-amarok-sera-lancada-na-europa-ate-o-fim-do-ano\\\/\"]}]},{\"@type\":\"BreadcrumbList\",\"@id\":\"https:\\\/\\\/dana.com.br\\\/canaldana\\\/2022\\\/04\\\/27\\\/nova-amarok-sera-lancada-na-europa-ate-o-fim-do-ano\\\/#breadcrumb\",\"itemListElement\":[{\"@type\":\"ListItem\",\"position\":1,\"name\":\"Home\",\"item\":\"https:\\\/\\\/dana.com.br\\\/canaldana\\\/\"},{\"@type\":\"ListItem\",\"position\":2,\"name\":\"Mercado\",\"item\":\"https:\\\/\\\/dana.com.br\\\/canaldana\\\/mercado\\\/\"},{\"@type\":\"ListItem\",\"position\":3,\"name\":\"Nova Amarok ser\u00e1 lan\u00e7ada na Europa at\u00e9 o fim do ano\"}]},{\"@type\":\"WebSite\",\"@id\":\"https:\\\/\\\/dana.com.br\\\/canaldana\\\/#website\",\"url\":\"https:\\\/\\\/dana.com.br\\\/canaldana\\\/\",\"name\":\"Canal Dana\",\"description\":\"Informativo com as principais not\u00edcias da ind\u00fastria automotiva\",\"potentialAction\":[{\"@type\":\"SearchAction\",\"target\":{\"@type\":\"EntryPoint\",\"urlTemplate\":\"https:\\\/\\\/dana.com.br\\\/canaldana\\\/?s={search_term_string}\"},\"query-input\":{\"@type\":\"PropertyValueSpecification\",\"valueRequired\":true,\"valueName\":\"search_term_string\"}}],\"inLanguage\":\"pt-BR\"},{\"@type\":\"Person\",\"@id\":\"https:\\\/\\\/dana.com.br\\\/canaldana\\\/#\\\/schema\\\/person\\\/3c21f22f56fcf3bc46b94bc60ea4fef6\",\"name\":\"Canal Dana\",\"image\":{\"@type\":\"ImageObject\",\"inLanguage\":\"pt-BR\",\"@id\":\"https:\\\/\\\/secure.gravatar.com\\\/avatar\\\/420aaf9278582877d9018637c6817617705899d2858d7572ef0fe59a6b6454b4?s=96&d=mm&r=g\",\"url\":\"https:\\\/\\\/secure.gravatar.com\\\/avatar\\\/420aaf9278582877d9018637c6817617705899d2858d7572ef0fe59a6b6454b4?s=96&d=mm&r=g\",\"contentUrl\":\"https:\\\/\\\/secure.gravatar.com\\\/avatar\\\/420aaf9278582877d9018637c6817617705899d2858d7572ef0fe59a6b6454b4?s=96&d=mm&r=g\",\"caption\":\"Canal Dana\"},\"url\":\"https:\\\/\\\/dana.com.br\\\/canaldana\\\/author\\\/cdeditor\\\/\"}]}<\/script>\n<!-- \/ Yoast SEO plugin. -->","yoast_head_json":{"title":"Nova Amarok ser\u00e1 lan\u00e7ada na Europa at\u00e9 o fim do ano - Canal Dana","robots":{"index":"index","follow":"follow","max-snippet":"max-snippet:-1","max-image-preview":"max-image-preview:large","max-video-preview":"max-video-preview:-1"},"canonical":"https:\/\/dana.com.br\/canaldana\/2022\/04\/27\/nova-amarok-sera-lancada-na-europa-ate-o-fim-do-ano\/","og_locale":"pt_BR","og_type":"article","og_title":"Nova Amarok ser\u00e1 lan\u00e7ada na Europa at\u00e9 o fim do ano - Canal Dana","og_description":"AutoInd\u00fastria &nbsp; Ap\u00f3s doze anos de produ\u00e7\u00e3o e mais de 830 mil unidades vendidas em todo o mundo, a Amarok est\u00e1 pr\u00f3xima de ingressar em sua segunda gera\u00e7\u00e3o. A Volkswagen revelou nesta ter\u00e7a-feira, 26, as primeiras imagens oficiais da nova picape que tem previs\u00e3o de chegada aos mercados da Europa e de outros continentes at\u00e9\u2026 Leia mais \u00bb","og_url":"https:\/\/dana.com.br\/canaldana\/2022\/04\/27\/nova-amarok-sera-lancada-na-europa-ate-o-fim-do-ano\/","og_site_name":"Canal Dana","article_published_time":"2022-04-27T11:26:45+00:00","author":"Canal Dana","twitter_card":"summary_large_image","twitter_misc":{"Escrito por":"Canal Dana","Est. tempo de leitura":"2 minutos"},"schema":{"@context":"https:\/\/schema.org","@graph":[{"@type":"Article","@id":"https:\/\/dana.com.br\/canaldana\/2022\/04\/27\/nova-amarok-sera-lancada-na-europa-ate-o-fim-do-ano\/#article","isPartOf":{"@id":"https:\/\/dana.com.br\/canaldana\/2022\/04\/27\/nova-amarok-sera-lancada-na-europa-ate-o-fim-do-ano\/"},"author":{"name":"Canal Dana","@id":"https:\/\/dana.com.br\/canaldana\/#\/schema\/person\/3c21f22f56fcf3bc46b94bc60ea4fef6"},"headline":"Nova Amarok ser\u00e1 lan\u00e7ada na Europa at\u00e9 o fim do ano","datePublished":"2022-04-27T11:26:45+00:00","mainEntityOfPage":{"@id":"https:\/\/dana.com.br\/canaldana\/2022\/04\/27\/nova-amarok-sera-lancada-na-europa-ate-o-fim-do-ano\/"},"wordCount":367,"articleSection":["Mercado"],"inLanguage":"pt-BR"},{"@type":"WebPage","@id":"https:\/\/dana.com.br\/canaldana\/2022\/04\/27\/nova-amarok-sera-lancada-na-europa-ate-o-fim-do-ano\/","url":"https:\/\/dana.com.br\/canaldana\/2022\/04\/27\/nova-amarok-sera-lancada-na-europa-ate-o-fim-do-ano\/","name":"Nova Amarok ser\u00e1 lan\u00e7ada na Europa at\u00e9 o fim do ano - Canal Dana","isPartOf":{"@id":"https:\/\/dana.com.br\/canaldana\/#website"},"datePublished":"2022-04-27T11:26:45+00:00","author":{"@id":"https:\/\/dana.com.br\/canaldana\/#\/schema\/person\/3c21f22f56fcf3bc46b94bc60ea4fef6"},"breadcrumb":{"@id":"https:\/\/dana.com.br\/canaldana\/2022\/04\/27\/nova-amarok-sera-lancada-na-europa-ate-o-fim-do-ano\/#breadcrumb"},"inLanguage":"pt-BR","potentialAction":[{"@type":"ReadAction","target":["https:\/\/dana.com.br\/canaldana\/2022\/04\/27\/nova-amarok-sera-lancada-na-europa-ate-o-fim-do-ano\/"]}]},{"@type":"BreadcrumbList","@id":"https:\/\/dana.com.br\/canaldana\/2022\/04\/27\/nova-amarok-sera-lancada-na-europa-ate-o-fim-do-ano\/#breadcrumb","itemListElement":[{"@type":"ListItem","position":1,"name":"Home","item":"https:\/\/dana.com.br\/canaldana\/"},{"@type":"ListItem","position":2,"name":"Mercado","item":"https:\/\/dana.com.br\/canaldana\/mercado\/"},{"@type":"ListItem","position":3,"name":"Nova Amarok ser\u00e1 lan\u00e7ada na Europa at\u00e9 o fim do ano"}]},{"@type":"WebSite","@id":"https:\/\/dana.com.br\/canaldana\/#website","url":"https:\/\/dana.com.br\/canaldana\/","name":"Canal Dana","description":"Informativo com as principais not\u00edcias da ind\u00fastria automotiva","potentialAction":[{"@type":"SearchAction","target":{"@type":"EntryPoint","urlTemplate":"https:\/\/dana.com.br\/canaldana\/?s={search_term_string}"},"query-input":{"@type":"PropertyValueSpecification","valueRequired":true,"valueName":"search_term_string"}}],"inLanguage":"pt-BR"},{"@type":"Person","@id":"https:\/\/dana.com.br\/canaldana\/#\/schema\/person\/3c21f22f56fcf3bc46b94bc60ea4fef6","name":"Canal Dana","image":{"@type":"ImageObject","inLanguage":"pt-BR","@id":"https:\/\/secure.gravatar.com\/avatar\/420aaf9278582877d9018637c6817617705899d2858d7572ef0fe59a6b6454b4?s=96&d=mm&r=g","url":"https:\/\/secure.gravatar.com\/avatar\/420aaf9278582877d9018637c6817617705899d2858d7572ef0fe59a6b6454b4?s=96&d=mm&r=g","contentUrl":"https:\/\/secure.gravatar.com\/avatar\/420aaf9278582877d9018637c6817617705899d2858d7572ef0fe59a6b6454b4?s=96&d=mm&r=g","caption":"Canal Dana"},"url":"https:\/\/dana.com.br\/canaldana\/author\/cdeditor\/"}]}},"_links":{"self":[{"href":"https:\/\/dana.com.br\/canaldana\/wp-json\/wp\/v2\/posts\/57809","targetHints":{"allow":["GET"]}}],"collection":[{"href":"https:\/\/dana.com.br\/canaldana\/wp-json\/wp\/v2\/posts"}],"about":[{"href":"https:\/\/dana.com.br\/canaldana\/wp-json\/wp\/v2\/types\/post"}],"author":[{"embeddable":true,"href":"https:\/\/dana.com.br\/canaldana\/wp-json\/wp\/v2\/users\/3"}],"replies":[{"embeddable":true,"href":"https:\/\/dana.com.br\/canaldana\/wp-json\/wp\/v2\/comments?post=57809"}],"version-history":[{"count":0,"href":"https:\/\/dana.com.br\/canaldana\/wp-json\/wp\/v2\/posts\/57809\/revisions"}],"wp:attachment":[{"href":"https:\/\/dana.com.br\/canaldana\/wp-json\/wp\/v2\/media?parent=57809"}],"wp:term":[{"taxonomy":"category","embeddable":true,"href":"https:\/\/dana.com.br\/canaldana\/wp-json\/wp\/v2\/categories?post=57809"},{"taxonomy":"post_tag","embeddable":true,"href":"https:\/\/dana.com.br\/canaldana\/wp-json\/wp\/v2\/tags?post=57809"}],"curies":[{"name":"wp","href":"https:\/\/api.w.org\/{rel}","templated":true}]}}