{"id":57807,"date":"2022-04-27T08:26:12","date_gmt":"2022-04-27T11:26:12","guid":{"rendered":"https:\/\/dana.com.br\/canaldana\/?p=57807"},"modified":"2022-04-27T08:26:12","modified_gmt":"2022-04-27T11:26:12","slug":"onibus-eletricos-sao-prioridades","status":"publish","type":"post","link":"https:\/\/dana.com.br\/canaldana\/2022\/04\/27\/onibus-eletricos-sao-prioridades\/","title":{"rendered":"\u00d4nibus el\u00e9tricos s\u00e3o prioridades"},"content":{"rendered":"<p><em>O Estado de S. Paulo<\/em><\/p>\n<p>&nbsp;<\/p>\n<p>\u201c\u00c0 medida que o aquecimento global impacta o planeta de forma mais contundente e frequente do que se previa, a mobilidade el\u00e9trica ganha visibilidade como uma das solu\u00e7\u00f5es de descarboniza\u00e7\u00e3o nas cidades. Por onde come\u00e7ar? Na corrida por um transporte urbano menos intensivo em carbono, a tecnologia dos motores deve andar lado a lado com a prioriza\u00e7\u00e3o da mobilidade sustent\u00e1vel. Eletrificar os \u00f4nibus urbanos deve ser prioridade.<\/p>\n<p>&nbsp;<\/p>\n<p>A crise do clima \u00e9 tamb\u00e9m uma crise de desigualdade. Enchentes e deslizamentos t\u00eam mostrado que os mais pobres s\u00e3o mais vulner\u00e1veis aos impactos clim\u00e1ticos. A a\u00e7\u00e3o clim\u00e1tica deve se dar sob uma perspectiva de justi\u00e7a e inclus\u00e3o, com investimentos que ampliem o acesso a oportunidades de forma sustent\u00e1vel, segura e resiliente.<\/p>\n<p>&nbsp;<\/p>\n<p>No Brasil, o transporte \u00e9 respons\u00e1vel por 40% a 60% das emiss\u00f5es de gases de efeito estufa, nas cidades, e concentra 45% do potencial de redu\u00e7\u00e3o nas emiss\u00f5es urbanas at\u00e9 2050, segundo estudo da Coalition for Urban Transitions. O caminho \u00e9 investir em infraestrutura para caminhada e bicicleta, conectada a redes de transporte coletivo de baixo carbono \u2013 caso contr\u00e1rio, continuaremos presos em congestionamentos.<\/p>\n<p>&nbsp;<\/p>\n<p><strong>Renovar para prosperar <\/strong><\/p>\n<p>&nbsp;<\/p>\n<p>A rota da descarboniza\u00e7\u00e3o passa, portanto, por acelerar a eletrifica\u00e7\u00e3o do transporte p\u00fablico coletivo por \u00f4nibus. Menos de 1% da frota brasileira \u00e9 composta por \u00f4nibus de baixa ou zero emiss\u00e3o, e n\u00e3o \u00e9 novidade que o servi\u00e7o atravessa uma crise financeira e de qualidade. A eletrifica\u00e7\u00e3o permitiria cortar emiss\u00f5es, melhorar a satisfa\u00e7\u00e3o dos passageiros e impulsionar a necess\u00e1ria renova\u00e7\u00e3o ao setor.<\/p>\n<p>&nbsp;<\/p>\n<p>Mundo afora, essa renova\u00e7\u00e3o j\u00e1 come\u00e7ou. A cidade chinesa de Shenzhen eletrificou, em aproximadamente cinco anos, 100% de sua frota de mais de 16 mil \u00f4nibus. Mas n\u00e3o \u00e9 preciso ir t\u00e3o longe. A Am\u00e9rica Latina \u00e9, hoje, palco de uma disputa animadora. Santiago do Chile j\u00e1 adquiriu quase 1.800 \u00f4nibus el\u00e9tricos, mais de 750 deles em opera\u00e7\u00e3o desde 2021. No seu encal\u00e7o, vem Bogot\u00e1, com 1.500 ve\u00edculos em opera\u00e7\u00e3o ou j\u00e1 licitados.<\/p>\n<p>&nbsp;<\/p>\n<p>Santiago e Bogot\u00e1 trilharam caminhos semelhantes para viabilizar o alto investimento inicial: novos modelos de neg\u00f3cio, em que atores distintos realizam a compra e a opera\u00e7\u00e3o dos ve\u00edculos. No Brasil, S\u00e3o Jos\u00e9 dos Campos (SP) tamb\u00e9m experimenta: adquiriu 12 \u00f4nibus el\u00e9tricos com recursos do estacionamento rotativo, e iniciou processo para loca\u00e7\u00e3o de 100% da sua frota el\u00e9trica. Outras cidades que deram os primeiros passos na eletrifica\u00e7\u00e3o da frota s\u00e3o Curitiba, S\u00e3o Paulo, Salvador e Campinas.<\/p>\n<p>&nbsp;<\/p>\n<p>No m\u00e9dio prazo, os \u00f4nibus el\u00e9tricos \u2018se pagam\u2019. Opera\u00e7\u00e3o e manuten\u00e7\u00e3o tendem a ser mais baratas, e a tecnologia limpa melhora a qualidade do ar na cidade, beneficiando a sa\u00fade da popula\u00e7\u00e3o. Ve\u00edculos mais modernos, confort\u00e1veis e silenciosos tamb\u00e9m melhoram a percep\u00e7\u00e3o dos passageiros sobre o servi\u00e7o, e podem atrair novos clientes.<\/p>\n<p>&nbsp;<\/p>\n<p>Acelerar a eletrifica\u00e7\u00e3o do transporte coletivo \u00e9 parte importante de uma estrat\u00e9gia de retomada econ\u00f4mica que reduza desigualdades e alinhe o Brasil aos esfor\u00e7os globais. N\u00e3o h\u00e1 mais espa\u00e7o \u2013 nem tempo \u2013 para investimentos que n\u00e3o sejam resilientes e inclusivos. \u00d4nibus el\u00e9tricos representam uma ocasi\u00e3o favor\u00e1vel de renova\u00e7\u00e3o ao transporte coletivo, de melhoria no acesso a oportunidades e \u00e0 sa\u00fade e ao desenvolvimento econ\u00f4mico. Tudo isso enquanto contribuem para a redu\u00e7\u00e3o de emiss\u00f5es necess\u00e1ria para evitar os piores efeitos da mudan\u00e7a no clima\u201d. (O Estado de S. Paulo\/Cristina Albuquerque)<\/p>\n","protected":false},"excerpt":{"rendered":"<p>O Estado de S. Paulo &nbsp; \u201c\u00c0 medida que o aquecimento global impacta o planeta de forma mais contundente e frequente do que se previa, a mobilidade el\u00e9trica ganha visibilidade como uma das solu\u00e7\u00f5es de descarboniza\u00e7\u00e3o nas cidades. Por onde come\u00e7ar? Na corrida por um transporte urbano menos intensivo em carbono, a tecnologia dos motores\u2026 <a class=\"readmore\" href=\"https:\/\/dana.com.br\/canaldana\/2022\/04\/27\/onibus-eletricos-sao-prioridades\/\">Leia mais \u00bb<\/a><\/p>\n","protected":false},"author":3,"featured_media":0,"comment_status":"closed","ping_status":"closed","sticky":false,"template":"","format":"standard","meta":{"_acf_changed":false,"footnotes":""},"categories":[110],"tags":[],"class_list":["post-57807","post","type-post","status-publish","format-standard","hentry","category-eletricos"],"acf":[],"yoast_head":"<!-- This site is optimized with the Yoast SEO plugin v27.3 - https:\/\/yoast.com\/product\/yoast-seo-wordpress\/ -->\n<title>\u00d4nibus el\u00e9tricos s\u00e3o prioridades - Canal Dana<\/title>\n<meta name=\"robots\" content=\"index, follow, max-snippet:-1, max-image-preview:large, max-video-preview:-1\" \/>\n<link rel=\"canonical\" href=\"https:\/\/dana.com.br\/canaldana\/2022\/04\/27\/onibus-eletricos-sao-prioridades\/\" \/>\n<meta property=\"og:locale\" content=\"pt_BR\" \/>\n<meta property=\"og:type\" content=\"article\" \/>\n<meta property=\"og:title\" content=\"\u00d4nibus el\u00e9tricos s\u00e3o prioridades - Canal Dana\" \/>\n<meta property=\"og:description\" content=\"O Estado de S. Paulo &nbsp; \u201c\u00c0 medida que o aquecimento global impacta o planeta de forma mais contundente e frequente do que se previa, a mobilidade el\u00e9trica ganha visibilidade como uma das solu\u00e7\u00f5es de descarboniza\u00e7\u00e3o nas cidades. Por onde come\u00e7ar? Na corrida por um transporte urbano menos intensivo em carbono, a tecnologia dos motores\u2026 Leia mais \u00bb\" \/>\n<meta property=\"og:url\" content=\"https:\/\/dana.com.br\/canaldana\/2022\/04\/27\/onibus-eletricos-sao-prioridades\/\" \/>\n<meta property=\"og:site_name\" content=\"Canal Dana\" \/>\n<meta property=\"article:published_time\" content=\"2022-04-27T11:26:12+00:00\" \/>\n<meta name=\"author\" content=\"Canal Dana\" \/>\n<meta name=\"twitter:card\" content=\"summary_large_image\" \/>\n<meta name=\"twitter:label1\" content=\"Escrito por\" \/>\n\t<meta name=\"twitter:data1\" content=\"Canal Dana\" \/>\n\t<meta name=\"twitter:label2\" content=\"Est. tempo de leitura\" \/>\n\t<meta name=\"twitter:data2\" content=\"3 minutos\" \/>\n<script type=\"application\/ld+json\" class=\"yoast-schema-graph\">{\"@context\":\"https:\\\/\\\/schema.org\",\"@graph\":[{\"@type\":\"Article\",\"@id\":\"https:\\\/\\\/dana.com.br\\\/canaldana\\\/2022\\\/04\\\/27\\\/onibus-eletricos-sao-prioridades\\\/#article\",\"isPartOf\":{\"@id\":\"https:\\\/\\\/dana.com.br\\\/canaldana\\\/2022\\\/04\\\/27\\\/onibus-eletricos-sao-prioridades\\\/\"},\"author\":{\"name\":\"Canal Dana\",\"@id\":\"https:\\\/\\\/dana.com.br\\\/canaldana\\\/#\\\/schema\\\/person\\\/3c21f22f56fcf3bc46b94bc60ea4fef6\"},\"headline\":\"\u00d4nibus el\u00e9tricos s\u00e3o prioridades\",\"datePublished\":\"2022-04-27T11:26:12+00:00\",\"mainEntityOfPage\":{\"@id\":\"https:\\\/\\\/dana.com.br\\\/canaldana\\\/2022\\\/04\\\/27\\\/onibus-eletricos-sao-prioridades\\\/\"},\"wordCount\":614,\"articleSection\":[\"El\u00e9tricos\"],\"inLanguage\":\"pt-BR\"},{\"@type\":\"WebPage\",\"@id\":\"https:\\\/\\\/dana.com.br\\\/canaldana\\\/2022\\\/04\\\/27\\\/onibus-eletricos-sao-prioridades\\\/\",\"url\":\"https:\\\/\\\/dana.com.br\\\/canaldana\\\/2022\\\/04\\\/27\\\/onibus-eletricos-sao-prioridades\\\/\",\"name\":\"\u00d4nibus el\u00e9tricos s\u00e3o prioridades - Canal Dana\",\"isPartOf\":{\"@id\":\"https:\\\/\\\/dana.com.br\\\/canaldana\\\/#website\"},\"datePublished\":\"2022-04-27T11:26:12+00:00\",\"author\":{\"@id\":\"https:\\\/\\\/dana.com.br\\\/canaldana\\\/#\\\/schema\\\/person\\\/3c21f22f56fcf3bc46b94bc60ea4fef6\"},\"breadcrumb\":{\"@id\":\"https:\\\/\\\/dana.com.br\\\/canaldana\\\/2022\\\/04\\\/27\\\/onibus-eletricos-sao-prioridades\\\/#breadcrumb\"},\"inLanguage\":\"pt-BR\",\"potentialAction\":[{\"@type\":\"ReadAction\",\"target\":[\"https:\\\/\\\/dana.com.br\\\/canaldana\\\/2022\\\/04\\\/27\\\/onibus-eletricos-sao-prioridades\\\/\"]}]},{\"@type\":\"BreadcrumbList\",\"@id\":\"https:\\\/\\\/dana.com.br\\\/canaldana\\\/2022\\\/04\\\/27\\\/onibus-eletricos-sao-prioridades\\\/#breadcrumb\",\"itemListElement\":[{\"@type\":\"ListItem\",\"position\":1,\"name\":\"Home\",\"item\":\"https:\\\/\\\/dana.com.br\\\/canaldana\\\/\"},{\"@type\":\"ListItem\",\"position\":2,\"name\":\"El\u00e9tricos\",\"item\":\"https:\\\/\\\/dana.com.br\\\/canaldana\\\/eletricos\\\/\"},{\"@type\":\"ListItem\",\"position\":3,\"name\":\"\u00d4nibus el\u00e9tricos s\u00e3o prioridades\"}]},{\"@type\":\"WebSite\",\"@id\":\"https:\\\/\\\/dana.com.br\\\/canaldana\\\/#website\",\"url\":\"https:\\\/\\\/dana.com.br\\\/canaldana\\\/\",\"name\":\"Canal Dana\",\"description\":\"Informativo com as principais not\u00edcias da ind\u00fastria automotiva\",\"potentialAction\":[{\"@type\":\"SearchAction\",\"target\":{\"@type\":\"EntryPoint\",\"urlTemplate\":\"https:\\\/\\\/dana.com.br\\\/canaldana\\\/?s={search_term_string}\"},\"query-input\":{\"@type\":\"PropertyValueSpecification\",\"valueRequired\":true,\"valueName\":\"search_term_string\"}}],\"inLanguage\":\"pt-BR\"},{\"@type\":\"Person\",\"@id\":\"https:\\\/\\\/dana.com.br\\\/canaldana\\\/#\\\/schema\\\/person\\\/3c21f22f56fcf3bc46b94bc60ea4fef6\",\"name\":\"Canal Dana\",\"image\":{\"@type\":\"ImageObject\",\"inLanguage\":\"pt-BR\",\"@id\":\"https:\\\/\\\/secure.gravatar.com\\\/avatar\\\/420aaf9278582877d9018637c6817617705899d2858d7572ef0fe59a6b6454b4?s=96&d=mm&r=g\",\"url\":\"https:\\\/\\\/secure.gravatar.com\\\/avatar\\\/420aaf9278582877d9018637c6817617705899d2858d7572ef0fe59a6b6454b4?s=96&d=mm&r=g\",\"contentUrl\":\"https:\\\/\\\/secure.gravatar.com\\\/avatar\\\/420aaf9278582877d9018637c6817617705899d2858d7572ef0fe59a6b6454b4?s=96&d=mm&r=g\",\"caption\":\"Canal Dana\"},\"url\":\"https:\\\/\\\/dana.com.br\\\/canaldana\\\/author\\\/cdeditor\\\/\"}]}<\/script>\n<!-- \/ Yoast SEO plugin. -->","yoast_head_json":{"title":"\u00d4nibus el\u00e9tricos s\u00e3o prioridades - Canal Dana","robots":{"index":"index","follow":"follow","max-snippet":"max-snippet:-1","max-image-preview":"max-image-preview:large","max-video-preview":"max-video-preview:-1"},"canonical":"https:\/\/dana.com.br\/canaldana\/2022\/04\/27\/onibus-eletricos-sao-prioridades\/","og_locale":"pt_BR","og_type":"article","og_title":"\u00d4nibus el\u00e9tricos s\u00e3o prioridades - Canal Dana","og_description":"O Estado de S. Paulo &nbsp; \u201c\u00c0 medida que o aquecimento global impacta o planeta de forma mais contundente e frequente do que se previa, a mobilidade el\u00e9trica ganha visibilidade como uma das solu\u00e7\u00f5es de descarboniza\u00e7\u00e3o nas cidades. Por onde come\u00e7ar? Na corrida por um transporte urbano menos intensivo em carbono, a tecnologia dos motores\u2026 Leia mais \u00bb","og_url":"https:\/\/dana.com.br\/canaldana\/2022\/04\/27\/onibus-eletricos-sao-prioridades\/","og_site_name":"Canal Dana","article_published_time":"2022-04-27T11:26:12+00:00","author":"Canal Dana","twitter_card":"summary_large_image","twitter_misc":{"Escrito por":"Canal Dana","Est. tempo de leitura":"3 minutos"},"schema":{"@context":"https:\/\/schema.org","@graph":[{"@type":"Article","@id":"https:\/\/dana.com.br\/canaldana\/2022\/04\/27\/onibus-eletricos-sao-prioridades\/#article","isPartOf":{"@id":"https:\/\/dana.com.br\/canaldana\/2022\/04\/27\/onibus-eletricos-sao-prioridades\/"},"author":{"name":"Canal Dana","@id":"https:\/\/dana.com.br\/canaldana\/#\/schema\/person\/3c21f22f56fcf3bc46b94bc60ea4fef6"},"headline":"\u00d4nibus el\u00e9tricos s\u00e3o prioridades","datePublished":"2022-04-27T11:26:12+00:00","mainEntityOfPage":{"@id":"https:\/\/dana.com.br\/canaldana\/2022\/04\/27\/onibus-eletricos-sao-prioridades\/"},"wordCount":614,"articleSection":["El\u00e9tricos"],"inLanguage":"pt-BR"},{"@type":"WebPage","@id":"https:\/\/dana.com.br\/canaldana\/2022\/04\/27\/onibus-eletricos-sao-prioridades\/","url":"https:\/\/dana.com.br\/canaldana\/2022\/04\/27\/onibus-eletricos-sao-prioridades\/","name":"\u00d4nibus el\u00e9tricos s\u00e3o prioridades - Canal Dana","isPartOf":{"@id":"https:\/\/dana.com.br\/canaldana\/#website"},"datePublished":"2022-04-27T11:26:12+00:00","author":{"@id":"https:\/\/dana.com.br\/canaldana\/#\/schema\/person\/3c21f22f56fcf3bc46b94bc60ea4fef6"},"breadcrumb":{"@id":"https:\/\/dana.com.br\/canaldana\/2022\/04\/27\/onibus-eletricos-sao-prioridades\/#breadcrumb"},"inLanguage":"pt-BR","potentialAction":[{"@type":"ReadAction","target":["https:\/\/dana.com.br\/canaldana\/2022\/04\/27\/onibus-eletricos-sao-prioridades\/"]}]},{"@type":"BreadcrumbList","@id":"https:\/\/dana.com.br\/canaldana\/2022\/04\/27\/onibus-eletricos-sao-prioridades\/#breadcrumb","itemListElement":[{"@type":"ListItem","position":1,"name":"Home","item":"https:\/\/dana.com.br\/canaldana\/"},{"@type":"ListItem","position":2,"name":"El\u00e9tricos","item":"https:\/\/dana.com.br\/canaldana\/eletricos\/"},{"@type":"ListItem","position":3,"name":"\u00d4nibus el\u00e9tricos s\u00e3o prioridades"}]},{"@type":"WebSite","@id":"https:\/\/dana.com.br\/canaldana\/#website","url":"https:\/\/dana.com.br\/canaldana\/","name":"Canal Dana","description":"Informativo com as principais not\u00edcias da ind\u00fastria automotiva","potentialAction":[{"@type":"SearchAction","target":{"@type":"EntryPoint","urlTemplate":"https:\/\/dana.com.br\/canaldana\/?s={search_term_string}"},"query-input":{"@type":"PropertyValueSpecification","valueRequired":true,"valueName":"search_term_string"}}],"inLanguage":"pt-BR"},{"@type":"Person","@id":"https:\/\/dana.com.br\/canaldana\/#\/schema\/person\/3c21f22f56fcf3bc46b94bc60ea4fef6","name":"Canal Dana","image":{"@type":"ImageObject","inLanguage":"pt-BR","@id":"https:\/\/secure.gravatar.com\/avatar\/420aaf9278582877d9018637c6817617705899d2858d7572ef0fe59a6b6454b4?s=96&d=mm&r=g","url":"https:\/\/secure.gravatar.com\/avatar\/420aaf9278582877d9018637c6817617705899d2858d7572ef0fe59a6b6454b4?s=96&d=mm&r=g","contentUrl":"https:\/\/secure.gravatar.com\/avatar\/420aaf9278582877d9018637c6817617705899d2858d7572ef0fe59a6b6454b4?s=96&d=mm&r=g","caption":"Canal Dana"},"url":"https:\/\/dana.com.br\/canaldana\/author\/cdeditor\/"}]}},"_links":{"self":[{"href":"https:\/\/dana.com.br\/canaldana\/wp-json\/wp\/v2\/posts\/57807","targetHints":{"allow":["GET"]}}],"collection":[{"href":"https:\/\/dana.com.br\/canaldana\/wp-json\/wp\/v2\/posts"}],"about":[{"href":"https:\/\/dana.com.br\/canaldana\/wp-json\/wp\/v2\/types\/post"}],"author":[{"embeddable":true,"href":"https:\/\/dana.com.br\/canaldana\/wp-json\/wp\/v2\/users\/3"}],"replies":[{"embeddable":true,"href":"https:\/\/dana.com.br\/canaldana\/wp-json\/wp\/v2\/comments?post=57807"}],"version-history":[{"count":0,"href":"https:\/\/dana.com.br\/canaldana\/wp-json\/wp\/v2\/posts\/57807\/revisions"}],"wp:attachment":[{"href":"https:\/\/dana.com.br\/canaldana\/wp-json\/wp\/v2\/media?parent=57807"}],"wp:term":[{"taxonomy":"category","embeddable":true,"href":"https:\/\/dana.com.br\/canaldana\/wp-json\/wp\/v2\/categories?post=57807"},{"taxonomy":"post_tag","embeddable":true,"href":"https:\/\/dana.com.br\/canaldana\/wp-json\/wp\/v2\/tags?post=57807"}],"curies":[{"name":"wp","href":"https:\/\/api.w.org\/{rel}","templated":true}]}}