{"id":57776,"date":"2022-04-26T08:54:00","date_gmt":"2022-04-26T11:54:00","guid":{"rendered":"https:\/\/dana.com.br\/canaldana\/?p=57776"},"modified":"2022-04-26T08:54:00","modified_gmt":"2022-04-26T11:54:00","slug":"marcopolo-geracao-8-conquista-o-if-design-award-premio-internacional-de-design-na-alemanha","status":"publish","type":"post","link":"https:\/\/dana.com.br\/canaldana\/2022\/04\/26\/marcopolo-geracao-8-conquista-o-if-design-award-premio-internacional-de-design-na-alemanha\/","title":{"rendered":"Marcopolo Gera\u00e7\u00e3o 8 conquista o iF DESIGN AWARD, pr\u00eamio internacional de design na Alemanha"},"content":{"rendered":"<p><em>Truck &amp; Bus Builder Am\u00e9rica do Sul<\/em><\/p>\n<p>&nbsp;<\/p>\n<p>A Gera\u00e7\u00e3o 8 de \u00f4nibus rodovi\u00e1rios da Marcopolo acaba de conquistar um dos mais importantes pr\u00eamios de design de todo o mundo, o iF DESIGN AWARD 2022. A nova linha foi escolhida por um j\u00fari independente de especialistas internacionais em design que se reuniu para determinar os projetos premiados com base em cinco crit\u00e9rios (Ideia, Forma, Fun\u00e7\u00e3o, Diferencia\u00e7\u00e3o, Impacto).<\/p>\n<p>&nbsp;<\/p>\n<p>O projeto dos \u00f4nibus da Gera\u00e7\u00e3o 8 Marcopolo foi pensado para proporcionar uma nova experiencia tanto para passageiro como para o motorista. Com design limpo e moderno, possui linhas marcantes e o conjunto \u00f3tico refor\u00e7a a identidade da marca.<\/p>\n<p>&nbsp;<\/p>\n<p>Essa \u00e9 a segunda vez nos \u00faltimos anos que a Marcopolo \u00e9 premiada. A outra foi em 2014, com o \u00f4nibus Viale BRT, criado a partir de tend\u00eancias para o transporte de massa. Inova\u00e7\u00e3o, qualidade do design, escolha dos materiais, impacto ambiental, seguran\u00e7a e acessibilidade foram crit\u00e9rios que pesaram na escolha do modelo.<\/p>\n<p>&nbsp;<\/p>\n<p>Para Andr\u00e9 Lucena, respons\u00e1vel pela \u00e1rea de Design da Marcopolo, a conquista demonstra a vanguarda internacional do \u00f4nibus Marcopolo, combinando estilo \u00e0 funcionalidade do ve\u00edculo. \u201cEsse pr\u00eamio \u00e9 de toda a nossa equipe que ao longo dos \u00faltimos quatro anos se dedicou integramente \u00e0 cria\u00e7\u00e3o e concep\u00e7\u00e3o de um produto in\u00e9dito e exclusivo para o segmento, onde por meio do design foi poss\u00edvel refor\u00e7ar a identidade e valores da marca\u201d, enfatiza o executivo.<\/p>\n<p>&nbsp;<\/p>\n<p>A cerim\u00f4nia de entrega do pr\u00eamio ser\u00e1 realizada no pr\u00f3ximo dia 16 de maio, em Berlim, na Alemanha. Neste ano, a competi\u00e7\u00e3o teve quase 11.000 projetos inscritos de 57 diferentes pa\u00edses que buscavam receber o selo m\u00e1ximo do design mundial.<\/p>\n<p>&nbsp;<\/p>\n<p><strong>Sobre o iF DESIGN AWARD<\/strong><\/p>\n<p>&nbsp;<\/p>\n<p>Desde 1954, o iF DESIGN AWARD tem sido reconhecido como um dos principais selos de qualidade em design. O selo iF \u00e9 reconhecido mundialmente por servi\u00e7os de design com excel\u00eancia, e o iF DESIGN AWARD \u00e9 um dos pr\u00eamios de design mais importantes do mundo. As inscri\u00e7\u00f5es s\u00e3o concedidas nas seguintes disciplinas: Produto, Embalagem, Comunica\u00e7\u00e3o e Design de Servi\u00e7os, Arquitetura e Interiores, bem como Conceitos Profissionais, Experi\u00eancia do Usu\u00e1rio (UX) e Interface do Usu\u00e1rio (UI). Todos os projetos premiados s\u00e3o apresentados no iF WORLD DESIGN GUIDE e publicados no iF design app. (Truck &amp; Bus Builder Am\u00e9rica do Sul)<\/p>\n","protected":false},"excerpt":{"rendered":"<p>Truck &amp; Bus Builder Am\u00e9rica do Sul &nbsp; A Gera\u00e7\u00e3o 8 de \u00f4nibus rodovi\u00e1rios da Marcopolo acaba de conquistar um dos mais importantes pr\u00eamios de design de todo o mundo, o iF DESIGN AWARD 2022. A nova linha foi escolhida por um j\u00fari independente de especialistas internacionais em design que se reuniu para determinar os\u2026 <a class=\"readmore\" href=\"https:\/\/dana.com.br\/canaldana\/2022\/04\/26\/marcopolo-geracao-8-conquista-o-if-design-award-premio-internacional-de-design-na-alemanha\/\">Leia mais \u00bb<\/a><\/p>\n","protected":false},"author":3,"featured_media":0,"comment_status":"closed","ping_status":"closed","sticky":false,"template":"","format":"standard","meta":{"_acf_changed":false,"footnotes":""},"categories":[74],"tags":[],"class_list":["post-57776","post","type-post","status-publish","format-standard","hentry","category-premios"],"acf":[],"yoast_head":"<!-- This site is optimized with the Yoast SEO plugin v27.3 - https:\/\/yoast.com\/product\/yoast-seo-wordpress\/ -->\n<title>Marcopolo Gera\u00e7\u00e3o 8 conquista o iF DESIGN AWARD, pr\u00eamio internacional de design na Alemanha - Canal Dana<\/title>\n<meta name=\"robots\" content=\"index, follow, max-snippet:-1, max-image-preview:large, max-video-preview:-1\" \/>\n<link rel=\"canonical\" href=\"https:\/\/dana.com.br\/canaldana\/2022\/04\/26\/marcopolo-geracao-8-conquista-o-if-design-award-premio-internacional-de-design-na-alemanha\/\" \/>\n<meta property=\"og:locale\" content=\"pt_BR\" \/>\n<meta property=\"og:type\" content=\"article\" \/>\n<meta property=\"og:title\" content=\"Marcopolo Gera\u00e7\u00e3o 8 conquista o iF DESIGN AWARD, pr\u00eamio internacional de design na Alemanha - Canal Dana\" \/>\n<meta property=\"og:description\" content=\"Truck &amp; Bus Builder Am\u00e9rica do Sul &nbsp; A Gera\u00e7\u00e3o 8 de \u00f4nibus rodovi\u00e1rios da Marcopolo acaba de conquistar um dos mais importantes pr\u00eamios de design de todo o mundo, o iF DESIGN AWARD 2022. A nova linha foi escolhida por um j\u00fari independente de especialistas internacionais em design que se reuniu para determinar os\u2026 Leia mais \u00bb\" \/>\n<meta property=\"og:url\" content=\"https:\/\/dana.com.br\/canaldana\/2022\/04\/26\/marcopolo-geracao-8-conquista-o-if-design-award-premio-internacional-de-design-na-alemanha\/\" \/>\n<meta property=\"og:site_name\" content=\"Canal Dana\" \/>\n<meta property=\"article:published_time\" content=\"2022-04-26T11:54:00+00:00\" \/>\n<meta name=\"author\" content=\"Canal Dana\" \/>\n<meta name=\"twitter:card\" content=\"summary_large_image\" \/>\n<meta name=\"twitter:label1\" content=\"Escrito por\" \/>\n\t<meta name=\"twitter:data1\" content=\"Canal Dana\" \/>\n\t<meta name=\"twitter:label2\" content=\"Est. tempo de leitura\" \/>\n\t<meta name=\"twitter:data2\" content=\"2 minutos\" \/>\n<script type=\"application\/ld+json\" class=\"yoast-schema-graph\">{\"@context\":\"https:\\\/\\\/schema.org\",\"@graph\":[{\"@type\":\"Article\",\"@id\":\"https:\\\/\\\/dana.com.br\\\/canaldana\\\/2022\\\/04\\\/26\\\/marcopolo-geracao-8-conquista-o-if-design-award-premio-internacional-de-design-na-alemanha\\\/#article\",\"isPartOf\":{\"@id\":\"https:\\\/\\\/dana.com.br\\\/canaldana\\\/2022\\\/04\\\/26\\\/marcopolo-geracao-8-conquista-o-if-design-award-premio-internacional-de-design-na-alemanha\\\/\"},\"author\":{\"name\":\"Canal Dana\",\"@id\":\"https:\\\/\\\/dana.com.br\\\/canaldana\\\/#\\\/schema\\\/person\\\/3c21f22f56fcf3bc46b94bc60ea4fef6\"},\"headline\":\"Marcopolo Gera\u00e7\u00e3o 8 conquista o iF DESIGN AWARD, pr\u00eamio internacional de design na Alemanha\",\"datePublished\":\"2022-04-26T11:54:00+00:00\",\"mainEntityOfPage\":{\"@id\":\"https:\\\/\\\/dana.com.br\\\/canaldana\\\/2022\\\/04\\\/26\\\/marcopolo-geracao-8-conquista-o-if-design-award-premio-internacional-de-design-na-alemanha\\\/\"},\"wordCount\":422,\"articleSection\":[\"Pr\u00eamios\"],\"inLanguage\":\"pt-BR\"},{\"@type\":\"WebPage\",\"@id\":\"https:\\\/\\\/dana.com.br\\\/canaldana\\\/2022\\\/04\\\/26\\\/marcopolo-geracao-8-conquista-o-if-design-award-premio-internacional-de-design-na-alemanha\\\/\",\"url\":\"https:\\\/\\\/dana.com.br\\\/canaldana\\\/2022\\\/04\\\/26\\\/marcopolo-geracao-8-conquista-o-if-design-award-premio-internacional-de-design-na-alemanha\\\/\",\"name\":\"Marcopolo Gera\u00e7\u00e3o 8 conquista o iF DESIGN AWARD, pr\u00eamio internacional de design na Alemanha - Canal Dana\",\"isPartOf\":{\"@id\":\"https:\\\/\\\/dana.com.br\\\/canaldana\\\/#website\"},\"datePublished\":\"2022-04-26T11:54:00+00:00\",\"author\":{\"@id\":\"https:\\\/\\\/dana.com.br\\\/canaldana\\\/#\\\/schema\\\/person\\\/3c21f22f56fcf3bc46b94bc60ea4fef6\"},\"breadcrumb\":{\"@id\":\"https:\\\/\\\/dana.com.br\\\/canaldana\\\/2022\\\/04\\\/26\\\/marcopolo-geracao-8-conquista-o-if-design-award-premio-internacional-de-design-na-alemanha\\\/#breadcrumb\"},\"inLanguage\":\"pt-BR\",\"potentialAction\":[{\"@type\":\"ReadAction\",\"target\":[\"https:\\\/\\\/dana.com.br\\\/canaldana\\\/2022\\\/04\\\/26\\\/marcopolo-geracao-8-conquista-o-if-design-award-premio-internacional-de-design-na-alemanha\\\/\"]}]},{\"@type\":\"BreadcrumbList\",\"@id\":\"https:\\\/\\\/dana.com.br\\\/canaldana\\\/2022\\\/04\\\/26\\\/marcopolo-geracao-8-conquista-o-if-design-award-premio-internacional-de-design-na-alemanha\\\/#breadcrumb\",\"itemListElement\":[{\"@type\":\"ListItem\",\"position\":1,\"name\":\"Home\",\"item\":\"https:\\\/\\\/dana.com.br\\\/canaldana\\\/\"},{\"@type\":\"ListItem\",\"position\":2,\"name\":\"Pr\u00eamios\",\"item\":\"https:\\\/\\\/dana.com.br\\\/canaldana\\\/premios\\\/\"},{\"@type\":\"ListItem\",\"position\":3,\"name\":\"Marcopolo Gera\u00e7\u00e3o 8 conquista o iF DESIGN AWARD, pr\u00eamio internacional de design na Alemanha\"}]},{\"@type\":\"WebSite\",\"@id\":\"https:\\\/\\\/dana.com.br\\\/canaldana\\\/#website\",\"url\":\"https:\\\/\\\/dana.com.br\\\/canaldana\\\/\",\"name\":\"Canal Dana\",\"description\":\"Informativo com as principais not\u00edcias da ind\u00fastria automotiva\",\"potentialAction\":[{\"@type\":\"SearchAction\",\"target\":{\"@type\":\"EntryPoint\",\"urlTemplate\":\"https:\\\/\\\/dana.com.br\\\/canaldana\\\/?s={search_term_string}\"},\"query-input\":{\"@type\":\"PropertyValueSpecification\",\"valueRequired\":true,\"valueName\":\"search_term_string\"}}],\"inLanguage\":\"pt-BR\"},{\"@type\":\"Person\",\"@id\":\"https:\\\/\\\/dana.com.br\\\/canaldana\\\/#\\\/schema\\\/person\\\/3c21f22f56fcf3bc46b94bc60ea4fef6\",\"name\":\"Canal Dana\",\"image\":{\"@type\":\"ImageObject\",\"inLanguage\":\"pt-BR\",\"@id\":\"https:\\\/\\\/secure.gravatar.com\\\/avatar\\\/420aaf9278582877d9018637c6817617705899d2858d7572ef0fe59a6b6454b4?s=96&d=mm&r=g\",\"url\":\"https:\\\/\\\/secure.gravatar.com\\\/avatar\\\/420aaf9278582877d9018637c6817617705899d2858d7572ef0fe59a6b6454b4?s=96&d=mm&r=g\",\"contentUrl\":\"https:\\\/\\\/secure.gravatar.com\\\/avatar\\\/420aaf9278582877d9018637c6817617705899d2858d7572ef0fe59a6b6454b4?s=96&d=mm&r=g\",\"caption\":\"Canal Dana\"},\"url\":\"https:\\\/\\\/dana.com.br\\\/canaldana\\\/author\\\/cdeditor\\\/\"}]}<\/script>\n<!-- \/ Yoast SEO plugin. -->","yoast_head_json":{"title":"Marcopolo Gera\u00e7\u00e3o 8 conquista o iF DESIGN AWARD, pr\u00eamio internacional de design na Alemanha - Canal Dana","robots":{"index":"index","follow":"follow","max-snippet":"max-snippet:-1","max-image-preview":"max-image-preview:large","max-video-preview":"max-video-preview:-1"},"canonical":"https:\/\/dana.com.br\/canaldana\/2022\/04\/26\/marcopolo-geracao-8-conquista-o-if-design-award-premio-internacional-de-design-na-alemanha\/","og_locale":"pt_BR","og_type":"article","og_title":"Marcopolo Gera\u00e7\u00e3o 8 conquista o iF DESIGN AWARD, pr\u00eamio internacional de design na Alemanha - Canal Dana","og_description":"Truck &amp; Bus Builder Am\u00e9rica do Sul &nbsp; A Gera\u00e7\u00e3o 8 de \u00f4nibus rodovi\u00e1rios da Marcopolo acaba de conquistar um dos mais importantes pr\u00eamios de design de todo o mundo, o iF DESIGN AWARD 2022. A nova linha foi escolhida por um j\u00fari independente de especialistas internacionais em design que se reuniu para determinar os\u2026 Leia mais \u00bb","og_url":"https:\/\/dana.com.br\/canaldana\/2022\/04\/26\/marcopolo-geracao-8-conquista-o-if-design-award-premio-internacional-de-design-na-alemanha\/","og_site_name":"Canal Dana","article_published_time":"2022-04-26T11:54:00+00:00","author":"Canal Dana","twitter_card":"summary_large_image","twitter_misc":{"Escrito por":"Canal Dana","Est. tempo de leitura":"2 minutos"},"schema":{"@context":"https:\/\/schema.org","@graph":[{"@type":"Article","@id":"https:\/\/dana.com.br\/canaldana\/2022\/04\/26\/marcopolo-geracao-8-conquista-o-if-design-award-premio-internacional-de-design-na-alemanha\/#article","isPartOf":{"@id":"https:\/\/dana.com.br\/canaldana\/2022\/04\/26\/marcopolo-geracao-8-conquista-o-if-design-award-premio-internacional-de-design-na-alemanha\/"},"author":{"name":"Canal Dana","@id":"https:\/\/dana.com.br\/canaldana\/#\/schema\/person\/3c21f22f56fcf3bc46b94bc60ea4fef6"},"headline":"Marcopolo Gera\u00e7\u00e3o 8 conquista o iF DESIGN AWARD, pr\u00eamio internacional de design na Alemanha","datePublished":"2022-04-26T11:54:00+00:00","mainEntityOfPage":{"@id":"https:\/\/dana.com.br\/canaldana\/2022\/04\/26\/marcopolo-geracao-8-conquista-o-if-design-award-premio-internacional-de-design-na-alemanha\/"},"wordCount":422,"articleSection":["Pr\u00eamios"],"inLanguage":"pt-BR"},{"@type":"WebPage","@id":"https:\/\/dana.com.br\/canaldana\/2022\/04\/26\/marcopolo-geracao-8-conquista-o-if-design-award-premio-internacional-de-design-na-alemanha\/","url":"https:\/\/dana.com.br\/canaldana\/2022\/04\/26\/marcopolo-geracao-8-conquista-o-if-design-award-premio-internacional-de-design-na-alemanha\/","name":"Marcopolo Gera\u00e7\u00e3o 8 conquista o iF DESIGN AWARD, pr\u00eamio internacional de design na Alemanha - Canal Dana","isPartOf":{"@id":"https:\/\/dana.com.br\/canaldana\/#website"},"datePublished":"2022-04-26T11:54:00+00:00","author":{"@id":"https:\/\/dana.com.br\/canaldana\/#\/schema\/person\/3c21f22f56fcf3bc46b94bc60ea4fef6"},"breadcrumb":{"@id":"https:\/\/dana.com.br\/canaldana\/2022\/04\/26\/marcopolo-geracao-8-conquista-o-if-design-award-premio-internacional-de-design-na-alemanha\/#breadcrumb"},"inLanguage":"pt-BR","potentialAction":[{"@type":"ReadAction","target":["https:\/\/dana.com.br\/canaldana\/2022\/04\/26\/marcopolo-geracao-8-conquista-o-if-design-award-premio-internacional-de-design-na-alemanha\/"]}]},{"@type":"BreadcrumbList","@id":"https:\/\/dana.com.br\/canaldana\/2022\/04\/26\/marcopolo-geracao-8-conquista-o-if-design-award-premio-internacional-de-design-na-alemanha\/#breadcrumb","itemListElement":[{"@type":"ListItem","position":1,"name":"Home","item":"https:\/\/dana.com.br\/canaldana\/"},{"@type":"ListItem","position":2,"name":"Pr\u00eamios","item":"https:\/\/dana.com.br\/canaldana\/premios\/"},{"@type":"ListItem","position":3,"name":"Marcopolo Gera\u00e7\u00e3o 8 conquista o iF DESIGN AWARD, pr\u00eamio internacional de design na Alemanha"}]},{"@type":"WebSite","@id":"https:\/\/dana.com.br\/canaldana\/#website","url":"https:\/\/dana.com.br\/canaldana\/","name":"Canal Dana","description":"Informativo com as principais not\u00edcias da ind\u00fastria automotiva","potentialAction":[{"@type":"SearchAction","target":{"@type":"EntryPoint","urlTemplate":"https:\/\/dana.com.br\/canaldana\/?s={search_term_string}"},"query-input":{"@type":"PropertyValueSpecification","valueRequired":true,"valueName":"search_term_string"}}],"inLanguage":"pt-BR"},{"@type":"Person","@id":"https:\/\/dana.com.br\/canaldana\/#\/schema\/person\/3c21f22f56fcf3bc46b94bc60ea4fef6","name":"Canal Dana","image":{"@type":"ImageObject","inLanguage":"pt-BR","@id":"https:\/\/secure.gravatar.com\/avatar\/420aaf9278582877d9018637c6817617705899d2858d7572ef0fe59a6b6454b4?s=96&d=mm&r=g","url":"https:\/\/secure.gravatar.com\/avatar\/420aaf9278582877d9018637c6817617705899d2858d7572ef0fe59a6b6454b4?s=96&d=mm&r=g","contentUrl":"https:\/\/secure.gravatar.com\/avatar\/420aaf9278582877d9018637c6817617705899d2858d7572ef0fe59a6b6454b4?s=96&d=mm&r=g","caption":"Canal Dana"},"url":"https:\/\/dana.com.br\/canaldana\/author\/cdeditor\/"}]}},"_links":{"self":[{"href":"https:\/\/dana.com.br\/canaldana\/wp-json\/wp\/v2\/posts\/57776","targetHints":{"allow":["GET"]}}],"collection":[{"href":"https:\/\/dana.com.br\/canaldana\/wp-json\/wp\/v2\/posts"}],"about":[{"href":"https:\/\/dana.com.br\/canaldana\/wp-json\/wp\/v2\/types\/post"}],"author":[{"embeddable":true,"href":"https:\/\/dana.com.br\/canaldana\/wp-json\/wp\/v2\/users\/3"}],"replies":[{"embeddable":true,"href":"https:\/\/dana.com.br\/canaldana\/wp-json\/wp\/v2\/comments?post=57776"}],"version-history":[{"count":0,"href":"https:\/\/dana.com.br\/canaldana\/wp-json\/wp\/v2\/posts\/57776\/revisions"}],"wp:attachment":[{"href":"https:\/\/dana.com.br\/canaldana\/wp-json\/wp\/v2\/media?parent=57776"}],"wp:term":[{"taxonomy":"category","embeddable":true,"href":"https:\/\/dana.com.br\/canaldana\/wp-json\/wp\/v2\/categories?post=57776"},{"taxonomy":"post_tag","embeddable":true,"href":"https:\/\/dana.com.br\/canaldana\/wp-json\/wp\/v2\/tags?post=57776"}],"curies":[{"name":"wp","href":"https:\/\/api.w.org\/{rel}","templated":true}]}}