{"id":57755,"date":"2022-04-25T08:45:34","date_gmt":"2022-04-25T11:45:34","guid":{"rendered":"https:\/\/dana.com.br\/canaldana\/?p=57755"},"modified":"2022-04-25T08:45:34","modified_gmt":"2022-04-25T11:45:34","slug":"byd-brasil-nomeia-grupo-itavema-e-confirma-concessionaria-no-rio-de-janeiro-ainda-este-ano","status":"publish","type":"post","link":"https:\/\/dana.com.br\/canaldana\/2022\/04\/25\/byd-brasil-nomeia-grupo-itavema-e-confirma-concessionaria-no-rio-de-janeiro-ainda-este-ano\/","title":{"rendered":"BYD Brasil nomeia Grupo Itavema e confirma concession\u00e1ria no Rio de Janeiro ainda este ano"},"content":{"rendered":"<p><em>Blog do Ricardo Ribas<\/em><\/p>\n<p>&nbsp;<\/p>\n<p>O Rio de Janeiro tamb\u00e9m ter\u00e1 concession\u00e1ria da BYD Brasil ainda este ano. A empresa nomeou o tradicional grupo automotivo Itavema, que ser\u00e1 respons\u00e1vel pela gest\u00e3o da unidade localizada na Cidade Maravilhosa.<\/p>\n<p>&nbsp;<\/p>\n<p>\u201cA chegada ao Rio de Janeiro \u00e9 estrat\u00e9gica para o fortalecimento da BYD no Brasil. Desta forma, a regi\u00e3o Sudeste est\u00e1 completa e ter\u00e1 lojas em seus quatro estados at\u00e9 o final de 2022\u201d, comemora Henrique Antunes, diretor de Vendas da BYD Brasil.<\/p>\n<p>&nbsp;<\/p>\n<p>O Grupo Itavema possui mais de 50 anos de hist\u00f3ria. Iniciou suas atividades em 1969, em S\u00e3o Paulo, por meio da Transportadora Sinimbu, hoje Tegma. A empresa expandiu suas \u00e1reas de interesse para as concession\u00e1rias e locadora de ve\u00edculos, corretora de seguros, ind\u00fastrias de embalagens pl\u00e1sticas e ind\u00fastria de motos. Atualmente, representa 12 marcas diferentes e possui 26 concession\u00e1rias espalhadas por S\u00e3o Paulo e Rio de Janeiro.<\/p>\n<p>&nbsp;<\/p>\n<p>\u201cEstamos constantemente em busca de crescimento. E nossa nomea\u00e7\u00e3o como concession\u00e1ria da marca BYD atinge nosso objetivo. Ser\u00e1 um grande desafio para nossa equipe trabalhar com os carros el\u00e9tricos mais vendidos do mercado mundial\u201d, destaca M\u00e1rio S\u00e9rgio Franco, presidente do Grupo Itavema.<\/p>\n<p>&nbsp;<\/p>\n<p>O mais novo an\u00fancio ocorre em um momento de expans\u00e3o da BYD em territ\u00f3rio nacional. Em abril, a Eurobike abriu as portas, em S\u00e3o Paulo, da primeira concession\u00e1ria da BYD no pa\u00eds. A expectativa \u00e9 inaugurar ainda este ano concession\u00e1rias em 45 cidades brasileiras. At\u00e9 o momento, j\u00e1 foram anunciadas mais de 20 unidades.<\/p>\n<p>&nbsp;<\/p>\n<p>Al\u00e9m disso, a BYD Brasil apresentou dia 20\/04, no Rio de Janeiro, seu segundo modelo de passeio. Trata-se do sed\u00e3 premium el\u00e9trico HAN EV, modelo que j\u00e1 tem mais de 140 mil unidades comercializadas. No final do ano passado, houve o pr\u00e9-lan\u00e7amento do TAN EV, primeiro SUV de sete lugares 100% el\u00e9trico. O modelo apresentado no final do ano passado foi rapidamente aprovado pelos principais ve\u00edculos de comunica\u00e7\u00e3o e, tamb\u00e9m, pelos consumidores. (Blog do Ricardo Ribas)<\/p>\n","protected":false},"excerpt":{"rendered":"<p>Blog do Ricardo Ribas &nbsp; O Rio de Janeiro tamb\u00e9m ter\u00e1 concession\u00e1ria da BYD Brasil ainda este ano. A empresa nomeou o tradicional grupo automotivo Itavema, que ser\u00e1 respons\u00e1vel pela gest\u00e3o da unidade localizada na Cidade Maravilhosa. &nbsp; \u201cA chegada ao Rio de Janeiro \u00e9 estrat\u00e9gica para o fortalecimento da BYD no Brasil. Desta forma,\u2026 <a class=\"readmore\" href=\"https:\/\/dana.com.br\/canaldana\/2022\/04\/25\/byd-brasil-nomeia-grupo-itavema-e-confirma-concessionaria-no-rio-de-janeiro-ainda-este-ano\/\">Leia mais \u00bb<\/a><\/p>\n","protected":false},"author":3,"featured_media":0,"comment_status":"closed","ping_status":"closed","sticky":false,"template":"","format":"standard","meta":{"_acf_changed":false,"footnotes":""},"categories":[79],"tags":[],"class_list":["post-57755","post","type-post","status-publish","format-standard","hentry","category-mercado"],"acf":[],"yoast_head":"<!-- This site is optimized with the Yoast SEO plugin v27.3 - https:\/\/yoast.com\/product\/yoast-seo-wordpress\/ -->\n<title>BYD Brasil nomeia Grupo Itavema e confirma concession\u00e1ria no Rio de Janeiro ainda este ano - Canal Dana<\/title>\n<meta name=\"robots\" content=\"index, follow, max-snippet:-1, max-image-preview:large, max-video-preview:-1\" \/>\n<link rel=\"canonical\" href=\"https:\/\/dana.com.br\/canaldana\/2022\/04\/25\/byd-brasil-nomeia-grupo-itavema-e-confirma-concessionaria-no-rio-de-janeiro-ainda-este-ano\/\" \/>\n<meta property=\"og:locale\" content=\"pt_BR\" \/>\n<meta property=\"og:type\" content=\"article\" \/>\n<meta property=\"og:title\" content=\"BYD Brasil nomeia Grupo Itavema e confirma concession\u00e1ria no Rio de Janeiro ainda este ano - Canal Dana\" \/>\n<meta property=\"og:description\" content=\"Blog do Ricardo Ribas &nbsp; O Rio de Janeiro tamb\u00e9m ter\u00e1 concession\u00e1ria da BYD Brasil ainda este ano. A empresa nomeou o tradicional grupo automotivo Itavema, que ser\u00e1 respons\u00e1vel pela gest\u00e3o da unidade localizada na Cidade Maravilhosa. &nbsp; \u201cA chegada ao Rio de Janeiro \u00e9 estrat\u00e9gica para o fortalecimento da BYD no Brasil. Desta forma,\u2026 Leia mais \u00bb\" \/>\n<meta property=\"og:url\" content=\"https:\/\/dana.com.br\/canaldana\/2022\/04\/25\/byd-brasil-nomeia-grupo-itavema-e-confirma-concessionaria-no-rio-de-janeiro-ainda-este-ano\/\" \/>\n<meta property=\"og:site_name\" content=\"Canal Dana\" \/>\n<meta property=\"article:published_time\" content=\"2022-04-25T11:45:34+00:00\" \/>\n<meta name=\"author\" content=\"Canal Dana\" \/>\n<meta name=\"twitter:card\" content=\"summary_large_image\" \/>\n<meta name=\"twitter:label1\" content=\"Escrito por\" \/>\n\t<meta name=\"twitter:data1\" content=\"Canal Dana\" \/>\n\t<meta name=\"twitter:label2\" content=\"Est. tempo de leitura\" \/>\n\t<meta name=\"twitter:data2\" content=\"2 minutos\" \/>\n<script type=\"application\/ld+json\" class=\"yoast-schema-graph\">{\"@context\":\"https:\\\/\\\/schema.org\",\"@graph\":[{\"@type\":\"Article\",\"@id\":\"https:\\\/\\\/dana.com.br\\\/canaldana\\\/2022\\\/04\\\/25\\\/byd-brasil-nomeia-grupo-itavema-e-confirma-concessionaria-no-rio-de-janeiro-ainda-este-ano\\\/#article\",\"isPartOf\":{\"@id\":\"https:\\\/\\\/dana.com.br\\\/canaldana\\\/2022\\\/04\\\/25\\\/byd-brasil-nomeia-grupo-itavema-e-confirma-concessionaria-no-rio-de-janeiro-ainda-este-ano\\\/\"},\"author\":{\"name\":\"Canal Dana\",\"@id\":\"https:\\\/\\\/dana.com.br\\\/canaldana\\\/#\\\/schema\\\/person\\\/3c21f22f56fcf3bc46b94bc60ea4fef6\"},\"headline\":\"BYD Brasil nomeia Grupo Itavema e confirma concession\u00e1ria no Rio de Janeiro ainda este ano\",\"datePublished\":\"2022-04-25T11:45:34+00:00\",\"mainEntityOfPage\":{\"@id\":\"https:\\\/\\\/dana.com.br\\\/canaldana\\\/2022\\\/04\\\/25\\\/byd-brasil-nomeia-grupo-itavema-e-confirma-concessionaria-no-rio-de-janeiro-ainda-este-ano\\\/\"},\"wordCount\":363,\"articleSection\":[\"Mercado\"],\"inLanguage\":\"pt-BR\"},{\"@type\":\"WebPage\",\"@id\":\"https:\\\/\\\/dana.com.br\\\/canaldana\\\/2022\\\/04\\\/25\\\/byd-brasil-nomeia-grupo-itavema-e-confirma-concessionaria-no-rio-de-janeiro-ainda-este-ano\\\/\",\"url\":\"https:\\\/\\\/dana.com.br\\\/canaldana\\\/2022\\\/04\\\/25\\\/byd-brasil-nomeia-grupo-itavema-e-confirma-concessionaria-no-rio-de-janeiro-ainda-este-ano\\\/\",\"name\":\"BYD Brasil nomeia Grupo Itavema e confirma concession\u00e1ria no Rio de Janeiro ainda este ano - Canal Dana\",\"isPartOf\":{\"@id\":\"https:\\\/\\\/dana.com.br\\\/canaldana\\\/#website\"},\"datePublished\":\"2022-04-25T11:45:34+00:00\",\"author\":{\"@id\":\"https:\\\/\\\/dana.com.br\\\/canaldana\\\/#\\\/schema\\\/person\\\/3c21f22f56fcf3bc46b94bc60ea4fef6\"},\"breadcrumb\":{\"@id\":\"https:\\\/\\\/dana.com.br\\\/canaldana\\\/2022\\\/04\\\/25\\\/byd-brasil-nomeia-grupo-itavema-e-confirma-concessionaria-no-rio-de-janeiro-ainda-este-ano\\\/#breadcrumb\"},\"inLanguage\":\"pt-BR\",\"potentialAction\":[{\"@type\":\"ReadAction\",\"target\":[\"https:\\\/\\\/dana.com.br\\\/canaldana\\\/2022\\\/04\\\/25\\\/byd-brasil-nomeia-grupo-itavema-e-confirma-concessionaria-no-rio-de-janeiro-ainda-este-ano\\\/\"]}]},{\"@type\":\"BreadcrumbList\",\"@id\":\"https:\\\/\\\/dana.com.br\\\/canaldana\\\/2022\\\/04\\\/25\\\/byd-brasil-nomeia-grupo-itavema-e-confirma-concessionaria-no-rio-de-janeiro-ainda-este-ano\\\/#breadcrumb\",\"itemListElement\":[{\"@type\":\"ListItem\",\"position\":1,\"name\":\"Home\",\"item\":\"https:\\\/\\\/dana.com.br\\\/canaldana\\\/\"},{\"@type\":\"ListItem\",\"position\":2,\"name\":\"Mercado\",\"item\":\"https:\\\/\\\/dana.com.br\\\/canaldana\\\/mercado\\\/\"},{\"@type\":\"ListItem\",\"position\":3,\"name\":\"BYD Brasil nomeia Grupo Itavema e confirma concession\u00e1ria no Rio de Janeiro ainda este ano\"}]},{\"@type\":\"WebSite\",\"@id\":\"https:\\\/\\\/dana.com.br\\\/canaldana\\\/#website\",\"url\":\"https:\\\/\\\/dana.com.br\\\/canaldana\\\/\",\"name\":\"Canal Dana\",\"description\":\"Informativo com as principais not\u00edcias da ind\u00fastria automotiva\",\"potentialAction\":[{\"@type\":\"SearchAction\",\"target\":{\"@type\":\"EntryPoint\",\"urlTemplate\":\"https:\\\/\\\/dana.com.br\\\/canaldana\\\/?s={search_term_string}\"},\"query-input\":{\"@type\":\"PropertyValueSpecification\",\"valueRequired\":true,\"valueName\":\"search_term_string\"}}],\"inLanguage\":\"pt-BR\"},{\"@type\":\"Person\",\"@id\":\"https:\\\/\\\/dana.com.br\\\/canaldana\\\/#\\\/schema\\\/person\\\/3c21f22f56fcf3bc46b94bc60ea4fef6\",\"name\":\"Canal Dana\",\"image\":{\"@type\":\"ImageObject\",\"inLanguage\":\"pt-BR\",\"@id\":\"https:\\\/\\\/secure.gravatar.com\\\/avatar\\\/420aaf9278582877d9018637c6817617705899d2858d7572ef0fe59a6b6454b4?s=96&d=mm&r=g\",\"url\":\"https:\\\/\\\/secure.gravatar.com\\\/avatar\\\/420aaf9278582877d9018637c6817617705899d2858d7572ef0fe59a6b6454b4?s=96&d=mm&r=g\",\"contentUrl\":\"https:\\\/\\\/secure.gravatar.com\\\/avatar\\\/420aaf9278582877d9018637c6817617705899d2858d7572ef0fe59a6b6454b4?s=96&d=mm&r=g\",\"caption\":\"Canal Dana\"},\"url\":\"https:\\\/\\\/dana.com.br\\\/canaldana\\\/author\\\/cdeditor\\\/\"}]}<\/script>\n<!-- \/ Yoast SEO plugin. -->","yoast_head_json":{"title":"BYD Brasil nomeia Grupo Itavema e confirma concession\u00e1ria no Rio de Janeiro ainda este ano - Canal Dana","robots":{"index":"index","follow":"follow","max-snippet":"max-snippet:-1","max-image-preview":"max-image-preview:large","max-video-preview":"max-video-preview:-1"},"canonical":"https:\/\/dana.com.br\/canaldana\/2022\/04\/25\/byd-brasil-nomeia-grupo-itavema-e-confirma-concessionaria-no-rio-de-janeiro-ainda-este-ano\/","og_locale":"pt_BR","og_type":"article","og_title":"BYD Brasil nomeia Grupo Itavema e confirma concession\u00e1ria no Rio de Janeiro ainda este ano - Canal Dana","og_description":"Blog do Ricardo Ribas &nbsp; O Rio de Janeiro tamb\u00e9m ter\u00e1 concession\u00e1ria da BYD Brasil ainda este ano. A empresa nomeou o tradicional grupo automotivo Itavema, que ser\u00e1 respons\u00e1vel pela gest\u00e3o da unidade localizada na Cidade Maravilhosa. &nbsp; \u201cA chegada ao Rio de Janeiro \u00e9 estrat\u00e9gica para o fortalecimento da BYD no Brasil. Desta forma,\u2026 Leia mais \u00bb","og_url":"https:\/\/dana.com.br\/canaldana\/2022\/04\/25\/byd-brasil-nomeia-grupo-itavema-e-confirma-concessionaria-no-rio-de-janeiro-ainda-este-ano\/","og_site_name":"Canal Dana","article_published_time":"2022-04-25T11:45:34+00:00","author":"Canal Dana","twitter_card":"summary_large_image","twitter_misc":{"Escrito por":"Canal Dana","Est. tempo de leitura":"2 minutos"},"schema":{"@context":"https:\/\/schema.org","@graph":[{"@type":"Article","@id":"https:\/\/dana.com.br\/canaldana\/2022\/04\/25\/byd-brasil-nomeia-grupo-itavema-e-confirma-concessionaria-no-rio-de-janeiro-ainda-este-ano\/#article","isPartOf":{"@id":"https:\/\/dana.com.br\/canaldana\/2022\/04\/25\/byd-brasil-nomeia-grupo-itavema-e-confirma-concessionaria-no-rio-de-janeiro-ainda-este-ano\/"},"author":{"name":"Canal Dana","@id":"https:\/\/dana.com.br\/canaldana\/#\/schema\/person\/3c21f22f56fcf3bc46b94bc60ea4fef6"},"headline":"BYD Brasil nomeia Grupo Itavema e confirma concession\u00e1ria no Rio de Janeiro ainda este ano","datePublished":"2022-04-25T11:45:34+00:00","mainEntityOfPage":{"@id":"https:\/\/dana.com.br\/canaldana\/2022\/04\/25\/byd-brasil-nomeia-grupo-itavema-e-confirma-concessionaria-no-rio-de-janeiro-ainda-este-ano\/"},"wordCount":363,"articleSection":["Mercado"],"inLanguage":"pt-BR"},{"@type":"WebPage","@id":"https:\/\/dana.com.br\/canaldana\/2022\/04\/25\/byd-brasil-nomeia-grupo-itavema-e-confirma-concessionaria-no-rio-de-janeiro-ainda-este-ano\/","url":"https:\/\/dana.com.br\/canaldana\/2022\/04\/25\/byd-brasil-nomeia-grupo-itavema-e-confirma-concessionaria-no-rio-de-janeiro-ainda-este-ano\/","name":"BYD Brasil nomeia Grupo Itavema e confirma concession\u00e1ria no Rio de Janeiro ainda este ano - Canal Dana","isPartOf":{"@id":"https:\/\/dana.com.br\/canaldana\/#website"},"datePublished":"2022-04-25T11:45:34+00:00","author":{"@id":"https:\/\/dana.com.br\/canaldana\/#\/schema\/person\/3c21f22f56fcf3bc46b94bc60ea4fef6"},"breadcrumb":{"@id":"https:\/\/dana.com.br\/canaldana\/2022\/04\/25\/byd-brasil-nomeia-grupo-itavema-e-confirma-concessionaria-no-rio-de-janeiro-ainda-este-ano\/#breadcrumb"},"inLanguage":"pt-BR","potentialAction":[{"@type":"ReadAction","target":["https:\/\/dana.com.br\/canaldana\/2022\/04\/25\/byd-brasil-nomeia-grupo-itavema-e-confirma-concessionaria-no-rio-de-janeiro-ainda-este-ano\/"]}]},{"@type":"BreadcrumbList","@id":"https:\/\/dana.com.br\/canaldana\/2022\/04\/25\/byd-brasil-nomeia-grupo-itavema-e-confirma-concessionaria-no-rio-de-janeiro-ainda-este-ano\/#breadcrumb","itemListElement":[{"@type":"ListItem","position":1,"name":"Home","item":"https:\/\/dana.com.br\/canaldana\/"},{"@type":"ListItem","position":2,"name":"Mercado","item":"https:\/\/dana.com.br\/canaldana\/mercado\/"},{"@type":"ListItem","position":3,"name":"BYD Brasil nomeia Grupo Itavema e confirma concession\u00e1ria no Rio de Janeiro ainda este ano"}]},{"@type":"WebSite","@id":"https:\/\/dana.com.br\/canaldana\/#website","url":"https:\/\/dana.com.br\/canaldana\/","name":"Canal Dana","description":"Informativo com as principais not\u00edcias da ind\u00fastria automotiva","potentialAction":[{"@type":"SearchAction","target":{"@type":"EntryPoint","urlTemplate":"https:\/\/dana.com.br\/canaldana\/?s={search_term_string}"},"query-input":{"@type":"PropertyValueSpecification","valueRequired":true,"valueName":"search_term_string"}}],"inLanguage":"pt-BR"},{"@type":"Person","@id":"https:\/\/dana.com.br\/canaldana\/#\/schema\/person\/3c21f22f56fcf3bc46b94bc60ea4fef6","name":"Canal Dana","image":{"@type":"ImageObject","inLanguage":"pt-BR","@id":"https:\/\/secure.gravatar.com\/avatar\/420aaf9278582877d9018637c6817617705899d2858d7572ef0fe59a6b6454b4?s=96&d=mm&r=g","url":"https:\/\/secure.gravatar.com\/avatar\/420aaf9278582877d9018637c6817617705899d2858d7572ef0fe59a6b6454b4?s=96&d=mm&r=g","contentUrl":"https:\/\/secure.gravatar.com\/avatar\/420aaf9278582877d9018637c6817617705899d2858d7572ef0fe59a6b6454b4?s=96&d=mm&r=g","caption":"Canal Dana"},"url":"https:\/\/dana.com.br\/canaldana\/author\/cdeditor\/"}]}},"_links":{"self":[{"href":"https:\/\/dana.com.br\/canaldana\/wp-json\/wp\/v2\/posts\/57755","targetHints":{"allow":["GET"]}}],"collection":[{"href":"https:\/\/dana.com.br\/canaldana\/wp-json\/wp\/v2\/posts"}],"about":[{"href":"https:\/\/dana.com.br\/canaldana\/wp-json\/wp\/v2\/types\/post"}],"author":[{"embeddable":true,"href":"https:\/\/dana.com.br\/canaldana\/wp-json\/wp\/v2\/users\/3"}],"replies":[{"embeddable":true,"href":"https:\/\/dana.com.br\/canaldana\/wp-json\/wp\/v2\/comments?post=57755"}],"version-history":[{"count":0,"href":"https:\/\/dana.com.br\/canaldana\/wp-json\/wp\/v2\/posts\/57755\/revisions"}],"wp:attachment":[{"href":"https:\/\/dana.com.br\/canaldana\/wp-json\/wp\/v2\/media?parent=57755"}],"wp:term":[{"taxonomy":"category","embeddable":true,"href":"https:\/\/dana.com.br\/canaldana\/wp-json\/wp\/v2\/categories?post=57755"},{"taxonomy":"post_tag","embeddable":true,"href":"https:\/\/dana.com.br\/canaldana\/wp-json\/wp\/v2\/tags?post=57755"}],"curies":[{"name":"wp","href":"https:\/\/api.w.org\/{rel}","templated":true}]}}