{"id":57753,"date":"2022-04-25T08:45:00","date_gmt":"2022-04-25T11:45:00","guid":{"rendered":"https:\/\/dana.com.br\/canaldana\/?p=57753"},"modified":"2022-04-25T08:45:00","modified_gmt":"2022-04-25T11:45:00","slug":"brasdiesel-inicia-demonstracao-de-caminhoes-scania-a-gas-com-clientes-no-rio-grande-do-sul","status":"publish","type":"post","link":"https:\/\/dana.com.br\/canaldana\/2022\/04\/25\/brasdiesel-inicia-demonstracao-de-caminhoes-scania-a-gas-com-clientes-no-rio-grande-do-sul\/","title":{"rendered":"Brasdiesel inicia demonstra\u00e7\u00e3o de caminh\u00f5es Scania a g\u00e1s com clientes no Rio Grande do Sul"},"content":{"rendered":"<p><em>Blog do Caminhoneiro <\/em><\/p>\n<p>&nbsp;<\/p>\n<p>A Brasdiesel divulgou ontem o in\u00edcio de um programa de demonstra\u00e7\u00e3o com clientes ga\u00fachos dos caminh\u00f5es a g\u00e1s produzidos pela Scania. A empresa informou que os clientes poder\u00e3o realizar avalia\u00e7\u00f5es com o caminh\u00e3o durante todo esse ano, podendo comprovar, na pr\u00e1tica, os benef\u00edcios da tecnologia.<\/p>\n<p>&nbsp;<\/p>\n<p>Esses caminh\u00f5es foram desenvolvidos pela Scania para utiliza\u00e7\u00e3o exclusiva com g\u00e1s, e os motores operam em ciclo Otto, mesmo ciclo dos autom\u00f3veis, podendo ser abastecidos com g\u00e1s natural ou biometano, chegando a reduzir as emiss\u00f5es em mais de 90%.<\/p>\n<p>&nbsp;<\/p>\n<p>\u201cOs ve\u00edculos s\u00e3o mais silenciosos e t\u00eam for\u00e7a semelhante ao caminh\u00e3o diesel\u201d, informa Carlos Leite, Diretor da Brasdiesel, lembrando que h\u00e1 redu\u00e7\u00e3o da contamina\u00e7\u00e3o do ar.<\/p>\n<p>&nbsp;<\/p>\n<p>\u201cAo entregar um ve\u00edculo a g\u00e1s para os clientes, entregamos uma solu\u00e7\u00e3o que faz uso de um combust\u00edvel alternativo, garantindo sustentabilidade ao neg\u00f3cio Scania. Com o ve\u00edculo demonstra\u00e7\u00e3o queremos garantir aos clientes acesso a essa nova tecnologia\u201d, destacou Thobias Gil, Gerente de Vendas da Brasdiesel.<\/p>\n<p>&nbsp;<\/p>\n<p>O Scania que ser\u00e1 usado pela Brasdiesel para as demonstra\u00e7\u00f5es \u00e9 um R 410 6\u00d72, com motor de 12,7 litros, e pot\u00eancia de 410 cavalos, com 2.000 Nm de torque. (Blog do Caminhoneiro\/Rafael Brusque)<\/p>\n","protected":false},"excerpt":{"rendered":"<p>Blog do Caminhoneiro &nbsp; A Brasdiesel divulgou ontem o in\u00edcio de um programa de demonstra\u00e7\u00e3o com clientes ga\u00fachos dos caminh\u00f5es a g\u00e1s produzidos pela Scania. A empresa informou que os clientes poder\u00e3o realizar avalia\u00e7\u00f5es com o caminh\u00e3o durante todo esse ano, podendo comprovar, na pr\u00e1tica, os benef\u00edcios da tecnologia. &nbsp; Esses caminh\u00f5es foram desenvolvidos pela\u2026 <a class=\"readmore\" href=\"https:\/\/dana.com.br\/canaldana\/2022\/04\/25\/brasdiesel-inicia-demonstracao-de-caminhoes-scania-a-gas-com-clientes-no-rio-grande-do-sul\/\">Leia mais \u00bb<\/a><\/p>\n","protected":false},"author":3,"featured_media":0,"comment_status":"closed","ping_status":"closed","sticky":false,"template":"","format":"standard","meta":{"_acf_changed":false,"footnotes":""},"categories":[79],"tags":[],"class_list":["post-57753","post","type-post","status-publish","format-standard","hentry","category-mercado"],"acf":[],"yoast_head":"<!-- This site is optimized with the Yoast SEO plugin v27.3 - https:\/\/yoast.com\/product\/yoast-seo-wordpress\/ -->\n<title>Brasdiesel inicia demonstra\u00e7\u00e3o de caminh\u00f5es Scania a g\u00e1s com clientes no Rio Grande do Sul - Canal Dana<\/title>\n<meta name=\"robots\" content=\"index, follow, max-snippet:-1, max-image-preview:large, max-video-preview:-1\" \/>\n<link rel=\"canonical\" href=\"https:\/\/dana.com.br\/canaldana\/2022\/04\/25\/brasdiesel-inicia-demonstracao-de-caminhoes-scania-a-gas-com-clientes-no-rio-grande-do-sul\/\" \/>\n<meta property=\"og:locale\" content=\"pt_BR\" \/>\n<meta property=\"og:type\" content=\"article\" \/>\n<meta property=\"og:title\" content=\"Brasdiesel inicia demonstra\u00e7\u00e3o de caminh\u00f5es Scania a g\u00e1s com clientes no Rio Grande do Sul - Canal Dana\" \/>\n<meta property=\"og:description\" content=\"Blog do Caminhoneiro &nbsp; A Brasdiesel divulgou ontem o in\u00edcio de um programa de demonstra\u00e7\u00e3o com clientes ga\u00fachos dos caminh\u00f5es a g\u00e1s produzidos pela Scania. A empresa informou que os clientes poder\u00e3o realizar avalia\u00e7\u00f5es com o caminh\u00e3o durante todo esse ano, podendo comprovar, na pr\u00e1tica, os benef\u00edcios da tecnologia. &nbsp; Esses caminh\u00f5es foram desenvolvidos pela\u2026 Leia mais \u00bb\" \/>\n<meta property=\"og:url\" content=\"https:\/\/dana.com.br\/canaldana\/2022\/04\/25\/brasdiesel-inicia-demonstracao-de-caminhoes-scania-a-gas-com-clientes-no-rio-grande-do-sul\/\" \/>\n<meta property=\"og:site_name\" content=\"Canal Dana\" \/>\n<meta property=\"article:published_time\" content=\"2022-04-25T11:45:00+00:00\" \/>\n<meta name=\"author\" content=\"Canal Dana\" \/>\n<meta name=\"twitter:card\" content=\"summary_large_image\" \/>\n<meta name=\"twitter:label1\" content=\"Escrito por\" \/>\n\t<meta name=\"twitter:data1\" content=\"Canal Dana\" \/>\n\t<meta name=\"twitter:label2\" content=\"Est. tempo de leitura\" \/>\n\t<meta name=\"twitter:data2\" content=\"1 minuto\" \/>\n<script type=\"application\/ld+json\" class=\"yoast-schema-graph\">{\"@context\":\"https:\\\/\\\/schema.org\",\"@graph\":[{\"@type\":\"Article\",\"@id\":\"https:\\\/\\\/dana.com.br\\\/canaldana\\\/2022\\\/04\\\/25\\\/brasdiesel-inicia-demonstracao-de-caminhoes-scania-a-gas-com-clientes-no-rio-grande-do-sul\\\/#article\",\"isPartOf\":{\"@id\":\"https:\\\/\\\/dana.com.br\\\/canaldana\\\/2022\\\/04\\\/25\\\/brasdiesel-inicia-demonstracao-de-caminhoes-scania-a-gas-com-clientes-no-rio-grande-do-sul\\\/\"},\"author\":{\"name\":\"Canal Dana\",\"@id\":\"https:\\\/\\\/dana.com.br\\\/canaldana\\\/#\\\/schema\\\/person\\\/3c21f22f56fcf3bc46b94bc60ea4fef6\"},\"headline\":\"Brasdiesel inicia demonstra\u00e7\u00e3o de caminh\u00f5es Scania a g\u00e1s com clientes no Rio Grande do Sul\",\"datePublished\":\"2022-04-25T11:45:00+00:00\",\"mainEntityOfPage\":{\"@id\":\"https:\\\/\\\/dana.com.br\\\/canaldana\\\/2022\\\/04\\\/25\\\/brasdiesel-inicia-demonstracao-de-caminhoes-scania-a-gas-com-clientes-no-rio-grande-do-sul\\\/\"},\"wordCount\":241,\"articleSection\":[\"Mercado\"],\"inLanguage\":\"pt-BR\"},{\"@type\":\"WebPage\",\"@id\":\"https:\\\/\\\/dana.com.br\\\/canaldana\\\/2022\\\/04\\\/25\\\/brasdiesel-inicia-demonstracao-de-caminhoes-scania-a-gas-com-clientes-no-rio-grande-do-sul\\\/\",\"url\":\"https:\\\/\\\/dana.com.br\\\/canaldana\\\/2022\\\/04\\\/25\\\/brasdiesel-inicia-demonstracao-de-caminhoes-scania-a-gas-com-clientes-no-rio-grande-do-sul\\\/\",\"name\":\"Brasdiesel inicia demonstra\u00e7\u00e3o de caminh\u00f5es Scania a g\u00e1s com clientes no Rio Grande do Sul - Canal Dana\",\"isPartOf\":{\"@id\":\"https:\\\/\\\/dana.com.br\\\/canaldana\\\/#website\"},\"datePublished\":\"2022-04-25T11:45:00+00:00\",\"author\":{\"@id\":\"https:\\\/\\\/dana.com.br\\\/canaldana\\\/#\\\/schema\\\/person\\\/3c21f22f56fcf3bc46b94bc60ea4fef6\"},\"breadcrumb\":{\"@id\":\"https:\\\/\\\/dana.com.br\\\/canaldana\\\/2022\\\/04\\\/25\\\/brasdiesel-inicia-demonstracao-de-caminhoes-scania-a-gas-com-clientes-no-rio-grande-do-sul\\\/#breadcrumb\"},\"inLanguage\":\"pt-BR\",\"potentialAction\":[{\"@type\":\"ReadAction\",\"target\":[\"https:\\\/\\\/dana.com.br\\\/canaldana\\\/2022\\\/04\\\/25\\\/brasdiesel-inicia-demonstracao-de-caminhoes-scania-a-gas-com-clientes-no-rio-grande-do-sul\\\/\"]}]},{\"@type\":\"BreadcrumbList\",\"@id\":\"https:\\\/\\\/dana.com.br\\\/canaldana\\\/2022\\\/04\\\/25\\\/brasdiesel-inicia-demonstracao-de-caminhoes-scania-a-gas-com-clientes-no-rio-grande-do-sul\\\/#breadcrumb\",\"itemListElement\":[{\"@type\":\"ListItem\",\"position\":1,\"name\":\"Home\",\"item\":\"https:\\\/\\\/dana.com.br\\\/canaldana\\\/\"},{\"@type\":\"ListItem\",\"position\":2,\"name\":\"Mercado\",\"item\":\"https:\\\/\\\/dana.com.br\\\/canaldana\\\/mercado\\\/\"},{\"@type\":\"ListItem\",\"position\":3,\"name\":\"Brasdiesel inicia demonstra\u00e7\u00e3o de caminh\u00f5es Scania a g\u00e1s com clientes no Rio Grande do Sul\"}]},{\"@type\":\"WebSite\",\"@id\":\"https:\\\/\\\/dana.com.br\\\/canaldana\\\/#website\",\"url\":\"https:\\\/\\\/dana.com.br\\\/canaldana\\\/\",\"name\":\"Canal Dana\",\"description\":\"Informativo com as principais not\u00edcias da ind\u00fastria automotiva\",\"potentialAction\":[{\"@type\":\"SearchAction\",\"target\":{\"@type\":\"EntryPoint\",\"urlTemplate\":\"https:\\\/\\\/dana.com.br\\\/canaldana\\\/?s={search_term_string}\"},\"query-input\":{\"@type\":\"PropertyValueSpecification\",\"valueRequired\":true,\"valueName\":\"search_term_string\"}}],\"inLanguage\":\"pt-BR\"},{\"@type\":\"Person\",\"@id\":\"https:\\\/\\\/dana.com.br\\\/canaldana\\\/#\\\/schema\\\/person\\\/3c21f22f56fcf3bc46b94bc60ea4fef6\",\"name\":\"Canal Dana\",\"image\":{\"@type\":\"ImageObject\",\"inLanguage\":\"pt-BR\",\"@id\":\"https:\\\/\\\/secure.gravatar.com\\\/avatar\\\/420aaf9278582877d9018637c6817617705899d2858d7572ef0fe59a6b6454b4?s=96&d=mm&r=g\",\"url\":\"https:\\\/\\\/secure.gravatar.com\\\/avatar\\\/420aaf9278582877d9018637c6817617705899d2858d7572ef0fe59a6b6454b4?s=96&d=mm&r=g\",\"contentUrl\":\"https:\\\/\\\/secure.gravatar.com\\\/avatar\\\/420aaf9278582877d9018637c6817617705899d2858d7572ef0fe59a6b6454b4?s=96&d=mm&r=g\",\"caption\":\"Canal Dana\"},\"url\":\"https:\\\/\\\/dana.com.br\\\/canaldana\\\/author\\\/cdeditor\\\/\"}]}<\/script>\n<!-- \/ Yoast SEO plugin. -->","yoast_head_json":{"title":"Brasdiesel inicia demonstra\u00e7\u00e3o de caminh\u00f5es Scania a g\u00e1s com clientes no Rio Grande do Sul - Canal Dana","robots":{"index":"index","follow":"follow","max-snippet":"max-snippet:-1","max-image-preview":"max-image-preview:large","max-video-preview":"max-video-preview:-1"},"canonical":"https:\/\/dana.com.br\/canaldana\/2022\/04\/25\/brasdiesel-inicia-demonstracao-de-caminhoes-scania-a-gas-com-clientes-no-rio-grande-do-sul\/","og_locale":"pt_BR","og_type":"article","og_title":"Brasdiesel inicia demonstra\u00e7\u00e3o de caminh\u00f5es Scania a g\u00e1s com clientes no Rio Grande do Sul - Canal Dana","og_description":"Blog do Caminhoneiro &nbsp; A Brasdiesel divulgou ontem o in\u00edcio de um programa de demonstra\u00e7\u00e3o com clientes ga\u00fachos dos caminh\u00f5es a g\u00e1s produzidos pela Scania. A empresa informou que os clientes poder\u00e3o realizar avalia\u00e7\u00f5es com o caminh\u00e3o durante todo esse ano, podendo comprovar, na pr\u00e1tica, os benef\u00edcios da tecnologia. &nbsp; Esses caminh\u00f5es foram desenvolvidos pela\u2026 Leia mais \u00bb","og_url":"https:\/\/dana.com.br\/canaldana\/2022\/04\/25\/brasdiesel-inicia-demonstracao-de-caminhoes-scania-a-gas-com-clientes-no-rio-grande-do-sul\/","og_site_name":"Canal Dana","article_published_time":"2022-04-25T11:45:00+00:00","author":"Canal Dana","twitter_card":"summary_large_image","twitter_misc":{"Escrito por":"Canal Dana","Est. tempo de leitura":"1 minuto"},"schema":{"@context":"https:\/\/schema.org","@graph":[{"@type":"Article","@id":"https:\/\/dana.com.br\/canaldana\/2022\/04\/25\/brasdiesel-inicia-demonstracao-de-caminhoes-scania-a-gas-com-clientes-no-rio-grande-do-sul\/#article","isPartOf":{"@id":"https:\/\/dana.com.br\/canaldana\/2022\/04\/25\/brasdiesel-inicia-demonstracao-de-caminhoes-scania-a-gas-com-clientes-no-rio-grande-do-sul\/"},"author":{"name":"Canal Dana","@id":"https:\/\/dana.com.br\/canaldana\/#\/schema\/person\/3c21f22f56fcf3bc46b94bc60ea4fef6"},"headline":"Brasdiesel inicia demonstra\u00e7\u00e3o de caminh\u00f5es Scania a g\u00e1s com clientes no Rio Grande do Sul","datePublished":"2022-04-25T11:45:00+00:00","mainEntityOfPage":{"@id":"https:\/\/dana.com.br\/canaldana\/2022\/04\/25\/brasdiesel-inicia-demonstracao-de-caminhoes-scania-a-gas-com-clientes-no-rio-grande-do-sul\/"},"wordCount":241,"articleSection":["Mercado"],"inLanguage":"pt-BR"},{"@type":"WebPage","@id":"https:\/\/dana.com.br\/canaldana\/2022\/04\/25\/brasdiesel-inicia-demonstracao-de-caminhoes-scania-a-gas-com-clientes-no-rio-grande-do-sul\/","url":"https:\/\/dana.com.br\/canaldana\/2022\/04\/25\/brasdiesel-inicia-demonstracao-de-caminhoes-scania-a-gas-com-clientes-no-rio-grande-do-sul\/","name":"Brasdiesel inicia demonstra\u00e7\u00e3o de caminh\u00f5es Scania a g\u00e1s com clientes no Rio Grande do Sul - Canal Dana","isPartOf":{"@id":"https:\/\/dana.com.br\/canaldana\/#website"},"datePublished":"2022-04-25T11:45:00+00:00","author":{"@id":"https:\/\/dana.com.br\/canaldana\/#\/schema\/person\/3c21f22f56fcf3bc46b94bc60ea4fef6"},"breadcrumb":{"@id":"https:\/\/dana.com.br\/canaldana\/2022\/04\/25\/brasdiesel-inicia-demonstracao-de-caminhoes-scania-a-gas-com-clientes-no-rio-grande-do-sul\/#breadcrumb"},"inLanguage":"pt-BR","potentialAction":[{"@type":"ReadAction","target":["https:\/\/dana.com.br\/canaldana\/2022\/04\/25\/brasdiesel-inicia-demonstracao-de-caminhoes-scania-a-gas-com-clientes-no-rio-grande-do-sul\/"]}]},{"@type":"BreadcrumbList","@id":"https:\/\/dana.com.br\/canaldana\/2022\/04\/25\/brasdiesel-inicia-demonstracao-de-caminhoes-scania-a-gas-com-clientes-no-rio-grande-do-sul\/#breadcrumb","itemListElement":[{"@type":"ListItem","position":1,"name":"Home","item":"https:\/\/dana.com.br\/canaldana\/"},{"@type":"ListItem","position":2,"name":"Mercado","item":"https:\/\/dana.com.br\/canaldana\/mercado\/"},{"@type":"ListItem","position":3,"name":"Brasdiesel inicia demonstra\u00e7\u00e3o de caminh\u00f5es Scania a g\u00e1s com clientes no Rio Grande do Sul"}]},{"@type":"WebSite","@id":"https:\/\/dana.com.br\/canaldana\/#website","url":"https:\/\/dana.com.br\/canaldana\/","name":"Canal Dana","description":"Informativo com as principais not\u00edcias da ind\u00fastria automotiva","potentialAction":[{"@type":"SearchAction","target":{"@type":"EntryPoint","urlTemplate":"https:\/\/dana.com.br\/canaldana\/?s={search_term_string}"},"query-input":{"@type":"PropertyValueSpecification","valueRequired":true,"valueName":"search_term_string"}}],"inLanguage":"pt-BR"},{"@type":"Person","@id":"https:\/\/dana.com.br\/canaldana\/#\/schema\/person\/3c21f22f56fcf3bc46b94bc60ea4fef6","name":"Canal Dana","image":{"@type":"ImageObject","inLanguage":"pt-BR","@id":"https:\/\/secure.gravatar.com\/avatar\/420aaf9278582877d9018637c6817617705899d2858d7572ef0fe59a6b6454b4?s=96&d=mm&r=g","url":"https:\/\/secure.gravatar.com\/avatar\/420aaf9278582877d9018637c6817617705899d2858d7572ef0fe59a6b6454b4?s=96&d=mm&r=g","contentUrl":"https:\/\/secure.gravatar.com\/avatar\/420aaf9278582877d9018637c6817617705899d2858d7572ef0fe59a6b6454b4?s=96&d=mm&r=g","caption":"Canal Dana"},"url":"https:\/\/dana.com.br\/canaldana\/author\/cdeditor\/"}]}},"_links":{"self":[{"href":"https:\/\/dana.com.br\/canaldana\/wp-json\/wp\/v2\/posts\/57753","targetHints":{"allow":["GET"]}}],"collection":[{"href":"https:\/\/dana.com.br\/canaldana\/wp-json\/wp\/v2\/posts"}],"about":[{"href":"https:\/\/dana.com.br\/canaldana\/wp-json\/wp\/v2\/types\/post"}],"author":[{"embeddable":true,"href":"https:\/\/dana.com.br\/canaldana\/wp-json\/wp\/v2\/users\/3"}],"replies":[{"embeddable":true,"href":"https:\/\/dana.com.br\/canaldana\/wp-json\/wp\/v2\/comments?post=57753"}],"version-history":[{"count":0,"href":"https:\/\/dana.com.br\/canaldana\/wp-json\/wp\/v2\/posts\/57753\/revisions"}],"wp:attachment":[{"href":"https:\/\/dana.com.br\/canaldana\/wp-json\/wp\/v2\/media?parent=57753"}],"wp:term":[{"taxonomy":"category","embeddable":true,"href":"https:\/\/dana.com.br\/canaldana\/wp-json\/wp\/v2\/categories?post=57753"},{"taxonomy":"post_tag","embeddable":true,"href":"https:\/\/dana.com.br\/canaldana\/wp-json\/wp\/v2\/tags?post=57753"}],"curies":[{"name":"wp","href":"https:\/\/api.w.org\/{rel}","templated":true}]}}