{"id":57722,"date":"2022-04-22T08:49:38","date_gmt":"2022-04-22T11:49:38","guid":{"rendered":"https:\/\/dana.com.br\/canaldana\/?p=57722"},"modified":"2022-04-22T08:49:38","modified_gmt":"2022-04-22T11:49:38","slug":"venda-de-automoveis-na-europa-contrai-20-em-marco","status":"publish","type":"post","link":"https:\/\/dana.com.br\/canaldana\/2022\/04\/22\/venda-de-automoveis-na-europa-contrai-20-em-marco\/","title":{"rendered":"Venda de autom\u00f3veis na Europa contrai 20% em mar\u00e7o"},"content":{"rendered":"<p><em>AutoInd\u00fastria<\/em><\/p>\n<p>&nbsp;<\/p>\n<p>Seguem em decl\u00ednio das vendas de autom\u00f3veis na Europa. No m\u00eas passado, as entregas aos mercados da Uni\u00e3o Europeia somaram 844,1 mil unidades, volume que representou queda de 20,5% em rela\u00e7\u00e3o a mar\u00e7o de 2021, quando registrou 1,06 milh\u00e3o de carros vendidos.<\/p>\n<p>&nbsp;<\/p>\n<p>De acordo com os dados da Acea, associa\u00e7\u00e3o dos fabricantes no continente, apresentados na quarta-feira, 20, \u00e9 o terceiro m\u00eas consecutivo de retra\u00e7\u00e3o. Em janeiro e fevereiro, no entanto, as vendas estiveram em patamares 6% menores sobre os mesmos per\u00edodos do ano passado.<\/p>\n<p>&nbsp;<\/p>\n<p>Em nota a associa\u00e7\u00e3o avalia que as \u201cinterrup\u00e7\u00f5es cont\u00ednuas na cadeia de suprimentos provocadas pelo desabastecimento de componentes foram agravadas ainda mais pela invas\u00e3o da R\u00fassia na Ucr\u00e2nia\u201d, com impacto ainda prejudicial na produ\u00e7\u00e3o de autom\u00f3veis.<\/p>\n<p>&nbsp;<\/p>\n<p>Com o desempenho parcial de mar\u00e7o, as vendas do primeiro trimestre na regi\u00e3o acumularam 2,24 milh\u00f5es de autom\u00f3veis entregues, mercado 12,5% menor na compara\u00e7\u00e3o com o volume registrado nos tr\u00eas primeiros meses de um ano atr\u00e1s, de 2,56 milh\u00f5es de unidades.<\/p>\n<p>&nbsp;<\/p>\n<p>Com exce\u00e7\u00e3o de alguns mercados de tracionais baixos volumes de venda, a grande maioria dos pa\u00edses chega ao fim do primeiro trimestre com quedas acentuadas. Dentre os principais, a It\u00e1lia teve vendas 24,4% menores, a Fran\u00e7a 17,3%, Espanha, 11,6% e a Alemanha, 4,6%.<\/p>\n<p>&nbsp;<\/p>\n<p>No ranking de vendas das fabricantes na regi\u00e3o, o Grupo Volkswagen encerra o primeiro trimestre na lideran\u00e7a, com participa\u00e7\u00e3o de 24,6% ao entregar 552,4 mil carros, o que representou queda de 15,6%.<\/p>\n<p>&nbsp;<\/p>\n<p>Com 23,9% a Stellantis se manteve no segundo lugar, mas as 459,7 mil unidades vendidas significaram um recuo de 23,9% nos emplacamentos. O Grupo Renault fecha o p\u00f3dio com fatia de 10% ou 224,9 mil autom\u00f3veis vendidos, queda de 8,1%. (AutoInd\u00fastria)<\/p>\n","protected":false},"excerpt":{"rendered":"<p>AutoInd\u00fastria &nbsp; Seguem em decl\u00ednio das vendas de autom\u00f3veis na Europa. No m\u00eas passado, as entregas aos mercados da Uni\u00e3o Europeia somaram 844,1 mil unidades, volume que representou queda de 20,5% em rela\u00e7\u00e3o a mar\u00e7o de 2021, quando registrou 1,06 milh\u00e3o de carros vendidos. &nbsp; De acordo com os dados da Acea, associa\u00e7\u00e3o dos fabricantes\u2026 <a class=\"readmore\" href=\"https:\/\/dana.com.br\/canaldana\/2022\/04\/22\/venda-de-automoveis-na-europa-contrai-20-em-marco\/\">Leia mais \u00bb<\/a><\/p>\n","protected":false},"author":3,"featured_media":0,"comment_status":"closed","ping_status":"closed","sticky":false,"template":"","format":"standard","meta":{"_acf_changed":false,"footnotes":""},"categories":[79],"tags":[],"class_list":["post-57722","post","type-post","status-publish","format-standard","hentry","category-mercado"],"acf":[],"yoast_head":"<!-- This site is optimized with the Yoast SEO plugin v27.3 - https:\/\/yoast.com\/product\/yoast-seo-wordpress\/ -->\n<title>Venda de autom\u00f3veis na Europa contrai 20% em mar\u00e7o - Canal Dana<\/title>\n<meta name=\"robots\" content=\"index, follow, max-snippet:-1, max-image-preview:large, max-video-preview:-1\" \/>\n<link rel=\"canonical\" href=\"https:\/\/dana.com.br\/canaldana\/2022\/04\/22\/venda-de-automoveis-na-europa-contrai-20-em-marco\/\" \/>\n<meta property=\"og:locale\" content=\"pt_BR\" \/>\n<meta property=\"og:type\" content=\"article\" \/>\n<meta property=\"og:title\" content=\"Venda de autom\u00f3veis na Europa contrai 20% em mar\u00e7o - Canal Dana\" \/>\n<meta property=\"og:description\" content=\"AutoInd\u00fastria &nbsp; Seguem em decl\u00ednio das vendas de autom\u00f3veis na Europa. No m\u00eas passado, as entregas aos mercados da Uni\u00e3o Europeia somaram 844,1 mil unidades, volume que representou queda de 20,5% em rela\u00e7\u00e3o a mar\u00e7o de 2021, quando registrou 1,06 milh\u00e3o de carros vendidos. &nbsp; De acordo com os dados da Acea, associa\u00e7\u00e3o dos fabricantes\u2026 Leia mais \u00bb\" \/>\n<meta property=\"og:url\" content=\"https:\/\/dana.com.br\/canaldana\/2022\/04\/22\/venda-de-automoveis-na-europa-contrai-20-em-marco\/\" \/>\n<meta property=\"og:site_name\" content=\"Canal Dana\" \/>\n<meta property=\"article:published_time\" content=\"2022-04-22T11:49:38+00:00\" \/>\n<meta name=\"author\" content=\"Canal Dana\" \/>\n<meta name=\"twitter:card\" content=\"summary_large_image\" \/>\n<meta name=\"twitter:label1\" content=\"Escrito por\" \/>\n\t<meta name=\"twitter:data1\" content=\"Canal Dana\" \/>\n\t<meta name=\"twitter:label2\" content=\"Est. tempo de leitura\" \/>\n\t<meta name=\"twitter:data2\" content=\"2 minutos\" \/>\n<script type=\"application\/ld+json\" class=\"yoast-schema-graph\">{\"@context\":\"https:\\\/\\\/schema.org\",\"@graph\":[{\"@type\":\"Article\",\"@id\":\"https:\\\/\\\/dana.com.br\\\/canaldana\\\/2022\\\/04\\\/22\\\/venda-de-automoveis-na-europa-contrai-20-em-marco\\\/#article\",\"isPartOf\":{\"@id\":\"https:\\\/\\\/dana.com.br\\\/canaldana\\\/2022\\\/04\\\/22\\\/venda-de-automoveis-na-europa-contrai-20-em-marco\\\/\"},\"author\":{\"name\":\"Canal Dana\",\"@id\":\"https:\\\/\\\/dana.com.br\\\/canaldana\\\/#\\\/schema\\\/person\\\/3c21f22f56fcf3bc46b94bc60ea4fef6\"},\"headline\":\"Venda de autom\u00f3veis na Europa contrai 20% em mar\u00e7o\",\"datePublished\":\"2022-04-22T11:49:38+00:00\",\"mainEntityOfPage\":{\"@id\":\"https:\\\/\\\/dana.com.br\\\/canaldana\\\/2022\\\/04\\\/22\\\/venda-de-automoveis-na-europa-contrai-20-em-marco\\\/\"},\"wordCount\":311,\"articleSection\":[\"Mercado\"],\"inLanguage\":\"pt-BR\"},{\"@type\":\"WebPage\",\"@id\":\"https:\\\/\\\/dana.com.br\\\/canaldana\\\/2022\\\/04\\\/22\\\/venda-de-automoveis-na-europa-contrai-20-em-marco\\\/\",\"url\":\"https:\\\/\\\/dana.com.br\\\/canaldana\\\/2022\\\/04\\\/22\\\/venda-de-automoveis-na-europa-contrai-20-em-marco\\\/\",\"name\":\"Venda de autom\u00f3veis na Europa contrai 20% em mar\u00e7o - Canal Dana\",\"isPartOf\":{\"@id\":\"https:\\\/\\\/dana.com.br\\\/canaldana\\\/#website\"},\"datePublished\":\"2022-04-22T11:49:38+00:00\",\"author\":{\"@id\":\"https:\\\/\\\/dana.com.br\\\/canaldana\\\/#\\\/schema\\\/person\\\/3c21f22f56fcf3bc46b94bc60ea4fef6\"},\"breadcrumb\":{\"@id\":\"https:\\\/\\\/dana.com.br\\\/canaldana\\\/2022\\\/04\\\/22\\\/venda-de-automoveis-na-europa-contrai-20-em-marco\\\/#breadcrumb\"},\"inLanguage\":\"pt-BR\",\"potentialAction\":[{\"@type\":\"ReadAction\",\"target\":[\"https:\\\/\\\/dana.com.br\\\/canaldana\\\/2022\\\/04\\\/22\\\/venda-de-automoveis-na-europa-contrai-20-em-marco\\\/\"]}]},{\"@type\":\"BreadcrumbList\",\"@id\":\"https:\\\/\\\/dana.com.br\\\/canaldana\\\/2022\\\/04\\\/22\\\/venda-de-automoveis-na-europa-contrai-20-em-marco\\\/#breadcrumb\",\"itemListElement\":[{\"@type\":\"ListItem\",\"position\":1,\"name\":\"Home\",\"item\":\"https:\\\/\\\/dana.com.br\\\/canaldana\\\/\"},{\"@type\":\"ListItem\",\"position\":2,\"name\":\"Mercado\",\"item\":\"https:\\\/\\\/dana.com.br\\\/canaldana\\\/mercado\\\/\"},{\"@type\":\"ListItem\",\"position\":3,\"name\":\"Venda de autom\u00f3veis na Europa contrai 20% em mar\u00e7o\"}]},{\"@type\":\"WebSite\",\"@id\":\"https:\\\/\\\/dana.com.br\\\/canaldana\\\/#website\",\"url\":\"https:\\\/\\\/dana.com.br\\\/canaldana\\\/\",\"name\":\"Canal Dana\",\"description\":\"Informativo com as principais not\u00edcias da ind\u00fastria automotiva\",\"potentialAction\":[{\"@type\":\"SearchAction\",\"target\":{\"@type\":\"EntryPoint\",\"urlTemplate\":\"https:\\\/\\\/dana.com.br\\\/canaldana\\\/?s={search_term_string}\"},\"query-input\":{\"@type\":\"PropertyValueSpecification\",\"valueRequired\":true,\"valueName\":\"search_term_string\"}}],\"inLanguage\":\"pt-BR\"},{\"@type\":\"Person\",\"@id\":\"https:\\\/\\\/dana.com.br\\\/canaldana\\\/#\\\/schema\\\/person\\\/3c21f22f56fcf3bc46b94bc60ea4fef6\",\"name\":\"Canal Dana\",\"image\":{\"@type\":\"ImageObject\",\"inLanguage\":\"pt-BR\",\"@id\":\"https:\\\/\\\/secure.gravatar.com\\\/avatar\\\/420aaf9278582877d9018637c6817617705899d2858d7572ef0fe59a6b6454b4?s=96&d=mm&r=g\",\"url\":\"https:\\\/\\\/secure.gravatar.com\\\/avatar\\\/420aaf9278582877d9018637c6817617705899d2858d7572ef0fe59a6b6454b4?s=96&d=mm&r=g\",\"contentUrl\":\"https:\\\/\\\/secure.gravatar.com\\\/avatar\\\/420aaf9278582877d9018637c6817617705899d2858d7572ef0fe59a6b6454b4?s=96&d=mm&r=g\",\"caption\":\"Canal Dana\"},\"url\":\"https:\\\/\\\/dana.com.br\\\/canaldana\\\/author\\\/cdeditor\\\/\"}]}<\/script>\n<!-- \/ Yoast SEO plugin. -->","yoast_head_json":{"title":"Venda de autom\u00f3veis na Europa contrai 20% em mar\u00e7o - Canal Dana","robots":{"index":"index","follow":"follow","max-snippet":"max-snippet:-1","max-image-preview":"max-image-preview:large","max-video-preview":"max-video-preview:-1"},"canonical":"https:\/\/dana.com.br\/canaldana\/2022\/04\/22\/venda-de-automoveis-na-europa-contrai-20-em-marco\/","og_locale":"pt_BR","og_type":"article","og_title":"Venda de autom\u00f3veis na Europa contrai 20% em mar\u00e7o - Canal Dana","og_description":"AutoInd\u00fastria &nbsp; Seguem em decl\u00ednio das vendas de autom\u00f3veis na Europa. No m\u00eas passado, as entregas aos mercados da Uni\u00e3o Europeia somaram 844,1 mil unidades, volume que representou queda de 20,5% em rela\u00e7\u00e3o a mar\u00e7o de 2021, quando registrou 1,06 milh\u00e3o de carros vendidos. &nbsp; De acordo com os dados da Acea, associa\u00e7\u00e3o dos fabricantes\u2026 Leia mais \u00bb","og_url":"https:\/\/dana.com.br\/canaldana\/2022\/04\/22\/venda-de-automoveis-na-europa-contrai-20-em-marco\/","og_site_name":"Canal Dana","article_published_time":"2022-04-22T11:49:38+00:00","author":"Canal Dana","twitter_card":"summary_large_image","twitter_misc":{"Escrito por":"Canal Dana","Est. tempo de leitura":"2 minutos"},"schema":{"@context":"https:\/\/schema.org","@graph":[{"@type":"Article","@id":"https:\/\/dana.com.br\/canaldana\/2022\/04\/22\/venda-de-automoveis-na-europa-contrai-20-em-marco\/#article","isPartOf":{"@id":"https:\/\/dana.com.br\/canaldana\/2022\/04\/22\/venda-de-automoveis-na-europa-contrai-20-em-marco\/"},"author":{"name":"Canal Dana","@id":"https:\/\/dana.com.br\/canaldana\/#\/schema\/person\/3c21f22f56fcf3bc46b94bc60ea4fef6"},"headline":"Venda de autom\u00f3veis na Europa contrai 20% em mar\u00e7o","datePublished":"2022-04-22T11:49:38+00:00","mainEntityOfPage":{"@id":"https:\/\/dana.com.br\/canaldana\/2022\/04\/22\/venda-de-automoveis-na-europa-contrai-20-em-marco\/"},"wordCount":311,"articleSection":["Mercado"],"inLanguage":"pt-BR"},{"@type":"WebPage","@id":"https:\/\/dana.com.br\/canaldana\/2022\/04\/22\/venda-de-automoveis-na-europa-contrai-20-em-marco\/","url":"https:\/\/dana.com.br\/canaldana\/2022\/04\/22\/venda-de-automoveis-na-europa-contrai-20-em-marco\/","name":"Venda de autom\u00f3veis na Europa contrai 20% em mar\u00e7o - Canal Dana","isPartOf":{"@id":"https:\/\/dana.com.br\/canaldana\/#website"},"datePublished":"2022-04-22T11:49:38+00:00","author":{"@id":"https:\/\/dana.com.br\/canaldana\/#\/schema\/person\/3c21f22f56fcf3bc46b94bc60ea4fef6"},"breadcrumb":{"@id":"https:\/\/dana.com.br\/canaldana\/2022\/04\/22\/venda-de-automoveis-na-europa-contrai-20-em-marco\/#breadcrumb"},"inLanguage":"pt-BR","potentialAction":[{"@type":"ReadAction","target":["https:\/\/dana.com.br\/canaldana\/2022\/04\/22\/venda-de-automoveis-na-europa-contrai-20-em-marco\/"]}]},{"@type":"BreadcrumbList","@id":"https:\/\/dana.com.br\/canaldana\/2022\/04\/22\/venda-de-automoveis-na-europa-contrai-20-em-marco\/#breadcrumb","itemListElement":[{"@type":"ListItem","position":1,"name":"Home","item":"https:\/\/dana.com.br\/canaldana\/"},{"@type":"ListItem","position":2,"name":"Mercado","item":"https:\/\/dana.com.br\/canaldana\/mercado\/"},{"@type":"ListItem","position":3,"name":"Venda de autom\u00f3veis na Europa contrai 20% em mar\u00e7o"}]},{"@type":"WebSite","@id":"https:\/\/dana.com.br\/canaldana\/#website","url":"https:\/\/dana.com.br\/canaldana\/","name":"Canal Dana","description":"Informativo com as principais not\u00edcias da ind\u00fastria automotiva","potentialAction":[{"@type":"SearchAction","target":{"@type":"EntryPoint","urlTemplate":"https:\/\/dana.com.br\/canaldana\/?s={search_term_string}"},"query-input":{"@type":"PropertyValueSpecification","valueRequired":true,"valueName":"search_term_string"}}],"inLanguage":"pt-BR"},{"@type":"Person","@id":"https:\/\/dana.com.br\/canaldana\/#\/schema\/person\/3c21f22f56fcf3bc46b94bc60ea4fef6","name":"Canal Dana","image":{"@type":"ImageObject","inLanguage":"pt-BR","@id":"https:\/\/secure.gravatar.com\/avatar\/420aaf9278582877d9018637c6817617705899d2858d7572ef0fe59a6b6454b4?s=96&d=mm&r=g","url":"https:\/\/secure.gravatar.com\/avatar\/420aaf9278582877d9018637c6817617705899d2858d7572ef0fe59a6b6454b4?s=96&d=mm&r=g","contentUrl":"https:\/\/secure.gravatar.com\/avatar\/420aaf9278582877d9018637c6817617705899d2858d7572ef0fe59a6b6454b4?s=96&d=mm&r=g","caption":"Canal Dana"},"url":"https:\/\/dana.com.br\/canaldana\/author\/cdeditor\/"}]}},"_links":{"self":[{"href":"https:\/\/dana.com.br\/canaldana\/wp-json\/wp\/v2\/posts\/57722","targetHints":{"allow":["GET"]}}],"collection":[{"href":"https:\/\/dana.com.br\/canaldana\/wp-json\/wp\/v2\/posts"}],"about":[{"href":"https:\/\/dana.com.br\/canaldana\/wp-json\/wp\/v2\/types\/post"}],"author":[{"embeddable":true,"href":"https:\/\/dana.com.br\/canaldana\/wp-json\/wp\/v2\/users\/3"}],"replies":[{"embeddable":true,"href":"https:\/\/dana.com.br\/canaldana\/wp-json\/wp\/v2\/comments?post=57722"}],"version-history":[{"count":0,"href":"https:\/\/dana.com.br\/canaldana\/wp-json\/wp\/v2\/posts\/57722\/revisions"}],"wp:attachment":[{"href":"https:\/\/dana.com.br\/canaldana\/wp-json\/wp\/v2\/media?parent=57722"}],"wp:term":[{"taxonomy":"category","embeddable":true,"href":"https:\/\/dana.com.br\/canaldana\/wp-json\/wp\/v2\/categories?post=57722"},{"taxonomy":"post_tag","embeddable":true,"href":"https:\/\/dana.com.br\/canaldana\/wp-json\/wp\/v2\/tags?post=57722"}],"curies":[{"name":"wp","href":"https:\/\/api.w.org\/{rel}","templated":true}]}}