{"id":57690,"date":"2022-04-20T08:38:28","date_gmt":"2022-04-20T11:38:28","guid":{"rendered":"https:\/\/dana.com.br\/canaldana\/?p=57690"},"modified":"2022-04-20T08:38:28","modified_gmt":"2022-04-20T11:38:28","slug":"volkswagen-se-concentra-em-plano-para-reduzir-vulnerabilidade-da-cadeia-de-suprimentos","status":"publish","type":"post","link":"https:\/\/dana.com.br\/canaldana\/2022\/04\/20\/volkswagen-se-concentra-em-plano-para-reduzir-vulnerabilidade-da-cadeia-de-suprimentos\/","title":{"rendered":"Volkswagen se concentra em plano para reduzir vulnerabilidade da cadeia de suprimentos"},"content":{"rendered":"<p><em>Portal Isto \u00c9 Dinheiro\/Reuters <\/em><\/p>\n<p>&nbsp;<\/p>\n<p>A Volkswagen disse nesta ter\u00e7a-feira que um novo plano de crescimento visa a reduzir sua vulnerabilidade aos efeitos de conflitos globais, como interrup\u00e7\u00e3o da cadeia de suprimentos e aumento de pre\u00e7os.<\/p>\n<p>&nbsp;<\/p>\n<p>\u201cAs \u00faltimas mudan\u00e7as geopol\u00edticas est\u00e3o expondo nossa vulnerabilidade global, principalmente no que diz respeito aos Estados Unidos\u201d, disse o presidente-executivo da Volkswagen, Herbert Diess, em uma postagem no LinkedIn.<\/p>\n<p>&nbsp;<\/p>\n<p>Diess n\u00e3o especificou a quais eventos pol\u00edticos ele estava se referindo, mas as montadoras foram duramente atingidas pela invas\u00e3o da Ucr\u00e2nia pela R\u00fassia, j\u00e1 que as san\u00e7\u00f5es ocidentais aumentaram o pre\u00e7o da energia e das mat\u00e9rias-primas.<\/p>\n<p>&nbsp;<\/p>\n<p>A Volkswagen alertou na semana passada que estava sentindo o impacto do aumento dos pre\u00e7os e dos gargalos na cadeia de suprimentos, com as entregas em mar\u00e7o caindo 37,3% em rela\u00e7\u00e3o ao ano passado.<\/p>\n<p>&nbsp;<\/p>\n<p>A escassez de chicotes el\u00e9tricos produzidos na Ucr\u00e2nia atrasou o lan\u00e7amento de seu ID.5 el\u00e9trico, e bloqueios na China est\u00e3o prejudicando a produ\u00e7\u00e3o em um momento em que a montadora est\u00e1 tentando aumentar as vendas de ve\u00edculos el\u00e9tricos no pa\u00eds.<\/p>\n<p>&nbsp;<\/p>\n<p>O diretor de tecnologia da Mercedes-Benz, Markus Schaefer, disse semana passada que a montadora tamb\u00e9m estava pressionada pelas cadeias de suprimentos devido aos gargalos globais.<\/p>\n<p>&nbsp;<\/p>\n<p>Diess disse que o conselho v\u00ea o aumento dos neg\u00f3cios na China, o crescimento da divis\u00e3o de software Cariad e a reorganiza\u00e7\u00e3o de seu modelo de dire\u00e7\u00e3o como temas mais urgentes.<\/p>\n<p>&nbsp;<\/p>\n<p>A Volkswagen divulgar\u00e1 mais detalhes nas pr\u00f3ximas semanas sobre como as responsabilidades ser\u00e3o divididas, disse Diess.<\/p>\n<p>&nbsp;<\/p>\n<p>\u201cNossos concorrentes n\u00e3o se chamam mais Mercedes-Benz, Toyota ou Stellantis, mas Tesla, Foxconn, Apple, LG Electronics, Uber\u201d, disse Diess.<\/p>\n<p>&nbsp;<\/p>\n<p>Diess anunciou pela primeira vez uma mudan\u00e7a de responsabilidades na Volkswagen em dezembro passado, ap\u00f3s semanas de confrontos entre o presidente-executivo e os sindicatos sobre sua lideran\u00e7a. (Portal Isto \u00c9 Dinheiro\/Reuters\/Victoria Waldersee)<\/p>\n","protected":false},"excerpt":{"rendered":"<p>Portal Isto \u00c9 Dinheiro\/Reuters &nbsp; A Volkswagen disse nesta ter\u00e7a-feira que um novo plano de crescimento visa a reduzir sua vulnerabilidade aos efeitos de conflitos globais, como interrup\u00e7\u00e3o da cadeia de suprimentos e aumento de pre\u00e7os. &nbsp; \u201cAs \u00faltimas mudan\u00e7as geopol\u00edticas est\u00e3o expondo nossa vulnerabilidade global, principalmente no que diz respeito aos Estados Unidos\u201d, disse\u2026 <a class=\"readmore\" href=\"https:\/\/dana.com.br\/canaldana\/2022\/04\/20\/volkswagen-se-concentra-em-plano-para-reduzir-vulnerabilidade-da-cadeia-de-suprimentos\/\">Leia mais \u00bb<\/a><\/p>\n","protected":false},"author":3,"featured_media":0,"comment_status":"closed","ping_status":"closed","sticky":false,"template":"","format":"standard","meta":{"_acf_changed":false,"footnotes":""},"categories":[105],"tags":[],"class_list":["post-57690","post","type-post","status-publish","format-standard","hentry","category-sustentabilidade"],"acf":[],"yoast_head":"<!-- This site is optimized with the Yoast SEO plugin v27.3 - https:\/\/yoast.com\/product\/yoast-seo-wordpress\/ -->\n<title>Volkswagen se concentra em plano para reduzir vulnerabilidade da cadeia de suprimentos - Canal Dana<\/title>\n<meta name=\"robots\" content=\"index, follow, max-snippet:-1, max-image-preview:large, max-video-preview:-1\" \/>\n<link rel=\"canonical\" href=\"https:\/\/dana.com.br\/canaldana\/2022\/04\/20\/volkswagen-se-concentra-em-plano-para-reduzir-vulnerabilidade-da-cadeia-de-suprimentos\/\" \/>\n<meta property=\"og:locale\" content=\"pt_BR\" \/>\n<meta property=\"og:type\" content=\"article\" \/>\n<meta property=\"og:title\" content=\"Volkswagen se concentra em plano para reduzir vulnerabilidade da cadeia de suprimentos - Canal Dana\" \/>\n<meta property=\"og:description\" content=\"Portal Isto \u00c9 Dinheiro\/Reuters &nbsp; A Volkswagen disse nesta ter\u00e7a-feira que um novo plano de crescimento visa a reduzir sua vulnerabilidade aos efeitos de conflitos globais, como interrup\u00e7\u00e3o da cadeia de suprimentos e aumento de pre\u00e7os. &nbsp; \u201cAs \u00faltimas mudan\u00e7as geopol\u00edticas est\u00e3o expondo nossa vulnerabilidade global, principalmente no que diz respeito aos Estados Unidos\u201d, disse\u2026 Leia mais \u00bb\" \/>\n<meta property=\"og:url\" content=\"https:\/\/dana.com.br\/canaldana\/2022\/04\/20\/volkswagen-se-concentra-em-plano-para-reduzir-vulnerabilidade-da-cadeia-de-suprimentos\/\" \/>\n<meta property=\"og:site_name\" content=\"Canal Dana\" \/>\n<meta property=\"article:published_time\" content=\"2022-04-20T11:38:28+00:00\" \/>\n<meta name=\"author\" content=\"Canal Dana\" \/>\n<meta name=\"twitter:card\" content=\"summary_large_image\" \/>\n<meta name=\"twitter:label1\" content=\"Escrito por\" \/>\n\t<meta name=\"twitter:data1\" content=\"Canal Dana\" \/>\n\t<meta name=\"twitter:label2\" content=\"Est. tempo de leitura\" \/>\n\t<meta name=\"twitter:data2\" content=\"2 minutos\" \/>\n<script type=\"application\/ld+json\" class=\"yoast-schema-graph\">{\"@context\":\"https:\\\/\\\/schema.org\",\"@graph\":[{\"@type\":\"Article\",\"@id\":\"https:\\\/\\\/dana.com.br\\\/canaldana\\\/2022\\\/04\\\/20\\\/volkswagen-se-concentra-em-plano-para-reduzir-vulnerabilidade-da-cadeia-de-suprimentos\\\/#article\",\"isPartOf\":{\"@id\":\"https:\\\/\\\/dana.com.br\\\/canaldana\\\/2022\\\/04\\\/20\\\/volkswagen-se-concentra-em-plano-para-reduzir-vulnerabilidade-da-cadeia-de-suprimentos\\\/\"},\"author\":{\"name\":\"Canal Dana\",\"@id\":\"https:\\\/\\\/dana.com.br\\\/canaldana\\\/#\\\/schema\\\/person\\\/3c21f22f56fcf3bc46b94bc60ea4fef6\"},\"headline\":\"Volkswagen se concentra em plano para reduzir vulnerabilidade da cadeia de suprimentos\",\"datePublished\":\"2022-04-20T11:38:28+00:00\",\"mainEntityOfPage\":{\"@id\":\"https:\\\/\\\/dana.com.br\\\/canaldana\\\/2022\\\/04\\\/20\\\/volkswagen-se-concentra-em-plano-para-reduzir-vulnerabilidade-da-cadeia-de-suprimentos\\\/\"},\"wordCount\":356,\"articleSection\":[\"Sustentabilidade\"],\"inLanguage\":\"pt-BR\"},{\"@type\":\"WebPage\",\"@id\":\"https:\\\/\\\/dana.com.br\\\/canaldana\\\/2022\\\/04\\\/20\\\/volkswagen-se-concentra-em-plano-para-reduzir-vulnerabilidade-da-cadeia-de-suprimentos\\\/\",\"url\":\"https:\\\/\\\/dana.com.br\\\/canaldana\\\/2022\\\/04\\\/20\\\/volkswagen-se-concentra-em-plano-para-reduzir-vulnerabilidade-da-cadeia-de-suprimentos\\\/\",\"name\":\"Volkswagen se concentra em plano para reduzir vulnerabilidade da cadeia de suprimentos - Canal Dana\",\"isPartOf\":{\"@id\":\"https:\\\/\\\/dana.com.br\\\/canaldana\\\/#website\"},\"datePublished\":\"2022-04-20T11:38:28+00:00\",\"author\":{\"@id\":\"https:\\\/\\\/dana.com.br\\\/canaldana\\\/#\\\/schema\\\/person\\\/3c21f22f56fcf3bc46b94bc60ea4fef6\"},\"breadcrumb\":{\"@id\":\"https:\\\/\\\/dana.com.br\\\/canaldana\\\/2022\\\/04\\\/20\\\/volkswagen-se-concentra-em-plano-para-reduzir-vulnerabilidade-da-cadeia-de-suprimentos\\\/#breadcrumb\"},\"inLanguage\":\"pt-BR\",\"potentialAction\":[{\"@type\":\"ReadAction\",\"target\":[\"https:\\\/\\\/dana.com.br\\\/canaldana\\\/2022\\\/04\\\/20\\\/volkswagen-se-concentra-em-plano-para-reduzir-vulnerabilidade-da-cadeia-de-suprimentos\\\/\"]}]},{\"@type\":\"BreadcrumbList\",\"@id\":\"https:\\\/\\\/dana.com.br\\\/canaldana\\\/2022\\\/04\\\/20\\\/volkswagen-se-concentra-em-plano-para-reduzir-vulnerabilidade-da-cadeia-de-suprimentos\\\/#breadcrumb\",\"itemListElement\":[{\"@type\":\"ListItem\",\"position\":1,\"name\":\"Home\",\"item\":\"https:\\\/\\\/dana.com.br\\\/canaldana\\\/\"},{\"@type\":\"ListItem\",\"position\":2,\"name\":\"Sustentabilidade\",\"item\":\"https:\\\/\\\/dana.com.br\\\/canaldana\\\/sustentabilidade\\\/\"},{\"@type\":\"ListItem\",\"position\":3,\"name\":\"Volkswagen se concentra em plano para reduzir vulnerabilidade da cadeia de suprimentos\"}]},{\"@type\":\"WebSite\",\"@id\":\"https:\\\/\\\/dana.com.br\\\/canaldana\\\/#website\",\"url\":\"https:\\\/\\\/dana.com.br\\\/canaldana\\\/\",\"name\":\"Canal Dana\",\"description\":\"Informativo com as principais not\u00edcias da ind\u00fastria automotiva\",\"potentialAction\":[{\"@type\":\"SearchAction\",\"target\":{\"@type\":\"EntryPoint\",\"urlTemplate\":\"https:\\\/\\\/dana.com.br\\\/canaldana\\\/?s={search_term_string}\"},\"query-input\":{\"@type\":\"PropertyValueSpecification\",\"valueRequired\":true,\"valueName\":\"search_term_string\"}}],\"inLanguage\":\"pt-BR\"},{\"@type\":\"Person\",\"@id\":\"https:\\\/\\\/dana.com.br\\\/canaldana\\\/#\\\/schema\\\/person\\\/3c21f22f56fcf3bc46b94bc60ea4fef6\",\"name\":\"Canal Dana\",\"image\":{\"@type\":\"ImageObject\",\"inLanguage\":\"pt-BR\",\"@id\":\"https:\\\/\\\/secure.gravatar.com\\\/avatar\\\/420aaf9278582877d9018637c6817617705899d2858d7572ef0fe59a6b6454b4?s=96&d=mm&r=g\",\"url\":\"https:\\\/\\\/secure.gravatar.com\\\/avatar\\\/420aaf9278582877d9018637c6817617705899d2858d7572ef0fe59a6b6454b4?s=96&d=mm&r=g\",\"contentUrl\":\"https:\\\/\\\/secure.gravatar.com\\\/avatar\\\/420aaf9278582877d9018637c6817617705899d2858d7572ef0fe59a6b6454b4?s=96&d=mm&r=g\",\"caption\":\"Canal Dana\"},\"url\":\"https:\\\/\\\/dana.com.br\\\/canaldana\\\/author\\\/cdeditor\\\/\"}]}<\/script>\n<!-- \/ Yoast SEO plugin. -->","yoast_head_json":{"title":"Volkswagen se concentra em plano para reduzir vulnerabilidade da cadeia de suprimentos - Canal Dana","robots":{"index":"index","follow":"follow","max-snippet":"max-snippet:-1","max-image-preview":"max-image-preview:large","max-video-preview":"max-video-preview:-1"},"canonical":"https:\/\/dana.com.br\/canaldana\/2022\/04\/20\/volkswagen-se-concentra-em-plano-para-reduzir-vulnerabilidade-da-cadeia-de-suprimentos\/","og_locale":"pt_BR","og_type":"article","og_title":"Volkswagen se concentra em plano para reduzir vulnerabilidade da cadeia de suprimentos - Canal Dana","og_description":"Portal Isto \u00c9 Dinheiro\/Reuters &nbsp; A Volkswagen disse nesta ter\u00e7a-feira que um novo plano de crescimento visa a reduzir sua vulnerabilidade aos efeitos de conflitos globais, como interrup\u00e7\u00e3o da cadeia de suprimentos e aumento de pre\u00e7os. &nbsp; \u201cAs \u00faltimas mudan\u00e7as geopol\u00edticas est\u00e3o expondo nossa vulnerabilidade global, principalmente no que diz respeito aos Estados Unidos\u201d, disse\u2026 Leia mais \u00bb","og_url":"https:\/\/dana.com.br\/canaldana\/2022\/04\/20\/volkswagen-se-concentra-em-plano-para-reduzir-vulnerabilidade-da-cadeia-de-suprimentos\/","og_site_name":"Canal Dana","article_published_time":"2022-04-20T11:38:28+00:00","author":"Canal Dana","twitter_card":"summary_large_image","twitter_misc":{"Escrito por":"Canal Dana","Est. tempo de leitura":"2 minutos"},"schema":{"@context":"https:\/\/schema.org","@graph":[{"@type":"Article","@id":"https:\/\/dana.com.br\/canaldana\/2022\/04\/20\/volkswagen-se-concentra-em-plano-para-reduzir-vulnerabilidade-da-cadeia-de-suprimentos\/#article","isPartOf":{"@id":"https:\/\/dana.com.br\/canaldana\/2022\/04\/20\/volkswagen-se-concentra-em-plano-para-reduzir-vulnerabilidade-da-cadeia-de-suprimentos\/"},"author":{"name":"Canal Dana","@id":"https:\/\/dana.com.br\/canaldana\/#\/schema\/person\/3c21f22f56fcf3bc46b94bc60ea4fef6"},"headline":"Volkswagen se concentra em plano para reduzir vulnerabilidade da cadeia de suprimentos","datePublished":"2022-04-20T11:38:28+00:00","mainEntityOfPage":{"@id":"https:\/\/dana.com.br\/canaldana\/2022\/04\/20\/volkswagen-se-concentra-em-plano-para-reduzir-vulnerabilidade-da-cadeia-de-suprimentos\/"},"wordCount":356,"articleSection":["Sustentabilidade"],"inLanguage":"pt-BR"},{"@type":"WebPage","@id":"https:\/\/dana.com.br\/canaldana\/2022\/04\/20\/volkswagen-se-concentra-em-plano-para-reduzir-vulnerabilidade-da-cadeia-de-suprimentos\/","url":"https:\/\/dana.com.br\/canaldana\/2022\/04\/20\/volkswagen-se-concentra-em-plano-para-reduzir-vulnerabilidade-da-cadeia-de-suprimentos\/","name":"Volkswagen se concentra em plano para reduzir vulnerabilidade da cadeia de suprimentos - Canal Dana","isPartOf":{"@id":"https:\/\/dana.com.br\/canaldana\/#website"},"datePublished":"2022-04-20T11:38:28+00:00","author":{"@id":"https:\/\/dana.com.br\/canaldana\/#\/schema\/person\/3c21f22f56fcf3bc46b94bc60ea4fef6"},"breadcrumb":{"@id":"https:\/\/dana.com.br\/canaldana\/2022\/04\/20\/volkswagen-se-concentra-em-plano-para-reduzir-vulnerabilidade-da-cadeia-de-suprimentos\/#breadcrumb"},"inLanguage":"pt-BR","potentialAction":[{"@type":"ReadAction","target":["https:\/\/dana.com.br\/canaldana\/2022\/04\/20\/volkswagen-se-concentra-em-plano-para-reduzir-vulnerabilidade-da-cadeia-de-suprimentos\/"]}]},{"@type":"BreadcrumbList","@id":"https:\/\/dana.com.br\/canaldana\/2022\/04\/20\/volkswagen-se-concentra-em-plano-para-reduzir-vulnerabilidade-da-cadeia-de-suprimentos\/#breadcrumb","itemListElement":[{"@type":"ListItem","position":1,"name":"Home","item":"https:\/\/dana.com.br\/canaldana\/"},{"@type":"ListItem","position":2,"name":"Sustentabilidade","item":"https:\/\/dana.com.br\/canaldana\/sustentabilidade\/"},{"@type":"ListItem","position":3,"name":"Volkswagen se concentra em plano para reduzir vulnerabilidade da cadeia de suprimentos"}]},{"@type":"WebSite","@id":"https:\/\/dana.com.br\/canaldana\/#website","url":"https:\/\/dana.com.br\/canaldana\/","name":"Canal Dana","description":"Informativo com as principais not\u00edcias da ind\u00fastria automotiva","potentialAction":[{"@type":"SearchAction","target":{"@type":"EntryPoint","urlTemplate":"https:\/\/dana.com.br\/canaldana\/?s={search_term_string}"},"query-input":{"@type":"PropertyValueSpecification","valueRequired":true,"valueName":"search_term_string"}}],"inLanguage":"pt-BR"},{"@type":"Person","@id":"https:\/\/dana.com.br\/canaldana\/#\/schema\/person\/3c21f22f56fcf3bc46b94bc60ea4fef6","name":"Canal Dana","image":{"@type":"ImageObject","inLanguage":"pt-BR","@id":"https:\/\/secure.gravatar.com\/avatar\/420aaf9278582877d9018637c6817617705899d2858d7572ef0fe59a6b6454b4?s=96&d=mm&r=g","url":"https:\/\/secure.gravatar.com\/avatar\/420aaf9278582877d9018637c6817617705899d2858d7572ef0fe59a6b6454b4?s=96&d=mm&r=g","contentUrl":"https:\/\/secure.gravatar.com\/avatar\/420aaf9278582877d9018637c6817617705899d2858d7572ef0fe59a6b6454b4?s=96&d=mm&r=g","caption":"Canal Dana"},"url":"https:\/\/dana.com.br\/canaldana\/author\/cdeditor\/"}]}},"_links":{"self":[{"href":"https:\/\/dana.com.br\/canaldana\/wp-json\/wp\/v2\/posts\/57690","targetHints":{"allow":["GET"]}}],"collection":[{"href":"https:\/\/dana.com.br\/canaldana\/wp-json\/wp\/v2\/posts"}],"about":[{"href":"https:\/\/dana.com.br\/canaldana\/wp-json\/wp\/v2\/types\/post"}],"author":[{"embeddable":true,"href":"https:\/\/dana.com.br\/canaldana\/wp-json\/wp\/v2\/users\/3"}],"replies":[{"embeddable":true,"href":"https:\/\/dana.com.br\/canaldana\/wp-json\/wp\/v2\/comments?post=57690"}],"version-history":[{"count":0,"href":"https:\/\/dana.com.br\/canaldana\/wp-json\/wp\/v2\/posts\/57690\/revisions"}],"wp:attachment":[{"href":"https:\/\/dana.com.br\/canaldana\/wp-json\/wp\/v2\/media?parent=57690"}],"wp:term":[{"taxonomy":"category","embeddable":true,"href":"https:\/\/dana.com.br\/canaldana\/wp-json\/wp\/v2\/categories?post=57690"},{"taxonomy":"post_tag","embeddable":true,"href":"https:\/\/dana.com.br\/canaldana\/wp-json\/wp\/v2\/tags?post=57690"}],"curies":[{"name":"wp","href":"https:\/\/api.w.org\/{rel}","templated":true}]}}