{"id":57668,"date":"2022-04-19T08:27:17","date_gmt":"2022-04-19T11:27:17","guid":{"rendered":"https:\/\/dana.com.br\/canaldana\/?p=57668"},"modified":"2022-04-19T08:27:17","modified_gmt":"2022-04-19T11:27:17","slug":"sobram-vagas-e-faltam-motoristas-qualificados-no-brasil","status":"publish","type":"post","link":"https:\/\/dana.com.br\/canaldana\/2022\/04\/19\/sobram-vagas-e-faltam-motoristas-qualificados-no-brasil\/","title":{"rendered":"Sobram vagas e faltam motoristas qualificados no Brasil"},"content":{"rendered":"<p><em>Blog do Caminhoneiro<\/em><\/p>\n<p>&nbsp;<\/p>\n<p>Quase metade das transportadoras do pa\u00eds tem vagas para motoristas profissionais. \u00c9 o que aponta a Pesquisa CNT Perfil Empresarial, divulgada no \u00faltimo dia 07 de abril. A pesquisa avaliou o perfil de centenas de empresas, sendo a maior parte de grande porte, tendo mais de 100 empregados no total.<\/p>\n<p>&nbsp;<\/p>\n<p>Cerca de 60% dessas empresas tem at\u00e9 49 motoristas em seu quadro de funcion\u00e1rios, mas poderiam ter ainda mais, se n\u00e3o fossem as dificuldades na contrata\u00e7\u00e3o de pessoal. 77% das empresas t\u00eam dificuldades na contrata\u00e7\u00e3o de profissionais experientes, que tenham treinamento ou capacita\u00e7\u00e3o espec\u00edficos para atuarem no setor de transporte rodovi\u00e1rio de cargas.<\/p>\n<p>&nbsp;<\/p>\n<p>Grande parte das empresas tamb\u00e9m j\u00e1 notam uma elevada car\u00eancia de motoristas, pois as exig\u00eancias para os cargos s\u00e3o altas. Al\u00e9m da habilita\u00e7\u00e3o, os motoristas precisam de treinamentos e certificados, e tamb\u00e9m do exame toxicol\u00f3gico, o que tem levado os jovens a buscarem outras profiss\u00f5es.<\/p>\n<p>&nbsp;<\/p>\n<p>\u201cPor demandar um esfor\u00e7o adicional de capacita\u00e7\u00e3o, presume-se que os jovens busquem outras profiss\u00f5es antes de ter a chance de se estabelecerem como motoristas de caminh\u00e3o. Assim, as faltas de oportunidade do primeiro emprego e de experi\u00eancia dos motoristas jovens acabam por induzir um aumento da idade m\u00e9dia dos profissionais que atuam na categoria\u201d, destacou a pesquisa.<\/p>\n<p>&nbsp;<\/p>\n<p>Entre as vagas abertas, que tem maior dificuldade para obter profissionais, est\u00e3o a de motoristas, com 65% das vagas nas transportadoras, seguidos pelos mec\u00e2nicos, com 19,2% e gerentes operacionais, com 15%.<\/p>\n<p>&nbsp;<\/p>\n<p>Com essa car\u00eancia, metade das transportadoras tem vagas abertas para motoristas que tem dificuldade em preencher. Dentre as empresas que t\u00eam vagas dispon\u00edveis para motoristas de caminh\u00e3o, 37,2% delas informaram que t\u00eam mais de 5 vagas dispon\u00edveis.<\/p>\n<p>&nbsp;<\/p>\n<p>Grandes empresas s\u00e3o as que tem maior n\u00famero de vagas abertas, com uma m\u00e9dia de 11 vagas por empresa, seguidas pelas m\u00e9dias empresas, que tem cerca de 5 vagas abertas cada uma.<\/p>\n<p>&nbsp;<\/p>\n<p>Outro grande problema enfrentado pelas empresas \u00e9 a rotatividade de funcion\u00e1rios. Quando um funcion\u00e1rio se desliga de uma transportadora, a empresa arca com os custos da sua rescis\u00e3o e, ainda, da reposi\u00e7\u00e3o e treinamento do novo contratado. Pode haver, de imediato, a descontinuidade ou mesmo a interrup\u00e7\u00e3o dos servi\u00e7os realizados, dado que a contrata\u00e7\u00e3o, o treinamento e a adapta\u00e7\u00e3o na empresa requerem algum tempo e podem levar \u00e0 perda de produtividade.<\/p>\n<p>&nbsp;<\/p>\n<p>Nesse sentido, cerca de 56% dos motoristas trocam de empresa ou deixam de trabalhar no setor em menos de 5 anos, e apenas 17% trabalham na mesma empresa por at\u00e9 10 anos.<\/p>\n<p>&nbsp;<\/p>\n<p>O que pode estar impactando o setor \u00e9 o sal\u00e1rio. Dados da pesquisa tamb\u00e9m mostram que a faixa salarial dos motoristas de caminh\u00e3o que predomina (32,8%) nas empresas entrevistadas situa-se no intervalo de R$ 2.201,00 a R$ 3.300,00. Destaca-se, ainda, que em 43,3% das empresas, os sal\u00e1rios pagos aos motoristas situam-se acima dessa faixa, com o limite superior de R$ 7.700,00, enquanto em 15,7% delas situa-se abaixo, com o limite inferior de R$ 1.101,00.<\/p>\n<p>&nbsp;<\/p>\n<p>Todos os dados da pesquisa podem ser acessados por meio do link https:\/\/cnt.org.br\/painel-empresarial. (Blog do Caminhoneiro\/Rafael Brusque)<\/p>\n","protected":false},"excerpt":{"rendered":"<p>Blog do Caminhoneiro &nbsp; Quase metade das transportadoras do pa\u00eds tem vagas para motoristas profissionais. \u00c9 o que aponta a Pesquisa CNT Perfil Empresarial, divulgada no \u00faltimo dia 07 de abril. A pesquisa avaliou o perfil de centenas de empresas, sendo a maior parte de grande porte, tendo mais de 100 empregados no total. &nbsp;\u2026 <a class=\"readmore\" href=\"https:\/\/dana.com.br\/canaldana\/2022\/04\/19\/sobram-vagas-e-faltam-motoristas-qualificados-no-brasil\/\">Leia mais \u00bb<\/a><\/p>\n","protected":false},"author":3,"featured_media":0,"comment_status":"closed","ping_status":"closed","sticky":false,"template":"","format":"standard","meta":{"_acf_changed":false,"footnotes":""},"categories":[79],"tags":[],"class_list":["post-57668","post","type-post","status-publish","format-standard","hentry","category-mercado"],"acf":[],"yoast_head":"<!-- This site is optimized with the Yoast SEO plugin v27.3 - https:\/\/yoast.com\/product\/yoast-seo-wordpress\/ -->\n<title>Sobram vagas e faltam motoristas qualificados no Brasil - Canal Dana<\/title>\n<meta name=\"robots\" content=\"index, follow, max-snippet:-1, max-image-preview:large, max-video-preview:-1\" \/>\n<link rel=\"canonical\" href=\"https:\/\/dana.com.br\/canaldana\/2022\/04\/19\/sobram-vagas-e-faltam-motoristas-qualificados-no-brasil\/\" \/>\n<meta property=\"og:locale\" content=\"pt_BR\" \/>\n<meta property=\"og:type\" content=\"article\" \/>\n<meta property=\"og:title\" content=\"Sobram vagas e faltam motoristas qualificados no Brasil - Canal Dana\" \/>\n<meta property=\"og:description\" content=\"Blog do Caminhoneiro &nbsp; Quase metade das transportadoras do pa\u00eds tem vagas para motoristas profissionais. \u00c9 o que aponta a Pesquisa CNT Perfil Empresarial, divulgada no \u00faltimo dia 07 de abril. A pesquisa avaliou o perfil de centenas de empresas, sendo a maior parte de grande porte, tendo mais de 100 empregados no total. &nbsp;\u2026 Leia mais \u00bb\" \/>\n<meta property=\"og:url\" content=\"https:\/\/dana.com.br\/canaldana\/2022\/04\/19\/sobram-vagas-e-faltam-motoristas-qualificados-no-brasil\/\" \/>\n<meta property=\"og:site_name\" content=\"Canal Dana\" \/>\n<meta property=\"article:published_time\" content=\"2022-04-19T11:27:17+00:00\" \/>\n<meta name=\"author\" content=\"Canal Dana\" \/>\n<meta name=\"twitter:card\" content=\"summary_large_image\" \/>\n<meta name=\"twitter:label1\" content=\"Escrito por\" \/>\n\t<meta name=\"twitter:data1\" content=\"Canal Dana\" \/>\n\t<meta name=\"twitter:label2\" content=\"Est. tempo de leitura\" \/>\n\t<meta name=\"twitter:data2\" content=\"3 minutos\" \/>\n<script type=\"application\/ld+json\" class=\"yoast-schema-graph\">{\"@context\":\"https:\\\/\\\/schema.org\",\"@graph\":[{\"@type\":\"Article\",\"@id\":\"https:\\\/\\\/dana.com.br\\\/canaldana\\\/2022\\\/04\\\/19\\\/sobram-vagas-e-faltam-motoristas-qualificados-no-brasil\\\/#article\",\"isPartOf\":{\"@id\":\"https:\\\/\\\/dana.com.br\\\/canaldana\\\/2022\\\/04\\\/19\\\/sobram-vagas-e-faltam-motoristas-qualificados-no-brasil\\\/\"},\"author\":{\"name\":\"Canal Dana\",\"@id\":\"https:\\\/\\\/dana.com.br\\\/canaldana\\\/#\\\/schema\\\/person\\\/3c21f22f56fcf3bc46b94bc60ea4fef6\"},\"headline\":\"Sobram vagas e faltam motoristas qualificados no Brasil\",\"datePublished\":\"2022-04-19T11:27:17+00:00\",\"mainEntityOfPage\":{\"@id\":\"https:\\\/\\\/dana.com.br\\\/canaldana\\\/2022\\\/04\\\/19\\\/sobram-vagas-e-faltam-motoristas-qualificados-no-brasil\\\/\"},\"wordCount\":547,\"articleSection\":[\"Mercado\"],\"inLanguage\":\"pt-BR\"},{\"@type\":\"WebPage\",\"@id\":\"https:\\\/\\\/dana.com.br\\\/canaldana\\\/2022\\\/04\\\/19\\\/sobram-vagas-e-faltam-motoristas-qualificados-no-brasil\\\/\",\"url\":\"https:\\\/\\\/dana.com.br\\\/canaldana\\\/2022\\\/04\\\/19\\\/sobram-vagas-e-faltam-motoristas-qualificados-no-brasil\\\/\",\"name\":\"Sobram vagas e faltam motoristas qualificados no Brasil - Canal Dana\",\"isPartOf\":{\"@id\":\"https:\\\/\\\/dana.com.br\\\/canaldana\\\/#website\"},\"datePublished\":\"2022-04-19T11:27:17+00:00\",\"author\":{\"@id\":\"https:\\\/\\\/dana.com.br\\\/canaldana\\\/#\\\/schema\\\/person\\\/3c21f22f56fcf3bc46b94bc60ea4fef6\"},\"breadcrumb\":{\"@id\":\"https:\\\/\\\/dana.com.br\\\/canaldana\\\/2022\\\/04\\\/19\\\/sobram-vagas-e-faltam-motoristas-qualificados-no-brasil\\\/#breadcrumb\"},\"inLanguage\":\"pt-BR\",\"potentialAction\":[{\"@type\":\"ReadAction\",\"target\":[\"https:\\\/\\\/dana.com.br\\\/canaldana\\\/2022\\\/04\\\/19\\\/sobram-vagas-e-faltam-motoristas-qualificados-no-brasil\\\/\"]}]},{\"@type\":\"BreadcrumbList\",\"@id\":\"https:\\\/\\\/dana.com.br\\\/canaldana\\\/2022\\\/04\\\/19\\\/sobram-vagas-e-faltam-motoristas-qualificados-no-brasil\\\/#breadcrumb\",\"itemListElement\":[{\"@type\":\"ListItem\",\"position\":1,\"name\":\"Home\",\"item\":\"https:\\\/\\\/dana.com.br\\\/canaldana\\\/\"},{\"@type\":\"ListItem\",\"position\":2,\"name\":\"Mercado\",\"item\":\"https:\\\/\\\/dana.com.br\\\/canaldana\\\/mercado\\\/\"},{\"@type\":\"ListItem\",\"position\":3,\"name\":\"Sobram vagas e faltam motoristas qualificados no Brasil\"}]},{\"@type\":\"WebSite\",\"@id\":\"https:\\\/\\\/dana.com.br\\\/canaldana\\\/#website\",\"url\":\"https:\\\/\\\/dana.com.br\\\/canaldana\\\/\",\"name\":\"Canal Dana\",\"description\":\"Informativo com as principais not\u00edcias da ind\u00fastria automotiva\",\"potentialAction\":[{\"@type\":\"SearchAction\",\"target\":{\"@type\":\"EntryPoint\",\"urlTemplate\":\"https:\\\/\\\/dana.com.br\\\/canaldana\\\/?s={search_term_string}\"},\"query-input\":{\"@type\":\"PropertyValueSpecification\",\"valueRequired\":true,\"valueName\":\"search_term_string\"}}],\"inLanguage\":\"pt-BR\"},{\"@type\":\"Person\",\"@id\":\"https:\\\/\\\/dana.com.br\\\/canaldana\\\/#\\\/schema\\\/person\\\/3c21f22f56fcf3bc46b94bc60ea4fef6\",\"name\":\"Canal Dana\",\"image\":{\"@type\":\"ImageObject\",\"inLanguage\":\"pt-BR\",\"@id\":\"https:\\\/\\\/secure.gravatar.com\\\/avatar\\\/420aaf9278582877d9018637c6817617705899d2858d7572ef0fe59a6b6454b4?s=96&d=mm&r=g\",\"url\":\"https:\\\/\\\/secure.gravatar.com\\\/avatar\\\/420aaf9278582877d9018637c6817617705899d2858d7572ef0fe59a6b6454b4?s=96&d=mm&r=g\",\"contentUrl\":\"https:\\\/\\\/secure.gravatar.com\\\/avatar\\\/420aaf9278582877d9018637c6817617705899d2858d7572ef0fe59a6b6454b4?s=96&d=mm&r=g\",\"caption\":\"Canal Dana\"},\"url\":\"https:\\\/\\\/dana.com.br\\\/canaldana\\\/author\\\/cdeditor\\\/\"}]}<\/script>\n<!-- \/ Yoast SEO plugin. -->","yoast_head_json":{"title":"Sobram vagas e faltam motoristas qualificados no Brasil - Canal Dana","robots":{"index":"index","follow":"follow","max-snippet":"max-snippet:-1","max-image-preview":"max-image-preview:large","max-video-preview":"max-video-preview:-1"},"canonical":"https:\/\/dana.com.br\/canaldana\/2022\/04\/19\/sobram-vagas-e-faltam-motoristas-qualificados-no-brasil\/","og_locale":"pt_BR","og_type":"article","og_title":"Sobram vagas e faltam motoristas qualificados no Brasil - Canal Dana","og_description":"Blog do Caminhoneiro &nbsp; Quase metade das transportadoras do pa\u00eds tem vagas para motoristas profissionais. \u00c9 o que aponta a Pesquisa CNT Perfil Empresarial, divulgada no \u00faltimo dia 07 de abril. A pesquisa avaliou o perfil de centenas de empresas, sendo a maior parte de grande porte, tendo mais de 100 empregados no total. &nbsp;\u2026 Leia mais \u00bb","og_url":"https:\/\/dana.com.br\/canaldana\/2022\/04\/19\/sobram-vagas-e-faltam-motoristas-qualificados-no-brasil\/","og_site_name":"Canal Dana","article_published_time":"2022-04-19T11:27:17+00:00","author":"Canal Dana","twitter_card":"summary_large_image","twitter_misc":{"Escrito por":"Canal Dana","Est. tempo de leitura":"3 minutos"},"schema":{"@context":"https:\/\/schema.org","@graph":[{"@type":"Article","@id":"https:\/\/dana.com.br\/canaldana\/2022\/04\/19\/sobram-vagas-e-faltam-motoristas-qualificados-no-brasil\/#article","isPartOf":{"@id":"https:\/\/dana.com.br\/canaldana\/2022\/04\/19\/sobram-vagas-e-faltam-motoristas-qualificados-no-brasil\/"},"author":{"name":"Canal Dana","@id":"https:\/\/dana.com.br\/canaldana\/#\/schema\/person\/3c21f22f56fcf3bc46b94bc60ea4fef6"},"headline":"Sobram vagas e faltam motoristas qualificados no Brasil","datePublished":"2022-04-19T11:27:17+00:00","mainEntityOfPage":{"@id":"https:\/\/dana.com.br\/canaldana\/2022\/04\/19\/sobram-vagas-e-faltam-motoristas-qualificados-no-brasil\/"},"wordCount":547,"articleSection":["Mercado"],"inLanguage":"pt-BR"},{"@type":"WebPage","@id":"https:\/\/dana.com.br\/canaldana\/2022\/04\/19\/sobram-vagas-e-faltam-motoristas-qualificados-no-brasil\/","url":"https:\/\/dana.com.br\/canaldana\/2022\/04\/19\/sobram-vagas-e-faltam-motoristas-qualificados-no-brasil\/","name":"Sobram vagas e faltam motoristas qualificados no Brasil - Canal Dana","isPartOf":{"@id":"https:\/\/dana.com.br\/canaldana\/#website"},"datePublished":"2022-04-19T11:27:17+00:00","author":{"@id":"https:\/\/dana.com.br\/canaldana\/#\/schema\/person\/3c21f22f56fcf3bc46b94bc60ea4fef6"},"breadcrumb":{"@id":"https:\/\/dana.com.br\/canaldana\/2022\/04\/19\/sobram-vagas-e-faltam-motoristas-qualificados-no-brasil\/#breadcrumb"},"inLanguage":"pt-BR","potentialAction":[{"@type":"ReadAction","target":["https:\/\/dana.com.br\/canaldana\/2022\/04\/19\/sobram-vagas-e-faltam-motoristas-qualificados-no-brasil\/"]}]},{"@type":"BreadcrumbList","@id":"https:\/\/dana.com.br\/canaldana\/2022\/04\/19\/sobram-vagas-e-faltam-motoristas-qualificados-no-brasil\/#breadcrumb","itemListElement":[{"@type":"ListItem","position":1,"name":"Home","item":"https:\/\/dana.com.br\/canaldana\/"},{"@type":"ListItem","position":2,"name":"Mercado","item":"https:\/\/dana.com.br\/canaldana\/mercado\/"},{"@type":"ListItem","position":3,"name":"Sobram vagas e faltam motoristas qualificados no Brasil"}]},{"@type":"WebSite","@id":"https:\/\/dana.com.br\/canaldana\/#website","url":"https:\/\/dana.com.br\/canaldana\/","name":"Canal Dana","description":"Informativo com as principais not\u00edcias da ind\u00fastria automotiva","potentialAction":[{"@type":"SearchAction","target":{"@type":"EntryPoint","urlTemplate":"https:\/\/dana.com.br\/canaldana\/?s={search_term_string}"},"query-input":{"@type":"PropertyValueSpecification","valueRequired":true,"valueName":"search_term_string"}}],"inLanguage":"pt-BR"},{"@type":"Person","@id":"https:\/\/dana.com.br\/canaldana\/#\/schema\/person\/3c21f22f56fcf3bc46b94bc60ea4fef6","name":"Canal Dana","image":{"@type":"ImageObject","inLanguage":"pt-BR","@id":"https:\/\/secure.gravatar.com\/avatar\/420aaf9278582877d9018637c6817617705899d2858d7572ef0fe59a6b6454b4?s=96&d=mm&r=g","url":"https:\/\/secure.gravatar.com\/avatar\/420aaf9278582877d9018637c6817617705899d2858d7572ef0fe59a6b6454b4?s=96&d=mm&r=g","contentUrl":"https:\/\/secure.gravatar.com\/avatar\/420aaf9278582877d9018637c6817617705899d2858d7572ef0fe59a6b6454b4?s=96&d=mm&r=g","caption":"Canal Dana"},"url":"https:\/\/dana.com.br\/canaldana\/author\/cdeditor\/"}]}},"_links":{"self":[{"href":"https:\/\/dana.com.br\/canaldana\/wp-json\/wp\/v2\/posts\/57668","targetHints":{"allow":["GET"]}}],"collection":[{"href":"https:\/\/dana.com.br\/canaldana\/wp-json\/wp\/v2\/posts"}],"about":[{"href":"https:\/\/dana.com.br\/canaldana\/wp-json\/wp\/v2\/types\/post"}],"author":[{"embeddable":true,"href":"https:\/\/dana.com.br\/canaldana\/wp-json\/wp\/v2\/users\/3"}],"replies":[{"embeddable":true,"href":"https:\/\/dana.com.br\/canaldana\/wp-json\/wp\/v2\/comments?post=57668"}],"version-history":[{"count":0,"href":"https:\/\/dana.com.br\/canaldana\/wp-json\/wp\/v2\/posts\/57668\/revisions"}],"wp:attachment":[{"href":"https:\/\/dana.com.br\/canaldana\/wp-json\/wp\/v2\/media?parent=57668"}],"wp:term":[{"taxonomy":"category","embeddable":true,"href":"https:\/\/dana.com.br\/canaldana\/wp-json\/wp\/v2\/categories?post=57668"},{"taxonomy":"post_tag","embeddable":true,"href":"https:\/\/dana.com.br\/canaldana\/wp-json\/wp\/v2\/tags?post=57668"}],"curies":[{"name":"wp","href":"https:\/\/api.w.org\/{rel}","templated":true}]}}