{"id":57536,"date":"2022-04-12T08:35:08","date_gmt":"2022-04-12T11:35:08","guid":{"rendered":"https:\/\/dana.com.br\/canaldana\/?p=57536"},"modified":"2022-04-12T08:35:08","modified_gmt":"2022-04-12T11:35:08","slug":"parana-inaugura-o-primeiro-detranzinho-em-parceria-com-o-instituto-renault","status":"publish","type":"post","link":"https:\/\/dana.com.br\/canaldana\/2022\/04\/12\/parana-inaugura-o-primeiro-detranzinho-em-parceria-com-o-instituto-renault\/","title":{"rendered":"Paran\u00e1 inaugura o primeiro Detranzinho, em parceria com o Instituto Renault"},"content":{"rendered":"<p><em>Coisas de Agora<\/em><\/p>\n<p>&nbsp;<\/p>\n<p>O Departamento de Tr\u00e2nsito do Paran\u00e1 inaugurou nesta segunda-feira (11), em Curitiba, o Detranzinho, uma minicidade que recria um ambiente simulando as condi\u00e7\u00f5es encontradas nas cidades, como cruzamentos, faixa de pedestres, cal\u00e7adas, placas de sinaliza\u00e7\u00e3o, ciclovia, entre outras.<\/p>\n<p>&nbsp;<\/p>\n<p>A iniciativa conta com a parceira da Renault do Brasil, por meio do Instituto Renault, e permite que crian\u00e7as de escolas p\u00fablicas tenham no\u00e7\u00f5es reais de situa\u00e7\u00f5es no tr\u00e2nsito.<\/p>\n<p>&nbsp;<\/p>\n<p>A solenidade de lan\u00e7amento teve a presen\u00e7a do governador do Paran\u00e1, Carlos Massa Ratinho Junior, do diretor-geral do Detran-PR, Wagner Mesquita, do diretor de Rela\u00e7\u00f5es Institucionais e Governamentais da Renault, Marcus Vinicius Aguiar, e demais autoridades.<\/p>\n<p>&nbsp;<\/p>\n<p>No Detranzinho, os pequenos podem realizar atividades com minive\u00edculos el\u00e9tricos, cedidos pela Renault, como parte da aprendizagem sobre conviv\u00eancia e seguran\u00e7a nas ruas de uma cidade.<\/p>\n<p>&nbsp;<\/p>\n<p>O Instituto Renault entregou ao Detran 50 unidades de minive\u00edculos el\u00e9tricos. Os exemplares ser\u00e3o usados neste e em outros projetos similares pelo Paran\u00e1, envolvendo crian\u00e7as da rede p\u00fablica de ensino no estado.<\/p>\n<p>&nbsp;<\/p>\n<p>\u201cA Renault \u00e9 uma marca paranaense e por isso este projeto em parceria com o Detran \u00e9 de extrema import\u00e2ncia. A iniciativa faz parte do eixo de Seguran\u00e7a no Tr\u00e2nsito, do Instituto Renault, que busca um tr\u00e2nsito mais seguro, principalmente, por meio da educa\u00e7\u00e3o\u201d, salienta Marcus Vinicius Aguiar.<\/p>\n<p>&nbsp;<\/p>\n<p>O novo programa tem a coopera\u00e7\u00e3o do Batalh\u00e3o de Pol\u00edcia de Tr\u00e2nsito (BPTran) da Pol\u00edcia Militar do Paran\u00e1 (PMPR).<\/p>\n<p>&nbsp;<\/p>\n<p><strong>Reprodu\u00e7\u00e3o fiel do ambiente de tr\u00e2nsito<\/strong><\/p>\n<p>&nbsp;<\/p>\n<p>O Detranzinho conta com uma estrutura de 5 mil metros quadrados de \u00e1rea e estacionamento interno para \u00f4nibus, com acesso priorit\u00e1rio e acess\u00edvel.<\/p>\n<p>&nbsp;<\/p>\n<p>J\u00e1 o prot\u00f3tipo do munic\u00edpio \u00e9 formado por quadras delimitadas por meio-fio, ruas com sinaliza\u00e7\u00e3o vertical e horizontal, com sentido \u00fanico e duplo de circula\u00e7\u00e3o, vias preferenciais e bin\u00e1rios, travessia elevada, lombada, ciclovia e rotat\u00f3ria.<\/p>\n<p>&nbsp;<\/p>\n<p>O ambiente possibilita \u00e0s crian\u00e7as a oportunidade de vivenciar e participar ativamente, aprendendo como se deve agir no dia a dia do tr\u00e2nsito.<\/p>\n<p>&nbsp;<\/p>\n<p>Projetos semelhantes ser\u00e3o implementados futuramente pelo Detran, com parceria do Instituto Renault, em outras cidades no estado.<\/p>\n<p>&nbsp;<\/p>\n<p><strong>\u201cO Tr\u00e2nsito e Eu\u201d educando as crian\u00e7as<\/strong><\/p>\n<p>&nbsp;<\/p>\n<p>Os minive\u00edculos entregues durante o lan\u00e7amento do Detranzinho fazem parte de um programa do Instituto Renault chamado \u201cO Tr\u00e2nsito e Eu\u201d. Criado em 2012, ele j\u00e1 educou mais de 260 mil alunos em oito munic\u00edpios brasileiros e nas a\u00e7\u00f5es itinerantes promovidas em shoppings, parques e eventos.<\/p>\n<p>&nbsp;<\/p>\n<p>\u201cSensibilizar nossas crian\u00e7as para a conviv\u00eancia segura no tr\u00e2nsito e contribuir para a constru\u00e7\u00e3o da cidadania. Esse \u00e9 o prop\u00f3sito do \u2018O Tr\u00e2nsito e Eu\u2019, um programa global da Renault Group, que j\u00e1 beneficiou mais de 15 milh\u00f5es de crian\u00e7as e jovens em 35 pa\u00edses\u201d, explica o vice-presidente do Instituto Renault e Diretor de comunica\u00e7\u00e3o da Renault do Brasil, Caique Ferreira.<\/p>\n<p>&nbsp;<\/p>\n<p>No Brasil, o projeto tem o reconhecimento da Secretaria Nacional de Tr\u00e2nsito \u2013 SENATRAN, e \u00e9 voltado a crian\u00e7as de 7 a 11 anos, do ensino fundamental. O objetivo \u00e9 criar uma consci\u00eancia de respeito ao pr\u00f3ximo e de valoriza\u00e7\u00e3o \u00e0 vida.<\/p>\n<p>&nbsp;<\/p>\n<p>Por ser uma marca paranaense, a Renault do Brasil deu in\u00edcio ao programa \u201cO Tr\u00e2nsito e Eu\u2019 no Paran\u00e1. Em seguida, o projeto tamb\u00e9m esteve presente na rede municipal de ensino de Curitiba, S\u00e3o Jos\u00e9 dos Pinhais, Maring\u00e1 e Arapongas.<\/p>\n<p>&nbsp;<\/p>\n<p>Posteriormente, o programa foi levado para cidades de S\u00e3o Paulo e do Rio Grande do Sul.<\/p>\n<p>&nbsp;<\/p>\n<p><strong>Da sala de aula para as ruas<\/strong><\/p>\n<p>&nbsp;<\/p>\n<p>Em seu formato tradicional, o programa \u201cO Tr\u00e2nsito e Eu\u201d come\u00e7a dentro das salas de aula, com materiais abordados por educadores de forma l\u00fadica e divertida, apresentando no\u00e7\u00f5es b\u00e1sicas de seguran\u00e7a e conviv\u00eancia no tr\u00e2nsito para os pequenos.<\/p>\n<p>&nbsp;<\/p>\n<p>Com a li\u00e7\u00e3o dada na escola, as crian\u00e7as v\u00e3o \u00e0 minicidade praticar o que aprenderam, participando como passageiros, pedestres ou ciclistas.<\/p>\n<p>&nbsp;<\/p>\n<p>O programa tamb\u00e9m adota novas tecnologias, como realidade virtual e \u00f3culos 3D em cartilhas, al\u00e9m jogos e aplicativos desenvolvidos de acordo com o conte\u00fado educacional do projeto.<\/p>\n<p>&nbsp;<\/p>\n<p><strong>Mortes no tr\u00e2nsito<\/strong><\/p>\n<p>&nbsp;<\/p>\n<p>Dados do Minist\u00e9rio da Sa\u00fade apontam que os acidentes de tr\u00e2nsito est\u00e3o entre as principais causas de morte entre crian\u00e7as e adolescentes de um a 14 anos no Brasil.<\/p>\n<p>&nbsp;<\/p>\n<p>Em 2020, segundo o DataSUS (Departamento de Inform\u00e1tica do Sistema \u00danico de Sa\u00fade), 31.088 pessoas perderam a vida no tr\u00e2nsito.<\/p>\n<p>&nbsp;<\/p>\n<p>\u201cA cada 17 minutos, uma pessoa morre por acidente de tr\u00e2nsito no Brasil, e uma das principais causas dessas mortes \u00e9 o desrespeito \u00e0s normas. Acreditamos que a educa\u00e7\u00e3o tem o poder de transforma\u00e7\u00e3o, e para isso, contamos com essa iniciativa que contribui com a constru\u00e7\u00e3o de um tr\u00e2nsito mais seguro e humano para todos\u201d, afirma vice-presidente do Instituto Renault, Caique Ferreira.<\/p>\n<p>&nbsp;<\/p>\n<p><strong>Instituto Renault<\/strong><\/p>\n<p>&nbsp;<\/p>\n<p>A nova estrat\u00e9gia de Responsabilidade Socioambiental do Renault Group est\u00e1 incorporada ao prop\u00f3sito de performance e inova\u00e7\u00e3o da empresa. Ela contribui para a transforma\u00e7\u00e3o da sociedade ao acelerar a transi\u00e7\u00e3o ecol\u00f3gica, fortalecendo a seguran\u00e7a no tr\u00e2nsito e dos colaboradores, atuando em favor da inclus\u00e3o social.<\/p>\n<p>&nbsp;<\/p>\n<p>Nos \u00faltimos 10 anos, o Instituto Renault j\u00e1 impactou mais de 830 mil pessoas, atuando em dois eixos: Inclus\u00e3o e Mobilidade Sustent\u00e1vel. Com a nova estrat\u00e9gia Socioambiental, reestruturamos os pilares para Inclus\u00e3o e Seguran\u00e7a no Tr\u00e2nsito.<\/p>\n<p>&nbsp;<\/p>\n<p>Na Inclus\u00e3o, o Instituto Renault atua por meio da educa\u00e7\u00e3o e do desenvolvimento social, realizando movimentos para diminuir dist\u00e2ncias e promover transforma\u00e7\u00f5es na sociedade.<\/p>\n<p>&nbsp;<\/p>\n<p>O Instituto atua fortemente na regi\u00e3o do entorno do Complexo Ayrton Senna, em projetos como a Associa\u00e7\u00e3o Borda Viva, que promove seguran\u00e7a alimentar para crian\u00e7as e empoderamento feminino por meio do empreendedorismo e da gera\u00e7\u00e3o de renda, beneficiando mais de 96 mil pessoas desde 2005.<\/p>\n<p>&nbsp;<\/p>\n<p>A tecnologia Social da Associa\u00e7\u00e3o Borda Viva foi replicada na AMARB (Associa\u00e7\u00e3o de Moradores e Amigos da Roseira e Borda do Campo), inaugurada em novembro de 2020, tamb\u00e9m no bairro borda do Campo. Com foco em forma\u00e7\u00f5es em gastronomia e costura para promover a gera\u00e7\u00e3o de renda, a AMARB j\u00e1 formou mais de 113 pessoas em 2021, contribuindo para o desenvolvimento local e melhoria das condi\u00e7\u00f5es de vida.<\/p>\n<p>&nbsp;<\/p>\n<p>Outro projeto importante na regi\u00e3o \u00e9 o Gera\u00e7\u00e3o Futuro, programa de educa\u00e7\u00e3o com foco na empregabilidade de jovens em situa\u00e7\u00e3o de vulnerabilidade social. S\u00e3o mais de 95 jovens formados em tr\u00eas turmas do programa, e 61% destes est\u00e3o empregados.<\/p>\n<p>&nbsp;<\/p>\n<p>Na Seguran\u00e7a no Tr\u00e2nsito, a Renault \u00e9 signat\u00e1ria do \u201cPrograma La\u00e7o Amarelo\u201d e promove a\u00e7\u00f5es como o programa \u201cO Tr\u00e2nsito e Eu\u201d, de educa\u00e7\u00e3o para seguran\u00e7a no tr\u00e2nsito, pelo qual mais de 260 mil crian\u00e7as j\u00e1 foram impactadas pela iniciativa e mais de 5 mil professores passaram pela forma\u00e7\u00e3o.<\/p>\n<p>&nbsp;<\/p>\n<p>Al\u00e9m disso, contribuindo significativamente para a redu\u00e7\u00e3o das emiss\u00f5es de carbono, a Renault j\u00e1 comercializou mais de 300 ve\u00edculos 100% el\u00e9tricos no Brasil.<\/p>\n<p>&nbsp;<\/p>\n<p>Conhe\u00e7a mais sobre o Instituto Renault. Acesse: <a href=\"https:\/\/institutorenault.com.br\" target=\"_blank\" rel=\"noopener\">https:\/\/institutorenault.com.br<\/a>. (Coisas de Agora)<\/p>\n","protected":false},"excerpt":{"rendered":"<p>Coisas de Agora &nbsp; O Departamento de Tr\u00e2nsito do Paran\u00e1 inaugurou nesta segunda-feira (11), em Curitiba, o Detranzinho, uma minicidade que recria um ambiente simulando as condi\u00e7\u00f5es encontradas nas cidades, como cruzamentos, faixa de pedestres, cal\u00e7adas, placas de sinaliza\u00e7\u00e3o, ciclovia, entre outras. &nbsp; A iniciativa conta com a parceira da Renault do Brasil, por meio\u2026 <a class=\"readmore\" href=\"https:\/\/dana.com.br\/canaldana\/2022\/04\/12\/parana-inaugura-o-primeiro-detranzinho-em-parceria-com-o-instituto-renault\/\">Leia mais \u00bb<\/a><\/p>\n","protected":false},"author":3,"featured_media":0,"comment_status":"closed","ping_status":"closed","sticky":false,"template":"","format":"standard","meta":{"_acf_changed":false,"footnotes":""},"categories":[79],"tags":[],"class_list":["post-57536","post","type-post","status-publish","format-standard","hentry","category-mercado"],"acf":[],"yoast_head":"<!-- This site is optimized with the Yoast SEO plugin v27.3 - https:\/\/yoast.com\/product\/yoast-seo-wordpress\/ -->\n<title>Paran\u00e1 inaugura o primeiro Detranzinho, em parceria com o Instituto Renault - Canal Dana<\/title>\n<meta name=\"robots\" content=\"index, follow, max-snippet:-1, max-image-preview:large, max-video-preview:-1\" \/>\n<link rel=\"canonical\" href=\"https:\/\/dana.com.br\/canaldana\/2022\/04\/12\/parana-inaugura-o-primeiro-detranzinho-em-parceria-com-o-instituto-renault\/\" \/>\n<meta property=\"og:locale\" content=\"pt_BR\" \/>\n<meta property=\"og:type\" content=\"article\" \/>\n<meta property=\"og:title\" content=\"Paran\u00e1 inaugura o primeiro Detranzinho, em parceria com o Instituto Renault - Canal Dana\" \/>\n<meta property=\"og:description\" content=\"Coisas de Agora &nbsp; O Departamento de Tr\u00e2nsito do Paran\u00e1 inaugurou nesta segunda-feira (11), em Curitiba, o Detranzinho, uma minicidade que recria um ambiente simulando as condi\u00e7\u00f5es encontradas nas cidades, como cruzamentos, faixa de pedestres, cal\u00e7adas, placas de sinaliza\u00e7\u00e3o, ciclovia, entre outras. &nbsp; A iniciativa conta com a parceira da Renault do Brasil, por meio\u2026 Leia mais \u00bb\" \/>\n<meta property=\"og:url\" content=\"https:\/\/dana.com.br\/canaldana\/2022\/04\/12\/parana-inaugura-o-primeiro-detranzinho-em-parceria-com-o-instituto-renault\/\" \/>\n<meta property=\"og:site_name\" content=\"Canal Dana\" \/>\n<meta property=\"article:published_time\" content=\"2022-04-12T11:35:08+00:00\" \/>\n<meta name=\"author\" content=\"Canal Dana\" \/>\n<meta name=\"twitter:card\" content=\"summary_large_image\" \/>\n<meta name=\"twitter:label1\" content=\"Escrito por\" \/>\n\t<meta name=\"twitter:data1\" content=\"Canal Dana\" \/>\n\t<meta name=\"twitter:label2\" content=\"Est. tempo de leitura\" \/>\n\t<meta name=\"twitter:data2\" content=\"6 minutos\" \/>\n<script type=\"application\/ld+json\" class=\"yoast-schema-graph\">{\"@context\":\"https:\\\/\\\/schema.org\",\"@graph\":[{\"@type\":\"Article\",\"@id\":\"https:\\\/\\\/dana.com.br\\\/canaldana\\\/2022\\\/04\\\/12\\\/parana-inaugura-o-primeiro-detranzinho-em-parceria-com-o-instituto-renault\\\/#article\",\"isPartOf\":{\"@id\":\"https:\\\/\\\/dana.com.br\\\/canaldana\\\/2022\\\/04\\\/12\\\/parana-inaugura-o-primeiro-detranzinho-em-parceria-com-o-instituto-renault\\\/\"},\"author\":{\"name\":\"Canal Dana\",\"@id\":\"https:\\\/\\\/dana.com.br\\\/canaldana\\\/#\\\/schema\\\/person\\\/3c21f22f56fcf3bc46b94bc60ea4fef6\"},\"headline\":\"Paran\u00e1 inaugura o primeiro Detranzinho, em parceria com o Instituto Renault\",\"datePublished\":\"2022-04-12T11:35:08+00:00\",\"mainEntityOfPage\":{\"@id\":\"https:\\\/\\\/dana.com.br\\\/canaldana\\\/2022\\\/04\\\/12\\\/parana-inaugura-o-primeiro-detranzinho-em-parceria-com-o-instituto-renault\\\/\"},\"wordCount\":1261,\"articleSection\":[\"Mercado\"],\"inLanguage\":\"pt-BR\"},{\"@type\":\"WebPage\",\"@id\":\"https:\\\/\\\/dana.com.br\\\/canaldana\\\/2022\\\/04\\\/12\\\/parana-inaugura-o-primeiro-detranzinho-em-parceria-com-o-instituto-renault\\\/\",\"url\":\"https:\\\/\\\/dana.com.br\\\/canaldana\\\/2022\\\/04\\\/12\\\/parana-inaugura-o-primeiro-detranzinho-em-parceria-com-o-instituto-renault\\\/\",\"name\":\"Paran\u00e1 inaugura o primeiro Detranzinho, em parceria com o Instituto Renault - Canal Dana\",\"isPartOf\":{\"@id\":\"https:\\\/\\\/dana.com.br\\\/canaldana\\\/#website\"},\"datePublished\":\"2022-04-12T11:35:08+00:00\",\"author\":{\"@id\":\"https:\\\/\\\/dana.com.br\\\/canaldana\\\/#\\\/schema\\\/person\\\/3c21f22f56fcf3bc46b94bc60ea4fef6\"},\"breadcrumb\":{\"@id\":\"https:\\\/\\\/dana.com.br\\\/canaldana\\\/2022\\\/04\\\/12\\\/parana-inaugura-o-primeiro-detranzinho-em-parceria-com-o-instituto-renault\\\/#breadcrumb\"},\"inLanguage\":\"pt-BR\",\"potentialAction\":[{\"@type\":\"ReadAction\",\"target\":[\"https:\\\/\\\/dana.com.br\\\/canaldana\\\/2022\\\/04\\\/12\\\/parana-inaugura-o-primeiro-detranzinho-em-parceria-com-o-instituto-renault\\\/\"]}]},{\"@type\":\"BreadcrumbList\",\"@id\":\"https:\\\/\\\/dana.com.br\\\/canaldana\\\/2022\\\/04\\\/12\\\/parana-inaugura-o-primeiro-detranzinho-em-parceria-com-o-instituto-renault\\\/#breadcrumb\",\"itemListElement\":[{\"@type\":\"ListItem\",\"position\":1,\"name\":\"Home\",\"item\":\"https:\\\/\\\/dana.com.br\\\/canaldana\\\/\"},{\"@type\":\"ListItem\",\"position\":2,\"name\":\"Mercado\",\"item\":\"https:\\\/\\\/dana.com.br\\\/canaldana\\\/mercado\\\/\"},{\"@type\":\"ListItem\",\"position\":3,\"name\":\"Paran\u00e1 inaugura o primeiro Detranzinho, em parceria com o Instituto Renault\"}]},{\"@type\":\"WebSite\",\"@id\":\"https:\\\/\\\/dana.com.br\\\/canaldana\\\/#website\",\"url\":\"https:\\\/\\\/dana.com.br\\\/canaldana\\\/\",\"name\":\"Canal Dana\",\"description\":\"Informativo com as principais not\u00edcias da ind\u00fastria automotiva\",\"potentialAction\":[{\"@type\":\"SearchAction\",\"target\":{\"@type\":\"EntryPoint\",\"urlTemplate\":\"https:\\\/\\\/dana.com.br\\\/canaldana\\\/?s={search_term_string}\"},\"query-input\":{\"@type\":\"PropertyValueSpecification\",\"valueRequired\":true,\"valueName\":\"search_term_string\"}}],\"inLanguage\":\"pt-BR\"},{\"@type\":\"Person\",\"@id\":\"https:\\\/\\\/dana.com.br\\\/canaldana\\\/#\\\/schema\\\/person\\\/3c21f22f56fcf3bc46b94bc60ea4fef6\",\"name\":\"Canal Dana\",\"image\":{\"@type\":\"ImageObject\",\"inLanguage\":\"pt-BR\",\"@id\":\"https:\\\/\\\/secure.gravatar.com\\\/avatar\\\/420aaf9278582877d9018637c6817617705899d2858d7572ef0fe59a6b6454b4?s=96&d=mm&r=g\",\"url\":\"https:\\\/\\\/secure.gravatar.com\\\/avatar\\\/420aaf9278582877d9018637c6817617705899d2858d7572ef0fe59a6b6454b4?s=96&d=mm&r=g\",\"contentUrl\":\"https:\\\/\\\/secure.gravatar.com\\\/avatar\\\/420aaf9278582877d9018637c6817617705899d2858d7572ef0fe59a6b6454b4?s=96&d=mm&r=g\",\"caption\":\"Canal Dana\"},\"url\":\"https:\\\/\\\/dana.com.br\\\/canaldana\\\/author\\\/cdeditor\\\/\"}]}<\/script>\n<!-- \/ Yoast SEO plugin. -->","yoast_head_json":{"title":"Paran\u00e1 inaugura o primeiro Detranzinho, em parceria com o Instituto Renault - Canal Dana","robots":{"index":"index","follow":"follow","max-snippet":"max-snippet:-1","max-image-preview":"max-image-preview:large","max-video-preview":"max-video-preview:-1"},"canonical":"https:\/\/dana.com.br\/canaldana\/2022\/04\/12\/parana-inaugura-o-primeiro-detranzinho-em-parceria-com-o-instituto-renault\/","og_locale":"pt_BR","og_type":"article","og_title":"Paran\u00e1 inaugura o primeiro Detranzinho, em parceria com o Instituto Renault - Canal Dana","og_description":"Coisas de Agora &nbsp; O Departamento de Tr\u00e2nsito do Paran\u00e1 inaugurou nesta segunda-feira (11), em Curitiba, o Detranzinho, uma minicidade que recria um ambiente simulando as condi\u00e7\u00f5es encontradas nas cidades, como cruzamentos, faixa de pedestres, cal\u00e7adas, placas de sinaliza\u00e7\u00e3o, ciclovia, entre outras. &nbsp; A iniciativa conta com a parceira da Renault do Brasil, por meio\u2026 Leia mais \u00bb","og_url":"https:\/\/dana.com.br\/canaldana\/2022\/04\/12\/parana-inaugura-o-primeiro-detranzinho-em-parceria-com-o-instituto-renault\/","og_site_name":"Canal Dana","article_published_time":"2022-04-12T11:35:08+00:00","author":"Canal Dana","twitter_card":"summary_large_image","twitter_misc":{"Escrito por":"Canal Dana","Est. tempo de leitura":"6 minutos"},"schema":{"@context":"https:\/\/schema.org","@graph":[{"@type":"Article","@id":"https:\/\/dana.com.br\/canaldana\/2022\/04\/12\/parana-inaugura-o-primeiro-detranzinho-em-parceria-com-o-instituto-renault\/#article","isPartOf":{"@id":"https:\/\/dana.com.br\/canaldana\/2022\/04\/12\/parana-inaugura-o-primeiro-detranzinho-em-parceria-com-o-instituto-renault\/"},"author":{"name":"Canal Dana","@id":"https:\/\/dana.com.br\/canaldana\/#\/schema\/person\/3c21f22f56fcf3bc46b94bc60ea4fef6"},"headline":"Paran\u00e1 inaugura o primeiro Detranzinho, em parceria com o Instituto Renault","datePublished":"2022-04-12T11:35:08+00:00","mainEntityOfPage":{"@id":"https:\/\/dana.com.br\/canaldana\/2022\/04\/12\/parana-inaugura-o-primeiro-detranzinho-em-parceria-com-o-instituto-renault\/"},"wordCount":1261,"articleSection":["Mercado"],"inLanguage":"pt-BR"},{"@type":"WebPage","@id":"https:\/\/dana.com.br\/canaldana\/2022\/04\/12\/parana-inaugura-o-primeiro-detranzinho-em-parceria-com-o-instituto-renault\/","url":"https:\/\/dana.com.br\/canaldana\/2022\/04\/12\/parana-inaugura-o-primeiro-detranzinho-em-parceria-com-o-instituto-renault\/","name":"Paran\u00e1 inaugura o primeiro Detranzinho, em parceria com o Instituto Renault - Canal Dana","isPartOf":{"@id":"https:\/\/dana.com.br\/canaldana\/#website"},"datePublished":"2022-04-12T11:35:08+00:00","author":{"@id":"https:\/\/dana.com.br\/canaldana\/#\/schema\/person\/3c21f22f56fcf3bc46b94bc60ea4fef6"},"breadcrumb":{"@id":"https:\/\/dana.com.br\/canaldana\/2022\/04\/12\/parana-inaugura-o-primeiro-detranzinho-em-parceria-com-o-instituto-renault\/#breadcrumb"},"inLanguage":"pt-BR","potentialAction":[{"@type":"ReadAction","target":["https:\/\/dana.com.br\/canaldana\/2022\/04\/12\/parana-inaugura-o-primeiro-detranzinho-em-parceria-com-o-instituto-renault\/"]}]},{"@type":"BreadcrumbList","@id":"https:\/\/dana.com.br\/canaldana\/2022\/04\/12\/parana-inaugura-o-primeiro-detranzinho-em-parceria-com-o-instituto-renault\/#breadcrumb","itemListElement":[{"@type":"ListItem","position":1,"name":"Home","item":"https:\/\/dana.com.br\/canaldana\/"},{"@type":"ListItem","position":2,"name":"Mercado","item":"https:\/\/dana.com.br\/canaldana\/mercado\/"},{"@type":"ListItem","position":3,"name":"Paran\u00e1 inaugura o primeiro Detranzinho, em parceria com o Instituto Renault"}]},{"@type":"WebSite","@id":"https:\/\/dana.com.br\/canaldana\/#website","url":"https:\/\/dana.com.br\/canaldana\/","name":"Canal Dana","description":"Informativo com as principais not\u00edcias da ind\u00fastria automotiva","potentialAction":[{"@type":"SearchAction","target":{"@type":"EntryPoint","urlTemplate":"https:\/\/dana.com.br\/canaldana\/?s={search_term_string}"},"query-input":{"@type":"PropertyValueSpecification","valueRequired":true,"valueName":"search_term_string"}}],"inLanguage":"pt-BR"},{"@type":"Person","@id":"https:\/\/dana.com.br\/canaldana\/#\/schema\/person\/3c21f22f56fcf3bc46b94bc60ea4fef6","name":"Canal Dana","image":{"@type":"ImageObject","inLanguage":"pt-BR","@id":"https:\/\/secure.gravatar.com\/avatar\/420aaf9278582877d9018637c6817617705899d2858d7572ef0fe59a6b6454b4?s=96&d=mm&r=g","url":"https:\/\/secure.gravatar.com\/avatar\/420aaf9278582877d9018637c6817617705899d2858d7572ef0fe59a6b6454b4?s=96&d=mm&r=g","contentUrl":"https:\/\/secure.gravatar.com\/avatar\/420aaf9278582877d9018637c6817617705899d2858d7572ef0fe59a6b6454b4?s=96&d=mm&r=g","caption":"Canal Dana"},"url":"https:\/\/dana.com.br\/canaldana\/author\/cdeditor\/"}]}},"_links":{"self":[{"href":"https:\/\/dana.com.br\/canaldana\/wp-json\/wp\/v2\/posts\/57536","targetHints":{"allow":["GET"]}}],"collection":[{"href":"https:\/\/dana.com.br\/canaldana\/wp-json\/wp\/v2\/posts"}],"about":[{"href":"https:\/\/dana.com.br\/canaldana\/wp-json\/wp\/v2\/types\/post"}],"author":[{"embeddable":true,"href":"https:\/\/dana.com.br\/canaldana\/wp-json\/wp\/v2\/users\/3"}],"replies":[{"embeddable":true,"href":"https:\/\/dana.com.br\/canaldana\/wp-json\/wp\/v2\/comments?post=57536"}],"version-history":[{"count":0,"href":"https:\/\/dana.com.br\/canaldana\/wp-json\/wp\/v2\/posts\/57536\/revisions"}],"wp:attachment":[{"href":"https:\/\/dana.com.br\/canaldana\/wp-json\/wp\/v2\/media?parent=57536"}],"wp:term":[{"taxonomy":"category","embeddable":true,"href":"https:\/\/dana.com.br\/canaldana\/wp-json\/wp\/v2\/categories?post=57536"},{"taxonomy":"post_tag","embeddable":true,"href":"https:\/\/dana.com.br\/canaldana\/wp-json\/wp\/v2\/tags?post=57536"}],"curies":[{"name":"wp","href":"https:\/\/api.w.org\/{rel}","templated":true}]}}