{"id":57492,"date":"2022-04-11T08:25:07","date_gmt":"2022-04-11T11:25:07","guid":{"rendered":"https:\/\/dana.com.br\/canaldana\/?p=57492"},"modified":"2022-04-11T08:25:07","modified_gmt":"2022-04-11T11:25:07","slug":"programa-de-renovacao-de-frota-de-caminhoes-vai-precisar-de-r500-mi-por-ano-diz-secretaria","status":"publish","type":"post","link":"https:\/\/dana.com.br\/canaldana\/2022\/04\/11\/programa-de-renovacao-de-frota-de-caminhoes-vai-precisar-de-r500-mi-por-ano-diz-secretaria\/","title":{"rendered":"Programa de renova\u00e7\u00e3o de frota de caminh\u00f5es vai precisar de R$500 mi por ano, diz secret\u00e1ria"},"content":{"rendered":"<p><em>Isto \u00c9 Dinheiro<\/em><\/p>\n<p>&nbsp;<\/p>\n<p>O programa de renova\u00e7\u00e3o de frota de ve\u00edculos recentemente lan\u00e7ado pelo governo federal por meio de Medida Provis\u00f3ria (MP)vai demandar financiamentos da ordem de meio bilh\u00e3o de reais por ano, segundo estimativas iniciais do Minist\u00e9rio da Economia.<\/p>\n<p>&nbsp;<\/p>\n<p>\u201cHoje os valores estimados, e eu destaco que eles s\u00e3o estimados pois ainda carecem de um refinamento, est\u00e3o em torno de 500 milh\u00f5es de reais por ano\u201d, disse a secret\u00e1ria de desenvolvimento da ind\u00fastria, vinculada ao Minist\u00e9rio da Economia, Glenda Lustosa.<\/p>\n<p>&nbsp;<\/p>\n<p>O valor refere-se ao fundo que receber\u00e1 recursos do setor petrol\u00edfero e que ser\u00e1 usado para custear financiamentos para que donos de caminh\u00f5es antigos possam entregar seus ve\u00edculos para sucateamento e obterem em troca cr\u00e9dito para compra de modelos mais novos.<\/p>\n<p>&nbsp;<\/p>\n<p>O programa, chamado de Renovar, foi lan\u00e7ado por meio de MP assinada pelo presidente Jair Bolsonaro na semana passada e deve ser regulamentado \u201cnas pr\u00f3ximas semanas\u201d, estimou Lustosa, que participou de apresenta\u00e7\u00e3o da associa\u00e7\u00e3o de montadoras de ve\u00edculos, Anfavea, nesta sexta-feira.<\/p>\n<p>&nbsp;<\/p>\n<p>Questionados sobre qual seria o volume estimado pela Anfavea de caminh\u00f5es participantes do primeiro ano de opera\u00e7\u00e3o do Renovar, representantes da entidade afirmaram que ele precisa ser regulamentado primeiro para que previs\u00f5es possam ser feitas.<\/p>\n<p>&nbsp;<\/p>\n<p>A entidade citou dado levantado em 2019 que apontava que na \u00e9poca havia cerca de mais de 450 mil caminh\u00f5es com mais de 25 anos de uso no Brasil. (Isto \u00c9 Dinheiro\/Alberto Alerigi Jr e Andr\u00e9 Romani)<\/p>\n","protected":false},"excerpt":{"rendered":"<p>Isto \u00c9 Dinheiro &nbsp; O programa de renova\u00e7\u00e3o de frota de ve\u00edculos recentemente lan\u00e7ado pelo governo federal por meio de Medida Provis\u00f3ria (MP)vai demandar financiamentos da ordem de meio bilh\u00e3o de reais por ano, segundo estimativas iniciais do Minist\u00e9rio da Economia. &nbsp; \u201cHoje os valores estimados, e eu destaco que eles s\u00e3o estimados pois ainda\u2026 <a class=\"readmore\" href=\"https:\/\/dana.com.br\/canaldana\/2022\/04\/11\/programa-de-renovacao-de-frota-de-caminhoes-vai-precisar-de-r500-mi-por-ano-diz-secretaria\/\">Leia mais \u00bb<\/a><\/p>\n","protected":false},"author":3,"featured_media":0,"comment_status":"closed","ping_status":"closed","sticky":false,"template":"","format":"standard","meta":{"_acf_changed":false,"footnotes":""},"categories":[79],"tags":[],"class_list":["post-57492","post","type-post","status-publish","format-standard","hentry","category-mercado"],"acf":[],"yoast_head":"<!-- This site is optimized with the Yoast SEO plugin v27.3 - https:\/\/yoast.com\/product\/yoast-seo-wordpress\/ -->\n<title>Programa de renova\u00e7\u00e3o de frota de caminh\u00f5es vai precisar de R$500 mi por ano, diz secret\u00e1ria - Canal Dana<\/title>\n<meta name=\"robots\" content=\"index, follow, max-snippet:-1, max-image-preview:large, max-video-preview:-1\" \/>\n<link rel=\"canonical\" href=\"https:\/\/dana.com.br\/canaldana\/2022\/04\/11\/programa-de-renovacao-de-frota-de-caminhoes-vai-precisar-de-r500-mi-por-ano-diz-secretaria\/\" \/>\n<meta property=\"og:locale\" content=\"pt_BR\" \/>\n<meta property=\"og:type\" content=\"article\" \/>\n<meta property=\"og:title\" content=\"Programa de renova\u00e7\u00e3o de frota de caminh\u00f5es vai precisar de R$500 mi por ano, diz secret\u00e1ria - Canal Dana\" \/>\n<meta property=\"og:description\" content=\"Isto \u00c9 Dinheiro &nbsp; O programa de renova\u00e7\u00e3o de frota de ve\u00edculos recentemente lan\u00e7ado pelo governo federal por meio de Medida Provis\u00f3ria (MP)vai demandar financiamentos da ordem de meio bilh\u00e3o de reais por ano, segundo estimativas iniciais do Minist\u00e9rio da Economia. &nbsp; \u201cHoje os valores estimados, e eu destaco que eles s\u00e3o estimados pois ainda\u2026 Leia mais \u00bb\" \/>\n<meta property=\"og:url\" content=\"https:\/\/dana.com.br\/canaldana\/2022\/04\/11\/programa-de-renovacao-de-frota-de-caminhoes-vai-precisar-de-r500-mi-por-ano-diz-secretaria\/\" \/>\n<meta property=\"og:site_name\" content=\"Canal Dana\" \/>\n<meta property=\"article:published_time\" content=\"2022-04-11T11:25:07+00:00\" \/>\n<meta name=\"author\" content=\"Canal Dana\" \/>\n<meta name=\"twitter:card\" content=\"summary_large_image\" \/>\n<meta name=\"twitter:label1\" content=\"Escrito por\" \/>\n\t<meta name=\"twitter:data1\" content=\"Canal Dana\" \/>\n\t<meta name=\"twitter:label2\" content=\"Est. tempo de leitura\" \/>\n\t<meta name=\"twitter:data2\" content=\"2 minutos\" \/>\n<script type=\"application\/ld+json\" class=\"yoast-schema-graph\">{\"@context\":\"https:\\\/\\\/schema.org\",\"@graph\":[{\"@type\":\"Article\",\"@id\":\"https:\\\/\\\/dana.com.br\\\/canaldana\\\/2022\\\/04\\\/11\\\/programa-de-renovacao-de-frota-de-caminhoes-vai-precisar-de-r500-mi-por-ano-diz-secretaria\\\/#article\",\"isPartOf\":{\"@id\":\"https:\\\/\\\/dana.com.br\\\/canaldana\\\/2022\\\/04\\\/11\\\/programa-de-renovacao-de-frota-de-caminhoes-vai-precisar-de-r500-mi-por-ano-diz-secretaria\\\/\"},\"author\":{\"name\":\"Canal Dana\",\"@id\":\"https:\\\/\\\/dana.com.br\\\/canaldana\\\/#\\\/schema\\\/person\\\/3c21f22f56fcf3bc46b94bc60ea4fef6\"},\"headline\":\"Programa de renova\u00e7\u00e3o de frota de caminh\u00f5es vai precisar de R$500 mi por ano, diz secret\u00e1ria\",\"datePublished\":\"2022-04-11T11:25:07+00:00\",\"mainEntityOfPage\":{\"@id\":\"https:\\\/\\\/dana.com.br\\\/canaldana\\\/2022\\\/04\\\/11\\\/programa-de-renovacao-de-frota-de-caminhoes-vai-precisar-de-r500-mi-por-ano-diz-secretaria\\\/\"},\"wordCount\":281,\"articleSection\":[\"Mercado\"],\"inLanguage\":\"pt-BR\"},{\"@type\":\"WebPage\",\"@id\":\"https:\\\/\\\/dana.com.br\\\/canaldana\\\/2022\\\/04\\\/11\\\/programa-de-renovacao-de-frota-de-caminhoes-vai-precisar-de-r500-mi-por-ano-diz-secretaria\\\/\",\"url\":\"https:\\\/\\\/dana.com.br\\\/canaldana\\\/2022\\\/04\\\/11\\\/programa-de-renovacao-de-frota-de-caminhoes-vai-precisar-de-r500-mi-por-ano-diz-secretaria\\\/\",\"name\":\"Programa de renova\u00e7\u00e3o de frota de caminh\u00f5es vai precisar de R$500 mi por ano, diz secret\u00e1ria - Canal Dana\",\"isPartOf\":{\"@id\":\"https:\\\/\\\/dana.com.br\\\/canaldana\\\/#website\"},\"datePublished\":\"2022-04-11T11:25:07+00:00\",\"author\":{\"@id\":\"https:\\\/\\\/dana.com.br\\\/canaldana\\\/#\\\/schema\\\/person\\\/3c21f22f56fcf3bc46b94bc60ea4fef6\"},\"breadcrumb\":{\"@id\":\"https:\\\/\\\/dana.com.br\\\/canaldana\\\/2022\\\/04\\\/11\\\/programa-de-renovacao-de-frota-de-caminhoes-vai-precisar-de-r500-mi-por-ano-diz-secretaria\\\/#breadcrumb\"},\"inLanguage\":\"pt-BR\",\"potentialAction\":[{\"@type\":\"ReadAction\",\"target\":[\"https:\\\/\\\/dana.com.br\\\/canaldana\\\/2022\\\/04\\\/11\\\/programa-de-renovacao-de-frota-de-caminhoes-vai-precisar-de-r500-mi-por-ano-diz-secretaria\\\/\"]}]},{\"@type\":\"BreadcrumbList\",\"@id\":\"https:\\\/\\\/dana.com.br\\\/canaldana\\\/2022\\\/04\\\/11\\\/programa-de-renovacao-de-frota-de-caminhoes-vai-precisar-de-r500-mi-por-ano-diz-secretaria\\\/#breadcrumb\",\"itemListElement\":[{\"@type\":\"ListItem\",\"position\":1,\"name\":\"Home\",\"item\":\"https:\\\/\\\/dana.com.br\\\/canaldana\\\/\"},{\"@type\":\"ListItem\",\"position\":2,\"name\":\"Mercado\",\"item\":\"https:\\\/\\\/dana.com.br\\\/canaldana\\\/mercado\\\/\"},{\"@type\":\"ListItem\",\"position\":3,\"name\":\"Programa de renova\u00e7\u00e3o de frota de caminh\u00f5es vai precisar de R$500 mi por ano, diz secret\u00e1ria\"}]},{\"@type\":\"WebSite\",\"@id\":\"https:\\\/\\\/dana.com.br\\\/canaldana\\\/#website\",\"url\":\"https:\\\/\\\/dana.com.br\\\/canaldana\\\/\",\"name\":\"Canal Dana\",\"description\":\"Informativo com as principais not\u00edcias da ind\u00fastria automotiva\",\"potentialAction\":[{\"@type\":\"SearchAction\",\"target\":{\"@type\":\"EntryPoint\",\"urlTemplate\":\"https:\\\/\\\/dana.com.br\\\/canaldana\\\/?s={search_term_string}\"},\"query-input\":{\"@type\":\"PropertyValueSpecification\",\"valueRequired\":true,\"valueName\":\"search_term_string\"}}],\"inLanguage\":\"pt-BR\"},{\"@type\":\"Person\",\"@id\":\"https:\\\/\\\/dana.com.br\\\/canaldana\\\/#\\\/schema\\\/person\\\/3c21f22f56fcf3bc46b94bc60ea4fef6\",\"name\":\"Canal Dana\",\"image\":{\"@type\":\"ImageObject\",\"inLanguage\":\"pt-BR\",\"@id\":\"https:\\\/\\\/secure.gravatar.com\\\/avatar\\\/420aaf9278582877d9018637c6817617705899d2858d7572ef0fe59a6b6454b4?s=96&d=mm&r=g\",\"url\":\"https:\\\/\\\/secure.gravatar.com\\\/avatar\\\/420aaf9278582877d9018637c6817617705899d2858d7572ef0fe59a6b6454b4?s=96&d=mm&r=g\",\"contentUrl\":\"https:\\\/\\\/secure.gravatar.com\\\/avatar\\\/420aaf9278582877d9018637c6817617705899d2858d7572ef0fe59a6b6454b4?s=96&d=mm&r=g\",\"caption\":\"Canal Dana\"},\"url\":\"https:\\\/\\\/dana.com.br\\\/canaldana\\\/author\\\/cdeditor\\\/\"}]}<\/script>\n<!-- \/ Yoast SEO plugin. -->","yoast_head_json":{"title":"Programa de renova\u00e7\u00e3o de frota de caminh\u00f5es vai precisar de R$500 mi por ano, diz secret\u00e1ria - Canal Dana","robots":{"index":"index","follow":"follow","max-snippet":"max-snippet:-1","max-image-preview":"max-image-preview:large","max-video-preview":"max-video-preview:-1"},"canonical":"https:\/\/dana.com.br\/canaldana\/2022\/04\/11\/programa-de-renovacao-de-frota-de-caminhoes-vai-precisar-de-r500-mi-por-ano-diz-secretaria\/","og_locale":"pt_BR","og_type":"article","og_title":"Programa de renova\u00e7\u00e3o de frota de caminh\u00f5es vai precisar de R$500 mi por ano, diz secret\u00e1ria - Canal Dana","og_description":"Isto \u00c9 Dinheiro &nbsp; O programa de renova\u00e7\u00e3o de frota de ve\u00edculos recentemente lan\u00e7ado pelo governo federal por meio de Medida Provis\u00f3ria (MP)vai demandar financiamentos da ordem de meio bilh\u00e3o de reais por ano, segundo estimativas iniciais do Minist\u00e9rio da Economia. &nbsp; \u201cHoje os valores estimados, e eu destaco que eles s\u00e3o estimados pois ainda\u2026 Leia mais \u00bb","og_url":"https:\/\/dana.com.br\/canaldana\/2022\/04\/11\/programa-de-renovacao-de-frota-de-caminhoes-vai-precisar-de-r500-mi-por-ano-diz-secretaria\/","og_site_name":"Canal Dana","article_published_time":"2022-04-11T11:25:07+00:00","author":"Canal Dana","twitter_card":"summary_large_image","twitter_misc":{"Escrito por":"Canal Dana","Est. tempo de leitura":"2 minutos"},"schema":{"@context":"https:\/\/schema.org","@graph":[{"@type":"Article","@id":"https:\/\/dana.com.br\/canaldana\/2022\/04\/11\/programa-de-renovacao-de-frota-de-caminhoes-vai-precisar-de-r500-mi-por-ano-diz-secretaria\/#article","isPartOf":{"@id":"https:\/\/dana.com.br\/canaldana\/2022\/04\/11\/programa-de-renovacao-de-frota-de-caminhoes-vai-precisar-de-r500-mi-por-ano-diz-secretaria\/"},"author":{"name":"Canal Dana","@id":"https:\/\/dana.com.br\/canaldana\/#\/schema\/person\/3c21f22f56fcf3bc46b94bc60ea4fef6"},"headline":"Programa de renova\u00e7\u00e3o de frota de caminh\u00f5es vai precisar de R$500 mi por ano, diz secret\u00e1ria","datePublished":"2022-04-11T11:25:07+00:00","mainEntityOfPage":{"@id":"https:\/\/dana.com.br\/canaldana\/2022\/04\/11\/programa-de-renovacao-de-frota-de-caminhoes-vai-precisar-de-r500-mi-por-ano-diz-secretaria\/"},"wordCount":281,"articleSection":["Mercado"],"inLanguage":"pt-BR"},{"@type":"WebPage","@id":"https:\/\/dana.com.br\/canaldana\/2022\/04\/11\/programa-de-renovacao-de-frota-de-caminhoes-vai-precisar-de-r500-mi-por-ano-diz-secretaria\/","url":"https:\/\/dana.com.br\/canaldana\/2022\/04\/11\/programa-de-renovacao-de-frota-de-caminhoes-vai-precisar-de-r500-mi-por-ano-diz-secretaria\/","name":"Programa de renova\u00e7\u00e3o de frota de caminh\u00f5es vai precisar de R$500 mi por ano, diz secret\u00e1ria - Canal Dana","isPartOf":{"@id":"https:\/\/dana.com.br\/canaldana\/#website"},"datePublished":"2022-04-11T11:25:07+00:00","author":{"@id":"https:\/\/dana.com.br\/canaldana\/#\/schema\/person\/3c21f22f56fcf3bc46b94bc60ea4fef6"},"breadcrumb":{"@id":"https:\/\/dana.com.br\/canaldana\/2022\/04\/11\/programa-de-renovacao-de-frota-de-caminhoes-vai-precisar-de-r500-mi-por-ano-diz-secretaria\/#breadcrumb"},"inLanguage":"pt-BR","potentialAction":[{"@type":"ReadAction","target":["https:\/\/dana.com.br\/canaldana\/2022\/04\/11\/programa-de-renovacao-de-frota-de-caminhoes-vai-precisar-de-r500-mi-por-ano-diz-secretaria\/"]}]},{"@type":"BreadcrumbList","@id":"https:\/\/dana.com.br\/canaldana\/2022\/04\/11\/programa-de-renovacao-de-frota-de-caminhoes-vai-precisar-de-r500-mi-por-ano-diz-secretaria\/#breadcrumb","itemListElement":[{"@type":"ListItem","position":1,"name":"Home","item":"https:\/\/dana.com.br\/canaldana\/"},{"@type":"ListItem","position":2,"name":"Mercado","item":"https:\/\/dana.com.br\/canaldana\/mercado\/"},{"@type":"ListItem","position":3,"name":"Programa de renova\u00e7\u00e3o de frota de caminh\u00f5es vai precisar de R$500 mi por ano, diz secret\u00e1ria"}]},{"@type":"WebSite","@id":"https:\/\/dana.com.br\/canaldana\/#website","url":"https:\/\/dana.com.br\/canaldana\/","name":"Canal Dana","description":"Informativo com as principais not\u00edcias da ind\u00fastria automotiva","potentialAction":[{"@type":"SearchAction","target":{"@type":"EntryPoint","urlTemplate":"https:\/\/dana.com.br\/canaldana\/?s={search_term_string}"},"query-input":{"@type":"PropertyValueSpecification","valueRequired":true,"valueName":"search_term_string"}}],"inLanguage":"pt-BR"},{"@type":"Person","@id":"https:\/\/dana.com.br\/canaldana\/#\/schema\/person\/3c21f22f56fcf3bc46b94bc60ea4fef6","name":"Canal Dana","image":{"@type":"ImageObject","inLanguage":"pt-BR","@id":"https:\/\/secure.gravatar.com\/avatar\/420aaf9278582877d9018637c6817617705899d2858d7572ef0fe59a6b6454b4?s=96&d=mm&r=g","url":"https:\/\/secure.gravatar.com\/avatar\/420aaf9278582877d9018637c6817617705899d2858d7572ef0fe59a6b6454b4?s=96&d=mm&r=g","contentUrl":"https:\/\/secure.gravatar.com\/avatar\/420aaf9278582877d9018637c6817617705899d2858d7572ef0fe59a6b6454b4?s=96&d=mm&r=g","caption":"Canal Dana"},"url":"https:\/\/dana.com.br\/canaldana\/author\/cdeditor\/"}]}},"_links":{"self":[{"href":"https:\/\/dana.com.br\/canaldana\/wp-json\/wp\/v2\/posts\/57492","targetHints":{"allow":["GET"]}}],"collection":[{"href":"https:\/\/dana.com.br\/canaldana\/wp-json\/wp\/v2\/posts"}],"about":[{"href":"https:\/\/dana.com.br\/canaldana\/wp-json\/wp\/v2\/types\/post"}],"author":[{"embeddable":true,"href":"https:\/\/dana.com.br\/canaldana\/wp-json\/wp\/v2\/users\/3"}],"replies":[{"embeddable":true,"href":"https:\/\/dana.com.br\/canaldana\/wp-json\/wp\/v2\/comments?post=57492"}],"version-history":[{"count":0,"href":"https:\/\/dana.com.br\/canaldana\/wp-json\/wp\/v2\/posts\/57492\/revisions"}],"wp:attachment":[{"href":"https:\/\/dana.com.br\/canaldana\/wp-json\/wp\/v2\/media?parent=57492"}],"wp:term":[{"taxonomy":"category","embeddable":true,"href":"https:\/\/dana.com.br\/canaldana\/wp-json\/wp\/v2\/categories?post=57492"},{"taxonomy":"post_tag","embeddable":true,"href":"https:\/\/dana.com.br\/canaldana\/wp-json\/wp\/v2\/tags?post=57492"}],"curies":[{"name":"wp","href":"https:\/\/api.w.org\/{rel}","templated":true}]}}