{"id":57443,"date":"2022-04-07T08:19:39","date_gmt":"2022-04-07T11:19:39","guid":{"rendered":"https:\/\/dana.com.br\/canaldana\/?p=57443"},"modified":"2022-04-07T08:19:39","modified_gmt":"2022-04-07T11:19:39","slug":"parada-de-montadoras-traz-efeito-imediato-a-economia-local-do-abc","status":"publish","type":"post","link":"https:\/\/dana.com.br\/canaldana\/2022\/04\/07\/parada-de-montadoras-traz-efeito-imediato-a-economia-local-do-abc\/","title":{"rendered":"Parada de montadoras traz efeito imediato \u00e0 economia local do ABC"},"content":{"rendered":"<p><em>Rep\u00f3rter Di\u00e1rio <\/em><\/p>\n<p>&nbsp;<\/p>\n<p>O an\u00fancio feito na \u00faltima segunda-feira (04\/04) pela Mercedes-Benz de parar sua linha de montagem de caminh\u00f5es e dar f\u00e9rias coletivas a 5 mil trabalhadores por causa da falta de semicondutores, al\u00e9m de outras paradas j\u00e1 realizadas por outras montadoras, trar\u00e3o consequ\u00eancias a economia da regi\u00e3o. Essa situa\u00e7\u00e3o revela a reestrutura\u00e7\u00e3o da ind\u00fastria automotiva instalada no ABC.<\/p>\n<p>&nbsp;<\/p>\n<p>O economista e professor da Universidade Metodista, Sandro Maskio comentou sobre a parada da Mercedes-Benz e tamb\u00e9m sobre a Scania, que parou sua produ\u00e7\u00e3o entre janeiro e in\u00edcio de fevereiro tamb\u00e9m. Segundo ele haver\u00e1 sim preju\u00edzos regionais e nacionais, mas eles devem ser superados e ele descarta mudan\u00e7as mais radicais como o encerramento dessas linhas de produ\u00e7\u00e3o como ocorreu com a Ford. \u201cEssas paradas s\u00e3o essencialmente por conta da falta de semicondutores e o mundo todo sofre com isso. A pandemia tornou evidente o risco da globaliza\u00e7\u00e3o, porque hoje temos quatro ou cinco empresas que produzem esses materiais; elas est\u00e3o todas na \u00c1sia e n\u00e3o est\u00e3o dando conta, porque os semicondutores s\u00e3o demanda n\u00e3o s\u00f3 da ind\u00fastria de autom\u00f3veis, mas tamb\u00e9m de celulares, computadores e eletrodom\u00e9sticos. Essa ind\u00fastria vai se reestruturar, mas vai demorar, vamos assistir isso ainda em 2022 e talvez em parte de 2023\u201d, analisa.<\/p>\n<p>&nbsp;<\/p>\n<p>Para Maskio, n\u00e3o h\u00e1 ind\u00edcios de que Scania e Mercedes venham a desmobilizar suas linhas de produ\u00e7\u00e3o por conta da demanda pelo que produzem que est\u00e1 elevada. \u201cO principal produto de exporta\u00e7\u00e3o do ABC, em termos de valores, \u00e9 o caminh\u00e3o. Essas paradas j\u00e1 geram um problema nacional quanto a atividade econ\u00f4mica, mas pode trazer problemas regionais tamb\u00e9m como o desemprego indireto, ou seja, em empresas fornecedoras das montadoras\u201d, opina. O professor da Metodista diz que Europa e Estados Unidos j\u00e1 anunciaram processos de reindustrializa\u00e7\u00e3o e a Am\u00e9rica Latina, e o ABC podem ser beneficiados com isso.<\/p>\n<p>&nbsp;<\/p>\n<p>A Volkswagen demitiu no m\u00eas passado 83 trabalhadores que estavam em outras fun\u00e7\u00f5es por conta de problemas de sa\u00fade. A montadora justificou as demiss\u00f5es alegando que a maioria dos desligamentos neste ano ocorreu pelo PDV (Programa de Demiss\u00e3o Volunt\u00e1ria) aberto pela empresa, al\u00e9m de alguns outros casos pontuais de \u2018Desligamento com Direitos\u2019. O Sindicato dos Metal\u00fargicos do ABC trabalha para reverter as demiss\u00f5es.<\/p>\n<p>&nbsp;<\/p>\n<p>Na General Motors os trabalhadores tiveram um dia de lay-off na \u00faltima semana por conta tamb\u00e9m da falta de semicondutores. Segundo o presidente do Sindicato dos Metal\u00fargicos de S\u00e3o Caetano, Aparecido In\u00e1cio da Silva, o Cid\u00e3o, por enquanto n\u00e3o h\u00e1 nada que indique paradas mais longas. \u201cRumores a gente sempre ouve de tudo que \u00e9 lado, mas oficial n\u00e3o tem nada\u201d, garantiu o sindicalista. A GM tem cerca de 7,6 mil funcion\u00e1rios na unidade de S\u00e3o Caetano. (Rep\u00f3rter Di\u00e1rio\/George Garcia)<\/p>\n","protected":false},"excerpt":{"rendered":"<p>Rep\u00f3rter Di\u00e1rio &nbsp; O an\u00fancio feito na \u00faltima segunda-feira (04\/04) pela Mercedes-Benz de parar sua linha de montagem de caminh\u00f5es e dar f\u00e9rias coletivas a 5 mil trabalhadores por causa da falta de semicondutores, al\u00e9m de outras paradas j\u00e1 realizadas por outras montadoras, trar\u00e3o consequ\u00eancias a economia da regi\u00e3o. Essa situa\u00e7\u00e3o revela a reestrutura\u00e7\u00e3o da\u2026 <a class=\"readmore\" href=\"https:\/\/dana.com.br\/canaldana\/2022\/04\/07\/parada-de-montadoras-traz-efeito-imediato-a-economia-local-do-abc\/\">Leia mais \u00bb<\/a><\/p>\n","protected":false},"author":3,"featured_media":0,"comment_status":"closed","ping_status":"closed","sticky":false,"template":"","format":"standard","meta":{"_acf_changed":false,"footnotes":""},"categories":[79],"tags":[],"class_list":["post-57443","post","type-post","status-publish","format-standard","hentry","category-mercado"],"acf":[],"yoast_head":"<!-- This site is optimized with the Yoast SEO plugin v27.3 - https:\/\/yoast.com\/product\/yoast-seo-wordpress\/ -->\n<title>Parada de montadoras traz efeito imediato \u00e0 economia local do ABC - Canal Dana<\/title>\n<meta name=\"robots\" content=\"index, follow, max-snippet:-1, max-image-preview:large, max-video-preview:-1\" \/>\n<link rel=\"canonical\" href=\"https:\/\/dana.com.br\/canaldana\/2022\/04\/07\/parada-de-montadoras-traz-efeito-imediato-a-economia-local-do-abc\/\" \/>\n<meta property=\"og:locale\" content=\"pt_BR\" \/>\n<meta property=\"og:type\" content=\"article\" \/>\n<meta property=\"og:title\" content=\"Parada de montadoras traz efeito imediato \u00e0 economia local do ABC - Canal Dana\" \/>\n<meta property=\"og:description\" content=\"Rep\u00f3rter Di\u00e1rio &nbsp; O an\u00fancio feito na \u00faltima segunda-feira (04\/04) pela Mercedes-Benz de parar sua linha de montagem de caminh\u00f5es e dar f\u00e9rias coletivas a 5 mil trabalhadores por causa da falta de semicondutores, al\u00e9m de outras paradas j\u00e1 realizadas por outras montadoras, trar\u00e3o consequ\u00eancias a economia da regi\u00e3o. Essa situa\u00e7\u00e3o revela a reestrutura\u00e7\u00e3o da\u2026 Leia mais \u00bb\" \/>\n<meta property=\"og:url\" content=\"https:\/\/dana.com.br\/canaldana\/2022\/04\/07\/parada-de-montadoras-traz-efeito-imediato-a-economia-local-do-abc\/\" \/>\n<meta property=\"og:site_name\" content=\"Canal Dana\" \/>\n<meta property=\"article:published_time\" content=\"2022-04-07T11:19:39+00:00\" \/>\n<meta name=\"author\" content=\"Canal Dana\" \/>\n<meta name=\"twitter:card\" content=\"summary_large_image\" \/>\n<meta name=\"twitter:label1\" content=\"Escrito por\" \/>\n\t<meta name=\"twitter:data1\" content=\"Canal Dana\" \/>\n\t<meta name=\"twitter:label2\" content=\"Est. tempo de leitura\" \/>\n\t<meta name=\"twitter:data2\" content=\"3 minutos\" \/>\n<script type=\"application\/ld+json\" class=\"yoast-schema-graph\">{\"@context\":\"https:\\\/\\\/schema.org\",\"@graph\":[{\"@type\":\"Article\",\"@id\":\"https:\\\/\\\/dana.com.br\\\/canaldana\\\/2022\\\/04\\\/07\\\/parada-de-montadoras-traz-efeito-imediato-a-economia-local-do-abc\\\/#article\",\"isPartOf\":{\"@id\":\"https:\\\/\\\/dana.com.br\\\/canaldana\\\/2022\\\/04\\\/07\\\/parada-de-montadoras-traz-efeito-imediato-a-economia-local-do-abc\\\/\"},\"author\":{\"name\":\"Canal Dana\",\"@id\":\"https:\\\/\\\/dana.com.br\\\/canaldana\\\/#\\\/schema\\\/person\\\/3c21f22f56fcf3bc46b94bc60ea4fef6\"},\"headline\":\"Parada de montadoras traz efeito imediato \u00e0 economia local do ABC\",\"datePublished\":\"2022-04-07T11:19:39+00:00\",\"mainEntityOfPage\":{\"@id\":\"https:\\\/\\\/dana.com.br\\\/canaldana\\\/2022\\\/04\\\/07\\\/parada-de-montadoras-traz-efeito-imediato-a-economia-local-do-abc\\\/\"},\"wordCount\":514,\"articleSection\":[\"Mercado\"],\"inLanguage\":\"pt-BR\"},{\"@type\":\"WebPage\",\"@id\":\"https:\\\/\\\/dana.com.br\\\/canaldana\\\/2022\\\/04\\\/07\\\/parada-de-montadoras-traz-efeito-imediato-a-economia-local-do-abc\\\/\",\"url\":\"https:\\\/\\\/dana.com.br\\\/canaldana\\\/2022\\\/04\\\/07\\\/parada-de-montadoras-traz-efeito-imediato-a-economia-local-do-abc\\\/\",\"name\":\"Parada de montadoras traz efeito imediato \u00e0 economia local do ABC - Canal Dana\",\"isPartOf\":{\"@id\":\"https:\\\/\\\/dana.com.br\\\/canaldana\\\/#website\"},\"datePublished\":\"2022-04-07T11:19:39+00:00\",\"author\":{\"@id\":\"https:\\\/\\\/dana.com.br\\\/canaldana\\\/#\\\/schema\\\/person\\\/3c21f22f56fcf3bc46b94bc60ea4fef6\"},\"breadcrumb\":{\"@id\":\"https:\\\/\\\/dana.com.br\\\/canaldana\\\/2022\\\/04\\\/07\\\/parada-de-montadoras-traz-efeito-imediato-a-economia-local-do-abc\\\/#breadcrumb\"},\"inLanguage\":\"pt-BR\",\"potentialAction\":[{\"@type\":\"ReadAction\",\"target\":[\"https:\\\/\\\/dana.com.br\\\/canaldana\\\/2022\\\/04\\\/07\\\/parada-de-montadoras-traz-efeito-imediato-a-economia-local-do-abc\\\/\"]}]},{\"@type\":\"BreadcrumbList\",\"@id\":\"https:\\\/\\\/dana.com.br\\\/canaldana\\\/2022\\\/04\\\/07\\\/parada-de-montadoras-traz-efeito-imediato-a-economia-local-do-abc\\\/#breadcrumb\",\"itemListElement\":[{\"@type\":\"ListItem\",\"position\":1,\"name\":\"Home\",\"item\":\"https:\\\/\\\/dana.com.br\\\/canaldana\\\/\"},{\"@type\":\"ListItem\",\"position\":2,\"name\":\"Mercado\",\"item\":\"https:\\\/\\\/dana.com.br\\\/canaldana\\\/mercado\\\/\"},{\"@type\":\"ListItem\",\"position\":3,\"name\":\"Parada de montadoras traz efeito imediato \u00e0 economia local do ABC\"}]},{\"@type\":\"WebSite\",\"@id\":\"https:\\\/\\\/dana.com.br\\\/canaldana\\\/#website\",\"url\":\"https:\\\/\\\/dana.com.br\\\/canaldana\\\/\",\"name\":\"Canal Dana\",\"description\":\"Informativo com as principais not\u00edcias da ind\u00fastria automotiva\",\"potentialAction\":[{\"@type\":\"SearchAction\",\"target\":{\"@type\":\"EntryPoint\",\"urlTemplate\":\"https:\\\/\\\/dana.com.br\\\/canaldana\\\/?s={search_term_string}\"},\"query-input\":{\"@type\":\"PropertyValueSpecification\",\"valueRequired\":true,\"valueName\":\"search_term_string\"}}],\"inLanguage\":\"pt-BR\"},{\"@type\":\"Person\",\"@id\":\"https:\\\/\\\/dana.com.br\\\/canaldana\\\/#\\\/schema\\\/person\\\/3c21f22f56fcf3bc46b94bc60ea4fef6\",\"name\":\"Canal Dana\",\"image\":{\"@type\":\"ImageObject\",\"inLanguage\":\"pt-BR\",\"@id\":\"https:\\\/\\\/secure.gravatar.com\\\/avatar\\\/420aaf9278582877d9018637c6817617705899d2858d7572ef0fe59a6b6454b4?s=96&d=mm&r=g\",\"url\":\"https:\\\/\\\/secure.gravatar.com\\\/avatar\\\/420aaf9278582877d9018637c6817617705899d2858d7572ef0fe59a6b6454b4?s=96&d=mm&r=g\",\"contentUrl\":\"https:\\\/\\\/secure.gravatar.com\\\/avatar\\\/420aaf9278582877d9018637c6817617705899d2858d7572ef0fe59a6b6454b4?s=96&d=mm&r=g\",\"caption\":\"Canal Dana\"},\"url\":\"https:\\\/\\\/dana.com.br\\\/canaldana\\\/author\\\/cdeditor\\\/\"}]}<\/script>\n<!-- \/ Yoast SEO plugin. -->","yoast_head_json":{"title":"Parada de montadoras traz efeito imediato \u00e0 economia local do ABC - Canal Dana","robots":{"index":"index","follow":"follow","max-snippet":"max-snippet:-1","max-image-preview":"max-image-preview:large","max-video-preview":"max-video-preview:-1"},"canonical":"https:\/\/dana.com.br\/canaldana\/2022\/04\/07\/parada-de-montadoras-traz-efeito-imediato-a-economia-local-do-abc\/","og_locale":"pt_BR","og_type":"article","og_title":"Parada de montadoras traz efeito imediato \u00e0 economia local do ABC - Canal Dana","og_description":"Rep\u00f3rter Di\u00e1rio &nbsp; O an\u00fancio feito na \u00faltima segunda-feira (04\/04) pela Mercedes-Benz de parar sua linha de montagem de caminh\u00f5es e dar f\u00e9rias coletivas a 5 mil trabalhadores por causa da falta de semicondutores, al\u00e9m de outras paradas j\u00e1 realizadas por outras montadoras, trar\u00e3o consequ\u00eancias a economia da regi\u00e3o. Essa situa\u00e7\u00e3o revela a reestrutura\u00e7\u00e3o da\u2026 Leia mais \u00bb","og_url":"https:\/\/dana.com.br\/canaldana\/2022\/04\/07\/parada-de-montadoras-traz-efeito-imediato-a-economia-local-do-abc\/","og_site_name":"Canal Dana","article_published_time":"2022-04-07T11:19:39+00:00","author":"Canal Dana","twitter_card":"summary_large_image","twitter_misc":{"Escrito por":"Canal Dana","Est. tempo de leitura":"3 minutos"},"schema":{"@context":"https:\/\/schema.org","@graph":[{"@type":"Article","@id":"https:\/\/dana.com.br\/canaldana\/2022\/04\/07\/parada-de-montadoras-traz-efeito-imediato-a-economia-local-do-abc\/#article","isPartOf":{"@id":"https:\/\/dana.com.br\/canaldana\/2022\/04\/07\/parada-de-montadoras-traz-efeito-imediato-a-economia-local-do-abc\/"},"author":{"name":"Canal Dana","@id":"https:\/\/dana.com.br\/canaldana\/#\/schema\/person\/3c21f22f56fcf3bc46b94bc60ea4fef6"},"headline":"Parada de montadoras traz efeito imediato \u00e0 economia local do ABC","datePublished":"2022-04-07T11:19:39+00:00","mainEntityOfPage":{"@id":"https:\/\/dana.com.br\/canaldana\/2022\/04\/07\/parada-de-montadoras-traz-efeito-imediato-a-economia-local-do-abc\/"},"wordCount":514,"articleSection":["Mercado"],"inLanguage":"pt-BR"},{"@type":"WebPage","@id":"https:\/\/dana.com.br\/canaldana\/2022\/04\/07\/parada-de-montadoras-traz-efeito-imediato-a-economia-local-do-abc\/","url":"https:\/\/dana.com.br\/canaldana\/2022\/04\/07\/parada-de-montadoras-traz-efeito-imediato-a-economia-local-do-abc\/","name":"Parada de montadoras traz efeito imediato \u00e0 economia local do ABC - Canal Dana","isPartOf":{"@id":"https:\/\/dana.com.br\/canaldana\/#website"},"datePublished":"2022-04-07T11:19:39+00:00","author":{"@id":"https:\/\/dana.com.br\/canaldana\/#\/schema\/person\/3c21f22f56fcf3bc46b94bc60ea4fef6"},"breadcrumb":{"@id":"https:\/\/dana.com.br\/canaldana\/2022\/04\/07\/parada-de-montadoras-traz-efeito-imediato-a-economia-local-do-abc\/#breadcrumb"},"inLanguage":"pt-BR","potentialAction":[{"@type":"ReadAction","target":["https:\/\/dana.com.br\/canaldana\/2022\/04\/07\/parada-de-montadoras-traz-efeito-imediato-a-economia-local-do-abc\/"]}]},{"@type":"BreadcrumbList","@id":"https:\/\/dana.com.br\/canaldana\/2022\/04\/07\/parada-de-montadoras-traz-efeito-imediato-a-economia-local-do-abc\/#breadcrumb","itemListElement":[{"@type":"ListItem","position":1,"name":"Home","item":"https:\/\/dana.com.br\/canaldana\/"},{"@type":"ListItem","position":2,"name":"Mercado","item":"https:\/\/dana.com.br\/canaldana\/mercado\/"},{"@type":"ListItem","position":3,"name":"Parada de montadoras traz efeito imediato \u00e0 economia local do ABC"}]},{"@type":"WebSite","@id":"https:\/\/dana.com.br\/canaldana\/#website","url":"https:\/\/dana.com.br\/canaldana\/","name":"Canal Dana","description":"Informativo com as principais not\u00edcias da ind\u00fastria automotiva","potentialAction":[{"@type":"SearchAction","target":{"@type":"EntryPoint","urlTemplate":"https:\/\/dana.com.br\/canaldana\/?s={search_term_string}"},"query-input":{"@type":"PropertyValueSpecification","valueRequired":true,"valueName":"search_term_string"}}],"inLanguage":"pt-BR"},{"@type":"Person","@id":"https:\/\/dana.com.br\/canaldana\/#\/schema\/person\/3c21f22f56fcf3bc46b94bc60ea4fef6","name":"Canal Dana","image":{"@type":"ImageObject","inLanguage":"pt-BR","@id":"https:\/\/secure.gravatar.com\/avatar\/420aaf9278582877d9018637c6817617705899d2858d7572ef0fe59a6b6454b4?s=96&d=mm&r=g","url":"https:\/\/secure.gravatar.com\/avatar\/420aaf9278582877d9018637c6817617705899d2858d7572ef0fe59a6b6454b4?s=96&d=mm&r=g","contentUrl":"https:\/\/secure.gravatar.com\/avatar\/420aaf9278582877d9018637c6817617705899d2858d7572ef0fe59a6b6454b4?s=96&d=mm&r=g","caption":"Canal Dana"},"url":"https:\/\/dana.com.br\/canaldana\/author\/cdeditor\/"}]}},"_links":{"self":[{"href":"https:\/\/dana.com.br\/canaldana\/wp-json\/wp\/v2\/posts\/57443","targetHints":{"allow":["GET"]}}],"collection":[{"href":"https:\/\/dana.com.br\/canaldana\/wp-json\/wp\/v2\/posts"}],"about":[{"href":"https:\/\/dana.com.br\/canaldana\/wp-json\/wp\/v2\/types\/post"}],"author":[{"embeddable":true,"href":"https:\/\/dana.com.br\/canaldana\/wp-json\/wp\/v2\/users\/3"}],"replies":[{"embeddable":true,"href":"https:\/\/dana.com.br\/canaldana\/wp-json\/wp\/v2\/comments?post=57443"}],"version-history":[{"count":0,"href":"https:\/\/dana.com.br\/canaldana\/wp-json\/wp\/v2\/posts\/57443\/revisions"}],"wp:attachment":[{"href":"https:\/\/dana.com.br\/canaldana\/wp-json\/wp\/v2\/media?parent=57443"}],"wp:term":[{"taxonomy":"category","embeddable":true,"href":"https:\/\/dana.com.br\/canaldana\/wp-json\/wp\/v2\/categories?post=57443"},{"taxonomy":"post_tag","embeddable":true,"href":"https:\/\/dana.com.br\/canaldana\/wp-json\/wp\/v2\/tags?post=57443"}],"curies":[{"name":"wp","href":"https:\/\/api.w.org\/{rel}","templated":true}]}}