{"id":57408,"date":"2022-04-06T08:32:27","date_gmt":"2022-04-06T11:32:27","guid":{"rendered":"https:\/\/dana.com.br\/canaldana\/?p=57408"},"modified":"2022-04-06T08:32:27","modified_gmt":"2022-04-06T11:32:27","slug":"continental-pneus-celebra-16-anos-de-operacao-em-camacari","status":"publish","type":"post","link":"https:\/\/dana.com.br\/canaldana\/2022\/04\/06\/continental-pneus-celebra-16-anos-de-operacao-em-camacari\/","title":{"rendered":"Continental Pneus celebra 16 anos de opera\u00e7\u00e3o em Cama\u00e7ari"},"content":{"rendered":"<p><em>Blog do Ricardo Ribas<\/em><\/p>\n<p>&nbsp;<\/p>\n<p>A Continental completa em abril 16 anos de opera\u00e7\u00e3o no Polo Industrial de Cama\u00e7ari, se tornando refer\u00eancia como uma grande geradora de empregos na regi\u00e3o. A unidade da Regi\u00e3o Metropolitana de Salvador (RMS) \u00e9 a maior f\u00e1brica da marca alem\u00e3 no Brasil, contando com cerca de 2.300 colaboradores, sendo que 56% s\u00e3o moradores de Cama\u00e7ari, contribuindo para o desenvolvimento regional e inser\u00e7\u00e3o no mercado de trabalho da comunidade local.<\/p>\n<p>&nbsp;<\/p>\n<p>Com uma cultura de gest\u00e3o humanizada, o grupo \u00e9 reconhecido como um dos melhores para trabalhar. Em 2021, a multinacional conquistou o certificado Great Place to Work (GPTW), se destacando entre as marcas empregadoras no Brasil. A pesquisa avalia a opini\u00e3o dos colaboradores sobre as atividades desempenhadas, a equipe em geral e o ambiente organizacional.<\/p>\n<p>&nbsp;<\/p>\n<p>A empresa tamb\u00e9m foi um dos destaques na Premia\u00e7\u00e3o Excel\u00eancia em Gest\u00e3o de Pessoas, realizada pelo Grupo Gest\u00e3o RH com o apoio t\u00e9cnico da FGV in Company. O estudo revela as organiza\u00e7\u00f5es com melhor \u00edndice de ICH (Investimento em Capital Humano), que \u00e9 sustentado por quatro pilares: Sa\u00fade Psicol\u00f3gica dos Funcion\u00e1rios, Cidadania Corporativa, Desenvolvimento Humano e Organizacional e Pr\u00e1ticas em Gest\u00e3o de Pessoas.<\/p>\n<p>&nbsp;<\/p>\n<p>Esses reconhecimentos refletem a profunda jornada de transforma\u00e7\u00e3o cultural em curso na Continental, que vem sendo cada vez mais fomentada e incentivada. \u201cInvestimos em Gest\u00e3o Humanizada, com forma\u00e7\u00e3o das lideran\u00e7as e defini\u00e7\u00e3o de uma estrat\u00e9gia clara para fortalecer o engajamento da equipe, fomentar um ambiente de respeito e incentivar uma cultura protagonista\u201d, pontua Ana Cl\u00e1udia Oliveira, vice-presidente de Rela\u00e7\u00f5es Humanas para o Brasil e Argentina.<\/p>\n<p>&nbsp;<\/p>\n<p>Para o diretor da Continental Pneus, S\u00e9rgio Rocha, essa cultura faz a diferen\u00e7a na constru\u00e7\u00e3o de uma s\u00f3lida rela\u00e7\u00e3o de confian\u00e7a e compromisso com clientes, fornecedores, colaboradores e comunidade. \u201cFortalecer as rela\u00e7\u00f5es, trabalhar com prop\u00f3sito e com toda equipe engajada impulsionam nossos resultados\u201d, ressalta o diretor. (Blog do Ricardo Ribas)<\/p>\n","protected":false},"excerpt":{"rendered":"<p>Blog do Ricardo Ribas &nbsp; A Continental completa em abril 16 anos de opera\u00e7\u00e3o no Polo Industrial de Cama\u00e7ari, se tornando refer\u00eancia como uma grande geradora de empregos na regi\u00e3o. A unidade da Regi\u00e3o Metropolitana de Salvador (RMS) \u00e9 a maior f\u00e1brica da marca alem\u00e3 no Brasil, contando com cerca de 2.300 colaboradores, sendo que\u2026 <a class=\"readmore\" href=\"https:\/\/dana.com.br\/canaldana\/2022\/04\/06\/continental-pneus-celebra-16-anos-de-operacao-em-camacari\/\">Leia mais \u00bb<\/a><\/p>\n","protected":false},"author":3,"featured_media":0,"comment_status":"closed","ping_status":"closed","sticky":false,"template":"","format":"standard","meta":{"_acf_changed":false,"footnotes":""},"categories":[79],"tags":[],"class_list":["post-57408","post","type-post","status-publish","format-standard","hentry","category-mercado"],"acf":[],"yoast_head":"<!-- This site is optimized with the Yoast SEO plugin v27.3 - https:\/\/yoast.com\/product\/yoast-seo-wordpress\/ -->\n<title>Continental Pneus celebra 16 anos de opera\u00e7\u00e3o em Cama\u00e7ari - Canal Dana<\/title>\n<meta name=\"robots\" content=\"index, follow, max-snippet:-1, max-image-preview:large, max-video-preview:-1\" \/>\n<link rel=\"canonical\" href=\"https:\/\/dana.com.br\/canaldana\/2022\/04\/06\/continental-pneus-celebra-16-anos-de-operacao-em-camacari\/\" \/>\n<meta property=\"og:locale\" content=\"pt_BR\" \/>\n<meta property=\"og:type\" content=\"article\" \/>\n<meta property=\"og:title\" content=\"Continental Pneus celebra 16 anos de opera\u00e7\u00e3o em Cama\u00e7ari - Canal Dana\" \/>\n<meta property=\"og:description\" content=\"Blog do Ricardo Ribas &nbsp; A Continental completa em abril 16 anos de opera\u00e7\u00e3o no Polo Industrial de Cama\u00e7ari, se tornando refer\u00eancia como uma grande geradora de empregos na regi\u00e3o. A unidade da Regi\u00e3o Metropolitana de Salvador (RMS) \u00e9 a maior f\u00e1brica da marca alem\u00e3 no Brasil, contando com cerca de 2.300 colaboradores, sendo que\u2026 Leia mais \u00bb\" \/>\n<meta property=\"og:url\" content=\"https:\/\/dana.com.br\/canaldana\/2022\/04\/06\/continental-pneus-celebra-16-anos-de-operacao-em-camacari\/\" \/>\n<meta property=\"og:site_name\" content=\"Canal Dana\" \/>\n<meta property=\"article:published_time\" content=\"2022-04-06T11:32:27+00:00\" \/>\n<meta name=\"author\" content=\"Canal Dana\" \/>\n<meta name=\"twitter:card\" content=\"summary_large_image\" \/>\n<meta name=\"twitter:label1\" content=\"Escrito por\" \/>\n\t<meta name=\"twitter:data1\" content=\"Canal Dana\" \/>\n\t<meta name=\"twitter:label2\" content=\"Est. tempo de leitura\" \/>\n\t<meta name=\"twitter:data2\" content=\"2 minutos\" \/>\n<script type=\"application\/ld+json\" class=\"yoast-schema-graph\">{\"@context\":\"https:\\\/\\\/schema.org\",\"@graph\":[{\"@type\":\"Article\",\"@id\":\"https:\\\/\\\/dana.com.br\\\/canaldana\\\/2022\\\/04\\\/06\\\/continental-pneus-celebra-16-anos-de-operacao-em-camacari\\\/#article\",\"isPartOf\":{\"@id\":\"https:\\\/\\\/dana.com.br\\\/canaldana\\\/2022\\\/04\\\/06\\\/continental-pneus-celebra-16-anos-de-operacao-em-camacari\\\/\"},\"author\":{\"name\":\"Canal Dana\",\"@id\":\"https:\\\/\\\/dana.com.br\\\/canaldana\\\/#\\\/schema\\\/person\\\/3c21f22f56fcf3bc46b94bc60ea4fef6\"},\"headline\":\"Continental Pneus celebra 16 anos de opera\u00e7\u00e3o em Cama\u00e7ari\",\"datePublished\":\"2022-04-06T11:32:27+00:00\",\"mainEntityOfPage\":{\"@id\":\"https:\\\/\\\/dana.com.br\\\/canaldana\\\/2022\\\/04\\\/06\\\/continental-pneus-celebra-16-anos-de-operacao-em-camacari\\\/\"},\"wordCount\":353,\"articleSection\":[\"Mercado\"],\"inLanguage\":\"pt-BR\"},{\"@type\":\"WebPage\",\"@id\":\"https:\\\/\\\/dana.com.br\\\/canaldana\\\/2022\\\/04\\\/06\\\/continental-pneus-celebra-16-anos-de-operacao-em-camacari\\\/\",\"url\":\"https:\\\/\\\/dana.com.br\\\/canaldana\\\/2022\\\/04\\\/06\\\/continental-pneus-celebra-16-anos-de-operacao-em-camacari\\\/\",\"name\":\"Continental Pneus celebra 16 anos de opera\u00e7\u00e3o em Cama\u00e7ari - Canal Dana\",\"isPartOf\":{\"@id\":\"https:\\\/\\\/dana.com.br\\\/canaldana\\\/#website\"},\"datePublished\":\"2022-04-06T11:32:27+00:00\",\"author\":{\"@id\":\"https:\\\/\\\/dana.com.br\\\/canaldana\\\/#\\\/schema\\\/person\\\/3c21f22f56fcf3bc46b94bc60ea4fef6\"},\"breadcrumb\":{\"@id\":\"https:\\\/\\\/dana.com.br\\\/canaldana\\\/2022\\\/04\\\/06\\\/continental-pneus-celebra-16-anos-de-operacao-em-camacari\\\/#breadcrumb\"},\"inLanguage\":\"pt-BR\",\"potentialAction\":[{\"@type\":\"ReadAction\",\"target\":[\"https:\\\/\\\/dana.com.br\\\/canaldana\\\/2022\\\/04\\\/06\\\/continental-pneus-celebra-16-anos-de-operacao-em-camacari\\\/\"]}]},{\"@type\":\"BreadcrumbList\",\"@id\":\"https:\\\/\\\/dana.com.br\\\/canaldana\\\/2022\\\/04\\\/06\\\/continental-pneus-celebra-16-anos-de-operacao-em-camacari\\\/#breadcrumb\",\"itemListElement\":[{\"@type\":\"ListItem\",\"position\":1,\"name\":\"Home\",\"item\":\"https:\\\/\\\/dana.com.br\\\/canaldana\\\/\"},{\"@type\":\"ListItem\",\"position\":2,\"name\":\"Mercado\",\"item\":\"https:\\\/\\\/dana.com.br\\\/canaldana\\\/mercado\\\/\"},{\"@type\":\"ListItem\",\"position\":3,\"name\":\"Continental Pneus celebra 16 anos de opera\u00e7\u00e3o em Cama\u00e7ari\"}]},{\"@type\":\"WebSite\",\"@id\":\"https:\\\/\\\/dana.com.br\\\/canaldana\\\/#website\",\"url\":\"https:\\\/\\\/dana.com.br\\\/canaldana\\\/\",\"name\":\"Canal Dana\",\"description\":\"Informativo com as principais not\u00edcias da ind\u00fastria automotiva\",\"potentialAction\":[{\"@type\":\"SearchAction\",\"target\":{\"@type\":\"EntryPoint\",\"urlTemplate\":\"https:\\\/\\\/dana.com.br\\\/canaldana\\\/?s={search_term_string}\"},\"query-input\":{\"@type\":\"PropertyValueSpecification\",\"valueRequired\":true,\"valueName\":\"search_term_string\"}}],\"inLanguage\":\"pt-BR\"},{\"@type\":\"Person\",\"@id\":\"https:\\\/\\\/dana.com.br\\\/canaldana\\\/#\\\/schema\\\/person\\\/3c21f22f56fcf3bc46b94bc60ea4fef6\",\"name\":\"Canal Dana\",\"image\":{\"@type\":\"ImageObject\",\"inLanguage\":\"pt-BR\",\"@id\":\"https:\\\/\\\/secure.gravatar.com\\\/avatar\\\/420aaf9278582877d9018637c6817617705899d2858d7572ef0fe59a6b6454b4?s=96&d=mm&r=g\",\"url\":\"https:\\\/\\\/secure.gravatar.com\\\/avatar\\\/420aaf9278582877d9018637c6817617705899d2858d7572ef0fe59a6b6454b4?s=96&d=mm&r=g\",\"contentUrl\":\"https:\\\/\\\/secure.gravatar.com\\\/avatar\\\/420aaf9278582877d9018637c6817617705899d2858d7572ef0fe59a6b6454b4?s=96&d=mm&r=g\",\"caption\":\"Canal Dana\"},\"url\":\"https:\\\/\\\/dana.com.br\\\/canaldana\\\/author\\\/cdeditor\\\/\"}]}<\/script>\n<!-- \/ Yoast SEO plugin. -->","yoast_head_json":{"title":"Continental Pneus celebra 16 anos de opera\u00e7\u00e3o em Cama\u00e7ari - Canal Dana","robots":{"index":"index","follow":"follow","max-snippet":"max-snippet:-1","max-image-preview":"max-image-preview:large","max-video-preview":"max-video-preview:-1"},"canonical":"https:\/\/dana.com.br\/canaldana\/2022\/04\/06\/continental-pneus-celebra-16-anos-de-operacao-em-camacari\/","og_locale":"pt_BR","og_type":"article","og_title":"Continental Pneus celebra 16 anos de opera\u00e7\u00e3o em Cama\u00e7ari - Canal Dana","og_description":"Blog do Ricardo Ribas &nbsp; A Continental completa em abril 16 anos de opera\u00e7\u00e3o no Polo Industrial de Cama\u00e7ari, se tornando refer\u00eancia como uma grande geradora de empregos na regi\u00e3o. A unidade da Regi\u00e3o Metropolitana de Salvador (RMS) \u00e9 a maior f\u00e1brica da marca alem\u00e3 no Brasil, contando com cerca de 2.300 colaboradores, sendo que\u2026 Leia mais \u00bb","og_url":"https:\/\/dana.com.br\/canaldana\/2022\/04\/06\/continental-pneus-celebra-16-anos-de-operacao-em-camacari\/","og_site_name":"Canal Dana","article_published_time":"2022-04-06T11:32:27+00:00","author":"Canal Dana","twitter_card":"summary_large_image","twitter_misc":{"Escrito por":"Canal Dana","Est. tempo de leitura":"2 minutos"},"schema":{"@context":"https:\/\/schema.org","@graph":[{"@type":"Article","@id":"https:\/\/dana.com.br\/canaldana\/2022\/04\/06\/continental-pneus-celebra-16-anos-de-operacao-em-camacari\/#article","isPartOf":{"@id":"https:\/\/dana.com.br\/canaldana\/2022\/04\/06\/continental-pneus-celebra-16-anos-de-operacao-em-camacari\/"},"author":{"name":"Canal Dana","@id":"https:\/\/dana.com.br\/canaldana\/#\/schema\/person\/3c21f22f56fcf3bc46b94bc60ea4fef6"},"headline":"Continental Pneus celebra 16 anos de opera\u00e7\u00e3o em Cama\u00e7ari","datePublished":"2022-04-06T11:32:27+00:00","mainEntityOfPage":{"@id":"https:\/\/dana.com.br\/canaldana\/2022\/04\/06\/continental-pneus-celebra-16-anos-de-operacao-em-camacari\/"},"wordCount":353,"articleSection":["Mercado"],"inLanguage":"pt-BR"},{"@type":"WebPage","@id":"https:\/\/dana.com.br\/canaldana\/2022\/04\/06\/continental-pneus-celebra-16-anos-de-operacao-em-camacari\/","url":"https:\/\/dana.com.br\/canaldana\/2022\/04\/06\/continental-pneus-celebra-16-anos-de-operacao-em-camacari\/","name":"Continental Pneus celebra 16 anos de opera\u00e7\u00e3o em Cama\u00e7ari - Canal Dana","isPartOf":{"@id":"https:\/\/dana.com.br\/canaldana\/#website"},"datePublished":"2022-04-06T11:32:27+00:00","author":{"@id":"https:\/\/dana.com.br\/canaldana\/#\/schema\/person\/3c21f22f56fcf3bc46b94bc60ea4fef6"},"breadcrumb":{"@id":"https:\/\/dana.com.br\/canaldana\/2022\/04\/06\/continental-pneus-celebra-16-anos-de-operacao-em-camacari\/#breadcrumb"},"inLanguage":"pt-BR","potentialAction":[{"@type":"ReadAction","target":["https:\/\/dana.com.br\/canaldana\/2022\/04\/06\/continental-pneus-celebra-16-anos-de-operacao-em-camacari\/"]}]},{"@type":"BreadcrumbList","@id":"https:\/\/dana.com.br\/canaldana\/2022\/04\/06\/continental-pneus-celebra-16-anos-de-operacao-em-camacari\/#breadcrumb","itemListElement":[{"@type":"ListItem","position":1,"name":"Home","item":"https:\/\/dana.com.br\/canaldana\/"},{"@type":"ListItem","position":2,"name":"Mercado","item":"https:\/\/dana.com.br\/canaldana\/mercado\/"},{"@type":"ListItem","position":3,"name":"Continental Pneus celebra 16 anos de opera\u00e7\u00e3o em Cama\u00e7ari"}]},{"@type":"WebSite","@id":"https:\/\/dana.com.br\/canaldana\/#website","url":"https:\/\/dana.com.br\/canaldana\/","name":"Canal Dana","description":"Informativo com as principais not\u00edcias da ind\u00fastria automotiva","potentialAction":[{"@type":"SearchAction","target":{"@type":"EntryPoint","urlTemplate":"https:\/\/dana.com.br\/canaldana\/?s={search_term_string}"},"query-input":{"@type":"PropertyValueSpecification","valueRequired":true,"valueName":"search_term_string"}}],"inLanguage":"pt-BR"},{"@type":"Person","@id":"https:\/\/dana.com.br\/canaldana\/#\/schema\/person\/3c21f22f56fcf3bc46b94bc60ea4fef6","name":"Canal Dana","image":{"@type":"ImageObject","inLanguage":"pt-BR","@id":"https:\/\/secure.gravatar.com\/avatar\/420aaf9278582877d9018637c6817617705899d2858d7572ef0fe59a6b6454b4?s=96&d=mm&r=g","url":"https:\/\/secure.gravatar.com\/avatar\/420aaf9278582877d9018637c6817617705899d2858d7572ef0fe59a6b6454b4?s=96&d=mm&r=g","contentUrl":"https:\/\/secure.gravatar.com\/avatar\/420aaf9278582877d9018637c6817617705899d2858d7572ef0fe59a6b6454b4?s=96&d=mm&r=g","caption":"Canal Dana"},"url":"https:\/\/dana.com.br\/canaldana\/author\/cdeditor\/"}]}},"_links":{"self":[{"href":"https:\/\/dana.com.br\/canaldana\/wp-json\/wp\/v2\/posts\/57408","targetHints":{"allow":["GET"]}}],"collection":[{"href":"https:\/\/dana.com.br\/canaldana\/wp-json\/wp\/v2\/posts"}],"about":[{"href":"https:\/\/dana.com.br\/canaldana\/wp-json\/wp\/v2\/types\/post"}],"author":[{"embeddable":true,"href":"https:\/\/dana.com.br\/canaldana\/wp-json\/wp\/v2\/users\/3"}],"replies":[{"embeddable":true,"href":"https:\/\/dana.com.br\/canaldana\/wp-json\/wp\/v2\/comments?post=57408"}],"version-history":[{"count":0,"href":"https:\/\/dana.com.br\/canaldana\/wp-json\/wp\/v2\/posts\/57408\/revisions"}],"wp:attachment":[{"href":"https:\/\/dana.com.br\/canaldana\/wp-json\/wp\/v2\/media?parent=57408"}],"wp:term":[{"taxonomy":"category","embeddable":true,"href":"https:\/\/dana.com.br\/canaldana\/wp-json\/wp\/v2\/categories?post=57408"},{"taxonomy":"post_tag","embeddable":true,"href":"https:\/\/dana.com.br\/canaldana\/wp-json\/wp\/v2\/tags?post=57408"}],"curies":[{"name":"wp","href":"https:\/\/api.w.org\/{rel}","templated":true}]}}