{"id":57404,"date":"2022-04-06T08:31:21","date_gmt":"2022-04-06T11:31:21","guid":{"rendered":"https:\/\/dana.com.br\/canaldana\/?p=57404"},"modified":"2022-04-06T08:31:21","modified_gmt":"2022-04-06T11:31:21","slug":"nissan-comeca-a-vender-nova-frontier-ate-o-fim-do-mes","status":"publish","type":"post","link":"https:\/\/dana.com.br\/canaldana\/2022\/04\/06\/nissan-comeca-a-vender-nova-frontier-ate-o-fim-do-mes\/","title":{"rendered":"Nissan come\u00e7a a vender Nova Frontier at\u00e9 o fim do m\u00eas"},"content":{"rendered":"<p><em>AutoInd\u00fastria\u00a0 <\/em><\/p>\n<p>&nbsp;<\/p>\n<p>A Nissan lan\u00e7ou a linha Frontier 2023, renovada sobretudo no desenho da dianteira. A picape fabricada na Argentina estar\u00e1 dispon\u00edvel na rede de concession\u00e1rias no fim de abril em seis vers\u00f5es de acabamento, duas op\u00e7\u00f5es de motores a diesel, tra\u00e7\u00e3o 4\u00d74, transmiss\u00f5es autom\u00e1tica ou manual e pre\u00e7os sugeridos entre R$ 230.190,00 e R$ 314.590,00.<\/p>\n<p>&nbsp;<\/p>\n<p>A mais cara delas \u00e9 tamb\u00e9m o que a Nissan julga ser a maior novidade da linha e tem a miss\u00e3o de atrair para picape imagem mais jovial, aventureira, recurso de marketing comum ao segmento. Batizada de Pro-4x, incorpora, al\u00e9m da nova dianteira, penduricalhos estil\u00edsticos, acabamento interno diferenciado, bloqueio de diferencial traseiro, c\u00e2meras 360\u00ba e maiores \u00e2ngulos de ataque e sa\u00edda para facilitar o tr\u00e2nsito no off road.<\/p>\n<p>&nbsp;<\/p>\n<p>Merecem destaque ainda na nova linha os far\u00f3is e lanternas traseiras em LED e a ca\u00e7amba 50 mm mais alta nas laterais do que a da antiga Frontier, podendo agora acomodar 1.054 litros e carregar 1.043 kg de carga. Por dentro, painel de instrumentos em tela TFT configur\u00e1vel e multim\u00eddia de 8 polegadas. E um conforto mais comum a carros de passeio: teto solar.<\/p>\n<p>&nbsp;<\/p>\n<p>A depender da vers\u00e3o e pacote, a Frontier disp\u00f5e ainda de alerta de colis\u00e3o frontal, sistemas de frenagem de emerg\u00eancia e manuten\u00e7\u00e3o em faixa de rolagem com corre\u00e7\u00e3o, alerta de ponto cego, de tr\u00e1fego cruzado traseiro e comuta\u00e7\u00e3o autom\u00e1tica dos far\u00f3is, dentre outros recursos de aux\u00edlio \u00e0 condu\u00e7\u00e3o.<\/p>\n<p>&nbsp;<\/p>\n<p>Os motores s\u00e3o de 190 cavalos ou 163 cavalos que, para atender os atuais n\u00edveis de emiss\u00e3o, utilizam Sistema Redutor Catal\u00edtico (SCR), que necessita de Arla 32.<\/p>\n<p>&nbsp;<\/p>\n<p>A nova linha \u00e9 mais uma tentativa da Nissan de colocar a Frontier entre as picapes mais vendidas do Brasil, maior mercado da regi\u00e3o. Desde o lan\u00e7amento de sua primeira gera\u00e7\u00e3o em 1998, ainda importada, o comercial leve nunca chegou a incomodar os l\u00edderes do segmento. Nem mesmo depois de 2002, quando se tornou o primeiro ve\u00edculo da marca a ser produzido no Pa\u00eds.<\/p>\n<p>&nbsp;<\/p>\n<p><strong>Vers\u00f5es e pre\u00e7os\u00a0 <\/strong><\/p>\n<p>&nbsp;<\/p>\n<p><strong>Frontier S 4\u00d74 MT \u2013 <\/strong>R$ 230.190<\/p>\n<p><strong>Frontier SE 4\u00d74 MT \u2013 <\/strong>R$ 258.990<\/p>\n<p><strong>Frontier Attack 4X4 AT \u2013 <\/strong>R$ 263.690<\/p>\n<p><strong>Frontier XE 4\u00d74 MT \u2013 <\/strong>R$ 278.990<\/p>\n<p><strong>Frontier Platinum 4\u00d74 AT \u2013<\/strong> R$ 314.590<\/p>\n<p><strong>Frontier PRO4X 4\u00d74 AT<\/strong> <strong>\u2013<\/strong> R$ 314.590<\/p>\n<p>&nbsp;<\/p>\n<p>A nova linha \u00e9 mais uma tentativa da Nissan de colocar a Frontier entre as picapes mais vendidas do mercado brasileiro, o maior da regi\u00e3o e cujo segmento tem crescido acima da m\u00e9dia de outros nos \u00faltimos dois anos, tanto que ter\u00e1 novos competidores em breve. Desde o lan\u00e7amento de sua primeira gera\u00e7\u00e3o aqui, em 1998, ainda importada, o comercial leve nunca chegou a incomodar os l\u00edderes do segmento. Nem mesmo depois de 2002, quando se tornou o primeiro ve\u00edculo da marca produzido no Pa\u00eds.<\/p>\n<p>&nbsp;<\/p>\n<p>Os revendedores brasileiros da Nissan, com certeza, torcem para que o novo desenho e as tecnologias possam mudar essa hist\u00f3ria e as vendas do modelo. No ano passado, foram negociadas somente 11,8 mil unidades da Frontier, o que garantiu a 7\u00aa posi\u00e7\u00e3o no ranking de picapes &#8211; ainda assim, melhor do que a 8\u00aa coloca\u00e7\u00e3o dos tr\u00eas anos anteriores.<\/p>\n<p>&nbsp;<\/p>\n<p>A desvantagem para as concorrentes mais diretas \u00e9 marcante: a l\u00edder Toyota Hilux vendeu 45,9 mil unidades, 21% do total do segmento, seguida pela Chevrolet S10, com 35 mil licenciamentos (15,9%). At\u00e9 a Ranger, mesmo com a crise de imagem gerada pelo encerramento da produ\u00e7\u00e3o brasileira da Ford e tamb\u00e9m argentina, vendeu quase o dobro do que a Frontier: 20,5 mil unidades e participa\u00e7\u00e3o de 9,3%.<\/p>\n<p>&nbsp;<\/p>\n<p>Respons\u00e1vel por 18% das vendas da marca em 2021, cabe \u00e0 Frontier papel decisivo para que a Nissan saia do modesto patamar de 3% a 4% de participa\u00e7\u00e3o que estabeleceu at\u00e9 hoje no Brasil e galgue posi\u00e7\u00e3o melhor do que 9\u00aa coloca\u00e7\u00e3o no ranking das marcas. A picape foi o segundo ve\u00edculo Nissan mais vendido no ano passado, atr\u00e1s somente do SUV compacto Kicks, fabricado em Resende, RJ, e que acumulou 36,5 mil emplacamentos. (AutoInd\u00fastria\/George Guimar\u00e3es)<\/p>\n","protected":false},"excerpt":{"rendered":"<p>AutoInd\u00fastria\u00a0 &nbsp; A Nissan lan\u00e7ou a linha Frontier 2023, renovada sobretudo no desenho da dianteira. A picape fabricada na Argentina estar\u00e1 dispon\u00edvel na rede de concession\u00e1rias no fim de abril em seis vers\u00f5es de acabamento, duas op\u00e7\u00f5es de motores a diesel, tra\u00e7\u00e3o 4\u00d74, transmiss\u00f5es autom\u00e1tica ou manual e pre\u00e7os sugeridos entre R$ 230.190,00 e R$\u2026 <a class=\"readmore\" href=\"https:\/\/dana.com.br\/canaldana\/2022\/04\/06\/nissan-comeca-a-vender-nova-frontier-ate-o-fim-do-mes\/\">Leia mais \u00bb<\/a><\/p>\n","protected":false},"author":3,"featured_media":0,"comment_status":"closed","ping_status":"closed","sticky":false,"template":"","format":"standard","meta":{"_acf_changed":false,"footnotes":""},"categories":[79],"tags":[],"class_list":["post-57404","post","type-post","status-publish","format-standard","hentry","category-mercado"],"acf":[],"yoast_head":"<!-- This site is optimized with the Yoast SEO plugin v27.3 - https:\/\/yoast.com\/product\/yoast-seo-wordpress\/ -->\n<title>Nissan come\u00e7a a vender Nova Frontier at\u00e9 o fim do m\u00eas - Canal Dana<\/title>\n<meta name=\"robots\" content=\"index, follow, max-snippet:-1, max-image-preview:large, max-video-preview:-1\" \/>\n<link rel=\"canonical\" href=\"https:\/\/dana.com.br\/canaldana\/2022\/04\/06\/nissan-comeca-a-vender-nova-frontier-ate-o-fim-do-mes\/\" \/>\n<meta property=\"og:locale\" content=\"pt_BR\" \/>\n<meta property=\"og:type\" content=\"article\" \/>\n<meta property=\"og:title\" content=\"Nissan come\u00e7a a vender Nova Frontier at\u00e9 o fim do m\u00eas - Canal Dana\" \/>\n<meta property=\"og:description\" content=\"AutoInd\u00fastria\u00a0 &nbsp; A Nissan lan\u00e7ou a linha Frontier 2023, renovada sobretudo no desenho da dianteira. A picape fabricada na Argentina estar\u00e1 dispon\u00edvel na rede de concession\u00e1rias no fim de abril em seis vers\u00f5es de acabamento, duas op\u00e7\u00f5es de motores a diesel, tra\u00e7\u00e3o 4\u00d74, transmiss\u00f5es autom\u00e1tica ou manual e pre\u00e7os sugeridos entre R$ 230.190,00 e R$\u2026 Leia mais \u00bb\" \/>\n<meta property=\"og:url\" content=\"https:\/\/dana.com.br\/canaldana\/2022\/04\/06\/nissan-comeca-a-vender-nova-frontier-ate-o-fim-do-mes\/\" \/>\n<meta property=\"og:site_name\" content=\"Canal Dana\" \/>\n<meta property=\"article:published_time\" content=\"2022-04-06T11:31:21+00:00\" \/>\n<meta name=\"author\" content=\"Canal Dana\" \/>\n<meta name=\"twitter:card\" content=\"summary_large_image\" \/>\n<meta name=\"twitter:label1\" content=\"Escrito por\" \/>\n\t<meta name=\"twitter:data1\" content=\"Canal Dana\" \/>\n\t<meta name=\"twitter:label2\" content=\"Est. tempo de leitura\" \/>\n\t<meta name=\"twitter:data2\" content=\"3 minutos\" \/>\n<script type=\"application\/ld+json\" class=\"yoast-schema-graph\">{\"@context\":\"https:\\\/\\\/schema.org\",\"@graph\":[{\"@type\":\"Article\",\"@id\":\"https:\\\/\\\/dana.com.br\\\/canaldana\\\/2022\\\/04\\\/06\\\/nissan-comeca-a-vender-nova-frontier-ate-o-fim-do-mes\\\/#article\",\"isPartOf\":{\"@id\":\"https:\\\/\\\/dana.com.br\\\/canaldana\\\/2022\\\/04\\\/06\\\/nissan-comeca-a-vender-nova-frontier-ate-o-fim-do-mes\\\/\"},\"author\":{\"name\":\"Canal Dana\",\"@id\":\"https:\\\/\\\/dana.com.br\\\/canaldana\\\/#\\\/schema\\\/person\\\/3c21f22f56fcf3bc46b94bc60ea4fef6\"},\"headline\":\"Nissan come\u00e7a a vender Nova Frontier at\u00e9 o fim do m\u00eas\",\"datePublished\":\"2022-04-06T11:31:21+00:00\",\"mainEntityOfPage\":{\"@id\":\"https:\\\/\\\/dana.com.br\\\/canaldana\\\/2022\\\/04\\\/06\\\/nissan-comeca-a-vender-nova-frontier-ate-o-fim-do-mes\\\/\"},\"wordCount\":699,\"articleSection\":[\"Mercado\"],\"inLanguage\":\"pt-BR\"},{\"@type\":\"WebPage\",\"@id\":\"https:\\\/\\\/dana.com.br\\\/canaldana\\\/2022\\\/04\\\/06\\\/nissan-comeca-a-vender-nova-frontier-ate-o-fim-do-mes\\\/\",\"url\":\"https:\\\/\\\/dana.com.br\\\/canaldana\\\/2022\\\/04\\\/06\\\/nissan-comeca-a-vender-nova-frontier-ate-o-fim-do-mes\\\/\",\"name\":\"Nissan come\u00e7a a vender Nova Frontier at\u00e9 o fim do m\u00eas - Canal Dana\",\"isPartOf\":{\"@id\":\"https:\\\/\\\/dana.com.br\\\/canaldana\\\/#website\"},\"datePublished\":\"2022-04-06T11:31:21+00:00\",\"author\":{\"@id\":\"https:\\\/\\\/dana.com.br\\\/canaldana\\\/#\\\/schema\\\/person\\\/3c21f22f56fcf3bc46b94bc60ea4fef6\"},\"breadcrumb\":{\"@id\":\"https:\\\/\\\/dana.com.br\\\/canaldana\\\/2022\\\/04\\\/06\\\/nissan-comeca-a-vender-nova-frontier-ate-o-fim-do-mes\\\/#breadcrumb\"},\"inLanguage\":\"pt-BR\",\"potentialAction\":[{\"@type\":\"ReadAction\",\"target\":[\"https:\\\/\\\/dana.com.br\\\/canaldana\\\/2022\\\/04\\\/06\\\/nissan-comeca-a-vender-nova-frontier-ate-o-fim-do-mes\\\/\"]}]},{\"@type\":\"BreadcrumbList\",\"@id\":\"https:\\\/\\\/dana.com.br\\\/canaldana\\\/2022\\\/04\\\/06\\\/nissan-comeca-a-vender-nova-frontier-ate-o-fim-do-mes\\\/#breadcrumb\",\"itemListElement\":[{\"@type\":\"ListItem\",\"position\":1,\"name\":\"Home\",\"item\":\"https:\\\/\\\/dana.com.br\\\/canaldana\\\/\"},{\"@type\":\"ListItem\",\"position\":2,\"name\":\"Mercado\",\"item\":\"https:\\\/\\\/dana.com.br\\\/canaldana\\\/mercado\\\/\"},{\"@type\":\"ListItem\",\"position\":3,\"name\":\"Nissan come\u00e7a a vender Nova Frontier at\u00e9 o fim do m\u00eas\"}]},{\"@type\":\"WebSite\",\"@id\":\"https:\\\/\\\/dana.com.br\\\/canaldana\\\/#website\",\"url\":\"https:\\\/\\\/dana.com.br\\\/canaldana\\\/\",\"name\":\"Canal Dana\",\"description\":\"Informativo com as principais not\u00edcias da ind\u00fastria automotiva\",\"potentialAction\":[{\"@type\":\"SearchAction\",\"target\":{\"@type\":\"EntryPoint\",\"urlTemplate\":\"https:\\\/\\\/dana.com.br\\\/canaldana\\\/?s={search_term_string}\"},\"query-input\":{\"@type\":\"PropertyValueSpecification\",\"valueRequired\":true,\"valueName\":\"search_term_string\"}}],\"inLanguage\":\"pt-BR\"},{\"@type\":\"Person\",\"@id\":\"https:\\\/\\\/dana.com.br\\\/canaldana\\\/#\\\/schema\\\/person\\\/3c21f22f56fcf3bc46b94bc60ea4fef6\",\"name\":\"Canal Dana\",\"image\":{\"@type\":\"ImageObject\",\"inLanguage\":\"pt-BR\",\"@id\":\"https:\\\/\\\/secure.gravatar.com\\\/avatar\\\/420aaf9278582877d9018637c6817617705899d2858d7572ef0fe59a6b6454b4?s=96&d=mm&r=g\",\"url\":\"https:\\\/\\\/secure.gravatar.com\\\/avatar\\\/420aaf9278582877d9018637c6817617705899d2858d7572ef0fe59a6b6454b4?s=96&d=mm&r=g\",\"contentUrl\":\"https:\\\/\\\/secure.gravatar.com\\\/avatar\\\/420aaf9278582877d9018637c6817617705899d2858d7572ef0fe59a6b6454b4?s=96&d=mm&r=g\",\"caption\":\"Canal Dana\"},\"url\":\"https:\\\/\\\/dana.com.br\\\/canaldana\\\/author\\\/cdeditor\\\/\"}]}<\/script>\n<!-- \/ Yoast SEO plugin. -->","yoast_head_json":{"title":"Nissan come\u00e7a a vender Nova Frontier at\u00e9 o fim do m\u00eas - Canal Dana","robots":{"index":"index","follow":"follow","max-snippet":"max-snippet:-1","max-image-preview":"max-image-preview:large","max-video-preview":"max-video-preview:-1"},"canonical":"https:\/\/dana.com.br\/canaldana\/2022\/04\/06\/nissan-comeca-a-vender-nova-frontier-ate-o-fim-do-mes\/","og_locale":"pt_BR","og_type":"article","og_title":"Nissan come\u00e7a a vender Nova Frontier at\u00e9 o fim do m\u00eas - Canal Dana","og_description":"AutoInd\u00fastria\u00a0 &nbsp; A Nissan lan\u00e7ou a linha Frontier 2023, renovada sobretudo no desenho da dianteira. A picape fabricada na Argentina estar\u00e1 dispon\u00edvel na rede de concession\u00e1rias no fim de abril em seis vers\u00f5es de acabamento, duas op\u00e7\u00f5es de motores a diesel, tra\u00e7\u00e3o 4\u00d74, transmiss\u00f5es autom\u00e1tica ou manual e pre\u00e7os sugeridos entre R$ 230.190,00 e R$\u2026 Leia mais \u00bb","og_url":"https:\/\/dana.com.br\/canaldana\/2022\/04\/06\/nissan-comeca-a-vender-nova-frontier-ate-o-fim-do-mes\/","og_site_name":"Canal Dana","article_published_time":"2022-04-06T11:31:21+00:00","author":"Canal Dana","twitter_card":"summary_large_image","twitter_misc":{"Escrito por":"Canal Dana","Est. tempo de leitura":"3 minutos"},"schema":{"@context":"https:\/\/schema.org","@graph":[{"@type":"Article","@id":"https:\/\/dana.com.br\/canaldana\/2022\/04\/06\/nissan-comeca-a-vender-nova-frontier-ate-o-fim-do-mes\/#article","isPartOf":{"@id":"https:\/\/dana.com.br\/canaldana\/2022\/04\/06\/nissan-comeca-a-vender-nova-frontier-ate-o-fim-do-mes\/"},"author":{"name":"Canal Dana","@id":"https:\/\/dana.com.br\/canaldana\/#\/schema\/person\/3c21f22f56fcf3bc46b94bc60ea4fef6"},"headline":"Nissan come\u00e7a a vender Nova Frontier at\u00e9 o fim do m\u00eas","datePublished":"2022-04-06T11:31:21+00:00","mainEntityOfPage":{"@id":"https:\/\/dana.com.br\/canaldana\/2022\/04\/06\/nissan-comeca-a-vender-nova-frontier-ate-o-fim-do-mes\/"},"wordCount":699,"articleSection":["Mercado"],"inLanguage":"pt-BR"},{"@type":"WebPage","@id":"https:\/\/dana.com.br\/canaldana\/2022\/04\/06\/nissan-comeca-a-vender-nova-frontier-ate-o-fim-do-mes\/","url":"https:\/\/dana.com.br\/canaldana\/2022\/04\/06\/nissan-comeca-a-vender-nova-frontier-ate-o-fim-do-mes\/","name":"Nissan come\u00e7a a vender Nova Frontier at\u00e9 o fim do m\u00eas - Canal Dana","isPartOf":{"@id":"https:\/\/dana.com.br\/canaldana\/#website"},"datePublished":"2022-04-06T11:31:21+00:00","author":{"@id":"https:\/\/dana.com.br\/canaldana\/#\/schema\/person\/3c21f22f56fcf3bc46b94bc60ea4fef6"},"breadcrumb":{"@id":"https:\/\/dana.com.br\/canaldana\/2022\/04\/06\/nissan-comeca-a-vender-nova-frontier-ate-o-fim-do-mes\/#breadcrumb"},"inLanguage":"pt-BR","potentialAction":[{"@type":"ReadAction","target":["https:\/\/dana.com.br\/canaldana\/2022\/04\/06\/nissan-comeca-a-vender-nova-frontier-ate-o-fim-do-mes\/"]}]},{"@type":"BreadcrumbList","@id":"https:\/\/dana.com.br\/canaldana\/2022\/04\/06\/nissan-comeca-a-vender-nova-frontier-ate-o-fim-do-mes\/#breadcrumb","itemListElement":[{"@type":"ListItem","position":1,"name":"Home","item":"https:\/\/dana.com.br\/canaldana\/"},{"@type":"ListItem","position":2,"name":"Mercado","item":"https:\/\/dana.com.br\/canaldana\/mercado\/"},{"@type":"ListItem","position":3,"name":"Nissan come\u00e7a a vender Nova Frontier at\u00e9 o fim do m\u00eas"}]},{"@type":"WebSite","@id":"https:\/\/dana.com.br\/canaldana\/#website","url":"https:\/\/dana.com.br\/canaldana\/","name":"Canal Dana","description":"Informativo com as principais not\u00edcias da ind\u00fastria automotiva","potentialAction":[{"@type":"SearchAction","target":{"@type":"EntryPoint","urlTemplate":"https:\/\/dana.com.br\/canaldana\/?s={search_term_string}"},"query-input":{"@type":"PropertyValueSpecification","valueRequired":true,"valueName":"search_term_string"}}],"inLanguage":"pt-BR"},{"@type":"Person","@id":"https:\/\/dana.com.br\/canaldana\/#\/schema\/person\/3c21f22f56fcf3bc46b94bc60ea4fef6","name":"Canal Dana","image":{"@type":"ImageObject","inLanguage":"pt-BR","@id":"https:\/\/secure.gravatar.com\/avatar\/420aaf9278582877d9018637c6817617705899d2858d7572ef0fe59a6b6454b4?s=96&d=mm&r=g","url":"https:\/\/secure.gravatar.com\/avatar\/420aaf9278582877d9018637c6817617705899d2858d7572ef0fe59a6b6454b4?s=96&d=mm&r=g","contentUrl":"https:\/\/secure.gravatar.com\/avatar\/420aaf9278582877d9018637c6817617705899d2858d7572ef0fe59a6b6454b4?s=96&d=mm&r=g","caption":"Canal Dana"},"url":"https:\/\/dana.com.br\/canaldana\/author\/cdeditor\/"}]}},"_links":{"self":[{"href":"https:\/\/dana.com.br\/canaldana\/wp-json\/wp\/v2\/posts\/57404","targetHints":{"allow":["GET"]}}],"collection":[{"href":"https:\/\/dana.com.br\/canaldana\/wp-json\/wp\/v2\/posts"}],"about":[{"href":"https:\/\/dana.com.br\/canaldana\/wp-json\/wp\/v2\/types\/post"}],"author":[{"embeddable":true,"href":"https:\/\/dana.com.br\/canaldana\/wp-json\/wp\/v2\/users\/3"}],"replies":[{"embeddable":true,"href":"https:\/\/dana.com.br\/canaldana\/wp-json\/wp\/v2\/comments?post=57404"}],"version-history":[{"count":0,"href":"https:\/\/dana.com.br\/canaldana\/wp-json\/wp\/v2\/posts\/57404\/revisions"}],"wp:attachment":[{"href":"https:\/\/dana.com.br\/canaldana\/wp-json\/wp\/v2\/media?parent=57404"}],"wp:term":[{"taxonomy":"category","embeddable":true,"href":"https:\/\/dana.com.br\/canaldana\/wp-json\/wp\/v2\/categories?post=57404"},{"taxonomy":"post_tag","embeddable":true,"href":"https:\/\/dana.com.br\/canaldana\/wp-json\/wp\/v2\/tags?post=57404"}],"curies":[{"name":"wp","href":"https:\/\/api.w.org\/{rel}","templated":true}]}}