{"id":57035,"date":"2022-03-21T09:14:59","date_gmt":"2022-03-21T12:14:59","guid":{"rendered":"https:\/\/dana.com.br\/canaldana\/?p=57035"},"modified":"2022-03-21T09:14:59","modified_gmt":"2022-03-21T12:14:59","slug":"ipi-nas-lojas-como-os-concessionarios-estao-repassando-os-descontos","status":"publish","type":"post","link":"https:\/\/dana.com.br\/canaldana\/2022\/03\/21\/ipi-nas-lojas-como-os-concessionarios-estao-repassando-os-descontos\/","title":{"rendered":"IPI nas lojas: como os concession\u00e1rios est\u00e3o repassando os descontos"},"content":{"rendered":"<p><em>Jornal do Carro\u00a0 <\/em><\/p>\n<p>&nbsp;<\/p>\n<p>H\u00e1 quase um m\u00eas, o governo federal anunciou a redu\u00e7\u00e3o do Imposto sobre Produtos Industrializados, o IPI. Para o setor automotivo, a baixa chegou a 18,5% e reascendeu a esperan\u00e7a do brasileiro em comprar um carro 0-km. Em vigor desde 25 de fevereiro, o decreto federal mexeu com os pre\u00e7os dos ve\u00edculos e praticamente todas as marcas j\u00e1 anunciaram a nova tabela de valores.<\/p>\n<p>&nbsp;<\/p>\n<p>Para quem acompanhou de perto essa movimenta\u00e7\u00e3o, ficou evidente que os descontos flutuam bastante entre as marcas. O motivo dessa diferen\u00e7a \u00e9 porque a lei em si n\u00e3o obriga as montadoras a repassarem 100% do IPI aos clientes. Nesse meio tempo, algumas marcas alegaram que n\u00e3o reduziram os valores pois n\u00e3o aumentaram a tabela no m\u00eas de mar\u00e7o. Outras, por sua vez, optam por dar descontos menores.<\/p>\n<p>&nbsp;<\/p>\n<p>Tal como noticiado pelo Jornal do Carro, as redu\u00e7\u00f5es permeiam o portf\u00f3lio das marcas em geral, que incluem Ford, Honda, Hyundai, Toyota, entre outras. No entanto, em algumas concession\u00e1rias, a realidade \u00e9 outra. Em uma apura\u00e7\u00e3o junto \u00e0s redes, o JC levantou como est\u00e1 essa pr\u00e1tica repassada por cada montadora. E o resultado \u00e9 que: tudo depende.<\/p>\n<p>&nbsp;<\/p>\n<p>Nas cota\u00e7\u00f5es, observamos que os pre\u00e7os est\u00e3o variando bastante. Em alguns modelos, o IPI reduzido faz uma diferen\u00e7a. Contudo, em outros, os valores chegam a ser at\u00e9 mais caros que a tabela anterior.<\/p>\n<p>&nbsp;<\/p>\n<p>Logo de cara, falamos com duas concession\u00e1rias da Toyota em S\u00e3o Paulo. Cotamos dois modelos, o SUV Corolla Cross e o Yaris hatch. Ambos tiveram suas linhas renovadas no come\u00e7o deste ano e receberam descontos entre R$ 2 mil e R$ 3 mil com a redu\u00e7\u00e3o do IPI.<\/p>\n<p>&nbsp;<\/p>\n<p>No caso do Corolla Cross, cotamos a vers\u00e3o XR 2.0, que estava na faixa dos R$ 160.800. Ou seja, ficou acima do valor esperado de R$157.780 com a redu\u00e7\u00e3o. Al\u00e9m dessa, tamb\u00e9m vimos o modelo XRE, que estava saindo na faixa de R$ 172 mil, cerca de R$ 2 mil mais caro do que o desconto proporcionou (R$ 170.250).<\/p>\n<p>&nbsp;<\/p>\n<p>J\u00e1 na linha Yaris, vimos a vers\u00e3o de entrada XL, que estava com o desconto inteiro de R$ 1.910, custando R$ 95 mil. A intermedi\u00e1ria XS, por sua vez, foi negociada por R$ 105 mil, quase R$ 700 mais cara que o valor original de tabela R$ 104.210.<\/p>\n<p>&nbsp;<\/p>\n<p>Na Honda, os valores tamb\u00e9m n\u00e3o bateram muito com o abatimento no imposto. Para o City hatchback, que chegaria aos R$ 112.100 na vers\u00e3o de entrada, o pre\u00e7o ficou em R$ 117.900. Ou seja, uma diferen\u00e7a de cerca de R$ 3.700. No sed\u00e3, a mesma coisa. Nas lojas, o pre\u00e7o circulava em R$ 127 mil, enquanto o a redu\u00e7\u00e3o do IPI poderia baixar o valor do carro em R$ 123. Os pre\u00e7os m\u00e9dios foram cotados em S\u00e3o Paulo e Curitiba.<\/p>\n<p>&nbsp;<\/p>\n<p>Mas h\u00e1 uma boa raz\u00e3o: sem Fit, Civic, HR-V e WR-V, a Honda passou a viver basicamente da nova gera\u00e7\u00e3o do City, que, pela primeira vez, tem carroceria hatchback. Feito na f\u00e1brica de Itirapina (SP), o novo City hatch, portanto, acabou de chegar \u00e0s lojas, e o sed\u00e3 foi lan\u00e7ado h\u00e1 tr\u00eas meses. Ou seja, com a pr\u00e9-venda, a produ\u00e7\u00e3o est\u00e1 reservada.<\/p>\n<p>&nbsp;<\/p>\n<p><strong>Hyundai e GM<\/strong><\/p>\n<p>&nbsp;<\/p>\n<p>Seguindo a decis\u00e3o do Governo, a Hyundai passou a aplicar o desconto do IPI a partir do dia 10 deste m\u00eas, com a redu\u00e7\u00e3o integral da al\u00edquota. As diferen\u00e7as variam entre R$ 1.500 e R$ 3.000 no geral. Na pr\u00e1tica, em S\u00e3o Paulo, os vendedores passaram valores de R$ 119.390 para o Creta na vers\u00e3o de entrada Comfort que, com a baixa, deveria alcan\u00e7ar os R$ 115 mil. J\u00e1 em Belo Horizonte, o valor corresponde e fica em R$ 115.490.<\/p>\n<p>&nbsp;<\/p>\n<p>A General Motors tamb\u00e9m anunciou os descontos recentemente. Nas lojas contatadas na capital paulista, os pre\u00e7os do Onix LT 1.0 estavam na faixa dos R$ 75 mil, o que \u00e9 R$ 1.200 a mais do que o valor prometido com a redu\u00e7\u00e3o, que ficaria em em R$ 73.800.<\/p>\n<p>&nbsp;<\/p>\n<p>Para a Tracker, tamb\u00e9m nada de diferente. A vers\u00e3o LT 1.0 turbo estava custando a partir de R$ 121.380, sendo que o desconto anunciado chegava em torno dos R$ 118 mil. Aproveitamos tamb\u00e9m para consultar a vers\u00e3o de entrada, que estava saindo por R$ 115.930, ante aos R$ 113.490 esperados com o IPI reduzido.<\/p>\n<p>&nbsp;<\/p>\n<p><strong>Renault<\/strong><\/p>\n<p>&nbsp;<\/p>\n<p>Marca do carro mais barato do Brasil, a Renault tamb\u00e9m reduziu os pre\u00e7os de seus carros. Dessa forma ficou entre R$ 800 e R$ 3.100 mais baratos, a depender do modelo e vers\u00e3o. Nas lojas, o Kwid Zen 1.0, por exemplo, que tinha desconto de R$ 800 na nova tabela, e realmente cumpriu a promessa e estava na faixa dos R$ 59 mil. Contudo, em outra unidade, mesmo com o desconto, o pre\u00e7o continuava nos R$ 59.8990.<\/p>\n<p>&nbsp;<\/p>\n<p>Os valores que mais surpreenderam, mas n\u00e3o de forma positiva, foram do Duster. Em uma das lojas, a vers\u00e3o Iconic 1.3 turbo estava por R$ 137.490. Ou seja, ainda maior que o pre\u00e7o original antes do desconto, que era de R$ 135.590. Na Intense 1.6 flex, que tinha valor de R$ 112.890, o mais pr\u00f3ximo foi de R$ 114.890.<\/p>\n<p>&nbsp;<\/p>\n<p>Um modelo que compensou foi o Sandero S Edition, que recentemente saiu dos R$ 82 mil e passou para R$ 80 mil com os descontos. Em uma das lojas, encontramos ele por cerca de R$ 77 mil. No entanto, h\u00e1 tamb\u00e9m alguns descontos que podem influenciar no valor final. J\u00e1 a Captur Zen, com motor 1.3 turbo, est\u00e1 R$ 139.790, ante os R$ 138.890 com a baixa.<\/p>\n<p>&nbsp;<\/p>\n<p><strong>Duplinha Stellatins<\/strong><\/p>\n<p>&nbsp;<\/p>\n<p>Nessa linha, fomos tamb\u00e9m averiguar como estavam os valores da Jeep e da Fiat, a dupla do Grupo Stellatins. Na marca norte-americana, consultamos, claro, sobre o novo Renegade. A vers\u00e3o de entrada Sport, estava na faixa dos R$ 127.490, ou seja, sem o desconto previsto pelo IPI. Al\u00e9m dela, tamb\u00e9m cotamos a Longitude Flex, que estava custando R$ 136 mil um dos poucos modelos que estava abaixo do valor com a redu\u00e7\u00e3o, que totalizava em R$ 138.410.<\/p>\n<p>&nbsp;<\/p>\n<p>Logo depois, falamos com quatro concession\u00e1rias da Fiat, que tamb\u00e9m abaixou entre R$ 800 e R$ 4 mil os pre\u00e7os dos carros. Mas, os valores flutuaram bastante. Em algumas lojas da capital paulista, a vers\u00e3o de entrada da picape Toro estava em uma m\u00e9dia de R$ 133 mil, ficando abaixo, at\u00e9 mesmo, do valor com desconto, que seria de R$ 135 mil. Mas, em outras unidades, a mesma vers\u00e3o estava por R$ 139.503, um pre\u00e7o bem maior que o esperado. J\u00e1 a vers\u00e3o Freedom, que teria um desconto de R$ 3.815 do IPI, foi achada por R$ 144 mil. Ou seja, R$ 2 mil mais barato.<\/p>\n<p>&nbsp;<\/p>\n<p><strong>Fiat Pulse e picape Strada<\/strong><\/p>\n<p>&nbsp;<\/p>\n<p>Sobre o Fiat Pulse, tivemos algumas informa\u00e7\u00f5es conturbadas. H\u00e1 lojas em que o SUV, lan\u00e7ado recentemente, n\u00e3o faz parte da redu\u00e7\u00e3o. Outras j\u00e1 incluem o modelo. No caso da vers\u00e3o Drive 1.3, o desconto do imposto abaixaria de R$ 87.990 para cerca de R$ 86.056. Contudo, ele foi encontrado por R$ 88.789 &#8211; com pre\u00e7o maior que o inicial. A variante Drive 1.0 turbo, tamb\u00e9m chamou a aten\u00e7\u00e3o, visto que seu valor antes do reajuste estava em R$ 104.990, mas foi encontrada entre R$ 106 mil a R$ 109 mil.<\/p>\n<p>&nbsp;<\/p>\n<p>Por \u00faltimo, a picape queridinha da marca italiana, a Strada. Aqui, todas as revendas que consultamos est\u00e3o com pre\u00e7o maior do que antes. A exemplo disso, temos a vers\u00e3o Freedom b\u00e1sica, que est\u00e1 numa m\u00e9dia de R$ 104.361. O pre\u00e7o antigo (antes do desconto) era de R$ 102.990. Al\u00e9m disso, vale dizer que, de primeira, informaram tamb\u00e9m que h\u00e1 uma espera de 180 dias em algumas lojas que est\u00e3o sem estoque para o modelo.<\/p>\n<p>&nbsp;<\/p>\n<p><strong>E a Volkswagen?<\/strong><\/p>\n<p>&nbsp;<\/p>\n<p>Assim como a Fiat, a Volkswagen tamb\u00e9m demorou um pouco para reajustar os valores dos ve\u00edculos. De acordo com as lojas consultadas, j\u00e1 h\u00e1 uma nova tabela. Mas, pelo visto, n\u00e3o fez muita diferen\u00e7a para alguns modelos, afinal, houve aumento.<\/p>\n<p>&nbsp;<\/p>\n<p>No caso do T-Cross Sense, por exemplo, o valor est\u00e1 em R$ 109 mil em algumas lojas. Ou seja, mais caro do que antes, quando estava na faixa dos R$ 108 mil.\u00a0 No Mato Grosso, o SUV foi encontrado at\u00e9 por R$ 111 mil. J\u00e1 o Nivus Highline tamb\u00e9m subiu, e sai por R$ 137 mil em alguns lugares, mais que os R$ 134 mil anteriores. (Jornal do Carro\/Jady Peroni)<\/p>\n","protected":false},"excerpt":{"rendered":"<p>Jornal do Carro\u00a0 &nbsp; H\u00e1 quase um m\u00eas, o governo federal anunciou a redu\u00e7\u00e3o do Imposto sobre Produtos Industrializados, o IPI. Para o setor automotivo, a baixa chegou a 18,5% e reascendeu a esperan\u00e7a do brasileiro em comprar um carro 0-km. Em vigor desde 25 de fevereiro, o decreto federal mexeu com os pre\u00e7os dos\u2026 <a class=\"readmore\" href=\"https:\/\/dana.com.br\/canaldana\/2022\/03\/21\/ipi-nas-lojas-como-os-concessionarios-estao-repassando-os-descontos\/\">Leia mais \u00bb<\/a><\/p>\n","protected":false},"author":3,"featured_media":0,"comment_status":"closed","ping_status":"closed","sticky":false,"template":"","format":"standard","meta":{"_acf_changed":false,"footnotes":""},"categories":[79],"tags":[],"class_list":["post-57035","post","type-post","status-publish","format-standard","hentry","category-mercado"],"acf":[],"yoast_head":"<!-- This site is optimized with the Yoast SEO plugin v27.3 - https:\/\/yoast.com\/product\/yoast-seo-wordpress\/ -->\n<title>IPI nas lojas: como os concession\u00e1rios est\u00e3o repassando os descontos - Canal Dana<\/title>\n<meta name=\"robots\" content=\"index, follow, max-snippet:-1, max-image-preview:large, max-video-preview:-1\" \/>\n<link rel=\"canonical\" href=\"https:\/\/dana.com.br\/canaldana\/2022\/03\/21\/ipi-nas-lojas-como-os-concessionarios-estao-repassando-os-descontos\/\" \/>\n<meta property=\"og:locale\" content=\"pt_BR\" \/>\n<meta property=\"og:type\" content=\"article\" \/>\n<meta property=\"og:title\" content=\"IPI nas lojas: como os concession\u00e1rios est\u00e3o repassando os descontos - Canal Dana\" \/>\n<meta property=\"og:description\" content=\"Jornal do Carro\u00a0 &nbsp; H\u00e1 quase um m\u00eas, o governo federal anunciou a redu\u00e7\u00e3o do Imposto sobre Produtos Industrializados, o IPI. Para o setor automotivo, a baixa chegou a 18,5% e reascendeu a esperan\u00e7a do brasileiro em comprar um carro 0-km. Em vigor desde 25 de fevereiro, o decreto federal mexeu com os pre\u00e7os dos\u2026 Leia mais \u00bb\" \/>\n<meta property=\"og:url\" content=\"https:\/\/dana.com.br\/canaldana\/2022\/03\/21\/ipi-nas-lojas-como-os-concessionarios-estao-repassando-os-descontos\/\" \/>\n<meta property=\"og:site_name\" content=\"Canal Dana\" \/>\n<meta property=\"article:published_time\" content=\"2022-03-21T12:14:59+00:00\" \/>\n<meta name=\"author\" content=\"Canal Dana\" \/>\n<meta name=\"twitter:card\" content=\"summary_large_image\" \/>\n<meta name=\"twitter:label1\" content=\"Escrito por\" \/>\n\t<meta name=\"twitter:data1\" content=\"Canal Dana\" \/>\n\t<meta name=\"twitter:label2\" content=\"Est. tempo de leitura\" \/>\n\t<meta name=\"twitter:data2\" content=\"7 minutos\" \/>\n<script type=\"application\/ld+json\" class=\"yoast-schema-graph\">{\"@context\":\"https:\\\/\\\/schema.org\",\"@graph\":[{\"@type\":\"Article\",\"@id\":\"https:\\\/\\\/dana.com.br\\\/canaldana\\\/2022\\\/03\\\/21\\\/ipi-nas-lojas-como-os-concessionarios-estao-repassando-os-descontos\\\/#article\",\"isPartOf\":{\"@id\":\"https:\\\/\\\/dana.com.br\\\/canaldana\\\/2022\\\/03\\\/21\\\/ipi-nas-lojas-como-os-concessionarios-estao-repassando-os-descontos\\\/\"},\"author\":{\"name\":\"Canal Dana\",\"@id\":\"https:\\\/\\\/dana.com.br\\\/canaldana\\\/#\\\/schema\\\/person\\\/3c21f22f56fcf3bc46b94bc60ea4fef6\"},\"headline\":\"IPI nas lojas: como os concession\u00e1rios est\u00e3o repassando os descontos\",\"datePublished\":\"2022-03-21T12:14:59+00:00\",\"mainEntityOfPage\":{\"@id\":\"https:\\\/\\\/dana.com.br\\\/canaldana\\\/2022\\\/03\\\/21\\\/ipi-nas-lojas-como-os-concessionarios-estao-repassando-os-descontos\\\/\"},\"wordCount\":1440,\"articleSection\":[\"Mercado\"],\"inLanguage\":\"pt-BR\"},{\"@type\":\"WebPage\",\"@id\":\"https:\\\/\\\/dana.com.br\\\/canaldana\\\/2022\\\/03\\\/21\\\/ipi-nas-lojas-como-os-concessionarios-estao-repassando-os-descontos\\\/\",\"url\":\"https:\\\/\\\/dana.com.br\\\/canaldana\\\/2022\\\/03\\\/21\\\/ipi-nas-lojas-como-os-concessionarios-estao-repassando-os-descontos\\\/\",\"name\":\"IPI nas lojas: como os concession\u00e1rios est\u00e3o repassando os descontos - Canal Dana\",\"isPartOf\":{\"@id\":\"https:\\\/\\\/dana.com.br\\\/canaldana\\\/#website\"},\"datePublished\":\"2022-03-21T12:14:59+00:00\",\"author\":{\"@id\":\"https:\\\/\\\/dana.com.br\\\/canaldana\\\/#\\\/schema\\\/person\\\/3c21f22f56fcf3bc46b94bc60ea4fef6\"},\"breadcrumb\":{\"@id\":\"https:\\\/\\\/dana.com.br\\\/canaldana\\\/2022\\\/03\\\/21\\\/ipi-nas-lojas-como-os-concessionarios-estao-repassando-os-descontos\\\/#breadcrumb\"},\"inLanguage\":\"pt-BR\",\"potentialAction\":[{\"@type\":\"ReadAction\",\"target\":[\"https:\\\/\\\/dana.com.br\\\/canaldana\\\/2022\\\/03\\\/21\\\/ipi-nas-lojas-como-os-concessionarios-estao-repassando-os-descontos\\\/\"]}]},{\"@type\":\"BreadcrumbList\",\"@id\":\"https:\\\/\\\/dana.com.br\\\/canaldana\\\/2022\\\/03\\\/21\\\/ipi-nas-lojas-como-os-concessionarios-estao-repassando-os-descontos\\\/#breadcrumb\",\"itemListElement\":[{\"@type\":\"ListItem\",\"position\":1,\"name\":\"Home\",\"item\":\"https:\\\/\\\/dana.com.br\\\/canaldana\\\/\"},{\"@type\":\"ListItem\",\"position\":2,\"name\":\"Mercado\",\"item\":\"https:\\\/\\\/dana.com.br\\\/canaldana\\\/mercado\\\/\"},{\"@type\":\"ListItem\",\"position\":3,\"name\":\"IPI nas lojas: como os concession\u00e1rios est\u00e3o repassando os descontos\"}]},{\"@type\":\"WebSite\",\"@id\":\"https:\\\/\\\/dana.com.br\\\/canaldana\\\/#website\",\"url\":\"https:\\\/\\\/dana.com.br\\\/canaldana\\\/\",\"name\":\"Canal Dana\",\"description\":\"Informativo com as principais not\u00edcias da ind\u00fastria automotiva\",\"potentialAction\":[{\"@type\":\"SearchAction\",\"target\":{\"@type\":\"EntryPoint\",\"urlTemplate\":\"https:\\\/\\\/dana.com.br\\\/canaldana\\\/?s={search_term_string}\"},\"query-input\":{\"@type\":\"PropertyValueSpecification\",\"valueRequired\":true,\"valueName\":\"search_term_string\"}}],\"inLanguage\":\"pt-BR\"},{\"@type\":\"Person\",\"@id\":\"https:\\\/\\\/dana.com.br\\\/canaldana\\\/#\\\/schema\\\/person\\\/3c21f22f56fcf3bc46b94bc60ea4fef6\",\"name\":\"Canal Dana\",\"image\":{\"@type\":\"ImageObject\",\"inLanguage\":\"pt-BR\",\"@id\":\"https:\\\/\\\/secure.gravatar.com\\\/avatar\\\/420aaf9278582877d9018637c6817617705899d2858d7572ef0fe59a6b6454b4?s=96&d=mm&r=g\",\"url\":\"https:\\\/\\\/secure.gravatar.com\\\/avatar\\\/420aaf9278582877d9018637c6817617705899d2858d7572ef0fe59a6b6454b4?s=96&d=mm&r=g\",\"contentUrl\":\"https:\\\/\\\/secure.gravatar.com\\\/avatar\\\/420aaf9278582877d9018637c6817617705899d2858d7572ef0fe59a6b6454b4?s=96&d=mm&r=g\",\"caption\":\"Canal Dana\"},\"url\":\"https:\\\/\\\/dana.com.br\\\/canaldana\\\/author\\\/cdeditor\\\/\"}]}<\/script>\n<!-- \/ Yoast SEO plugin. -->","yoast_head_json":{"title":"IPI nas lojas: como os concession\u00e1rios est\u00e3o repassando os descontos - Canal Dana","robots":{"index":"index","follow":"follow","max-snippet":"max-snippet:-1","max-image-preview":"max-image-preview:large","max-video-preview":"max-video-preview:-1"},"canonical":"https:\/\/dana.com.br\/canaldana\/2022\/03\/21\/ipi-nas-lojas-como-os-concessionarios-estao-repassando-os-descontos\/","og_locale":"pt_BR","og_type":"article","og_title":"IPI nas lojas: como os concession\u00e1rios est\u00e3o repassando os descontos - Canal Dana","og_description":"Jornal do Carro\u00a0 &nbsp; H\u00e1 quase um m\u00eas, o governo federal anunciou a redu\u00e7\u00e3o do Imposto sobre Produtos Industrializados, o IPI. Para o setor automotivo, a baixa chegou a 18,5% e reascendeu a esperan\u00e7a do brasileiro em comprar um carro 0-km. Em vigor desde 25 de fevereiro, o decreto federal mexeu com os pre\u00e7os dos\u2026 Leia mais \u00bb","og_url":"https:\/\/dana.com.br\/canaldana\/2022\/03\/21\/ipi-nas-lojas-como-os-concessionarios-estao-repassando-os-descontos\/","og_site_name":"Canal Dana","article_published_time":"2022-03-21T12:14:59+00:00","author":"Canal Dana","twitter_card":"summary_large_image","twitter_misc":{"Escrito por":"Canal Dana","Est. tempo de leitura":"7 minutos"},"schema":{"@context":"https:\/\/schema.org","@graph":[{"@type":"Article","@id":"https:\/\/dana.com.br\/canaldana\/2022\/03\/21\/ipi-nas-lojas-como-os-concessionarios-estao-repassando-os-descontos\/#article","isPartOf":{"@id":"https:\/\/dana.com.br\/canaldana\/2022\/03\/21\/ipi-nas-lojas-como-os-concessionarios-estao-repassando-os-descontos\/"},"author":{"name":"Canal Dana","@id":"https:\/\/dana.com.br\/canaldana\/#\/schema\/person\/3c21f22f56fcf3bc46b94bc60ea4fef6"},"headline":"IPI nas lojas: como os concession\u00e1rios est\u00e3o repassando os descontos","datePublished":"2022-03-21T12:14:59+00:00","mainEntityOfPage":{"@id":"https:\/\/dana.com.br\/canaldana\/2022\/03\/21\/ipi-nas-lojas-como-os-concessionarios-estao-repassando-os-descontos\/"},"wordCount":1440,"articleSection":["Mercado"],"inLanguage":"pt-BR"},{"@type":"WebPage","@id":"https:\/\/dana.com.br\/canaldana\/2022\/03\/21\/ipi-nas-lojas-como-os-concessionarios-estao-repassando-os-descontos\/","url":"https:\/\/dana.com.br\/canaldana\/2022\/03\/21\/ipi-nas-lojas-como-os-concessionarios-estao-repassando-os-descontos\/","name":"IPI nas lojas: como os concession\u00e1rios est\u00e3o repassando os descontos - Canal Dana","isPartOf":{"@id":"https:\/\/dana.com.br\/canaldana\/#website"},"datePublished":"2022-03-21T12:14:59+00:00","author":{"@id":"https:\/\/dana.com.br\/canaldana\/#\/schema\/person\/3c21f22f56fcf3bc46b94bc60ea4fef6"},"breadcrumb":{"@id":"https:\/\/dana.com.br\/canaldana\/2022\/03\/21\/ipi-nas-lojas-como-os-concessionarios-estao-repassando-os-descontos\/#breadcrumb"},"inLanguage":"pt-BR","potentialAction":[{"@type":"ReadAction","target":["https:\/\/dana.com.br\/canaldana\/2022\/03\/21\/ipi-nas-lojas-como-os-concessionarios-estao-repassando-os-descontos\/"]}]},{"@type":"BreadcrumbList","@id":"https:\/\/dana.com.br\/canaldana\/2022\/03\/21\/ipi-nas-lojas-como-os-concessionarios-estao-repassando-os-descontos\/#breadcrumb","itemListElement":[{"@type":"ListItem","position":1,"name":"Home","item":"https:\/\/dana.com.br\/canaldana\/"},{"@type":"ListItem","position":2,"name":"Mercado","item":"https:\/\/dana.com.br\/canaldana\/mercado\/"},{"@type":"ListItem","position":3,"name":"IPI nas lojas: como os concession\u00e1rios est\u00e3o repassando os descontos"}]},{"@type":"WebSite","@id":"https:\/\/dana.com.br\/canaldana\/#website","url":"https:\/\/dana.com.br\/canaldana\/","name":"Canal Dana","description":"Informativo com as principais not\u00edcias da ind\u00fastria automotiva","potentialAction":[{"@type":"SearchAction","target":{"@type":"EntryPoint","urlTemplate":"https:\/\/dana.com.br\/canaldana\/?s={search_term_string}"},"query-input":{"@type":"PropertyValueSpecification","valueRequired":true,"valueName":"search_term_string"}}],"inLanguage":"pt-BR"},{"@type":"Person","@id":"https:\/\/dana.com.br\/canaldana\/#\/schema\/person\/3c21f22f56fcf3bc46b94bc60ea4fef6","name":"Canal Dana","image":{"@type":"ImageObject","inLanguage":"pt-BR","@id":"https:\/\/secure.gravatar.com\/avatar\/420aaf9278582877d9018637c6817617705899d2858d7572ef0fe59a6b6454b4?s=96&d=mm&r=g","url":"https:\/\/secure.gravatar.com\/avatar\/420aaf9278582877d9018637c6817617705899d2858d7572ef0fe59a6b6454b4?s=96&d=mm&r=g","contentUrl":"https:\/\/secure.gravatar.com\/avatar\/420aaf9278582877d9018637c6817617705899d2858d7572ef0fe59a6b6454b4?s=96&d=mm&r=g","caption":"Canal Dana"},"url":"https:\/\/dana.com.br\/canaldana\/author\/cdeditor\/"}]}},"_links":{"self":[{"href":"https:\/\/dana.com.br\/canaldana\/wp-json\/wp\/v2\/posts\/57035","targetHints":{"allow":["GET"]}}],"collection":[{"href":"https:\/\/dana.com.br\/canaldana\/wp-json\/wp\/v2\/posts"}],"about":[{"href":"https:\/\/dana.com.br\/canaldana\/wp-json\/wp\/v2\/types\/post"}],"author":[{"embeddable":true,"href":"https:\/\/dana.com.br\/canaldana\/wp-json\/wp\/v2\/users\/3"}],"replies":[{"embeddable":true,"href":"https:\/\/dana.com.br\/canaldana\/wp-json\/wp\/v2\/comments?post=57035"}],"version-history":[{"count":0,"href":"https:\/\/dana.com.br\/canaldana\/wp-json\/wp\/v2\/posts\/57035\/revisions"}],"wp:attachment":[{"href":"https:\/\/dana.com.br\/canaldana\/wp-json\/wp\/v2\/media?parent=57035"}],"wp:term":[{"taxonomy":"category","embeddable":true,"href":"https:\/\/dana.com.br\/canaldana\/wp-json\/wp\/v2\/categories?post=57035"},{"taxonomy":"post_tag","embeddable":true,"href":"https:\/\/dana.com.br\/canaldana\/wp-json\/wp\/v2\/tags?post=57035"}],"curies":[{"name":"wp","href":"https:\/\/api.w.org\/{rel}","templated":true}]}}