{"id":57033,"date":"2022-03-21T09:14:11","date_gmt":"2022-03-21T12:14:11","guid":{"rendered":"https:\/\/dana.com.br\/canaldana\/?p=57033"},"modified":"2022-03-21T09:14:11","modified_gmt":"2022-03-21T12:14:11","slug":"avibras-pede-recuperacao-judicial-e-demite-420","status":"publish","type":"post","link":"https:\/\/dana.com.br\/canaldana\/2022\/03\/21\/avibras-pede-recuperacao-judicial-e-demite-420\/","title":{"rendered":"Avibras pede recupera\u00e7\u00e3o judicial e demite 420"},"content":{"rendered":"<p><em>O Estado de S. Paulo<\/em><\/p>\n<p>&nbsp;<\/p>\n<p>A Avibras Aeroespacial, principal fabricante brasileira de sistemas pesados para o mercado de Defesa, entrou ontem com pedido de recupera\u00e7\u00e3o judicial. Como consequ\u00eancia, a empresa demitiu 420 funcion\u00e1rios. O quadro remanescente de pessoal \u00e9 agora de 900 pessoas.<\/p>\n<p>&nbsp;<\/p>\n<p>O processo foi ajuizado no f\u00f3rum de Jacare\u00ed (SP), onde fica a sede do grupo. Essa \u00e9 a terceira vez que a empresa renegocia suas d\u00edvidas judicialmente. O procedimento foi adotado anteriormente em 1990 e em 2008. O valor da recupera\u00e7\u00e3o \u00e9 estimado em R$ 570 milh\u00f5es.<\/p>\n<p>&nbsp;<\/p>\n<p>A Avibras produz o sistema lan\u00e7ador de foguetes e m\u00edsseis Astros-2020, ve\u00edculos blindados e equipamentos eletr\u00f4nicos de emprego militar. Al\u00e9m de atender as For\u00e7as Armadas do Brasil, exporta para pa\u00edses do Oriente M\u00e9dio, da \u00c1sia e a Am\u00e9rica Latina.<\/p>\n<p>&nbsp;<\/p>\n<p>Segundo o advogado respons\u00e1vel por protocolar o pedido de recupera\u00e7\u00e3o da companhia, Nelson Marcondes, do escrit\u00f3rio Marcondes Machado Advogados, a pandemia foi a grande respons\u00e1vel pelo atual momento da empresa. De acordo com Marcondes, a empresa tentou segurar o m\u00e1ximo que pode para n\u00e3o demitir parte de seus 1,5 mil funcion\u00e1rios, por\u00e9m isso n\u00e3o foi poss\u00edvel em 2022.<\/p>\n<p>&nbsp;<\/p>\n<p>A companhia sofreu com a mudan\u00e7a de prioridade de pa\u00edses ao redor do mundo durante a crise sanit\u00e1ria. Com a prolifera\u00e7\u00e3o do v\u00edrus, diversas na\u00e7\u00f5es diminu\u00edram os gastos com a \u00e1rea de defesa e passaram a investir mais em sa\u00fade.<\/p>\n<p>&nbsp;<\/p>\n<p>Al\u00e9m disso, segundo Marcondes, a impossibilidade de realizar viagens complicou a situa\u00e7\u00e3o da Avibras. Afinal, boa parte das vendas da companhia \u00e9 feita atrav\u00e9s de feiras e contatos no exterior. Treinamentos para utilizar os equipamentos tamb\u00e9m precisam ser presenciais.<\/p>\n<p>&nbsp;<\/p>\n<p>O advogado ainda afirma que a empresa j\u00e1 est\u00e1 elaborando um plano de recupera\u00e7\u00e3o e que aguarda a decis\u00e3o da Justi\u00e7a para dar prosseguimento ao processo. O contato com os credores j\u00e1 est\u00e1 sendo feito, de acordo com Marcondes.<\/p>\n<p>&nbsp;<\/p>\n<p>\u201cA empresa tentou segurar o m\u00e1ximo, mas j\u00e1 estamos vendo o mercado se movimentando novamente e a Avibras tem grandes perspectivas de contratos que est\u00e3o sendo trabalhados\u201d, afirma Marcondes.<\/p>\n<p>&nbsp;<\/p>\n<p><strong>Hist\u00f3ria<\/strong><\/p>\n<p>&nbsp;<\/p>\n<p>A Avibras Aeroespacial tem pouco mais de 60 anos. Criada pelo engenheiro Jo\u00e3o Verdi de Carvalho Leite \u2013 morto em 2008 quando o helic\u00f3ptero que pilotava caiu num trecho de serra no litoral norte paulista \u2013, a empresa lidera o setor da ind\u00fastria de Defesa no Pa\u00eds. Fortemente vinculado ao mercado externo, o grupo teve, durante anos, dificuldades com os procedimentos da \u00e1rea econ\u00f4mica do governo. \u201cSomos tratados pelas ag\u00eancias p\u00fablicas da mesma forma que os exportadores de frutas ou frangos\u201d, dizia Jo\u00e3o Verdi.<\/p>\n<p>&nbsp;<\/p>\n<p>Em v\u00e1rias ocasi\u00f5es, tendo s\u00f3lidos contratos em carteira, a Avibras esteve perto de perder neg\u00f3cios internacionais de centenas de milh\u00f5es de d\u00f3lares por causa da burocracia federal.<\/p>\n<p>&nbsp;<\/p>\n<p>Os sistemas Astros-2 e sua vers\u00e3o mais moderna, o Astros2020, s\u00e3o usados pelo ex\u00e9rcito da Ar\u00e1bia Saudita, no conflito com os rebeldes houthis, no I\u00eamen. Antes disso, na guerra do Golfo, em 1991, foram empregados pelo Iraque e entraram na lista de alvos priorit\u00e1rios dos ca\u00e7as da coaliz\u00e3o liderada pelos Estados Unidos. (O Estado de S. Paulo\/Roberto Godoy e Andr\u00e9 Jankavski)<\/p>\n","protected":false},"excerpt":{"rendered":"<p>O Estado de S. Paulo &nbsp; A Avibras Aeroespacial, principal fabricante brasileira de sistemas pesados para o mercado de Defesa, entrou ontem com pedido de recupera\u00e7\u00e3o judicial. Como consequ\u00eancia, a empresa demitiu 420 funcion\u00e1rios. O quadro remanescente de pessoal \u00e9 agora de 900 pessoas. &nbsp; O processo foi ajuizado no f\u00f3rum de Jacare\u00ed (SP), onde\u2026 <a class=\"readmore\" href=\"https:\/\/dana.com.br\/canaldana\/2022\/03\/21\/avibras-pede-recuperacao-judicial-e-demite-420\/\">Leia mais \u00bb<\/a><\/p>\n","protected":false},"author":3,"featured_media":0,"comment_status":"closed","ping_status":"closed","sticky":false,"template":"","format":"standard","meta":{"_acf_changed":false,"footnotes":""},"categories":[79],"tags":[],"class_list":["post-57033","post","type-post","status-publish","format-standard","hentry","category-mercado"],"acf":[],"yoast_head":"<!-- This site is optimized with the Yoast SEO plugin v27.3 - https:\/\/yoast.com\/product\/yoast-seo-wordpress\/ -->\n<title>Avibras pede recupera\u00e7\u00e3o judicial e demite 420 - Canal Dana<\/title>\n<meta name=\"robots\" content=\"index, follow, max-snippet:-1, max-image-preview:large, max-video-preview:-1\" \/>\n<link rel=\"canonical\" href=\"https:\/\/dana.com.br\/canaldana\/2022\/03\/21\/avibras-pede-recuperacao-judicial-e-demite-420\/\" \/>\n<meta property=\"og:locale\" content=\"pt_BR\" \/>\n<meta property=\"og:type\" content=\"article\" \/>\n<meta property=\"og:title\" content=\"Avibras pede recupera\u00e7\u00e3o judicial e demite 420 - Canal Dana\" \/>\n<meta property=\"og:description\" content=\"O Estado de S. Paulo &nbsp; A Avibras Aeroespacial, principal fabricante brasileira de sistemas pesados para o mercado de Defesa, entrou ontem com pedido de recupera\u00e7\u00e3o judicial. Como consequ\u00eancia, a empresa demitiu 420 funcion\u00e1rios. O quadro remanescente de pessoal \u00e9 agora de 900 pessoas. &nbsp; O processo foi ajuizado no f\u00f3rum de Jacare\u00ed (SP), onde\u2026 Leia mais \u00bb\" \/>\n<meta property=\"og:url\" content=\"https:\/\/dana.com.br\/canaldana\/2022\/03\/21\/avibras-pede-recuperacao-judicial-e-demite-420\/\" \/>\n<meta property=\"og:site_name\" content=\"Canal Dana\" \/>\n<meta property=\"article:published_time\" content=\"2022-03-21T12:14:11+00:00\" \/>\n<meta name=\"author\" content=\"Canal Dana\" \/>\n<meta name=\"twitter:card\" content=\"summary_large_image\" \/>\n<meta name=\"twitter:label1\" content=\"Escrito por\" \/>\n\t<meta name=\"twitter:data1\" content=\"Canal Dana\" \/>\n\t<meta name=\"twitter:label2\" content=\"Est. tempo de leitura\" \/>\n\t<meta name=\"twitter:data2\" content=\"3 minutos\" \/>\n<script type=\"application\/ld+json\" class=\"yoast-schema-graph\">{\"@context\":\"https:\\\/\\\/schema.org\",\"@graph\":[{\"@type\":\"Article\",\"@id\":\"https:\\\/\\\/dana.com.br\\\/canaldana\\\/2022\\\/03\\\/21\\\/avibras-pede-recuperacao-judicial-e-demite-420\\\/#article\",\"isPartOf\":{\"@id\":\"https:\\\/\\\/dana.com.br\\\/canaldana\\\/2022\\\/03\\\/21\\\/avibras-pede-recuperacao-judicial-e-demite-420\\\/\"},\"author\":{\"name\":\"Canal Dana\",\"@id\":\"https:\\\/\\\/dana.com.br\\\/canaldana\\\/#\\\/schema\\\/person\\\/3c21f22f56fcf3bc46b94bc60ea4fef6\"},\"headline\":\"Avibras pede recupera\u00e7\u00e3o judicial e demite 420\",\"datePublished\":\"2022-03-21T12:14:11+00:00\",\"mainEntityOfPage\":{\"@id\":\"https:\\\/\\\/dana.com.br\\\/canaldana\\\/2022\\\/03\\\/21\\\/avibras-pede-recuperacao-judicial-e-demite-420\\\/\"},\"wordCount\":577,\"articleSection\":[\"Mercado\"],\"inLanguage\":\"pt-BR\"},{\"@type\":\"WebPage\",\"@id\":\"https:\\\/\\\/dana.com.br\\\/canaldana\\\/2022\\\/03\\\/21\\\/avibras-pede-recuperacao-judicial-e-demite-420\\\/\",\"url\":\"https:\\\/\\\/dana.com.br\\\/canaldana\\\/2022\\\/03\\\/21\\\/avibras-pede-recuperacao-judicial-e-demite-420\\\/\",\"name\":\"Avibras pede recupera\u00e7\u00e3o judicial e demite 420 - Canal Dana\",\"isPartOf\":{\"@id\":\"https:\\\/\\\/dana.com.br\\\/canaldana\\\/#website\"},\"datePublished\":\"2022-03-21T12:14:11+00:00\",\"author\":{\"@id\":\"https:\\\/\\\/dana.com.br\\\/canaldana\\\/#\\\/schema\\\/person\\\/3c21f22f56fcf3bc46b94bc60ea4fef6\"},\"breadcrumb\":{\"@id\":\"https:\\\/\\\/dana.com.br\\\/canaldana\\\/2022\\\/03\\\/21\\\/avibras-pede-recuperacao-judicial-e-demite-420\\\/#breadcrumb\"},\"inLanguage\":\"pt-BR\",\"potentialAction\":[{\"@type\":\"ReadAction\",\"target\":[\"https:\\\/\\\/dana.com.br\\\/canaldana\\\/2022\\\/03\\\/21\\\/avibras-pede-recuperacao-judicial-e-demite-420\\\/\"]}]},{\"@type\":\"BreadcrumbList\",\"@id\":\"https:\\\/\\\/dana.com.br\\\/canaldana\\\/2022\\\/03\\\/21\\\/avibras-pede-recuperacao-judicial-e-demite-420\\\/#breadcrumb\",\"itemListElement\":[{\"@type\":\"ListItem\",\"position\":1,\"name\":\"Home\",\"item\":\"https:\\\/\\\/dana.com.br\\\/canaldana\\\/\"},{\"@type\":\"ListItem\",\"position\":2,\"name\":\"Mercado\",\"item\":\"https:\\\/\\\/dana.com.br\\\/canaldana\\\/mercado\\\/\"},{\"@type\":\"ListItem\",\"position\":3,\"name\":\"Avibras pede recupera\u00e7\u00e3o judicial e demite 420\"}]},{\"@type\":\"WebSite\",\"@id\":\"https:\\\/\\\/dana.com.br\\\/canaldana\\\/#website\",\"url\":\"https:\\\/\\\/dana.com.br\\\/canaldana\\\/\",\"name\":\"Canal Dana\",\"description\":\"Informativo com as principais not\u00edcias da ind\u00fastria automotiva\",\"potentialAction\":[{\"@type\":\"SearchAction\",\"target\":{\"@type\":\"EntryPoint\",\"urlTemplate\":\"https:\\\/\\\/dana.com.br\\\/canaldana\\\/?s={search_term_string}\"},\"query-input\":{\"@type\":\"PropertyValueSpecification\",\"valueRequired\":true,\"valueName\":\"search_term_string\"}}],\"inLanguage\":\"pt-BR\"},{\"@type\":\"Person\",\"@id\":\"https:\\\/\\\/dana.com.br\\\/canaldana\\\/#\\\/schema\\\/person\\\/3c21f22f56fcf3bc46b94bc60ea4fef6\",\"name\":\"Canal Dana\",\"image\":{\"@type\":\"ImageObject\",\"inLanguage\":\"pt-BR\",\"@id\":\"https:\\\/\\\/secure.gravatar.com\\\/avatar\\\/420aaf9278582877d9018637c6817617705899d2858d7572ef0fe59a6b6454b4?s=96&d=mm&r=g\",\"url\":\"https:\\\/\\\/secure.gravatar.com\\\/avatar\\\/420aaf9278582877d9018637c6817617705899d2858d7572ef0fe59a6b6454b4?s=96&d=mm&r=g\",\"contentUrl\":\"https:\\\/\\\/secure.gravatar.com\\\/avatar\\\/420aaf9278582877d9018637c6817617705899d2858d7572ef0fe59a6b6454b4?s=96&d=mm&r=g\",\"caption\":\"Canal Dana\"},\"url\":\"https:\\\/\\\/dana.com.br\\\/canaldana\\\/author\\\/cdeditor\\\/\"}]}<\/script>\n<!-- \/ Yoast SEO plugin. -->","yoast_head_json":{"title":"Avibras pede recupera\u00e7\u00e3o judicial e demite 420 - Canal Dana","robots":{"index":"index","follow":"follow","max-snippet":"max-snippet:-1","max-image-preview":"max-image-preview:large","max-video-preview":"max-video-preview:-1"},"canonical":"https:\/\/dana.com.br\/canaldana\/2022\/03\/21\/avibras-pede-recuperacao-judicial-e-demite-420\/","og_locale":"pt_BR","og_type":"article","og_title":"Avibras pede recupera\u00e7\u00e3o judicial e demite 420 - Canal Dana","og_description":"O Estado de S. Paulo &nbsp; A Avibras Aeroespacial, principal fabricante brasileira de sistemas pesados para o mercado de Defesa, entrou ontem com pedido de recupera\u00e7\u00e3o judicial. Como consequ\u00eancia, a empresa demitiu 420 funcion\u00e1rios. O quadro remanescente de pessoal \u00e9 agora de 900 pessoas. &nbsp; O processo foi ajuizado no f\u00f3rum de Jacare\u00ed (SP), onde\u2026 Leia mais \u00bb","og_url":"https:\/\/dana.com.br\/canaldana\/2022\/03\/21\/avibras-pede-recuperacao-judicial-e-demite-420\/","og_site_name":"Canal Dana","article_published_time":"2022-03-21T12:14:11+00:00","author":"Canal Dana","twitter_card":"summary_large_image","twitter_misc":{"Escrito por":"Canal Dana","Est. tempo de leitura":"3 minutos"},"schema":{"@context":"https:\/\/schema.org","@graph":[{"@type":"Article","@id":"https:\/\/dana.com.br\/canaldana\/2022\/03\/21\/avibras-pede-recuperacao-judicial-e-demite-420\/#article","isPartOf":{"@id":"https:\/\/dana.com.br\/canaldana\/2022\/03\/21\/avibras-pede-recuperacao-judicial-e-demite-420\/"},"author":{"name":"Canal Dana","@id":"https:\/\/dana.com.br\/canaldana\/#\/schema\/person\/3c21f22f56fcf3bc46b94bc60ea4fef6"},"headline":"Avibras pede recupera\u00e7\u00e3o judicial e demite 420","datePublished":"2022-03-21T12:14:11+00:00","mainEntityOfPage":{"@id":"https:\/\/dana.com.br\/canaldana\/2022\/03\/21\/avibras-pede-recuperacao-judicial-e-demite-420\/"},"wordCount":577,"articleSection":["Mercado"],"inLanguage":"pt-BR"},{"@type":"WebPage","@id":"https:\/\/dana.com.br\/canaldana\/2022\/03\/21\/avibras-pede-recuperacao-judicial-e-demite-420\/","url":"https:\/\/dana.com.br\/canaldana\/2022\/03\/21\/avibras-pede-recuperacao-judicial-e-demite-420\/","name":"Avibras pede recupera\u00e7\u00e3o judicial e demite 420 - Canal Dana","isPartOf":{"@id":"https:\/\/dana.com.br\/canaldana\/#website"},"datePublished":"2022-03-21T12:14:11+00:00","author":{"@id":"https:\/\/dana.com.br\/canaldana\/#\/schema\/person\/3c21f22f56fcf3bc46b94bc60ea4fef6"},"breadcrumb":{"@id":"https:\/\/dana.com.br\/canaldana\/2022\/03\/21\/avibras-pede-recuperacao-judicial-e-demite-420\/#breadcrumb"},"inLanguage":"pt-BR","potentialAction":[{"@type":"ReadAction","target":["https:\/\/dana.com.br\/canaldana\/2022\/03\/21\/avibras-pede-recuperacao-judicial-e-demite-420\/"]}]},{"@type":"BreadcrumbList","@id":"https:\/\/dana.com.br\/canaldana\/2022\/03\/21\/avibras-pede-recuperacao-judicial-e-demite-420\/#breadcrumb","itemListElement":[{"@type":"ListItem","position":1,"name":"Home","item":"https:\/\/dana.com.br\/canaldana\/"},{"@type":"ListItem","position":2,"name":"Mercado","item":"https:\/\/dana.com.br\/canaldana\/mercado\/"},{"@type":"ListItem","position":3,"name":"Avibras pede recupera\u00e7\u00e3o judicial e demite 420"}]},{"@type":"WebSite","@id":"https:\/\/dana.com.br\/canaldana\/#website","url":"https:\/\/dana.com.br\/canaldana\/","name":"Canal Dana","description":"Informativo com as principais not\u00edcias da ind\u00fastria automotiva","potentialAction":[{"@type":"SearchAction","target":{"@type":"EntryPoint","urlTemplate":"https:\/\/dana.com.br\/canaldana\/?s={search_term_string}"},"query-input":{"@type":"PropertyValueSpecification","valueRequired":true,"valueName":"search_term_string"}}],"inLanguage":"pt-BR"},{"@type":"Person","@id":"https:\/\/dana.com.br\/canaldana\/#\/schema\/person\/3c21f22f56fcf3bc46b94bc60ea4fef6","name":"Canal Dana","image":{"@type":"ImageObject","inLanguage":"pt-BR","@id":"https:\/\/secure.gravatar.com\/avatar\/420aaf9278582877d9018637c6817617705899d2858d7572ef0fe59a6b6454b4?s=96&d=mm&r=g","url":"https:\/\/secure.gravatar.com\/avatar\/420aaf9278582877d9018637c6817617705899d2858d7572ef0fe59a6b6454b4?s=96&d=mm&r=g","contentUrl":"https:\/\/secure.gravatar.com\/avatar\/420aaf9278582877d9018637c6817617705899d2858d7572ef0fe59a6b6454b4?s=96&d=mm&r=g","caption":"Canal Dana"},"url":"https:\/\/dana.com.br\/canaldana\/author\/cdeditor\/"}]}},"_links":{"self":[{"href":"https:\/\/dana.com.br\/canaldana\/wp-json\/wp\/v2\/posts\/57033","targetHints":{"allow":["GET"]}}],"collection":[{"href":"https:\/\/dana.com.br\/canaldana\/wp-json\/wp\/v2\/posts"}],"about":[{"href":"https:\/\/dana.com.br\/canaldana\/wp-json\/wp\/v2\/types\/post"}],"author":[{"embeddable":true,"href":"https:\/\/dana.com.br\/canaldana\/wp-json\/wp\/v2\/users\/3"}],"replies":[{"embeddable":true,"href":"https:\/\/dana.com.br\/canaldana\/wp-json\/wp\/v2\/comments?post=57033"}],"version-history":[{"count":0,"href":"https:\/\/dana.com.br\/canaldana\/wp-json\/wp\/v2\/posts\/57033\/revisions"}],"wp:attachment":[{"href":"https:\/\/dana.com.br\/canaldana\/wp-json\/wp\/v2\/media?parent=57033"}],"wp:term":[{"taxonomy":"category","embeddable":true,"href":"https:\/\/dana.com.br\/canaldana\/wp-json\/wp\/v2\/categories?post=57033"},{"taxonomy":"post_tag","embeddable":true,"href":"https:\/\/dana.com.br\/canaldana\/wp-json\/wp\/v2\/tags?post=57033"}],"curies":[{"name":"wp","href":"https:\/\/api.w.org\/{rel}","templated":true}]}}