{"id":56996,"date":"2022-03-18T08:59:30","date_gmt":"2022-03-18T11:59:30","guid":{"rendered":"https:\/\/dana.com.br\/canaldana\/?p=56996"},"modified":"2022-03-18T08:59:30","modified_gmt":"2022-03-18T11:59:30","slug":"vw-comemora-10-anos-dos-constellation-equipados-com-motores-man","status":"publish","type":"post","link":"https:\/\/dana.com.br\/canaldana\/2022\/03\/18\/vw-comemora-10-anos-dos-constellation-equipados-com-motores-man\/","title":{"rendered":"VW comemora 10 anos dos Constellation equipados com motores MAN"},"content":{"rendered":"<p><em>Blog do Caminhoneiro<\/em><\/p>\n<p>&nbsp;<\/p>\n<p>H\u00e1 dez anos, sa\u00edam da linha de montagem da Volkswagen Caminh\u00f5es e \u00d4nibus, em Resende-RJ, os primeiros modelos de caminh\u00f5es VW equipados com motores MAN. Atualmente, 50% dos caminh\u00f5es VW produzidos j\u00e1 contam com esses motores.<\/p>\n<p>&nbsp;<\/p>\n<p>Desde o lan\u00e7amento do Constellation 24.280 com motor MAN D08, mais de 200 mil unidades j\u00e1 rodam por toda a Am\u00e9rica Latina e \u00c1frica, e desde janeiro passado tamb\u00e9m podem ser encontrados nos ve\u00edculos da marca exportados para a \u00c1sia. A novidade trouxe para o Brasil tecnologias in\u00e9ditas para atender a legisla\u00e7\u00e3o euro 5, com ampla aceita\u00e7\u00e3o dos consumidores.<\/p>\n<p>&nbsp;<\/p>\n<p>Originalmente desenvolvidos e produzidos em Nuremberg, na Alemanha, a chegada dos motores MAN foi precedida por adapta\u00e7\u00f5es e calibragens da Engenharia VWCO, al\u00e9m de rigorosas baterias de testes antes de serem ofertados em caminh\u00f5es e \u00f4nibus da marca. O modelo D08 de quatro e seis cilindros, bem como o D26, s\u00e3o montados numa \u00e1rea exclusiva da f\u00e1brica paulistana da MWM, pertencente \u00e0 Navistar, empresa que tamb\u00e9m faz parte do GRUPO TRATON.<\/p>\n<p>&nbsp;<\/p>\n<p>\u201cCom os MAN, fomos pioneiros no mercado em oferecer motores euro 5 com tecnologia EGR, que dispensa o uso do Arla 32 em sua opera\u00e7\u00e3o. Uma de suas primeiras unidades vendidas num caminh\u00e3o VW Constellation 24.280 superou 1 milh\u00e3o de quil\u00f4metros em perfeitas condi\u00e7\u00f5es e sem qualquer interven\u00e7\u00e3o, ou seja, o motor nunca foi aberto para ret\u00edfica\u201d, lembra Roberto Cortes, presidente e CEO da Volkswagen Caminh\u00f5es e \u00d4nibus. (Blog do Caminhoneiro\/Rafael Brusque)<\/p>\n","protected":false},"excerpt":{"rendered":"<p>Blog do Caminhoneiro &nbsp; H\u00e1 dez anos, sa\u00edam da linha de montagem da Volkswagen Caminh\u00f5es e \u00d4nibus, em Resende-RJ, os primeiros modelos de caminh\u00f5es VW equipados com motores MAN. Atualmente, 50% dos caminh\u00f5es VW produzidos j\u00e1 contam com esses motores. &nbsp; Desde o lan\u00e7amento do Constellation 24.280 com motor MAN D08, mais de 200 mil\u2026 <a class=\"readmore\" href=\"https:\/\/dana.com.br\/canaldana\/2022\/03\/18\/vw-comemora-10-anos-dos-constellation-equipados-com-motores-man\/\">Leia mais \u00bb<\/a><\/p>\n","protected":false},"author":3,"featured_media":0,"comment_status":"closed","ping_status":"closed","sticky":false,"template":"","format":"standard","meta":{"_acf_changed":false,"footnotes":""},"categories":[79],"tags":[],"class_list":["post-56996","post","type-post","status-publish","format-standard","hentry","category-mercado"],"acf":[],"yoast_head":"<!-- This site is optimized with the Yoast SEO plugin v27.3 - https:\/\/yoast.com\/product\/yoast-seo-wordpress\/ -->\n<title>VW comemora 10 anos dos Constellation equipados com motores MAN - Canal Dana<\/title>\n<meta name=\"robots\" content=\"index, follow, max-snippet:-1, max-image-preview:large, max-video-preview:-1\" \/>\n<link rel=\"canonical\" href=\"https:\/\/dana.com.br\/canaldana\/2022\/03\/18\/vw-comemora-10-anos-dos-constellation-equipados-com-motores-man\/\" \/>\n<meta property=\"og:locale\" content=\"pt_BR\" \/>\n<meta property=\"og:type\" content=\"article\" \/>\n<meta property=\"og:title\" content=\"VW comemora 10 anos dos Constellation equipados com motores MAN - Canal Dana\" \/>\n<meta property=\"og:description\" content=\"Blog do Caminhoneiro &nbsp; H\u00e1 dez anos, sa\u00edam da linha de montagem da Volkswagen Caminh\u00f5es e \u00d4nibus, em Resende-RJ, os primeiros modelos de caminh\u00f5es VW equipados com motores MAN. Atualmente, 50% dos caminh\u00f5es VW produzidos j\u00e1 contam com esses motores. &nbsp; Desde o lan\u00e7amento do Constellation 24.280 com motor MAN D08, mais de 200 mil\u2026 Leia mais \u00bb\" \/>\n<meta property=\"og:url\" content=\"https:\/\/dana.com.br\/canaldana\/2022\/03\/18\/vw-comemora-10-anos-dos-constellation-equipados-com-motores-man\/\" \/>\n<meta property=\"og:site_name\" content=\"Canal Dana\" \/>\n<meta property=\"article:published_time\" content=\"2022-03-18T11:59:30+00:00\" \/>\n<meta name=\"author\" content=\"Canal Dana\" \/>\n<meta name=\"twitter:card\" content=\"summary_large_image\" \/>\n<meta name=\"twitter:label1\" content=\"Escrito por\" \/>\n\t<meta name=\"twitter:data1\" content=\"Canal Dana\" \/>\n\t<meta name=\"twitter:label2\" content=\"Est. tempo de leitura\" \/>\n\t<meta name=\"twitter:data2\" content=\"1 minuto\" \/>\n<script type=\"application\/ld+json\" class=\"yoast-schema-graph\">{\"@context\":\"https:\\\/\\\/schema.org\",\"@graph\":[{\"@type\":\"Article\",\"@id\":\"https:\\\/\\\/dana.com.br\\\/canaldana\\\/2022\\\/03\\\/18\\\/vw-comemora-10-anos-dos-constellation-equipados-com-motores-man\\\/#article\",\"isPartOf\":{\"@id\":\"https:\\\/\\\/dana.com.br\\\/canaldana\\\/2022\\\/03\\\/18\\\/vw-comemora-10-anos-dos-constellation-equipados-com-motores-man\\\/\"},\"author\":{\"name\":\"Canal Dana\",\"@id\":\"https:\\\/\\\/dana.com.br\\\/canaldana\\\/#\\\/schema\\\/person\\\/3c21f22f56fcf3bc46b94bc60ea4fef6\"},\"headline\":\"VW comemora 10 anos dos Constellation equipados com motores MAN\",\"datePublished\":\"2022-03-18T11:59:30+00:00\",\"mainEntityOfPage\":{\"@id\":\"https:\\\/\\\/dana.com.br\\\/canaldana\\\/2022\\\/03\\\/18\\\/vw-comemora-10-anos-dos-constellation-equipados-com-motores-man\\\/\"},\"wordCount\":271,\"articleSection\":[\"Mercado\"],\"inLanguage\":\"pt-BR\"},{\"@type\":\"WebPage\",\"@id\":\"https:\\\/\\\/dana.com.br\\\/canaldana\\\/2022\\\/03\\\/18\\\/vw-comemora-10-anos-dos-constellation-equipados-com-motores-man\\\/\",\"url\":\"https:\\\/\\\/dana.com.br\\\/canaldana\\\/2022\\\/03\\\/18\\\/vw-comemora-10-anos-dos-constellation-equipados-com-motores-man\\\/\",\"name\":\"VW comemora 10 anos dos Constellation equipados com motores MAN - Canal Dana\",\"isPartOf\":{\"@id\":\"https:\\\/\\\/dana.com.br\\\/canaldana\\\/#website\"},\"datePublished\":\"2022-03-18T11:59:30+00:00\",\"author\":{\"@id\":\"https:\\\/\\\/dana.com.br\\\/canaldana\\\/#\\\/schema\\\/person\\\/3c21f22f56fcf3bc46b94bc60ea4fef6\"},\"breadcrumb\":{\"@id\":\"https:\\\/\\\/dana.com.br\\\/canaldana\\\/2022\\\/03\\\/18\\\/vw-comemora-10-anos-dos-constellation-equipados-com-motores-man\\\/#breadcrumb\"},\"inLanguage\":\"pt-BR\",\"potentialAction\":[{\"@type\":\"ReadAction\",\"target\":[\"https:\\\/\\\/dana.com.br\\\/canaldana\\\/2022\\\/03\\\/18\\\/vw-comemora-10-anos-dos-constellation-equipados-com-motores-man\\\/\"]}]},{\"@type\":\"BreadcrumbList\",\"@id\":\"https:\\\/\\\/dana.com.br\\\/canaldana\\\/2022\\\/03\\\/18\\\/vw-comemora-10-anos-dos-constellation-equipados-com-motores-man\\\/#breadcrumb\",\"itemListElement\":[{\"@type\":\"ListItem\",\"position\":1,\"name\":\"Home\",\"item\":\"https:\\\/\\\/dana.com.br\\\/canaldana\\\/\"},{\"@type\":\"ListItem\",\"position\":2,\"name\":\"Mercado\",\"item\":\"https:\\\/\\\/dana.com.br\\\/canaldana\\\/mercado\\\/\"},{\"@type\":\"ListItem\",\"position\":3,\"name\":\"VW comemora 10 anos dos Constellation equipados com motores MAN\"}]},{\"@type\":\"WebSite\",\"@id\":\"https:\\\/\\\/dana.com.br\\\/canaldana\\\/#website\",\"url\":\"https:\\\/\\\/dana.com.br\\\/canaldana\\\/\",\"name\":\"Canal Dana\",\"description\":\"Informativo com as principais not\u00edcias da ind\u00fastria automotiva\",\"potentialAction\":[{\"@type\":\"SearchAction\",\"target\":{\"@type\":\"EntryPoint\",\"urlTemplate\":\"https:\\\/\\\/dana.com.br\\\/canaldana\\\/?s={search_term_string}\"},\"query-input\":{\"@type\":\"PropertyValueSpecification\",\"valueRequired\":true,\"valueName\":\"search_term_string\"}}],\"inLanguage\":\"pt-BR\"},{\"@type\":\"Person\",\"@id\":\"https:\\\/\\\/dana.com.br\\\/canaldana\\\/#\\\/schema\\\/person\\\/3c21f22f56fcf3bc46b94bc60ea4fef6\",\"name\":\"Canal Dana\",\"image\":{\"@type\":\"ImageObject\",\"inLanguage\":\"pt-BR\",\"@id\":\"https:\\\/\\\/secure.gravatar.com\\\/avatar\\\/420aaf9278582877d9018637c6817617705899d2858d7572ef0fe59a6b6454b4?s=96&d=mm&r=g\",\"url\":\"https:\\\/\\\/secure.gravatar.com\\\/avatar\\\/420aaf9278582877d9018637c6817617705899d2858d7572ef0fe59a6b6454b4?s=96&d=mm&r=g\",\"contentUrl\":\"https:\\\/\\\/secure.gravatar.com\\\/avatar\\\/420aaf9278582877d9018637c6817617705899d2858d7572ef0fe59a6b6454b4?s=96&d=mm&r=g\",\"caption\":\"Canal Dana\"},\"url\":\"https:\\\/\\\/dana.com.br\\\/canaldana\\\/author\\\/cdeditor\\\/\"}]}<\/script>\n<!-- \/ Yoast SEO plugin. -->","yoast_head_json":{"title":"VW comemora 10 anos dos Constellation equipados com motores MAN - Canal Dana","robots":{"index":"index","follow":"follow","max-snippet":"max-snippet:-1","max-image-preview":"max-image-preview:large","max-video-preview":"max-video-preview:-1"},"canonical":"https:\/\/dana.com.br\/canaldana\/2022\/03\/18\/vw-comemora-10-anos-dos-constellation-equipados-com-motores-man\/","og_locale":"pt_BR","og_type":"article","og_title":"VW comemora 10 anos dos Constellation equipados com motores MAN - Canal Dana","og_description":"Blog do Caminhoneiro &nbsp; H\u00e1 dez anos, sa\u00edam da linha de montagem da Volkswagen Caminh\u00f5es e \u00d4nibus, em Resende-RJ, os primeiros modelos de caminh\u00f5es VW equipados com motores MAN. Atualmente, 50% dos caminh\u00f5es VW produzidos j\u00e1 contam com esses motores. &nbsp; Desde o lan\u00e7amento do Constellation 24.280 com motor MAN D08, mais de 200 mil\u2026 Leia mais \u00bb","og_url":"https:\/\/dana.com.br\/canaldana\/2022\/03\/18\/vw-comemora-10-anos-dos-constellation-equipados-com-motores-man\/","og_site_name":"Canal Dana","article_published_time":"2022-03-18T11:59:30+00:00","author":"Canal Dana","twitter_card":"summary_large_image","twitter_misc":{"Escrito por":"Canal Dana","Est. tempo de leitura":"1 minuto"},"schema":{"@context":"https:\/\/schema.org","@graph":[{"@type":"Article","@id":"https:\/\/dana.com.br\/canaldana\/2022\/03\/18\/vw-comemora-10-anos-dos-constellation-equipados-com-motores-man\/#article","isPartOf":{"@id":"https:\/\/dana.com.br\/canaldana\/2022\/03\/18\/vw-comemora-10-anos-dos-constellation-equipados-com-motores-man\/"},"author":{"name":"Canal Dana","@id":"https:\/\/dana.com.br\/canaldana\/#\/schema\/person\/3c21f22f56fcf3bc46b94bc60ea4fef6"},"headline":"VW comemora 10 anos dos Constellation equipados com motores MAN","datePublished":"2022-03-18T11:59:30+00:00","mainEntityOfPage":{"@id":"https:\/\/dana.com.br\/canaldana\/2022\/03\/18\/vw-comemora-10-anos-dos-constellation-equipados-com-motores-man\/"},"wordCount":271,"articleSection":["Mercado"],"inLanguage":"pt-BR"},{"@type":"WebPage","@id":"https:\/\/dana.com.br\/canaldana\/2022\/03\/18\/vw-comemora-10-anos-dos-constellation-equipados-com-motores-man\/","url":"https:\/\/dana.com.br\/canaldana\/2022\/03\/18\/vw-comemora-10-anos-dos-constellation-equipados-com-motores-man\/","name":"VW comemora 10 anos dos Constellation equipados com motores MAN - Canal Dana","isPartOf":{"@id":"https:\/\/dana.com.br\/canaldana\/#website"},"datePublished":"2022-03-18T11:59:30+00:00","author":{"@id":"https:\/\/dana.com.br\/canaldana\/#\/schema\/person\/3c21f22f56fcf3bc46b94bc60ea4fef6"},"breadcrumb":{"@id":"https:\/\/dana.com.br\/canaldana\/2022\/03\/18\/vw-comemora-10-anos-dos-constellation-equipados-com-motores-man\/#breadcrumb"},"inLanguage":"pt-BR","potentialAction":[{"@type":"ReadAction","target":["https:\/\/dana.com.br\/canaldana\/2022\/03\/18\/vw-comemora-10-anos-dos-constellation-equipados-com-motores-man\/"]}]},{"@type":"BreadcrumbList","@id":"https:\/\/dana.com.br\/canaldana\/2022\/03\/18\/vw-comemora-10-anos-dos-constellation-equipados-com-motores-man\/#breadcrumb","itemListElement":[{"@type":"ListItem","position":1,"name":"Home","item":"https:\/\/dana.com.br\/canaldana\/"},{"@type":"ListItem","position":2,"name":"Mercado","item":"https:\/\/dana.com.br\/canaldana\/mercado\/"},{"@type":"ListItem","position":3,"name":"VW comemora 10 anos dos Constellation equipados com motores MAN"}]},{"@type":"WebSite","@id":"https:\/\/dana.com.br\/canaldana\/#website","url":"https:\/\/dana.com.br\/canaldana\/","name":"Canal Dana","description":"Informativo com as principais not\u00edcias da ind\u00fastria automotiva","potentialAction":[{"@type":"SearchAction","target":{"@type":"EntryPoint","urlTemplate":"https:\/\/dana.com.br\/canaldana\/?s={search_term_string}"},"query-input":{"@type":"PropertyValueSpecification","valueRequired":true,"valueName":"search_term_string"}}],"inLanguage":"pt-BR"},{"@type":"Person","@id":"https:\/\/dana.com.br\/canaldana\/#\/schema\/person\/3c21f22f56fcf3bc46b94bc60ea4fef6","name":"Canal Dana","image":{"@type":"ImageObject","inLanguage":"pt-BR","@id":"https:\/\/secure.gravatar.com\/avatar\/420aaf9278582877d9018637c6817617705899d2858d7572ef0fe59a6b6454b4?s=96&d=mm&r=g","url":"https:\/\/secure.gravatar.com\/avatar\/420aaf9278582877d9018637c6817617705899d2858d7572ef0fe59a6b6454b4?s=96&d=mm&r=g","contentUrl":"https:\/\/secure.gravatar.com\/avatar\/420aaf9278582877d9018637c6817617705899d2858d7572ef0fe59a6b6454b4?s=96&d=mm&r=g","caption":"Canal Dana"},"url":"https:\/\/dana.com.br\/canaldana\/author\/cdeditor\/"}]}},"_links":{"self":[{"href":"https:\/\/dana.com.br\/canaldana\/wp-json\/wp\/v2\/posts\/56996","targetHints":{"allow":["GET"]}}],"collection":[{"href":"https:\/\/dana.com.br\/canaldana\/wp-json\/wp\/v2\/posts"}],"about":[{"href":"https:\/\/dana.com.br\/canaldana\/wp-json\/wp\/v2\/types\/post"}],"author":[{"embeddable":true,"href":"https:\/\/dana.com.br\/canaldana\/wp-json\/wp\/v2\/users\/3"}],"replies":[{"embeddable":true,"href":"https:\/\/dana.com.br\/canaldana\/wp-json\/wp\/v2\/comments?post=56996"}],"version-history":[{"count":0,"href":"https:\/\/dana.com.br\/canaldana\/wp-json\/wp\/v2\/posts\/56996\/revisions"}],"wp:attachment":[{"href":"https:\/\/dana.com.br\/canaldana\/wp-json\/wp\/v2\/media?parent=56996"}],"wp:term":[{"taxonomy":"category","embeddable":true,"href":"https:\/\/dana.com.br\/canaldana\/wp-json\/wp\/v2\/categories?post=56996"},{"taxonomy":"post_tag","embeddable":true,"href":"https:\/\/dana.com.br\/canaldana\/wp-json\/wp\/v2\/tags?post=56996"}],"curies":[{"name":"wp","href":"https:\/\/api.w.org\/{rel}","templated":true}]}}