{"id":56851,"date":"2022-03-14T08:46:49","date_gmt":"2022-03-14T11:46:49","guid":{"rendered":"https:\/\/dana.com.br\/canaldana\/?p=56851"},"modified":"2022-03-14T08:46:49","modified_gmt":"2022-03-14T11:46:49","slug":"hyundai-tambem-anuncia-reducao-dos-precos","status":"publish","type":"post","link":"https:\/\/dana.com.br\/canaldana\/2022\/03\/14\/hyundai-tambem-anuncia-reducao-dos-precos\/","title":{"rendered":"Hyundai tamb\u00e9m anuncia redu\u00e7\u00e3o dos pre\u00e7os"},"content":{"rendered":"<p><em>AutoInd\u00fastria<\/em><\/p>\n<p>&nbsp;<\/p>\n<p>Mais uma montadora est\u00e1 anunciando redu\u00e7\u00e3o de pre\u00e7os em decorr\u00eancia das novas al\u00edquotas de IPI para ve\u00edculos, que baixaram 18,5% a partir de decreto do governo federal de 25 de fevereiro. A Hyundai garante que o repasse acontece na \u00edntegra, sendo a maior diferen\u00e7a nominal de pre\u00e7o \u2013 R$ 3,4 mil \u2013 a da nova gera\u00e7\u00e3o do Creta Ultimate com motor 2.0 v\u00e1lido para o estado de S\u00e3o Paulo, que tem ICMS maior, de 14,5%.<\/p>\n<p>&nbsp;<\/p>\n<p>Nesse caso, o desconto foi de 2,1%, com o pre\u00e7o do SUV baixando de R$ 169.890 para R$ 166.490. Nos demais estados, onde o ICMS se mant\u00e9m em 12%, o modelo sai por R$ 160.690. O ve\u00edculo mais barato da marca coreana, o HB20 Sense, tem pre\u00e7o de tabela a partir desta quinta-feira, 10, de R$ 73.090 em S\u00e3o Paulo e de R$ 70.690 nos demais estados brasileiros. As redu\u00e7\u00f5es foram em torno de 1,4%.<\/p>\n<p>&nbsp;<\/p>\n<p>O estado paulista subiu o ICMS dos carros novos e usados no ano passado, o que gerou migra\u00e7\u00e3o de vendas para a vizinha Minas Gerais, que fechou 2021 na lideran\u00e7a do ranking dos principais mercados automotivos do Pa\u00eds. Tanto a Anfavea como a Fenabrave v\u00eam reivindicando redu\u00e7\u00e3o da al\u00edquota para o mesmo n\u00edvel dos demais estados, mas o governo de S\u00e3o Paulo insiste em manter os 14,5%.<\/p>\n<p>&nbsp;<\/p>\n<p>A Kia e a Ford, que apenas importam ve\u00edculos, foram as primeiras a anunciar redu\u00e7\u00e3o de pre\u00e7os a partir das novas al\u00edquotas de IPI. Semana passada foi a vez de a Toyota divulgar novos valores.<\/p>\n<p>&nbsp;<\/p>\n<p>Na ter\u00e7a-feira, 8, a Anfavea informou que a redu\u00e7\u00e3o de 18,5%do IPI gera queda no pre\u00e7o final dos ve\u00edculos na faixa de 1,6% a 4,1% no caso dos modelos a combust\u00e3o, de 1,7% a 4,1% nos h\u00edbridos e de 1,4% a 3,2% nos el\u00e9tricos. (AutoInd\u00fastria)<\/p>\n","protected":false},"excerpt":{"rendered":"<p>AutoInd\u00fastria &nbsp; Mais uma montadora est\u00e1 anunciando redu\u00e7\u00e3o de pre\u00e7os em decorr\u00eancia das novas al\u00edquotas de IPI para ve\u00edculos, que baixaram 18,5% a partir de decreto do governo federal de 25 de fevereiro. A Hyundai garante que o repasse acontece na \u00edntegra, sendo a maior diferen\u00e7a nominal de pre\u00e7o \u2013 R$ 3,4 mil \u2013 a\u2026 <a class=\"readmore\" href=\"https:\/\/dana.com.br\/canaldana\/2022\/03\/14\/hyundai-tambem-anuncia-reducao-dos-precos\/\">Leia mais \u00bb<\/a><\/p>\n","protected":false},"author":3,"featured_media":0,"comment_status":"closed","ping_status":"closed","sticky":false,"template":"","format":"standard","meta":{"_acf_changed":false,"footnotes":""},"categories":[79],"tags":[],"class_list":["post-56851","post","type-post","status-publish","format-standard","hentry","category-mercado"],"acf":[],"yoast_head":"<!-- This site is optimized with the Yoast SEO plugin v27.3 - https:\/\/yoast.com\/product\/yoast-seo-wordpress\/ -->\n<title>Hyundai tamb\u00e9m anuncia redu\u00e7\u00e3o dos pre\u00e7os - Canal Dana<\/title>\n<meta name=\"robots\" content=\"index, follow, max-snippet:-1, max-image-preview:large, max-video-preview:-1\" \/>\n<link rel=\"canonical\" href=\"https:\/\/dana.com.br\/canaldana\/2022\/03\/14\/hyundai-tambem-anuncia-reducao-dos-precos\/\" \/>\n<meta property=\"og:locale\" content=\"pt_BR\" \/>\n<meta property=\"og:type\" content=\"article\" \/>\n<meta property=\"og:title\" content=\"Hyundai tamb\u00e9m anuncia redu\u00e7\u00e3o dos pre\u00e7os - Canal Dana\" \/>\n<meta property=\"og:description\" content=\"AutoInd\u00fastria &nbsp; Mais uma montadora est\u00e1 anunciando redu\u00e7\u00e3o de pre\u00e7os em decorr\u00eancia das novas al\u00edquotas de IPI para ve\u00edculos, que baixaram 18,5% a partir de decreto do governo federal de 25 de fevereiro. A Hyundai garante que o repasse acontece na \u00edntegra, sendo a maior diferen\u00e7a nominal de pre\u00e7o \u2013 R$ 3,4 mil \u2013 a\u2026 Leia mais \u00bb\" \/>\n<meta property=\"og:url\" content=\"https:\/\/dana.com.br\/canaldana\/2022\/03\/14\/hyundai-tambem-anuncia-reducao-dos-precos\/\" \/>\n<meta property=\"og:site_name\" content=\"Canal Dana\" \/>\n<meta property=\"article:published_time\" content=\"2022-03-14T11:46:49+00:00\" \/>\n<meta name=\"author\" content=\"Canal Dana\" \/>\n<meta name=\"twitter:card\" content=\"summary_large_image\" \/>\n<meta name=\"twitter:label1\" content=\"Escrito por\" \/>\n\t<meta name=\"twitter:data1\" content=\"Canal Dana\" \/>\n\t<meta name=\"twitter:label2\" content=\"Est. tempo de leitura\" \/>\n\t<meta name=\"twitter:data2\" content=\"2 minutos\" \/>\n<script type=\"application\/ld+json\" class=\"yoast-schema-graph\">{\"@context\":\"https:\\\/\\\/schema.org\",\"@graph\":[{\"@type\":\"Article\",\"@id\":\"https:\\\/\\\/dana.com.br\\\/canaldana\\\/2022\\\/03\\\/14\\\/hyundai-tambem-anuncia-reducao-dos-precos\\\/#article\",\"isPartOf\":{\"@id\":\"https:\\\/\\\/dana.com.br\\\/canaldana\\\/2022\\\/03\\\/14\\\/hyundai-tambem-anuncia-reducao-dos-precos\\\/\"},\"author\":{\"name\":\"Canal Dana\",\"@id\":\"https:\\\/\\\/dana.com.br\\\/canaldana\\\/#\\\/schema\\\/person\\\/3c21f22f56fcf3bc46b94bc60ea4fef6\"},\"headline\":\"Hyundai tamb\u00e9m anuncia redu\u00e7\u00e3o dos pre\u00e7os\",\"datePublished\":\"2022-03-14T11:46:49+00:00\",\"mainEntityOfPage\":{\"@id\":\"https:\\\/\\\/dana.com.br\\\/canaldana\\\/2022\\\/03\\\/14\\\/hyundai-tambem-anuncia-reducao-dos-precos\\\/\"},\"wordCount\":324,\"articleSection\":[\"Mercado\"],\"inLanguage\":\"pt-BR\"},{\"@type\":\"WebPage\",\"@id\":\"https:\\\/\\\/dana.com.br\\\/canaldana\\\/2022\\\/03\\\/14\\\/hyundai-tambem-anuncia-reducao-dos-precos\\\/\",\"url\":\"https:\\\/\\\/dana.com.br\\\/canaldana\\\/2022\\\/03\\\/14\\\/hyundai-tambem-anuncia-reducao-dos-precos\\\/\",\"name\":\"Hyundai tamb\u00e9m anuncia redu\u00e7\u00e3o dos pre\u00e7os - Canal Dana\",\"isPartOf\":{\"@id\":\"https:\\\/\\\/dana.com.br\\\/canaldana\\\/#website\"},\"datePublished\":\"2022-03-14T11:46:49+00:00\",\"author\":{\"@id\":\"https:\\\/\\\/dana.com.br\\\/canaldana\\\/#\\\/schema\\\/person\\\/3c21f22f56fcf3bc46b94bc60ea4fef6\"},\"breadcrumb\":{\"@id\":\"https:\\\/\\\/dana.com.br\\\/canaldana\\\/2022\\\/03\\\/14\\\/hyundai-tambem-anuncia-reducao-dos-precos\\\/#breadcrumb\"},\"inLanguage\":\"pt-BR\",\"potentialAction\":[{\"@type\":\"ReadAction\",\"target\":[\"https:\\\/\\\/dana.com.br\\\/canaldana\\\/2022\\\/03\\\/14\\\/hyundai-tambem-anuncia-reducao-dos-precos\\\/\"]}]},{\"@type\":\"BreadcrumbList\",\"@id\":\"https:\\\/\\\/dana.com.br\\\/canaldana\\\/2022\\\/03\\\/14\\\/hyundai-tambem-anuncia-reducao-dos-precos\\\/#breadcrumb\",\"itemListElement\":[{\"@type\":\"ListItem\",\"position\":1,\"name\":\"Home\",\"item\":\"https:\\\/\\\/dana.com.br\\\/canaldana\\\/\"},{\"@type\":\"ListItem\",\"position\":2,\"name\":\"Mercado\",\"item\":\"https:\\\/\\\/dana.com.br\\\/canaldana\\\/mercado\\\/\"},{\"@type\":\"ListItem\",\"position\":3,\"name\":\"Hyundai tamb\u00e9m anuncia redu\u00e7\u00e3o dos pre\u00e7os\"}]},{\"@type\":\"WebSite\",\"@id\":\"https:\\\/\\\/dana.com.br\\\/canaldana\\\/#website\",\"url\":\"https:\\\/\\\/dana.com.br\\\/canaldana\\\/\",\"name\":\"Canal Dana\",\"description\":\"Informativo com as principais not\u00edcias da ind\u00fastria automotiva\",\"potentialAction\":[{\"@type\":\"SearchAction\",\"target\":{\"@type\":\"EntryPoint\",\"urlTemplate\":\"https:\\\/\\\/dana.com.br\\\/canaldana\\\/?s={search_term_string}\"},\"query-input\":{\"@type\":\"PropertyValueSpecification\",\"valueRequired\":true,\"valueName\":\"search_term_string\"}}],\"inLanguage\":\"pt-BR\"},{\"@type\":\"Person\",\"@id\":\"https:\\\/\\\/dana.com.br\\\/canaldana\\\/#\\\/schema\\\/person\\\/3c21f22f56fcf3bc46b94bc60ea4fef6\",\"name\":\"Canal Dana\",\"image\":{\"@type\":\"ImageObject\",\"inLanguage\":\"pt-BR\",\"@id\":\"https:\\\/\\\/secure.gravatar.com\\\/avatar\\\/420aaf9278582877d9018637c6817617705899d2858d7572ef0fe59a6b6454b4?s=96&d=mm&r=g\",\"url\":\"https:\\\/\\\/secure.gravatar.com\\\/avatar\\\/420aaf9278582877d9018637c6817617705899d2858d7572ef0fe59a6b6454b4?s=96&d=mm&r=g\",\"contentUrl\":\"https:\\\/\\\/secure.gravatar.com\\\/avatar\\\/420aaf9278582877d9018637c6817617705899d2858d7572ef0fe59a6b6454b4?s=96&d=mm&r=g\",\"caption\":\"Canal Dana\"},\"url\":\"https:\\\/\\\/dana.com.br\\\/canaldana\\\/author\\\/cdeditor\\\/\"}]}<\/script>\n<!-- \/ Yoast SEO plugin. -->","yoast_head_json":{"title":"Hyundai tamb\u00e9m anuncia redu\u00e7\u00e3o dos pre\u00e7os - Canal Dana","robots":{"index":"index","follow":"follow","max-snippet":"max-snippet:-1","max-image-preview":"max-image-preview:large","max-video-preview":"max-video-preview:-1"},"canonical":"https:\/\/dana.com.br\/canaldana\/2022\/03\/14\/hyundai-tambem-anuncia-reducao-dos-precos\/","og_locale":"pt_BR","og_type":"article","og_title":"Hyundai tamb\u00e9m anuncia redu\u00e7\u00e3o dos pre\u00e7os - Canal Dana","og_description":"AutoInd\u00fastria &nbsp; Mais uma montadora est\u00e1 anunciando redu\u00e7\u00e3o de pre\u00e7os em decorr\u00eancia das novas al\u00edquotas de IPI para ve\u00edculos, que baixaram 18,5% a partir de decreto do governo federal de 25 de fevereiro. A Hyundai garante que o repasse acontece na \u00edntegra, sendo a maior diferen\u00e7a nominal de pre\u00e7o \u2013 R$ 3,4 mil \u2013 a\u2026 Leia mais \u00bb","og_url":"https:\/\/dana.com.br\/canaldana\/2022\/03\/14\/hyundai-tambem-anuncia-reducao-dos-precos\/","og_site_name":"Canal Dana","article_published_time":"2022-03-14T11:46:49+00:00","author":"Canal Dana","twitter_card":"summary_large_image","twitter_misc":{"Escrito por":"Canal Dana","Est. tempo de leitura":"2 minutos"},"schema":{"@context":"https:\/\/schema.org","@graph":[{"@type":"Article","@id":"https:\/\/dana.com.br\/canaldana\/2022\/03\/14\/hyundai-tambem-anuncia-reducao-dos-precos\/#article","isPartOf":{"@id":"https:\/\/dana.com.br\/canaldana\/2022\/03\/14\/hyundai-tambem-anuncia-reducao-dos-precos\/"},"author":{"name":"Canal Dana","@id":"https:\/\/dana.com.br\/canaldana\/#\/schema\/person\/3c21f22f56fcf3bc46b94bc60ea4fef6"},"headline":"Hyundai tamb\u00e9m anuncia redu\u00e7\u00e3o dos pre\u00e7os","datePublished":"2022-03-14T11:46:49+00:00","mainEntityOfPage":{"@id":"https:\/\/dana.com.br\/canaldana\/2022\/03\/14\/hyundai-tambem-anuncia-reducao-dos-precos\/"},"wordCount":324,"articleSection":["Mercado"],"inLanguage":"pt-BR"},{"@type":"WebPage","@id":"https:\/\/dana.com.br\/canaldana\/2022\/03\/14\/hyundai-tambem-anuncia-reducao-dos-precos\/","url":"https:\/\/dana.com.br\/canaldana\/2022\/03\/14\/hyundai-tambem-anuncia-reducao-dos-precos\/","name":"Hyundai tamb\u00e9m anuncia redu\u00e7\u00e3o dos pre\u00e7os - Canal Dana","isPartOf":{"@id":"https:\/\/dana.com.br\/canaldana\/#website"},"datePublished":"2022-03-14T11:46:49+00:00","author":{"@id":"https:\/\/dana.com.br\/canaldana\/#\/schema\/person\/3c21f22f56fcf3bc46b94bc60ea4fef6"},"breadcrumb":{"@id":"https:\/\/dana.com.br\/canaldana\/2022\/03\/14\/hyundai-tambem-anuncia-reducao-dos-precos\/#breadcrumb"},"inLanguage":"pt-BR","potentialAction":[{"@type":"ReadAction","target":["https:\/\/dana.com.br\/canaldana\/2022\/03\/14\/hyundai-tambem-anuncia-reducao-dos-precos\/"]}]},{"@type":"BreadcrumbList","@id":"https:\/\/dana.com.br\/canaldana\/2022\/03\/14\/hyundai-tambem-anuncia-reducao-dos-precos\/#breadcrumb","itemListElement":[{"@type":"ListItem","position":1,"name":"Home","item":"https:\/\/dana.com.br\/canaldana\/"},{"@type":"ListItem","position":2,"name":"Mercado","item":"https:\/\/dana.com.br\/canaldana\/mercado\/"},{"@type":"ListItem","position":3,"name":"Hyundai tamb\u00e9m anuncia redu\u00e7\u00e3o dos pre\u00e7os"}]},{"@type":"WebSite","@id":"https:\/\/dana.com.br\/canaldana\/#website","url":"https:\/\/dana.com.br\/canaldana\/","name":"Canal Dana","description":"Informativo com as principais not\u00edcias da ind\u00fastria automotiva","potentialAction":[{"@type":"SearchAction","target":{"@type":"EntryPoint","urlTemplate":"https:\/\/dana.com.br\/canaldana\/?s={search_term_string}"},"query-input":{"@type":"PropertyValueSpecification","valueRequired":true,"valueName":"search_term_string"}}],"inLanguage":"pt-BR"},{"@type":"Person","@id":"https:\/\/dana.com.br\/canaldana\/#\/schema\/person\/3c21f22f56fcf3bc46b94bc60ea4fef6","name":"Canal Dana","image":{"@type":"ImageObject","inLanguage":"pt-BR","@id":"https:\/\/secure.gravatar.com\/avatar\/420aaf9278582877d9018637c6817617705899d2858d7572ef0fe59a6b6454b4?s=96&d=mm&r=g","url":"https:\/\/secure.gravatar.com\/avatar\/420aaf9278582877d9018637c6817617705899d2858d7572ef0fe59a6b6454b4?s=96&d=mm&r=g","contentUrl":"https:\/\/secure.gravatar.com\/avatar\/420aaf9278582877d9018637c6817617705899d2858d7572ef0fe59a6b6454b4?s=96&d=mm&r=g","caption":"Canal Dana"},"url":"https:\/\/dana.com.br\/canaldana\/author\/cdeditor\/"}]}},"_links":{"self":[{"href":"https:\/\/dana.com.br\/canaldana\/wp-json\/wp\/v2\/posts\/56851","targetHints":{"allow":["GET"]}}],"collection":[{"href":"https:\/\/dana.com.br\/canaldana\/wp-json\/wp\/v2\/posts"}],"about":[{"href":"https:\/\/dana.com.br\/canaldana\/wp-json\/wp\/v2\/types\/post"}],"author":[{"embeddable":true,"href":"https:\/\/dana.com.br\/canaldana\/wp-json\/wp\/v2\/users\/3"}],"replies":[{"embeddable":true,"href":"https:\/\/dana.com.br\/canaldana\/wp-json\/wp\/v2\/comments?post=56851"}],"version-history":[{"count":0,"href":"https:\/\/dana.com.br\/canaldana\/wp-json\/wp\/v2\/posts\/56851\/revisions"}],"wp:attachment":[{"href":"https:\/\/dana.com.br\/canaldana\/wp-json\/wp\/v2\/media?parent=56851"}],"wp:term":[{"taxonomy":"category","embeddable":true,"href":"https:\/\/dana.com.br\/canaldana\/wp-json\/wp\/v2\/categories?post=56851"},{"taxonomy":"post_tag","embeddable":true,"href":"https:\/\/dana.com.br\/canaldana\/wp-json\/wp\/v2\/tags?post=56851"}],"curies":[{"name":"wp","href":"https:\/\/api.w.org\/{rel}","templated":true}]}}