{"id":56738,"date":"2022-03-09T09:10:15","date_gmt":"2022-03-09T12:10:15","guid":{"rendered":"https:\/\/dana.com.br\/canaldana\/?p=56738"},"modified":"2022-03-09T09:10:15","modified_gmt":"2022-03-09T12:10:15","slug":"byd-comemora-15-anos-de-operacoes-na-india","status":"publish","type":"post","link":"https:\/\/dana.com.br\/canaldana\/2022\/03\/09\/byd-comemora-15-anos-de-operacoes-na-india\/","title":{"rendered":"BYD comemora 15 anos de opera\u00e7\u00f5es na \u00cdndia"},"content":{"rendered":"<p><em>Revista Torque<\/em><\/p>\n<p>&nbsp;<\/p>\n<p>H\u00e1 15 anos, a BYD tem levado \u00e0 \u00cdndia algumas das melhores tecnologias de locomo\u00e7\u00e3o sustent\u00e1vel. Tamb\u00e9m possibilitou a ado\u00e7\u00e3o de equipamentos para o manuseio de materiais, transporte do setor p\u00fablico e ve\u00edculos el\u00e9tricos para o setor B2B. O All-New e6 \u00e9 o primeiro autom\u00f3vel premium da \u00cdndia e o \u00fanico ve\u00edculo el\u00e9trico alimentado pela bateria Blade no pa\u00eds.<\/p>\n<p>&nbsp;<\/p>\n<p>A bateria Blade, lan\u00e7ada pela BYD em 2020, \u00e9 bem conhecida e apreciada em todo o mundo. Esta bateria estabeleceu novas refer\u00eancias em termos de seguran\u00e7a e \u00e9 a \u00fanica bateria que passou com sucesso no teste de penetra\u00e7\u00e3o de pregos, a forma mais rigorosa de testar a fuga t\u00e9rmica das baterias. Ao mesmo tempo, a bateria Blade completou um teste de resist\u00eancia extrema, onde um caminh\u00e3o de 46 toneladas passou por cima dela.<\/p>\n<p>&nbsp;<\/p>\n<p>Ketsu Zhang, Diretor Executivo da BYD India Private Limited, disse: \u201c\u00c9 realmente uma quest\u00e3o de grande orgulho para n\u00f3s da BYD testemunharmos v\u00e1rios marcos e fazermos parte dessa revolu\u00e7\u00e3o el\u00e9trica. A \u00cdndia se tornou um centro estrat\u00e9gico para que possamos atender o mercado do Sul da \u00c1sia. Estamos ansiosos para trazer outras boas pr\u00e1ticas e inova\u00e7\u00f5es para a \u00cdndia e ter uma parceria frut\u00edfera por muitas d\u00e9cadas\u201d.<\/p>\n<p>&nbsp;<\/p>\n<p>Com o recente lan\u00e7amento do primeiro All-New e6 premium da \u00cdndia, a BYD se prepara para revolucionar o segmento B2B. O All-New e6 vem equipado com uma bateria de 71,7 kWh, com bateria Blade, que tem autonomia de at\u00e9 520 km com uma \u00fanica carga, tornando-o o \u00fanico carro el\u00e9trico no pa\u00eds com uma autonomia t\u00e3o longa. E o All-New e6 tamb\u00e9m vem com garantia de bateria de 8 anos ou 500.000 km (o que vier primeiro).<\/p>\n<p>&nbsp;<\/p>\n<p>Desde 2007, quando a BYD \u00cdndia entrou pela primeira vez no mercado, estabeleceu duas f\u00e1bricas, com um investimento acumulado de mais de 150 milh\u00f5es de d\u00f3lares no mercado indiano. A BYD e a BYD India continuar\u00e3o a aumentar a capacidade de produ\u00e7\u00e3o para atender \u00e0 demanda do mercado e usar tecnologias inovadoras para criar mais tra\u00e7\u00e3o no futuro. (Revista Torque)<\/p>\n","protected":false},"excerpt":{"rendered":"<p>Revista Torque &nbsp; H\u00e1 15 anos, a BYD tem levado \u00e0 \u00cdndia algumas das melhores tecnologias de locomo\u00e7\u00e3o sustent\u00e1vel. Tamb\u00e9m possibilitou a ado\u00e7\u00e3o de equipamentos para o manuseio de materiais, transporte do setor p\u00fablico e ve\u00edculos el\u00e9tricos para o setor B2B. O All-New e6 \u00e9 o primeiro autom\u00f3vel premium da \u00cdndia e o \u00fanico ve\u00edculo\u2026 <a class=\"readmore\" href=\"https:\/\/dana.com.br\/canaldana\/2022\/03\/09\/byd-comemora-15-anos-de-operacoes-na-india\/\">Leia mais \u00bb<\/a><\/p>\n","protected":false},"author":3,"featured_media":0,"comment_status":"closed","ping_status":"closed","sticky":false,"template":"","format":"standard","meta":{"_acf_changed":false,"footnotes":""},"categories":[79],"tags":[],"class_list":["post-56738","post","type-post","status-publish","format-standard","hentry","category-mercado"],"acf":[],"yoast_head":"<!-- This site is optimized with the Yoast SEO plugin v27.3 - https:\/\/yoast.com\/product\/yoast-seo-wordpress\/ -->\n<title>BYD comemora 15 anos de opera\u00e7\u00f5es na \u00cdndia - Canal Dana<\/title>\n<meta name=\"robots\" content=\"index, follow, max-snippet:-1, max-image-preview:large, max-video-preview:-1\" \/>\n<link rel=\"canonical\" href=\"https:\/\/dana.com.br\/canaldana\/2022\/03\/09\/byd-comemora-15-anos-de-operacoes-na-india\/\" \/>\n<meta property=\"og:locale\" content=\"pt_BR\" \/>\n<meta property=\"og:type\" content=\"article\" \/>\n<meta property=\"og:title\" content=\"BYD comemora 15 anos de opera\u00e7\u00f5es na \u00cdndia - Canal Dana\" \/>\n<meta property=\"og:description\" content=\"Revista Torque &nbsp; H\u00e1 15 anos, a BYD tem levado \u00e0 \u00cdndia algumas das melhores tecnologias de locomo\u00e7\u00e3o sustent\u00e1vel. Tamb\u00e9m possibilitou a ado\u00e7\u00e3o de equipamentos para o manuseio de materiais, transporte do setor p\u00fablico e ve\u00edculos el\u00e9tricos para o setor B2B. O All-New e6 \u00e9 o primeiro autom\u00f3vel premium da \u00cdndia e o \u00fanico ve\u00edculo\u2026 Leia mais \u00bb\" \/>\n<meta property=\"og:url\" content=\"https:\/\/dana.com.br\/canaldana\/2022\/03\/09\/byd-comemora-15-anos-de-operacoes-na-india\/\" \/>\n<meta property=\"og:site_name\" content=\"Canal Dana\" \/>\n<meta property=\"article:published_time\" content=\"2022-03-09T12:10:15+00:00\" \/>\n<meta name=\"author\" content=\"Canal Dana\" \/>\n<meta name=\"twitter:card\" content=\"summary_large_image\" \/>\n<meta name=\"twitter:label1\" content=\"Escrito por\" \/>\n\t<meta name=\"twitter:data1\" content=\"Canal Dana\" \/>\n\t<meta name=\"twitter:label2\" content=\"Est. tempo de leitura\" \/>\n\t<meta name=\"twitter:data2\" content=\"2 minutos\" \/>\n<script type=\"application\/ld+json\" class=\"yoast-schema-graph\">{\"@context\":\"https:\\\/\\\/schema.org\",\"@graph\":[{\"@type\":\"Article\",\"@id\":\"https:\\\/\\\/dana.com.br\\\/canaldana\\\/2022\\\/03\\\/09\\\/byd-comemora-15-anos-de-operacoes-na-india\\\/#article\",\"isPartOf\":{\"@id\":\"https:\\\/\\\/dana.com.br\\\/canaldana\\\/2022\\\/03\\\/09\\\/byd-comemora-15-anos-de-operacoes-na-india\\\/\"},\"author\":{\"name\":\"Canal Dana\",\"@id\":\"https:\\\/\\\/dana.com.br\\\/canaldana\\\/#\\\/schema\\\/person\\\/3c21f22f56fcf3bc46b94bc60ea4fef6\"},\"headline\":\"BYD comemora 15 anos de opera\u00e7\u00f5es na \u00cdndia\",\"datePublished\":\"2022-03-09T12:10:15+00:00\",\"mainEntityOfPage\":{\"@id\":\"https:\\\/\\\/dana.com.br\\\/canaldana\\\/2022\\\/03\\\/09\\\/byd-comemora-15-anos-de-operacoes-na-india\\\/\"},\"wordCount\":378,\"articleSection\":[\"Mercado\"],\"inLanguage\":\"pt-BR\"},{\"@type\":\"WebPage\",\"@id\":\"https:\\\/\\\/dana.com.br\\\/canaldana\\\/2022\\\/03\\\/09\\\/byd-comemora-15-anos-de-operacoes-na-india\\\/\",\"url\":\"https:\\\/\\\/dana.com.br\\\/canaldana\\\/2022\\\/03\\\/09\\\/byd-comemora-15-anos-de-operacoes-na-india\\\/\",\"name\":\"BYD comemora 15 anos de opera\u00e7\u00f5es na \u00cdndia - Canal Dana\",\"isPartOf\":{\"@id\":\"https:\\\/\\\/dana.com.br\\\/canaldana\\\/#website\"},\"datePublished\":\"2022-03-09T12:10:15+00:00\",\"author\":{\"@id\":\"https:\\\/\\\/dana.com.br\\\/canaldana\\\/#\\\/schema\\\/person\\\/3c21f22f56fcf3bc46b94bc60ea4fef6\"},\"breadcrumb\":{\"@id\":\"https:\\\/\\\/dana.com.br\\\/canaldana\\\/2022\\\/03\\\/09\\\/byd-comemora-15-anos-de-operacoes-na-india\\\/#breadcrumb\"},\"inLanguage\":\"pt-BR\",\"potentialAction\":[{\"@type\":\"ReadAction\",\"target\":[\"https:\\\/\\\/dana.com.br\\\/canaldana\\\/2022\\\/03\\\/09\\\/byd-comemora-15-anos-de-operacoes-na-india\\\/\"]}]},{\"@type\":\"BreadcrumbList\",\"@id\":\"https:\\\/\\\/dana.com.br\\\/canaldana\\\/2022\\\/03\\\/09\\\/byd-comemora-15-anos-de-operacoes-na-india\\\/#breadcrumb\",\"itemListElement\":[{\"@type\":\"ListItem\",\"position\":1,\"name\":\"Home\",\"item\":\"https:\\\/\\\/dana.com.br\\\/canaldana\\\/\"},{\"@type\":\"ListItem\",\"position\":2,\"name\":\"Mercado\",\"item\":\"https:\\\/\\\/dana.com.br\\\/canaldana\\\/mercado\\\/\"},{\"@type\":\"ListItem\",\"position\":3,\"name\":\"BYD comemora 15 anos de opera\u00e7\u00f5es na \u00cdndia\"}]},{\"@type\":\"WebSite\",\"@id\":\"https:\\\/\\\/dana.com.br\\\/canaldana\\\/#website\",\"url\":\"https:\\\/\\\/dana.com.br\\\/canaldana\\\/\",\"name\":\"Canal Dana\",\"description\":\"Informativo com as principais not\u00edcias da ind\u00fastria automotiva\",\"potentialAction\":[{\"@type\":\"SearchAction\",\"target\":{\"@type\":\"EntryPoint\",\"urlTemplate\":\"https:\\\/\\\/dana.com.br\\\/canaldana\\\/?s={search_term_string}\"},\"query-input\":{\"@type\":\"PropertyValueSpecification\",\"valueRequired\":true,\"valueName\":\"search_term_string\"}}],\"inLanguage\":\"pt-BR\"},{\"@type\":\"Person\",\"@id\":\"https:\\\/\\\/dana.com.br\\\/canaldana\\\/#\\\/schema\\\/person\\\/3c21f22f56fcf3bc46b94bc60ea4fef6\",\"name\":\"Canal Dana\",\"image\":{\"@type\":\"ImageObject\",\"inLanguage\":\"pt-BR\",\"@id\":\"https:\\\/\\\/secure.gravatar.com\\\/avatar\\\/420aaf9278582877d9018637c6817617705899d2858d7572ef0fe59a6b6454b4?s=96&d=mm&r=g\",\"url\":\"https:\\\/\\\/secure.gravatar.com\\\/avatar\\\/420aaf9278582877d9018637c6817617705899d2858d7572ef0fe59a6b6454b4?s=96&d=mm&r=g\",\"contentUrl\":\"https:\\\/\\\/secure.gravatar.com\\\/avatar\\\/420aaf9278582877d9018637c6817617705899d2858d7572ef0fe59a6b6454b4?s=96&d=mm&r=g\",\"caption\":\"Canal Dana\"},\"url\":\"https:\\\/\\\/dana.com.br\\\/canaldana\\\/author\\\/cdeditor\\\/\"}]}<\/script>\n<!-- \/ Yoast SEO plugin. -->","yoast_head_json":{"title":"BYD comemora 15 anos de opera\u00e7\u00f5es na \u00cdndia - Canal Dana","robots":{"index":"index","follow":"follow","max-snippet":"max-snippet:-1","max-image-preview":"max-image-preview:large","max-video-preview":"max-video-preview:-1"},"canonical":"https:\/\/dana.com.br\/canaldana\/2022\/03\/09\/byd-comemora-15-anos-de-operacoes-na-india\/","og_locale":"pt_BR","og_type":"article","og_title":"BYD comemora 15 anos de opera\u00e7\u00f5es na \u00cdndia - Canal Dana","og_description":"Revista Torque &nbsp; H\u00e1 15 anos, a BYD tem levado \u00e0 \u00cdndia algumas das melhores tecnologias de locomo\u00e7\u00e3o sustent\u00e1vel. Tamb\u00e9m possibilitou a ado\u00e7\u00e3o de equipamentos para o manuseio de materiais, transporte do setor p\u00fablico e ve\u00edculos el\u00e9tricos para o setor B2B. O All-New e6 \u00e9 o primeiro autom\u00f3vel premium da \u00cdndia e o \u00fanico ve\u00edculo\u2026 Leia mais \u00bb","og_url":"https:\/\/dana.com.br\/canaldana\/2022\/03\/09\/byd-comemora-15-anos-de-operacoes-na-india\/","og_site_name":"Canal Dana","article_published_time":"2022-03-09T12:10:15+00:00","author":"Canal Dana","twitter_card":"summary_large_image","twitter_misc":{"Escrito por":"Canal Dana","Est. tempo de leitura":"2 minutos"},"schema":{"@context":"https:\/\/schema.org","@graph":[{"@type":"Article","@id":"https:\/\/dana.com.br\/canaldana\/2022\/03\/09\/byd-comemora-15-anos-de-operacoes-na-india\/#article","isPartOf":{"@id":"https:\/\/dana.com.br\/canaldana\/2022\/03\/09\/byd-comemora-15-anos-de-operacoes-na-india\/"},"author":{"name":"Canal Dana","@id":"https:\/\/dana.com.br\/canaldana\/#\/schema\/person\/3c21f22f56fcf3bc46b94bc60ea4fef6"},"headline":"BYD comemora 15 anos de opera\u00e7\u00f5es na \u00cdndia","datePublished":"2022-03-09T12:10:15+00:00","mainEntityOfPage":{"@id":"https:\/\/dana.com.br\/canaldana\/2022\/03\/09\/byd-comemora-15-anos-de-operacoes-na-india\/"},"wordCount":378,"articleSection":["Mercado"],"inLanguage":"pt-BR"},{"@type":"WebPage","@id":"https:\/\/dana.com.br\/canaldana\/2022\/03\/09\/byd-comemora-15-anos-de-operacoes-na-india\/","url":"https:\/\/dana.com.br\/canaldana\/2022\/03\/09\/byd-comemora-15-anos-de-operacoes-na-india\/","name":"BYD comemora 15 anos de opera\u00e7\u00f5es na \u00cdndia - Canal Dana","isPartOf":{"@id":"https:\/\/dana.com.br\/canaldana\/#website"},"datePublished":"2022-03-09T12:10:15+00:00","author":{"@id":"https:\/\/dana.com.br\/canaldana\/#\/schema\/person\/3c21f22f56fcf3bc46b94bc60ea4fef6"},"breadcrumb":{"@id":"https:\/\/dana.com.br\/canaldana\/2022\/03\/09\/byd-comemora-15-anos-de-operacoes-na-india\/#breadcrumb"},"inLanguage":"pt-BR","potentialAction":[{"@type":"ReadAction","target":["https:\/\/dana.com.br\/canaldana\/2022\/03\/09\/byd-comemora-15-anos-de-operacoes-na-india\/"]}]},{"@type":"BreadcrumbList","@id":"https:\/\/dana.com.br\/canaldana\/2022\/03\/09\/byd-comemora-15-anos-de-operacoes-na-india\/#breadcrumb","itemListElement":[{"@type":"ListItem","position":1,"name":"Home","item":"https:\/\/dana.com.br\/canaldana\/"},{"@type":"ListItem","position":2,"name":"Mercado","item":"https:\/\/dana.com.br\/canaldana\/mercado\/"},{"@type":"ListItem","position":3,"name":"BYD comemora 15 anos de opera\u00e7\u00f5es na \u00cdndia"}]},{"@type":"WebSite","@id":"https:\/\/dana.com.br\/canaldana\/#website","url":"https:\/\/dana.com.br\/canaldana\/","name":"Canal Dana","description":"Informativo com as principais not\u00edcias da ind\u00fastria automotiva","potentialAction":[{"@type":"SearchAction","target":{"@type":"EntryPoint","urlTemplate":"https:\/\/dana.com.br\/canaldana\/?s={search_term_string}"},"query-input":{"@type":"PropertyValueSpecification","valueRequired":true,"valueName":"search_term_string"}}],"inLanguage":"pt-BR"},{"@type":"Person","@id":"https:\/\/dana.com.br\/canaldana\/#\/schema\/person\/3c21f22f56fcf3bc46b94bc60ea4fef6","name":"Canal Dana","image":{"@type":"ImageObject","inLanguage":"pt-BR","@id":"https:\/\/secure.gravatar.com\/avatar\/420aaf9278582877d9018637c6817617705899d2858d7572ef0fe59a6b6454b4?s=96&d=mm&r=g","url":"https:\/\/secure.gravatar.com\/avatar\/420aaf9278582877d9018637c6817617705899d2858d7572ef0fe59a6b6454b4?s=96&d=mm&r=g","contentUrl":"https:\/\/secure.gravatar.com\/avatar\/420aaf9278582877d9018637c6817617705899d2858d7572ef0fe59a6b6454b4?s=96&d=mm&r=g","caption":"Canal Dana"},"url":"https:\/\/dana.com.br\/canaldana\/author\/cdeditor\/"}]}},"_links":{"self":[{"href":"https:\/\/dana.com.br\/canaldana\/wp-json\/wp\/v2\/posts\/56738","targetHints":{"allow":["GET"]}}],"collection":[{"href":"https:\/\/dana.com.br\/canaldana\/wp-json\/wp\/v2\/posts"}],"about":[{"href":"https:\/\/dana.com.br\/canaldana\/wp-json\/wp\/v2\/types\/post"}],"author":[{"embeddable":true,"href":"https:\/\/dana.com.br\/canaldana\/wp-json\/wp\/v2\/users\/3"}],"replies":[{"embeddable":true,"href":"https:\/\/dana.com.br\/canaldana\/wp-json\/wp\/v2\/comments?post=56738"}],"version-history":[{"count":0,"href":"https:\/\/dana.com.br\/canaldana\/wp-json\/wp\/v2\/posts\/56738\/revisions"}],"wp:attachment":[{"href":"https:\/\/dana.com.br\/canaldana\/wp-json\/wp\/v2\/media?parent=56738"}],"wp:term":[{"taxonomy":"category","embeddable":true,"href":"https:\/\/dana.com.br\/canaldana\/wp-json\/wp\/v2\/categories?post=56738"},{"taxonomy":"post_tag","embeddable":true,"href":"https:\/\/dana.com.br\/canaldana\/wp-json\/wp\/v2\/tags?post=56738"}],"curies":[{"name":"wp","href":"https:\/\/api.w.org\/{rel}","templated":true}]}}