{"id":56493,"date":"2022-02-25T08:27:22","date_gmt":"2022-02-25T11:27:22","guid":{"rendered":"https:\/\/dana.com.br\/canaldana\/?p=56493"},"modified":"2022-02-25T08:27:22","modified_gmt":"2022-02-25T11:27:22","slug":"byd-entrega-automovel-e5-eletrico-a-pm-de-piracicaba","status":"publish","type":"post","link":"https:\/\/dana.com.br\/canaldana\/2022\/02\/25\/byd-entrega-automovel-e5-eletrico-a-pm-de-piracicaba\/","title":{"rendered":"BYD entrega autom\u00f3vel e5 el\u00e9trico \u00e0 PM de Piracicaba"},"content":{"rendered":"<p><em>Blog do Ricardo Ribas<\/em><\/p>\n<p>&nbsp;<\/p>\n<p>A BYD participou, na \u00faltima ter\u00e7a-feira (22), de um evento para a entrega de um modelo sedan e5 el\u00e9trico \u00e0 Pol\u00edcia Militar de Piracicaba, no interior de S\u00e3o Paulo. O modelo tem autonomia de at\u00e9 300km e ser\u00e1 utilizado pelo 10\u00ba BPM\/I (Batalh\u00e3o de Pol\u00edcia Militar do Interior), por um per\u00edodo de testes de 30 dias, como apoio ao policiamento ostensivo e r\u00e1dio patrulhamento, al\u00e9m do atendimento aos cidad\u00e3os em ocorr\u00eancias na regi\u00e3o.<\/p>\n<p>&nbsp;<\/p>\n<p>\u201cO BYD e5 \u00e9 um autom\u00f3vel que agrega alto padr\u00e3o de seguran\u00e7a, qualidade e tecnologia. \u00c9 totalmente el\u00e9trico, silencioso, com zero emiss\u00e3o de poluentes e tem \u00f3tima performance operacional\u201d informa Adalberto Maluf, Diretor de Marketing e Sustentabilidade da BYD Brasil.<\/p>\n<p>&nbsp;<\/p>\n<p>O sed\u00e3 el\u00e9trico BYD e5 tem comercializa\u00e7\u00e3o exclusiva para o segmento de frotistas (B2B). Disp\u00f5e de motor de 217,5 cv e 31,6 mkgf de torque e baterias de fosfato de ferro l\u00edtio com capacidade de 47,5 kWh, que podem ser totalmente recarregadas em at\u00e9 1h30min. Entre os principais equipamentos de s\u00e9rie traz dois airbags, controle de estabilidade (ESP), assistente de partida em rampa, volante multifuncional, revestimento de bancos em couro sint\u00e9tico, far\u00f3is de neblina, luzes de posi\u00e7\u00e3o led e rodas de alum\u00ednio aro 16.<\/p>\n<p>&nbsp;<\/p>\n<p>A cerim\u00f4nia de entrega oficial da viatura el\u00e9trica da BYD contou com a presen\u00e7a do comandante do CPI-9, coronel Willians de Cerqueira Leite Martins; do tenente coronel Alexandre Luiz Bergamasco Pedro; da Comandante do 10\u00ba BPM\/I major Silvia Andr\u00e9ia Mantoani e demais autoridades policiais da regi\u00e3o.<\/p>\n<p>&nbsp;<\/p>\n<p>A avalia\u00e7\u00e3o com o sed\u00e3 BYD e5 ter\u00e1 custo zero para os cofres p\u00fablicos e poder\u00e1 ser renovada por mais 30 dias de comodato para a corpora\u00e7\u00e3o, caso necess\u00e1rio. \u201cAcreditamos que \u00e9 uma parceria que tem tudo para se concretizar. As for\u00e7as policiais foram pioneiras no mundo no uso dos ve\u00edculos el\u00e9tricos. Ficamos muito satisfeitos de ver a lideran\u00e7a da PM Piracicaba no Brasil\u201d, comenta Adalberto Maluf.<\/p>\n<p>&nbsp;<\/p>\n<p>Em uma postagem na rede social oficial do 10\u00ba BPM\/I (Instagram: @decimobpmi), a equipe de comunica\u00e7\u00e3o social da Pol\u00edcia Militar enaltece a tecnologia el\u00e9trica da BYD para o patrulhamento ostensivo em Piracicaba.<\/p>\n<p>&nbsp;<\/p>\n<p>\u201cA iniciativa do comandante em solicitar esse tipo de viatura para a regi\u00e3o de Piracicaba pauta-se na melhoria cont\u00ednua e na sustentabilidade, uma vez que, entre os v\u00e1rios benef\u00edcios desta tecnologia est\u00e3o: o consumo eficiente, custos menores na manuten\u00e7\u00e3o, desempenho superior quando comparado com ve\u00edculos a combust\u00e3o, sem contar que reduz a emiss\u00e3o de poluentes no meio ambiente\u201d, informa a publica\u00e7\u00e3o. (Blog do Ricardo Ribas)<\/p>\n","protected":false},"excerpt":{"rendered":"<p>Blog do Ricardo Ribas &nbsp; A BYD participou, na \u00faltima ter\u00e7a-feira (22), de um evento para a entrega de um modelo sedan e5 el\u00e9trico \u00e0 Pol\u00edcia Militar de Piracicaba, no interior de S\u00e3o Paulo. O modelo tem autonomia de at\u00e9 300km e ser\u00e1 utilizado pelo 10\u00ba BPM\/I (Batalh\u00e3o de Pol\u00edcia Militar do Interior), por um\u2026 <a class=\"readmore\" href=\"https:\/\/dana.com.br\/canaldana\/2022\/02\/25\/byd-entrega-automovel-e5-eletrico-a-pm-de-piracicaba\/\">Leia mais \u00bb<\/a><\/p>\n","protected":false},"author":3,"featured_media":0,"comment_status":"closed","ping_status":"closed","sticky":false,"template":"","format":"standard","meta":{"_acf_changed":false,"footnotes":""},"categories":[110],"tags":[],"class_list":["post-56493","post","type-post","status-publish","format-standard","hentry","category-eletricos"],"acf":[],"yoast_head":"<!-- This site is optimized with the Yoast SEO plugin v27.3 - https:\/\/yoast.com\/product\/yoast-seo-wordpress\/ -->\n<title>BYD entrega autom\u00f3vel e5 el\u00e9trico \u00e0 PM de Piracicaba - Canal Dana<\/title>\n<meta name=\"robots\" content=\"index, follow, max-snippet:-1, max-image-preview:large, max-video-preview:-1\" \/>\n<link rel=\"canonical\" href=\"https:\/\/dana.com.br\/canaldana\/2022\/02\/25\/byd-entrega-automovel-e5-eletrico-a-pm-de-piracicaba\/\" \/>\n<meta property=\"og:locale\" content=\"pt_BR\" \/>\n<meta property=\"og:type\" content=\"article\" \/>\n<meta property=\"og:title\" content=\"BYD entrega autom\u00f3vel e5 el\u00e9trico \u00e0 PM de Piracicaba - Canal Dana\" \/>\n<meta property=\"og:description\" content=\"Blog do Ricardo Ribas &nbsp; A BYD participou, na \u00faltima ter\u00e7a-feira (22), de um evento para a entrega de um modelo sedan e5 el\u00e9trico \u00e0 Pol\u00edcia Militar de Piracicaba, no interior de S\u00e3o Paulo. O modelo tem autonomia de at\u00e9 300km e ser\u00e1 utilizado pelo 10\u00ba BPM\/I (Batalh\u00e3o de Pol\u00edcia Militar do Interior), por um\u2026 Leia mais \u00bb\" \/>\n<meta property=\"og:url\" content=\"https:\/\/dana.com.br\/canaldana\/2022\/02\/25\/byd-entrega-automovel-e5-eletrico-a-pm-de-piracicaba\/\" \/>\n<meta property=\"og:site_name\" content=\"Canal Dana\" \/>\n<meta property=\"article:published_time\" content=\"2022-02-25T11:27:22+00:00\" \/>\n<meta name=\"author\" content=\"Canal Dana\" \/>\n<meta name=\"twitter:card\" content=\"summary_large_image\" \/>\n<meta name=\"twitter:label1\" content=\"Escrito por\" \/>\n\t<meta name=\"twitter:data1\" content=\"Canal Dana\" \/>\n\t<meta name=\"twitter:label2\" content=\"Est. tempo de leitura\" \/>\n\t<meta name=\"twitter:data2\" content=\"2 minutos\" \/>\n<script type=\"application\/ld+json\" class=\"yoast-schema-graph\">{\"@context\":\"https:\\\/\\\/schema.org\",\"@graph\":[{\"@type\":\"Article\",\"@id\":\"https:\\\/\\\/dana.com.br\\\/canaldana\\\/2022\\\/02\\\/25\\\/byd-entrega-automovel-e5-eletrico-a-pm-de-piracicaba\\\/#article\",\"isPartOf\":{\"@id\":\"https:\\\/\\\/dana.com.br\\\/canaldana\\\/2022\\\/02\\\/25\\\/byd-entrega-automovel-e5-eletrico-a-pm-de-piracicaba\\\/\"},\"author\":{\"name\":\"Canal Dana\",\"@id\":\"https:\\\/\\\/dana.com.br\\\/canaldana\\\/#\\\/schema\\\/person\\\/3c21f22f56fcf3bc46b94bc60ea4fef6\"},\"headline\":\"BYD entrega autom\u00f3vel e5 el\u00e9trico \u00e0 PM de Piracicaba\",\"datePublished\":\"2022-02-25T11:27:22+00:00\",\"mainEntityOfPage\":{\"@id\":\"https:\\\/\\\/dana.com.br\\\/canaldana\\\/2022\\\/02\\\/25\\\/byd-entrega-automovel-e5-eletrico-a-pm-de-piracicaba\\\/\"},\"wordCount\":471,\"articleSection\":[\"El\u00e9tricos\"],\"inLanguage\":\"pt-BR\"},{\"@type\":\"WebPage\",\"@id\":\"https:\\\/\\\/dana.com.br\\\/canaldana\\\/2022\\\/02\\\/25\\\/byd-entrega-automovel-e5-eletrico-a-pm-de-piracicaba\\\/\",\"url\":\"https:\\\/\\\/dana.com.br\\\/canaldana\\\/2022\\\/02\\\/25\\\/byd-entrega-automovel-e5-eletrico-a-pm-de-piracicaba\\\/\",\"name\":\"BYD entrega autom\u00f3vel e5 el\u00e9trico \u00e0 PM de Piracicaba - Canal Dana\",\"isPartOf\":{\"@id\":\"https:\\\/\\\/dana.com.br\\\/canaldana\\\/#website\"},\"datePublished\":\"2022-02-25T11:27:22+00:00\",\"author\":{\"@id\":\"https:\\\/\\\/dana.com.br\\\/canaldana\\\/#\\\/schema\\\/person\\\/3c21f22f56fcf3bc46b94bc60ea4fef6\"},\"breadcrumb\":{\"@id\":\"https:\\\/\\\/dana.com.br\\\/canaldana\\\/2022\\\/02\\\/25\\\/byd-entrega-automovel-e5-eletrico-a-pm-de-piracicaba\\\/#breadcrumb\"},\"inLanguage\":\"pt-BR\",\"potentialAction\":[{\"@type\":\"ReadAction\",\"target\":[\"https:\\\/\\\/dana.com.br\\\/canaldana\\\/2022\\\/02\\\/25\\\/byd-entrega-automovel-e5-eletrico-a-pm-de-piracicaba\\\/\"]}]},{\"@type\":\"BreadcrumbList\",\"@id\":\"https:\\\/\\\/dana.com.br\\\/canaldana\\\/2022\\\/02\\\/25\\\/byd-entrega-automovel-e5-eletrico-a-pm-de-piracicaba\\\/#breadcrumb\",\"itemListElement\":[{\"@type\":\"ListItem\",\"position\":1,\"name\":\"Home\",\"item\":\"https:\\\/\\\/dana.com.br\\\/canaldana\\\/\"},{\"@type\":\"ListItem\",\"position\":2,\"name\":\"El\u00e9tricos\",\"item\":\"https:\\\/\\\/dana.com.br\\\/canaldana\\\/eletricos\\\/\"},{\"@type\":\"ListItem\",\"position\":3,\"name\":\"BYD entrega autom\u00f3vel e5 el\u00e9trico \u00e0 PM de Piracicaba\"}]},{\"@type\":\"WebSite\",\"@id\":\"https:\\\/\\\/dana.com.br\\\/canaldana\\\/#website\",\"url\":\"https:\\\/\\\/dana.com.br\\\/canaldana\\\/\",\"name\":\"Canal Dana\",\"description\":\"Informativo com as principais not\u00edcias da ind\u00fastria automotiva\",\"potentialAction\":[{\"@type\":\"SearchAction\",\"target\":{\"@type\":\"EntryPoint\",\"urlTemplate\":\"https:\\\/\\\/dana.com.br\\\/canaldana\\\/?s={search_term_string}\"},\"query-input\":{\"@type\":\"PropertyValueSpecification\",\"valueRequired\":true,\"valueName\":\"search_term_string\"}}],\"inLanguage\":\"pt-BR\"},{\"@type\":\"Person\",\"@id\":\"https:\\\/\\\/dana.com.br\\\/canaldana\\\/#\\\/schema\\\/person\\\/3c21f22f56fcf3bc46b94bc60ea4fef6\",\"name\":\"Canal Dana\",\"image\":{\"@type\":\"ImageObject\",\"inLanguage\":\"pt-BR\",\"@id\":\"https:\\\/\\\/secure.gravatar.com\\\/avatar\\\/420aaf9278582877d9018637c6817617705899d2858d7572ef0fe59a6b6454b4?s=96&d=mm&r=g\",\"url\":\"https:\\\/\\\/secure.gravatar.com\\\/avatar\\\/420aaf9278582877d9018637c6817617705899d2858d7572ef0fe59a6b6454b4?s=96&d=mm&r=g\",\"contentUrl\":\"https:\\\/\\\/secure.gravatar.com\\\/avatar\\\/420aaf9278582877d9018637c6817617705899d2858d7572ef0fe59a6b6454b4?s=96&d=mm&r=g\",\"caption\":\"Canal Dana\"},\"url\":\"https:\\\/\\\/dana.com.br\\\/canaldana\\\/author\\\/cdeditor\\\/\"}]}<\/script>\n<!-- \/ Yoast SEO plugin. -->","yoast_head_json":{"title":"BYD entrega autom\u00f3vel e5 el\u00e9trico \u00e0 PM de Piracicaba - Canal Dana","robots":{"index":"index","follow":"follow","max-snippet":"max-snippet:-1","max-image-preview":"max-image-preview:large","max-video-preview":"max-video-preview:-1"},"canonical":"https:\/\/dana.com.br\/canaldana\/2022\/02\/25\/byd-entrega-automovel-e5-eletrico-a-pm-de-piracicaba\/","og_locale":"pt_BR","og_type":"article","og_title":"BYD entrega autom\u00f3vel e5 el\u00e9trico \u00e0 PM de Piracicaba - Canal Dana","og_description":"Blog do Ricardo Ribas &nbsp; A BYD participou, na \u00faltima ter\u00e7a-feira (22), de um evento para a entrega de um modelo sedan e5 el\u00e9trico \u00e0 Pol\u00edcia Militar de Piracicaba, no interior de S\u00e3o Paulo. O modelo tem autonomia de at\u00e9 300km e ser\u00e1 utilizado pelo 10\u00ba BPM\/I (Batalh\u00e3o de Pol\u00edcia Militar do Interior), por um\u2026 Leia mais \u00bb","og_url":"https:\/\/dana.com.br\/canaldana\/2022\/02\/25\/byd-entrega-automovel-e5-eletrico-a-pm-de-piracicaba\/","og_site_name":"Canal Dana","article_published_time":"2022-02-25T11:27:22+00:00","author":"Canal Dana","twitter_card":"summary_large_image","twitter_misc":{"Escrito por":"Canal Dana","Est. tempo de leitura":"2 minutos"},"schema":{"@context":"https:\/\/schema.org","@graph":[{"@type":"Article","@id":"https:\/\/dana.com.br\/canaldana\/2022\/02\/25\/byd-entrega-automovel-e5-eletrico-a-pm-de-piracicaba\/#article","isPartOf":{"@id":"https:\/\/dana.com.br\/canaldana\/2022\/02\/25\/byd-entrega-automovel-e5-eletrico-a-pm-de-piracicaba\/"},"author":{"name":"Canal Dana","@id":"https:\/\/dana.com.br\/canaldana\/#\/schema\/person\/3c21f22f56fcf3bc46b94bc60ea4fef6"},"headline":"BYD entrega autom\u00f3vel e5 el\u00e9trico \u00e0 PM de Piracicaba","datePublished":"2022-02-25T11:27:22+00:00","mainEntityOfPage":{"@id":"https:\/\/dana.com.br\/canaldana\/2022\/02\/25\/byd-entrega-automovel-e5-eletrico-a-pm-de-piracicaba\/"},"wordCount":471,"articleSection":["El\u00e9tricos"],"inLanguage":"pt-BR"},{"@type":"WebPage","@id":"https:\/\/dana.com.br\/canaldana\/2022\/02\/25\/byd-entrega-automovel-e5-eletrico-a-pm-de-piracicaba\/","url":"https:\/\/dana.com.br\/canaldana\/2022\/02\/25\/byd-entrega-automovel-e5-eletrico-a-pm-de-piracicaba\/","name":"BYD entrega autom\u00f3vel e5 el\u00e9trico \u00e0 PM de Piracicaba - Canal Dana","isPartOf":{"@id":"https:\/\/dana.com.br\/canaldana\/#website"},"datePublished":"2022-02-25T11:27:22+00:00","author":{"@id":"https:\/\/dana.com.br\/canaldana\/#\/schema\/person\/3c21f22f56fcf3bc46b94bc60ea4fef6"},"breadcrumb":{"@id":"https:\/\/dana.com.br\/canaldana\/2022\/02\/25\/byd-entrega-automovel-e5-eletrico-a-pm-de-piracicaba\/#breadcrumb"},"inLanguage":"pt-BR","potentialAction":[{"@type":"ReadAction","target":["https:\/\/dana.com.br\/canaldana\/2022\/02\/25\/byd-entrega-automovel-e5-eletrico-a-pm-de-piracicaba\/"]}]},{"@type":"BreadcrumbList","@id":"https:\/\/dana.com.br\/canaldana\/2022\/02\/25\/byd-entrega-automovel-e5-eletrico-a-pm-de-piracicaba\/#breadcrumb","itemListElement":[{"@type":"ListItem","position":1,"name":"Home","item":"https:\/\/dana.com.br\/canaldana\/"},{"@type":"ListItem","position":2,"name":"El\u00e9tricos","item":"https:\/\/dana.com.br\/canaldana\/eletricos\/"},{"@type":"ListItem","position":3,"name":"BYD entrega autom\u00f3vel e5 el\u00e9trico \u00e0 PM de Piracicaba"}]},{"@type":"WebSite","@id":"https:\/\/dana.com.br\/canaldana\/#website","url":"https:\/\/dana.com.br\/canaldana\/","name":"Canal Dana","description":"Informativo com as principais not\u00edcias da ind\u00fastria automotiva","potentialAction":[{"@type":"SearchAction","target":{"@type":"EntryPoint","urlTemplate":"https:\/\/dana.com.br\/canaldana\/?s={search_term_string}"},"query-input":{"@type":"PropertyValueSpecification","valueRequired":true,"valueName":"search_term_string"}}],"inLanguage":"pt-BR"},{"@type":"Person","@id":"https:\/\/dana.com.br\/canaldana\/#\/schema\/person\/3c21f22f56fcf3bc46b94bc60ea4fef6","name":"Canal Dana","image":{"@type":"ImageObject","inLanguage":"pt-BR","@id":"https:\/\/secure.gravatar.com\/avatar\/420aaf9278582877d9018637c6817617705899d2858d7572ef0fe59a6b6454b4?s=96&d=mm&r=g","url":"https:\/\/secure.gravatar.com\/avatar\/420aaf9278582877d9018637c6817617705899d2858d7572ef0fe59a6b6454b4?s=96&d=mm&r=g","contentUrl":"https:\/\/secure.gravatar.com\/avatar\/420aaf9278582877d9018637c6817617705899d2858d7572ef0fe59a6b6454b4?s=96&d=mm&r=g","caption":"Canal Dana"},"url":"https:\/\/dana.com.br\/canaldana\/author\/cdeditor\/"}]}},"_links":{"self":[{"href":"https:\/\/dana.com.br\/canaldana\/wp-json\/wp\/v2\/posts\/56493","targetHints":{"allow":["GET"]}}],"collection":[{"href":"https:\/\/dana.com.br\/canaldana\/wp-json\/wp\/v2\/posts"}],"about":[{"href":"https:\/\/dana.com.br\/canaldana\/wp-json\/wp\/v2\/types\/post"}],"author":[{"embeddable":true,"href":"https:\/\/dana.com.br\/canaldana\/wp-json\/wp\/v2\/users\/3"}],"replies":[{"embeddable":true,"href":"https:\/\/dana.com.br\/canaldana\/wp-json\/wp\/v2\/comments?post=56493"}],"version-history":[{"count":0,"href":"https:\/\/dana.com.br\/canaldana\/wp-json\/wp\/v2\/posts\/56493\/revisions"}],"wp:attachment":[{"href":"https:\/\/dana.com.br\/canaldana\/wp-json\/wp\/v2\/media?parent=56493"}],"wp:term":[{"taxonomy":"category","embeddable":true,"href":"https:\/\/dana.com.br\/canaldana\/wp-json\/wp\/v2\/categories?post=56493"},{"taxonomy":"post_tag","embeddable":true,"href":"https:\/\/dana.com.br\/canaldana\/wp-json\/wp\/v2\/tags?post=56493"}],"curies":[{"name":"wp","href":"https:\/\/api.w.org\/{rel}","templated":true}]}}