{"id":56357,"date":"2022-02-21T08:43:24","date_gmt":"2022-02-21T11:43:24","guid":{"rendered":"https:\/\/dana.com.br\/canaldana\/?p=56357"},"modified":"2022-02-21T08:43:24","modified_gmt":"2022-02-21T11:43:24","slug":"colombia-vai-receber-caminhao-eletrico-vw-e-delivery","status":"publish","type":"post","link":"https:\/\/dana.com.br\/canaldana\/2022\/02\/21\/colombia-vai-receber-caminhao-eletrico-vw-e-delivery\/","title":{"rendered":"Col\u00f4mbia vai receber caminh\u00e3o el\u00e9trico VW e-Delivery"},"content":{"rendered":"<p><em>Truck &amp; Bus Builder Am\u00e9rica do Sul<\/em><\/p>\n<p>&nbsp;<\/p>\n<p>A Volkswagen Caminh\u00f5es e \u00d4nibus deu in\u00edcio ao processo junto ao governo da Col\u00f4mbia para a sua entrada no mercado para atuar no segmento de ve\u00edculos utilit\u00e1rios ecol\u00f3gicos, com a apresenta\u00e7\u00e3o aos potenciais clientes do primeiro caminh\u00e3o el\u00e9trico leve em sua linha de produtos. Com esse processo, a Col\u00f4mbia ser\u00e1 o primeiro pa\u00eds, al\u00e9m do Brasil, a comercializar caminh\u00f5es el\u00e9tricos na Am\u00e9rica do Sul.<\/p>\n<p>&nbsp;<\/p>\n<p>O Vw e-Delivery ser\u00e1 importado do Brasil pela Porsche Col\u00f4mbia ainda este ano. Uma unidade j\u00e1 est\u00e1 no pa\u00eds para apresenta\u00e7\u00e3o aos clientes em potencial e servir\u00e1 para demonstrar o seu funcionamento, caracter\u00edsticas e benef\u00edcios em termos de mobilidade para o setor de cargas. Al\u00e9m das diferentes op\u00e7\u00f5es de carroceria o e-Delivery ter\u00e1 duas op\u00e7\u00f5es de capacidade de carga, com 11 toneladas e 14 toneladas. Na apresenta\u00e7\u00e3o aos poss\u00edveis clientes, a VWCO informou que o e-Delivery \u00e9 um ve\u00edculo voltado para o trabalho urbano, com jornada de 8 horas, se as baterias estiverem totalmente carregadas e com o pleno funcionamento de seus elementos na cabine, como o sistema de ar-condicionado.<\/p>\n<p>&nbsp;<\/p>\n<p>O motor el\u00e9trico de pot\u00eancia corresponde a 300 kW ou 402 cv, proporciona elevado torque para ve\u00edculos dessa categoria, com 2.150 Nm dispon\u00edvel em todos os momentos e tem autonomia entre 100 e 200 quil\u00f4metros com carga total. O ve\u00edculo com tr\u00eas packs de baterias tem autonomia de 100 quil\u00f4metros e com seis packs percorre a dist\u00e2ncia de 200 quil\u00f4metros.<\/p>\n<p>&nbsp;<\/p>\n<p>A VWCO informou que, em 45 minutos, a bateria pode atingir at\u00e9 80% de carga el\u00e9trica, dependendo do tipo de carregador, e possui sistema de regenera\u00e7\u00e3o de energia por meio de frenagem e desacelera\u00e7\u00e3o, que aumenta a efici\u00eancia do ve\u00edculo. Tamb\u00e9m possui um sistema inteligente de 100 sensores para analisar a atividade do ve\u00edculo em tempo real.<\/p>\n<p>&nbsp;<\/p>\n<p>O e-Delivery possui chassi refor\u00e7ado, com dist\u00e2ncia entre eixos de 3.300 mil\u00edmetros, que pode ser aumentada para solu\u00e7\u00f5es de transporte espec\u00edficas, suspens\u00e3o pneum\u00e1tica traseira, que al\u00e9m de proporcionar conforto de condu\u00e7\u00e3o, tamb\u00e9m protege a integridade da carga transportada.<\/p>\n<p>&nbsp;<\/p>\n<p>Com design exclusivo da linha Delivery, a cabine da linha Delivery tem painel central com controle de fun\u00e7\u00f5es como eleva\u00e7\u00e3o do eixo traseiro e modo eco drive. O painel disp\u00f5e de indicador de autonomia e carga da bateria, informando os n\u00edveis de uso e de regenera\u00e7\u00e3o das baterias e tamb\u00e9m possui um sistema de insonoriza\u00e7\u00e3o e como n\u00e3o possui motor a combust\u00e3o, garante ao motorista um ambiente isento de ru\u00eddos e vibra\u00e7\u00f5es.<\/p>\n<p>&nbsp;<\/p>\n<p>O VW e-Delivery \u00e9 um caminh\u00e3o 100% el\u00e9trico, desenvolvido no Brasil para toda a regi\u00e3o sul-americana. \u00c9 produzido na f\u00e1brica da Volkswagen, em Resende, no estado do Rio de Janeiro, que se tornou a primeira a montar ve\u00edculos com tecnologia zero emiss\u00e3o em larga escala na Am\u00e9rica Latina. (Truck &amp; Bus Builder Am\u00e9rica do Sul)<\/p>\n","protected":false},"excerpt":{"rendered":"<p>Truck &amp; Bus Builder Am\u00e9rica do Sul &nbsp; A Volkswagen Caminh\u00f5es e \u00d4nibus deu in\u00edcio ao processo junto ao governo da Col\u00f4mbia para a sua entrada no mercado para atuar no segmento de ve\u00edculos utilit\u00e1rios ecol\u00f3gicos, com a apresenta\u00e7\u00e3o aos potenciais clientes do primeiro caminh\u00e3o el\u00e9trico leve em sua linha de produtos. Com esse processo,\u2026 <a class=\"readmore\" href=\"https:\/\/dana.com.br\/canaldana\/2022\/02\/21\/colombia-vai-receber-caminhao-eletrico-vw-e-delivery\/\">Leia mais \u00bb<\/a><\/p>\n","protected":false},"author":3,"featured_media":0,"comment_status":"closed","ping_status":"closed","sticky":false,"template":"","format":"standard","meta":{"_acf_changed":false,"footnotes":""},"categories":[79],"tags":[],"class_list":["post-56357","post","type-post","status-publish","format-standard","hentry","category-mercado"],"acf":[],"yoast_head":"<!-- This site is optimized with the Yoast SEO plugin v27.3 - https:\/\/yoast.com\/product\/yoast-seo-wordpress\/ -->\n<title>Col\u00f4mbia vai receber caminh\u00e3o el\u00e9trico VW e-Delivery - Canal Dana<\/title>\n<meta name=\"robots\" content=\"index, follow, max-snippet:-1, max-image-preview:large, max-video-preview:-1\" \/>\n<link rel=\"canonical\" href=\"https:\/\/dana.com.br\/canaldana\/2022\/02\/21\/colombia-vai-receber-caminhao-eletrico-vw-e-delivery\/\" \/>\n<meta property=\"og:locale\" content=\"pt_BR\" \/>\n<meta property=\"og:type\" content=\"article\" \/>\n<meta property=\"og:title\" content=\"Col\u00f4mbia vai receber caminh\u00e3o el\u00e9trico VW e-Delivery - Canal Dana\" \/>\n<meta property=\"og:description\" content=\"Truck &amp; Bus Builder Am\u00e9rica do Sul &nbsp; A Volkswagen Caminh\u00f5es e \u00d4nibus deu in\u00edcio ao processo junto ao governo da Col\u00f4mbia para a sua entrada no mercado para atuar no segmento de ve\u00edculos utilit\u00e1rios ecol\u00f3gicos, com a apresenta\u00e7\u00e3o aos potenciais clientes do primeiro caminh\u00e3o el\u00e9trico leve em sua linha de produtos. Com esse processo,\u2026 Leia mais \u00bb\" \/>\n<meta property=\"og:url\" content=\"https:\/\/dana.com.br\/canaldana\/2022\/02\/21\/colombia-vai-receber-caminhao-eletrico-vw-e-delivery\/\" \/>\n<meta property=\"og:site_name\" content=\"Canal Dana\" \/>\n<meta property=\"article:published_time\" content=\"2022-02-21T11:43:24+00:00\" \/>\n<meta name=\"author\" content=\"Canal Dana\" \/>\n<meta name=\"twitter:card\" content=\"summary_large_image\" \/>\n<meta name=\"twitter:label1\" content=\"Escrito por\" \/>\n\t<meta name=\"twitter:data1\" content=\"Canal Dana\" \/>\n\t<meta name=\"twitter:label2\" content=\"Est. tempo de leitura\" \/>\n\t<meta name=\"twitter:data2\" content=\"3 minutos\" \/>\n<script type=\"application\/ld+json\" class=\"yoast-schema-graph\">{\"@context\":\"https:\\\/\\\/schema.org\",\"@graph\":[{\"@type\":\"Article\",\"@id\":\"https:\\\/\\\/dana.com.br\\\/canaldana\\\/2022\\\/02\\\/21\\\/colombia-vai-receber-caminhao-eletrico-vw-e-delivery\\\/#article\",\"isPartOf\":{\"@id\":\"https:\\\/\\\/dana.com.br\\\/canaldana\\\/2022\\\/02\\\/21\\\/colombia-vai-receber-caminhao-eletrico-vw-e-delivery\\\/\"},\"author\":{\"name\":\"Canal Dana\",\"@id\":\"https:\\\/\\\/dana.com.br\\\/canaldana\\\/#\\\/schema\\\/person\\\/3c21f22f56fcf3bc46b94bc60ea4fef6\"},\"headline\":\"Col\u00f4mbia vai receber caminh\u00e3o el\u00e9trico VW e-Delivery\",\"datePublished\":\"2022-02-21T11:43:24+00:00\",\"mainEntityOfPage\":{\"@id\":\"https:\\\/\\\/dana.com.br\\\/canaldana\\\/2022\\\/02\\\/21\\\/colombia-vai-receber-caminhao-eletrico-vw-e-delivery\\\/\"},\"wordCount\":535,\"articleSection\":[\"Mercado\"],\"inLanguage\":\"pt-BR\"},{\"@type\":\"WebPage\",\"@id\":\"https:\\\/\\\/dana.com.br\\\/canaldana\\\/2022\\\/02\\\/21\\\/colombia-vai-receber-caminhao-eletrico-vw-e-delivery\\\/\",\"url\":\"https:\\\/\\\/dana.com.br\\\/canaldana\\\/2022\\\/02\\\/21\\\/colombia-vai-receber-caminhao-eletrico-vw-e-delivery\\\/\",\"name\":\"Col\u00f4mbia vai receber caminh\u00e3o el\u00e9trico VW e-Delivery - Canal Dana\",\"isPartOf\":{\"@id\":\"https:\\\/\\\/dana.com.br\\\/canaldana\\\/#website\"},\"datePublished\":\"2022-02-21T11:43:24+00:00\",\"author\":{\"@id\":\"https:\\\/\\\/dana.com.br\\\/canaldana\\\/#\\\/schema\\\/person\\\/3c21f22f56fcf3bc46b94bc60ea4fef6\"},\"breadcrumb\":{\"@id\":\"https:\\\/\\\/dana.com.br\\\/canaldana\\\/2022\\\/02\\\/21\\\/colombia-vai-receber-caminhao-eletrico-vw-e-delivery\\\/#breadcrumb\"},\"inLanguage\":\"pt-BR\",\"potentialAction\":[{\"@type\":\"ReadAction\",\"target\":[\"https:\\\/\\\/dana.com.br\\\/canaldana\\\/2022\\\/02\\\/21\\\/colombia-vai-receber-caminhao-eletrico-vw-e-delivery\\\/\"]}]},{\"@type\":\"BreadcrumbList\",\"@id\":\"https:\\\/\\\/dana.com.br\\\/canaldana\\\/2022\\\/02\\\/21\\\/colombia-vai-receber-caminhao-eletrico-vw-e-delivery\\\/#breadcrumb\",\"itemListElement\":[{\"@type\":\"ListItem\",\"position\":1,\"name\":\"Home\",\"item\":\"https:\\\/\\\/dana.com.br\\\/canaldana\\\/\"},{\"@type\":\"ListItem\",\"position\":2,\"name\":\"Mercado\",\"item\":\"https:\\\/\\\/dana.com.br\\\/canaldana\\\/mercado\\\/\"},{\"@type\":\"ListItem\",\"position\":3,\"name\":\"Col\u00f4mbia vai receber caminh\u00e3o el\u00e9trico VW e-Delivery\"}]},{\"@type\":\"WebSite\",\"@id\":\"https:\\\/\\\/dana.com.br\\\/canaldana\\\/#website\",\"url\":\"https:\\\/\\\/dana.com.br\\\/canaldana\\\/\",\"name\":\"Canal Dana\",\"description\":\"Informativo com as principais not\u00edcias da ind\u00fastria automotiva\",\"potentialAction\":[{\"@type\":\"SearchAction\",\"target\":{\"@type\":\"EntryPoint\",\"urlTemplate\":\"https:\\\/\\\/dana.com.br\\\/canaldana\\\/?s={search_term_string}\"},\"query-input\":{\"@type\":\"PropertyValueSpecification\",\"valueRequired\":true,\"valueName\":\"search_term_string\"}}],\"inLanguage\":\"pt-BR\"},{\"@type\":\"Person\",\"@id\":\"https:\\\/\\\/dana.com.br\\\/canaldana\\\/#\\\/schema\\\/person\\\/3c21f22f56fcf3bc46b94bc60ea4fef6\",\"name\":\"Canal Dana\",\"image\":{\"@type\":\"ImageObject\",\"inLanguage\":\"pt-BR\",\"@id\":\"https:\\\/\\\/secure.gravatar.com\\\/avatar\\\/420aaf9278582877d9018637c6817617705899d2858d7572ef0fe59a6b6454b4?s=96&d=mm&r=g\",\"url\":\"https:\\\/\\\/secure.gravatar.com\\\/avatar\\\/420aaf9278582877d9018637c6817617705899d2858d7572ef0fe59a6b6454b4?s=96&d=mm&r=g\",\"contentUrl\":\"https:\\\/\\\/secure.gravatar.com\\\/avatar\\\/420aaf9278582877d9018637c6817617705899d2858d7572ef0fe59a6b6454b4?s=96&d=mm&r=g\",\"caption\":\"Canal Dana\"},\"url\":\"https:\\\/\\\/dana.com.br\\\/canaldana\\\/author\\\/cdeditor\\\/\"}]}<\/script>\n<!-- \/ Yoast SEO plugin. -->","yoast_head_json":{"title":"Col\u00f4mbia vai receber caminh\u00e3o el\u00e9trico VW e-Delivery - Canal Dana","robots":{"index":"index","follow":"follow","max-snippet":"max-snippet:-1","max-image-preview":"max-image-preview:large","max-video-preview":"max-video-preview:-1"},"canonical":"https:\/\/dana.com.br\/canaldana\/2022\/02\/21\/colombia-vai-receber-caminhao-eletrico-vw-e-delivery\/","og_locale":"pt_BR","og_type":"article","og_title":"Col\u00f4mbia vai receber caminh\u00e3o el\u00e9trico VW e-Delivery - Canal Dana","og_description":"Truck &amp; Bus Builder Am\u00e9rica do Sul &nbsp; A Volkswagen Caminh\u00f5es e \u00d4nibus deu in\u00edcio ao processo junto ao governo da Col\u00f4mbia para a sua entrada no mercado para atuar no segmento de ve\u00edculos utilit\u00e1rios ecol\u00f3gicos, com a apresenta\u00e7\u00e3o aos potenciais clientes do primeiro caminh\u00e3o el\u00e9trico leve em sua linha de produtos. Com esse processo,\u2026 Leia mais \u00bb","og_url":"https:\/\/dana.com.br\/canaldana\/2022\/02\/21\/colombia-vai-receber-caminhao-eletrico-vw-e-delivery\/","og_site_name":"Canal Dana","article_published_time":"2022-02-21T11:43:24+00:00","author":"Canal Dana","twitter_card":"summary_large_image","twitter_misc":{"Escrito por":"Canal Dana","Est. tempo de leitura":"3 minutos"},"schema":{"@context":"https:\/\/schema.org","@graph":[{"@type":"Article","@id":"https:\/\/dana.com.br\/canaldana\/2022\/02\/21\/colombia-vai-receber-caminhao-eletrico-vw-e-delivery\/#article","isPartOf":{"@id":"https:\/\/dana.com.br\/canaldana\/2022\/02\/21\/colombia-vai-receber-caminhao-eletrico-vw-e-delivery\/"},"author":{"name":"Canal Dana","@id":"https:\/\/dana.com.br\/canaldana\/#\/schema\/person\/3c21f22f56fcf3bc46b94bc60ea4fef6"},"headline":"Col\u00f4mbia vai receber caminh\u00e3o el\u00e9trico VW e-Delivery","datePublished":"2022-02-21T11:43:24+00:00","mainEntityOfPage":{"@id":"https:\/\/dana.com.br\/canaldana\/2022\/02\/21\/colombia-vai-receber-caminhao-eletrico-vw-e-delivery\/"},"wordCount":535,"articleSection":["Mercado"],"inLanguage":"pt-BR"},{"@type":"WebPage","@id":"https:\/\/dana.com.br\/canaldana\/2022\/02\/21\/colombia-vai-receber-caminhao-eletrico-vw-e-delivery\/","url":"https:\/\/dana.com.br\/canaldana\/2022\/02\/21\/colombia-vai-receber-caminhao-eletrico-vw-e-delivery\/","name":"Col\u00f4mbia vai receber caminh\u00e3o el\u00e9trico VW e-Delivery - Canal Dana","isPartOf":{"@id":"https:\/\/dana.com.br\/canaldana\/#website"},"datePublished":"2022-02-21T11:43:24+00:00","author":{"@id":"https:\/\/dana.com.br\/canaldana\/#\/schema\/person\/3c21f22f56fcf3bc46b94bc60ea4fef6"},"breadcrumb":{"@id":"https:\/\/dana.com.br\/canaldana\/2022\/02\/21\/colombia-vai-receber-caminhao-eletrico-vw-e-delivery\/#breadcrumb"},"inLanguage":"pt-BR","potentialAction":[{"@type":"ReadAction","target":["https:\/\/dana.com.br\/canaldana\/2022\/02\/21\/colombia-vai-receber-caminhao-eletrico-vw-e-delivery\/"]}]},{"@type":"BreadcrumbList","@id":"https:\/\/dana.com.br\/canaldana\/2022\/02\/21\/colombia-vai-receber-caminhao-eletrico-vw-e-delivery\/#breadcrumb","itemListElement":[{"@type":"ListItem","position":1,"name":"Home","item":"https:\/\/dana.com.br\/canaldana\/"},{"@type":"ListItem","position":2,"name":"Mercado","item":"https:\/\/dana.com.br\/canaldana\/mercado\/"},{"@type":"ListItem","position":3,"name":"Col\u00f4mbia vai receber caminh\u00e3o el\u00e9trico VW e-Delivery"}]},{"@type":"WebSite","@id":"https:\/\/dana.com.br\/canaldana\/#website","url":"https:\/\/dana.com.br\/canaldana\/","name":"Canal Dana","description":"Informativo com as principais not\u00edcias da ind\u00fastria automotiva","potentialAction":[{"@type":"SearchAction","target":{"@type":"EntryPoint","urlTemplate":"https:\/\/dana.com.br\/canaldana\/?s={search_term_string}"},"query-input":{"@type":"PropertyValueSpecification","valueRequired":true,"valueName":"search_term_string"}}],"inLanguage":"pt-BR"},{"@type":"Person","@id":"https:\/\/dana.com.br\/canaldana\/#\/schema\/person\/3c21f22f56fcf3bc46b94bc60ea4fef6","name":"Canal Dana","image":{"@type":"ImageObject","inLanguage":"pt-BR","@id":"https:\/\/secure.gravatar.com\/avatar\/420aaf9278582877d9018637c6817617705899d2858d7572ef0fe59a6b6454b4?s=96&d=mm&r=g","url":"https:\/\/secure.gravatar.com\/avatar\/420aaf9278582877d9018637c6817617705899d2858d7572ef0fe59a6b6454b4?s=96&d=mm&r=g","contentUrl":"https:\/\/secure.gravatar.com\/avatar\/420aaf9278582877d9018637c6817617705899d2858d7572ef0fe59a6b6454b4?s=96&d=mm&r=g","caption":"Canal Dana"},"url":"https:\/\/dana.com.br\/canaldana\/author\/cdeditor\/"}]}},"_links":{"self":[{"href":"https:\/\/dana.com.br\/canaldana\/wp-json\/wp\/v2\/posts\/56357","targetHints":{"allow":["GET"]}}],"collection":[{"href":"https:\/\/dana.com.br\/canaldana\/wp-json\/wp\/v2\/posts"}],"about":[{"href":"https:\/\/dana.com.br\/canaldana\/wp-json\/wp\/v2\/types\/post"}],"author":[{"embeddable":true,"href":"https:\/\/dana.com.br\/canaldana\/wp-json\/wp\/v2\/users\/3"}],"replies":[{"embeddable":true,"href":"https:\/\/dana.com.br\/canaldana\/wp-json\/wp\/v2\/comments?post=56357"}],"version-history":[{"count":0,"href":"https:\/\/dana.com.br\/canaldana\/wp-json\/wp\/v2\/posts\/56357\/revisions"}],"wp:attachment":[{"href":"https:\/\/dana.com.br\/canaldana\/wp-json\/wp\/v2\/media?parent=56357"}],"wp:term":[{"taxonomy":"category","embeddable":true,"href":"https:\/\/dana.com.br\/canaldana\/wp-json\/wp\/v2\/categories?post=56357"},{"taxonomy":"post_tag","embeddable":true,"href":"https:\/\/dana.com.br\/canaldana\/wp-json\/wp\/v2\/tags?post=56357"}],"curies":[{"name":"wp","href":"https:\/\/api.w.org\/{rel}","templated":true}]}}