{"id":56355,"date":"2022-02-21T08:42:47","date_gmt":"2022-02-21T11:42:47","guid":{"rendered":"https:\/\/dana.com.br\/canaldana\/?p=56355"},"modified":"2022-02-21T08:42:47","modified_gmt":"2022-02-21T11:42:47","slug":"mais-de-60-dos-brasileiros-querem-ter-carro-eletrico-diz-pesquisa","status":"publish","type":"post","link":"https:\/\/dana.com.br\/canaldana\/2022\/02\/21\/mais-de-60-dos-brasileiros-querem-ter-carro-eletrico-diz-pesquisa\/","title":{"rendered":"Mais de 60% dos brasileiros querem ter carro el\u00e9trico, diz pesquisa"},"content":{"rendered":"<p><em>\u00c9pocas Neg\u00f3cios\/Reuters<\/em><\/p>\n<p>&nbsp;<\/p>\n<p>Quase dois em cada tr\u00eas brasileiros pretendem comprar um carro el\u00e9trico no futuro, segundo pesquisa encomendada pelo Ita\u00fa Unibanco e divulgada nesta sexta-feira.<\/p>\n<p>&nbsp;<\/p>\n<p>Segundo o levantamento feito com mais de 100 mil clientes em janeiro, 62% deles mostraram interesse em comprar um ve\u00edculo eletrificado. A margem de erro da pesquisa \u00e9 de 5 pontos percentuais.<\/p>\n<p>&nbsp;<\/p>\n<p>Segundo dados da Associa\u00e7\u00e3o Brasileira do Ve\u00edculo El\u00e9trico (ABVE) citados pelo banco, em janeiro houve o emplacamento de cerca de 2.5 mil carros movidos a eletricidade no pa\u00eds, alta 93% sobre um ano antes. Atualmente, a frota de carros e comerciais leves el\u00e9tricos no pa\u00eds \u00e9 de quase 80 mil ve\u00edculos.<\/p>\n<p>&nbsp;<\/p>\n<p>Apesar do alto custo, mais de 150 mil reais, os carros el\u00e9tricos e h\u00edbridos continuaram ganhando espa\u00e7o em janeiro, segundo os dados da associa\u00e7\u00e3o de montadoras Anfavea divulgados neste m\u00eas.<\/p>\n<p>&nbsp;<\/p>\n<p>Os modelos el\u00e9tricos registraram vendas de 368 unidades em janeiro e os h\u00edbridos 2.190 ante emplacamentos de 140 e 1.181 unidades um ano antes. J\u00e1 as vendas dos ve\u00edculos flex recuaram de 138,3 mil para 94,9 mil.<\/p>\n<p>&nbsp;<\/p>\n<p>A participa\u00e7\u00e3o dos modelos el\u00e9tricos e h\u00edbridos no total das vendas de novos em janeiro foi de 2,2% ante 1,8% no total de 2021 e 1% em 2020, segundo os dados da Anfavea.<\/p>\n<p>&nbsp;<\/p>\n<p>Em rela\u00e7\u00e3o aos ve\u00edculos a combust\u00e3o, cerca de 79% dos que responderam \u00e0 pesquisa do Ita\u00fa, feita pelo marketplace iCarros, disseram que planejam comprar um ve\u00edculo usado. (\u00c9pocas Neg\u00f3cios\/Reuters)<\/p>\n","protected":false},"excerpt":{"rendered":"<p>\u00c9pocas Neg\u00f3cios\/Reuters &nbsp; Quase dois em cada tr\u00eas brasileiros pretendem comprar um carro el\u00e9trico no futuro, segundo pesquisa encomendada pelo Ita\u00fa Unibanco e divulgada nesta sexta-feira. &nbsp; Segundo o levantamento feito com mais de 100 mil clientes em janeiro, 62% deles mostraram interesse em comprar um ve\u00edculo eletrificado. A margem de erro da pesquisa \u00e9\u2026 <a class=\"readmore\" href=\"https:\/\/dana.com.br\/canaldana\/2022\/02\/21\/mais-de-60-dos-brasileiros-querem-ter-carro-eletrico-diz-pesquisa\/\">Leia mais \u00bb<\/a><\/p>\n","protected":false},"author":3,"featured_media":0,"comment_status":"closed","ping_status":"closed","sticky":false,"template":"","format":"standard","meta":{"_acf_changed":false,"footnotes":""},"categories":[110],"tags":[],"class_list":["post-56355","post","type-post","status-publish","format-standard","hentry","category-eletricos"],"acf":[],"yoast_head":"<!-- This site is optimized with the Yoast SEO plugin v27.3 - https:\/\/yoast.com\/product\/yoast-seo-wordpress\/ -->\n<title>Mais de 60% dos brasileiros querem ter carro el\u00e9trico, diz pesquisa - Canal Dana<\/title>\n<meta name=\"robots\" content=\"index, follow, max-snippet:-1, max-image-preview:large, max-video-preview:-1\" \/>\n<link rel=\"canonical\" href=\"https:\/\/dana.com.br\/canaldana\/2022\/02\/21\/mais-de-60-dos-brasileiros-querem-ter-carro-eletrico-diz-pesquisa\/\" \/>\n<meta property=\"og:locale\" content=\"pt_BR\" \/>\n<meta property=\"og:type\" content=\"article\" \/>\n<meta property=\"og:title\" content=\"Mais de 60% dos brasileiros querem ter carro el\u00e9trico, diz pesquisa - Canal Dana\" \/>\n<meta property=\"og:description\" content=\"\u00c9pocas Neg\u00f3cios\/Reuters &nbsp; Quase dois em cada tr\u00eas brasileiros pretendem comprar um carro el\u00e9trico no futuro, segundo pesquisa encomendada pelo Ita\u00fa Unibanco e divulgada nesta sexta-feira. &nbsp; Segundo o levantamento feito com mais de 100 mil clientes em janeiro, 62% deles mostraram interesse em comprar um ve\u00edculo eletrificado. A margem de erro da pesquisa \u00e9\u2026 Leia mais \u00bb\" \/>\n<meta property=\"og:url\" content=\"https:\/\/dana.com.br\/canaldana\/2022\/02\/21\/mais-de-60-dos-brasileiros-querem-ter-carro-eletrico-diz-pesquisa\/\" \/>\n<meta property=\"og:site_name\" content=\"Canal Dana\" \/>\n<meta property=\"article:published_time\" content=\"2022-02-21T11:42:47+00:00\" \/>\n<meta name=\"author\" content=\"Canal Dana\" \/>\n<meta name=\"twitter:card\" content=\"summary_large_image\" \/>\n<meta name=\"twitter:label1\" content=\"Escrito por\" \/>\n\t<meta name=\"twitter:data1\" content=\"Canal Dana\" \/>\n\t<meta name=\"twitter:label2\" content=\"Est. tempo de leitura\" \/>\n\t<meta name=\"twitter:data2\" content=\"1 minuto\" \/>\n<script type=\"application\/ld+json\" class=\"yoast-schema-graph\">{\"@context\":\"https:\\\/\\\/schema.org\",\"@graph\":[{\"@type\":\"Article\",\"@id\":\"https:\\\/\\\/dana.com.br\\\/canaldana\\\/2022\\\/02\\\/21\\\/mais-de-60-dos-brasileiros-querem-ter-carro-eletrico-diz-pesquisa\\\/#article\",\"isPartOf\":{\"@id\":\"https:\\\/\\\/dana.com.br\\\/canaldana\\\/2022\\\/02\\\/21\\\/mais-de-60-dos-brasileiros-querem-ter-carro-eletrico-diz-pesquisa\\\/\"},\"author\":{\"name\":\"Canal Dana\",\"@id\":\"https:\\\/\\\/dana.com.br\\\/canaldana\\\/#\\\/schema\\\/person\\\/3c21f22f56fcf3bc46b94bc60ea4fef6\"},\"headline\":\"Mais de 60% dos brasileiros querem ter carro el\u00e9trico, diz pesquisa\",\"datePublished\":\"2022-02-21T11:42:47+00:00\",\"mainEntityOfPage\":{\"@id\":\"https:\\\/\\\/dana.com.br\\\/canaldana\\\/2022\\\/02\\\/21\\\/mais-de-60-dos-brasileiros-querem-ter-carro-eletrico-diz-pesquisa\\\/\"},\"wordCount\":262,\"articleSection\":[\"El\u00e9tricos\"],\"inLanguage\":\"pt-BR\"},{\"@type\":\"WebPage\",\"@id\":\"https:\\\/\\\/dana.com.br\\\/canaldana\\\/2022\\\/02\\\/21\\\/mais-de-60-dos-brasileiros-querem-ter-carro-eletrico-diz-pesquisa\\\/\",\"url\":\"https:\\\/\\\/dana.com.br\\\/canaldana\\\/2022\\\/02\\\/21\\\/mais-de-60-dos-brasileiros-querem-ter-carro-eletrico-diz-pesquisa\\\/\",\"name\":\"Mais de 60% dos brasileiros querem ter carro el\u00e9trico, diz pesquisa - Canal Dana\",\"isPartOf\":{\"@id\":\"https:\\\/\\\/dana.com.br\\\/canaldana\\\/#website\"},\"datePublished\":\"2022-02-21T11:42:47+00:00\",\"author\":{\"@id\":\"https:\\\/\\\/dana.com.br\\\/canaldana\\\/#\\\/schema\\\/person\\\/3c21f22f56fcf3bc46b94bc60ea4fef6\"},\"breadcrumb\":{\"@id\":\"https:\\\/\\\/dana.com.br\\\/canaldana\\\/2022\\\/02\\\/21\\\/mais-de-60-dos-brasileiros-querem-ter-carro-eletrico-diz-pesquisa\\\/#breadcrumb\"},\"inLanguage\":\"pt-BR\",\"potentialAction\":[{\"@type\":\"ReadAction\",\"target\":[\"https:\\\/\\\/dana.com.br\\\/canaldana\\\/2022\\\/02\\\/21\\\/mais-de-60-dos-brasileiros-querem-ter-carro-eletrico-diz-pesquisa\\\/\"]}]},{\"@type\":\"BreadcrumbList\",\"@id\":\"https:\\\/\\\/dana.com.br\\\/canaldana\\\/2022\\\/02\\\/21\\\/mais-de-60-dos-brasileiros-querem-ter-carro-eletrico-diz-pesquisa\\\/#breadcrumb\",\"itemListElement\":[{\"@type\":\"ListItem\",\"position\":1,\"name\":\"Home\",\"item\":\"https:\\\/\\\/dana.com.br\\\/canaldana\\\/\"},{\"@type\":\"ListItem\",\"position\":2,\"name\":\"El\u00e9tricos\",\"item\":\"https:\\\/\\\/dana.com.br\\\/canaldana\\\/eletricos\\\/\"},{\"@type\":\"ListItem\",\"position\":3,\"name\":\"Mais de 60% dos brasileiros querem ter carro el\u00e9trico, diz pesquisa\"}]},{\"@type\":\"WebSite\",\"@id\":\"https:\\\/\\\/dana.com.br\\\/canaldana\\\/#website\",\"url\":\"https:\\\/\\\/dana.com.br\\\/canaldana\\\/\",\"name\":\"Canal Dana\",\"description\":\"Informativo com as principais not\u00edcias da ind\u00fastria automotiva\",\"potentialAction\":[{\"@type\":\"SearchAction\",\"target\":{\"@type\":\"EntryPoint\",\"urlTemplate\":\"https:\\\/\\\/dana.com.br\\\/canaldana\\\/?s={search_term_string}\"},\"query-input\":{\"@type\":\"PropertyValueSpecification\",\"valueRequired\":true,\"valueName\":\"search_term_string\"}}],\"inLanguage\":\"pt-BR\"},{\"@type\":\"Person\",\"@id\":\"https:\\\/\\\/dana.com.br\\\/canaldana\\\/#\\\/schema\\\/person\\\/3c21f22f56fcf3bc46b94bc60ea4fef6\",\"name\":\"Canal Dana\",\"image\":{\"@type\":\"ImageObject\",\"inLanguage\":\"pt-BR\",\"@id\":\"https:\\\/\\\/secure.gravatar.com\\\/avatar\\\/420aaf9278582877d9018637c6817617705899d2858d7572ef0fe59a6b6454b4?s=96&d=mm&r=g\",\"url\":\"https:\\\/\\\/secure.gravatar.com\\\/avatar\\\/420aaf9278582877d9018637c6817617705899d2858d7572ef0fe59a6b6454b4?s=96&d=mm&r=g\",\"contentUrl\":\"https:\\\/\\\/secure.gravatar.com\\\/avatar\\\/420aaf9278582877d9018637c6817617705899d2858d7572ef0fe59a6b6454b4?s=96&d=mm&r=g\",\"caption\":\"Canal Dana\"},\"url\":\"https:\\\/\\\/dana.com.br\\\/canaldana\\\/author\\\/cdeditor\\\/\"}]}<\/script>\n<!-- \/ Yoast SEO plugin. -->","yoast_head_json":{"title":"Mais de 60% dos brasileiros querem ter carro el\u00e9trico, diz pesquisa - Canal Dana","robots":{"index":"index","follow":"follow","max-snippet":"max-snippet:-1","max-image-preview":"max-image-preview:large","max-video-preview":"max-video-preview:-1"},"canonical":"https:\/\/dana.com.br\/canaldana\/2022\/02\/21\/mais-de-60-dos-brasileiros-querem-ter-carro-eletrico-diz-pesquisa\/","og_locale":"pt_BR","og_type":"article","og_title":"Mais de 60% dos brasileiros querem ter carro el\u00e9trico, diz pesquisa - Canal Dana","og_description":"\u00c9pocas Neg\u00f3cios\/Reuters &nbsp; Quase dois em cada tr\u00eas brasileiros pretendem comprar um carro el\u00e9trico no futuro, segundo pesquisa encomendada pelo Ita\u00fa Unibanco e divulgada nesta sexta-feira. &nbsp; Segundo o levantamento feito com mais de 100 mil clientes em janeiro, 62% deles mostraram interesse em comprar um ve\u00edculo eletrificado. A margem de erro da pesquisa \u00e9\u2026 Leia mais \u00bb","og_url":"https:\/\/dana.com.br\/canaldana\/2022\/02\/21\/mais-de-60-dos-brasileiros-querem-ter-carro-eletrico-diz-pesquisa\/","og_site_name":"Canal Dana","article_published_time":"2022-02-21T11:42:47+00:00","author":"Canal Dana","twitter_card":"summary_large_image","twitter_misc":{"Escrito por":"Canal Dana","Est. tempo de leitura":"1 minuto"},"schema":{"@context":"https:\/\/schema.org","@graph":[{"@type":"Article","@id":"https:\/\/dana.com.br\/canaldana\/2022\/02\/21\/mais-de-60-dos-brasileiros-querem-ter-carro-eletrico-diz-pesquisa\/#article","isPartOf":{"@id":"https:\/\/dana.com.br\/canaldana\/2022\/02\/21\/mais-de-60-dos-brasileiros-querem-ter-carro-eletrico-diz-pesquisa\/"},"author":{"name":"Canal Dana","@id":"https:\/\/dana.com.br\/canaldana\/#\/schema\/person\/3c21f22f56fcf3bc46b94bc60ea4fef6"},"headline":"Mais de 60% dos brasileiros querem ter carro el\u00e9trico, diz pesquisa","datePublished":"2022-02-21T11:42:47+00:00","mainEntityOfPage":{"@id":"https:\/\/dana.com.br\/canaldana\/2022\/02\/21\/mais-de-60-dos-brasileiros-querem-ter-carro-eletrico-diz-pesquisa\/"},"wordCount":262,"articleSection":["El\u00e9tricos"],"inLanguage":"pt-BR"},{"@type":"WebPage","@id":"https:\/\/dana.com.br\/canaldana\/2022\/02\/21\/mais-de-60-dos-brasileiros-querem-ter-carro-eletrico-diz-pesquisa\/","url":"https:\/\/dana.com.br\/canaldana\/2022\/02\/21\/mais-de-60-dos-brasileiros-querem-ter-carro-eletrico-diz-pesquisa\/","name":"Mais de 60% dos brasileiros querem ter carro el\u00e9trico, diz pesquisa - Canal Dana","isPartOf":{"@id":"https:\/\/dana.com.br\/canaldana\/#website"},"datePublished":"2022-02-21T11:42:47+00:00","author":{"@id":"https:\/\/dana.com.br\/canaldana\/#\/schema\/person\/3c21f22f56fcf3bc46b94bc60ea4fef6"},"breadcrumb":{"@id":"https:\/\/dana.com.br\/canaldana\/2022\/02\/21\/mais-de-60-dos-brasileiros-querem-ter-carro-eletrico-diz-pesquisa\/#breadcrumb"},"inLanguage":"pt-BR","potentialAction":[{"@type":"ReadAction","target":["https:\/\/dana.com.br\/canaldana\/2022\/02\/21\/mais-de-60-dos-brasileiros-querem-ter-carro-eletrico-diz-pesquisa\/"]}]},{"@type":"BreadcrumbList","@id":"https:\/\/dana.com.br\/canaldana\/2022\/02\/21\/mais-de-60-dos-brasileiros-querem-ter-carro-eletrico-diz-pesquisa\/#breadcrumb","itemListElement":[{"@type":"ListItem","position":1,"name":"Home","item":"https:\/\/dana.com.br\/canaldana\/"},{"@type":"ListItem","position":2,"name":"El\u00e9tricos","item":"https:\/\/dana.com.br\/canaldana\/eletricos\/"},{"@type":"ListItem","position":3,"name":"Mais de 60% dos brasileiros querem ter carro el\u00e9trico, diz pesquisa"}]},{"@type":"WebSite","@id":"https:\/\/dana.com.br\/canaldana\/#website","url":"https:\/\/dana.com.br\/canaldana\/","name":"Canal Dana","description":"Informativo com as principais not\u00edcias da ind\u00fastria automotiva","potentialAction":[{"@type":"SearchAction","target":{"@type":"EntryPoint","urlTemplate":"https:\/\/dana.com.br\/canaldana\/?s={search_term_string}"},"query-input":{"@type":"PropertyValueSpecification","valueRequired":true,"valueName":"search_term_string"}}],"inLanguage":"pt-BR"},{"@type":"Person","@id":"https:\/\/dana.com.br\/canaldana\/#\/schema\/person\/3c21f22f56fcf3bc46b94bc60ea4fef6","name":"Canal Dana","image":{"@type":"ImageObject","inLanguage":"pt-BR","@id":"https:\/\/secure.gravatar.com\/avatar\/420aaf9278582877d9018637c6817617705899d2858d7572ef0fe59a6b6454b4?s=96&d=mm&r=g","url":"https:\/\/secure.gravatar.com\/avatar\/420aaf9278582877d9018637c6817617705899d2858d7572ef0fe59a6b6454b4?s=96&d=mm&r=g","contentUrl":"https:\/\/secure.gravatar.com\/avatar\/420aaf9278582877d9018637c6817617705899d2858d7572ef0fe59a6b6454b4?s=96&d=mm&r=g","caption":"Canal Dana"},"url":"https:\/\/dana.com.br\/canaldana\/author\/cdeditor\/"}]}},"_links":{"self":[{"href":"https:\/\/dana.com.br\/canaldana\/wp-json\/wp\/v2\/posts\/56355","targetHints":{"allow":["GET"]}}],"collection":[{"href":"https:\/\/dana.com.br\/canaldana\/wp-json\/wp\/v2\/posts"}],"about":[{"href":"https:\/\/dana.com.br\/canaldana\/wp-json\/wp\/v2\/types\/post"}],"author":[{"embeddable":true,"href":"https:\/\/dana.com.br\/canaldana\/wp-json\/wp\/v2\/users\/3"}],"replies":[{"embeddable":true,"href":"https:\/\/dana.com.br\/canaldana\/wp-json\/wp\/v2\/comments?post=56355"}],"version-history":[{"count":0,"href":"https:\/\/dana.com.br\/canaldana\/wp-json\/wp\/v2\/posts\/56355\/revisions"}],"wp:attachment":[{"href":"https:\/\/dana.com.br\/canaldana\/wp-json\/wp\/v2\/media?parent=56355"}],"wp:term":[{"taxonomy":"category","embeddable":true,"href":"https:\/\/dana.com.br\/canaldana\/wp-json\/wp\/v2\/categories?post=56355"},{"taxonomy":"post_tag","embeddable":true,"href":"https:\/\/dana.com.br\/canaldana\/wp-json\/wp\/v2\/tags?post=56355"}],"curies":[{"name":"wp","href":"https:\/\/api.w.org\/{rel}","templated":true}]}}