{"id":56322,"date":"2022-02-18T08:27:37","date_gmt":"2022-02-18T11:27:37","guid":{"rendered":"https:\/\/dana.com.br\/canaldana\/?p=56322"},"modified":"2022-02-18T08:27:37","modified_gmt":"2022-02-18T11:27:37","slug":"bmw-serie-3-passa-a-ser-oferecido-com-blindagem-certificada-em-todas-as-versoes","status":"publish","type":"post","link":"https:\/\/dana.com.br\/canaldana\/2022\/02\/18\/bmw-serie-3-passa-a-ser-oferecido-com-blindagem-certificada-em-todas-as-versoes\/","title":{"rendered":"BMW S\u00e9rie 3 passa a ser oferecido com blindagem certificada em todas as vers\u00f5es"},"content":{"rendered":"<p><em>Blog do Ricardo Ribas<\/em><\/p>\n<p>&nbsp;<\/p>\n<p>O BMW Protection, programa de blindagem oficial da marca alem\u00e3 no Brasil, passa a contar com mais um modelo dispon\u00edvel com blindagem certificada. A novidade da vez \u00e9 o S\u00e9rie 3, modelo premium mais vendido do Brasil em 2021, que est\u00e1 apto a receber a prote\u00e7\u00e3o bal\u00edstica em todas as vers\u00f5es 320i, al\u00e9m da plug-in h\u00edbrida 330e e a de alt\u00edssima performance M3. Al\u00e9m do S\u00e9rie 3, os SAVs X3 e X5 tamb\u00e9m est\u00e3o aptos a receberem a blindagem certificada.<\/p>\n<p>&nbsp;<\/p>\n<p>Duplamente brasileiro, o S\u00e9rie 3 \u00e9 fabricado e blindado no Brasil. O programa \u00e9 realizado em conjunto com a SBR Blindagens, respeita o n\u00edvel de blindagem autorizado pelo Ex\u00e9rcito Brasileiro (NIJ-IIIA), e teve a solu\u00e7\u00e3o validada pela Engenharia da BMW do Brasil. A blindagem custa R\uff04 95 mil, est\u00e1 dispon\u00edvel em toda a rede autorizada da BMW no Brasil, e mant\u00e9m a garantia de f\u00e1brica de dois anos para o ve\u00edculo.<\/p>\n<p>&nbsp;<\/p>\n<p>A blindagem tem ainda garantia de tr\u00eas anos para a carroceria e cinco anos para os vidros.<\/p>\n<p>&nbsp;<\/p>\n<p>Os testes de durabilidade, qualidade, desempenho e seguran\u00e7a foram conduzidos pela engenharia da BMW do Brasil, com participa\u00e7\u00e3o da SBR Blindagens. Na ocasi\u00e3o, foram realizados centenas de disparos com muni\u00e7\u00f5es .44 Magnum e 9mm. O teste bal\u00edstico considerou disparos em \u00e2ngulos de 45\u00b0 e 90\u00b0 visando simular os mais diferentes ataques para oferecer maior seguran\u00e7a aos ocupantes.<\/p>\n<p>&nbsp;<\/p>\n<p>Al\u00e9m dos testes de resist\u00eancia bal\u00edstica, o S\u00e9rie 3 passou por diversos testes de qualidade, durabilidade e din\u00e2mica, incluindo o de dirigibilidade, em condi\u00e7\u00f5es severas, simulando as mais diferentes situa\u00e7\u00f5es em pista e vias urbanas. O BMW Protection emprega mantas de 12 e 15 camadas de aramida, a\u00e7o bal\u00edstico e polietileno, al\u00e9m da rastreabilidade e controle de todos os materiais pelo Ex\u00e9rcito, o projeto conta ainda com identifica\u00e7\u00f5es a partir de um QR Code vinculado ao chassi do ve\u00edculo. Os materiais usados incluem ainda vidros de 19mm, conferindo mais leveza \u00e0 blindagem.<\/p>\n<p>&nbsp;<\/p>\n<p>O projeto tamb\u00e9m levou em conta o peso bruto dos ve\u00edculos, conservando as caracter\u00edsticas presentes no S\u00e9rie 3. N\u00e3o houve necessidade de interven\u00e7\u00f5es no sistema de frenagem, uma vez que este j\u00e1 \u00e9 desenvolvido para atuar em plena carga.<\/p>\n<p>&nbsp;<\/p>\n<p>O processo de blindagem teve acompanhamento minucioso pela Engenharia da BMW do Brasil visando preservar a correta funcionalidade dos sistemas eletr\u00f4nicas presentes nos ve\u00edculos, tais como assistente de dire\u00e7\u00e3o, frenagem de emerg\u00eancia, airbags, etc.<\/p>\n<p>&nbsp;<\/p>\n<p>Dentre os equipamentos do S\u00e9rie 3, um dos destaques fica para o BMW Live Cockpit Professional, que oferece ao usu\u00e1rio informa\u00e7\u00f5es e monitoramento da condu\u00e7\u00e3o por interm\u00e9dio de duas telas, sendo o display digital de 12,3\u201d e o iDrive de 10,25\u201d, al\u00e9m de interfaces dispon\u00edveis para opera\u00e7\u00e3o por meio de controle de voz. Tamb\u00e9m acompanha a vers\u00e3o o Parking Assistant, que realiza manobras de estacionamento autom\u00e1tico com m\u00e1xima precis\u00e3o, e o Reversing Assist, sistema que refaz em marcha a r\u00e9 os \u00faltimos 50 metros percorridos pelo ve\u00edculo \u2014 ideal para uso em vias estreitas para manobras.<\/p>\n<p>&nbsp;<\/p>\n<p>Em termos de conectividade, o BMW ConnectedDrive fornece servi\u00e7os como: Chamada de Emerg\u00eancia Inteligente, aviso de manuten\u00e7\u00e3o por telemetria, navega\u00e7\u00e3o com informa\u00e7\u00e3o de tr\u00e2nsito em tempo real, Concierge 24h, portais de not\u00edcias, clima e aplicativos, al\u00e9m de servi\u00e7os remotos que podem ser acionados a partir do app My BMW, como trancar e destrancar as portas, buzinar, localizar o ve\u00edculo e enviar destinos direto ao sistema de navega\u00e7\u00e3o. Ainda \u00e9 poss\u00edvel utilizar aplicativos de smartphones com a prepara\u00e7\u00e3o para Apple CarPlay e Android Auto.<\/p>\n<p>&nbsp;<\/p>\n<p>H\u00e1 ainda o Assistente Pessoal Inteligente BMW (Intelligent Personal Assistant), sistema testado e desenvolvido pelo time da engenharia da empresa no Brasil por meio de uma parceria com a equipe global, sediada na Alemanha, capaz de executar in\u00fameras fun\u00e7\u00f5es no ve\u00edculo ou explicar o funcionamento de equipamentos sendo ativado por comando de voz com a frase Ol\u00e1 BMW, ou qualquer outra frase que for programada pelo motorista.<\/p>\n<p>&nbsp;<\/p>\n<p>Al\u00e9m disso, a funcionalidade tamb\u00e9m pode aprender os h\u00e1bitos do motorista e adaptar suas fun\u00e7\u00f5es, como por exemplo, abrir a janela quando o ve\u00edculo se aproximar da cancela de entrada do estacionamento de um shopping. O modelo pode ainda se conectar com a Amazon Alexa e casas inteligentes, al\u00e9m de estar apto para receber atualiza\u00e7\u00f5es remotas de software quando dispon\u00edveis.<\/p>\n<p>&nbsp;<\/p>\n<p>Na sua s\u00e9tima gera\u00e7\u00e3o e com motor Flex Fuel, o BMW S\u00e9rie 3 tem produ\u00e7\u00e3o nacional nas vers\u00f5es 320i GP, 320i Sport GP e 320i M Sport e em sete cores: Branco Alpino, Preto Safira, Cinza Mineral, Sunset Orange, Portimao Blue, Phytonic Blue e Prata Glacial. As vers\u00f5es plug-in h\u00edbrida 330e e a de alt\u00edssima performance M3 v\u00eam importadas da Alemanha. (Blog do Ricardo Ribas)<\/p>\n","protected":false},"excerpt":{"rendered":"<p>Blog do Ricardo Ribas &nbsp; O BMW Protection, programa de blindagem oficial da marca alem\u00e3 no Brasil, passa a contar com mais um modelo dispon\u00edvel com blindagem certificada. A novidade da vez \u00e9 o S\u00e9rie 3, modelo premium mais vendido do Brasil em 2021, que est\u00e1 apto a receber a prote\u00e7\u00e3o bal\u00edstica em todas as\u2026 <a class=\"readmore\" href=\"https:\/\/dana.com.br\/canaldana\/2022\/02\/18\/bmw-serie-3-passa-a-ser-oferecido-com-blindagem-certificada-em-todas-as-versoes\/\">Leia mais \u00bb<\/a><\/p>\n","protected":false},"author":3,"featured_media":0,"comment_status":"closed","ping_status":"closed","sticky":false,"template":"","format":"standard","meta":{"_acf_changed":false,"footnotes":""},"categories":[79],"tags":[],"class_list":["post-56322","post","type-post","status-publish","format-standard","hentry","category-mercado"],"acf":[],"yoast_head":"<!-- This site is optimized with the Yoast SEO plugin v27.3 - https:\/\/yoast.com\/product\/yoast-seo-wordpress\/ -->\n<title>BMW S\u00e9rie 3 passa a ser oferecido com blindagem certificada em todas as vers\u00f5es - Canal Dana<\/title>\n<meta name=\"robots\" content=\"index, follow, max-snippet:-1, max-image-preview:large, max-video-preview:-1\" \/>\n<link rel=\"canonical\" href=\"https:\/\/dana.com.br\/canaldana\/2022\/02\/18\/bmw-serie-3-passa-a-ser-oferecido-com-blindagem-certificada-em-todas-as-versoes\/\" \/>\n<meta property=\"og:locale\" content=\"pt_BR\" \/>\n<meta property=\"og:type\" content=\"article\" \/>\n<meta property=\"og:title\" content=\"BMW S\u00e9rie 3 passa a ser oferecido com blindagem certificada em todas as vers\u00f5es - Canal Dana\" \/>\n<meta property=\"og:description\" content=\"Blog do Ricardo Ribas &nbsp; O BMW Protection, programa de blindagem oficial da marca alem\u00e3 no Brasil, passa a contar com mais um modelo dispon\u00edvel com blindagem certificada. A novidade da vez \u00e9 o S\u00e9rie 3, modelo premium mais vendido do Brasil em 2021, que est\u00e1 apto a receber a prote\u00e7\u00e3o bal\u00edstica em todas as\u2026 Leia mais \u00bb\" \/>\n<meta property=\"og:url\" content=\"https:\/\/dana.com.br\/canaldana\/2022\/02\/18\/bmw-serie-3-passa-a-ser-oferecido-com-blindagem-certificada-em-todas-as-versoes\/\" \/>\n<meta property=\"og:site_name\" content=\"Canal Dana\" \/>\n<meta property=\"article:published_time\" content=\"2022-02-18T11:27:37+00:00\" \/>\n<meta name=\"author\" content=\"Canal Dana\" \/>\n<meta name=\"twitter:card\" content=\"summary_large_image\" \/>\n<meta name=\"twitter:label1\" content=\"Escrito por\" \/>\n\t<meta name=\"twitter:data1\" content=\"Canal Dana\" \/>\n\t<meta name=\"twitter:label2\" content=\"Est. tempo de leitura\" \/>\n\t<meta name=\"twitter:data2\" content=\"4 minutos\" \/>\n<script type=\"application\/ld+json\" class=\"yoast-schema-graph\">{\"@context\":\"https:\\\/\\\/schema.org\",\"@graph\":[{\"@type\":\"Article\",\"@id\":\"https:\\\/\\\/dana.com.br\\\/canaldana\\\/2022\\\/02\\\/18\\\/bmw-serie-3-passa-a-ser-oferecido-com-blindagem-certificada-em-todas-as-versoes\\\/#article\",\"isPartOf\":{\"@id\":\"https:\\\/\\\/dana.com.br\\\/canaldana\\\/2022\\\/02\\\/18\\\/bmw-serie-3-passa-a-ser-oferecido-com-blindagem-certificada-em-todas-as-versoes\\\/\"},\"author\":{\"name\":\"Canal Dana\",\"@id\":\"https:\\\/\\\/dana.com.br\\\/canaldana\\\/#\\\/schema\\\/person\\\/3c21f22f56fcf3bc46b94bc60ea4fef6\"},\"headline\":\"BMW S\u00e9rie 3 passa a ser oferecido com blindagem certificada em todas as vers\u00f5es\",\"datePublished\":\"2022-02-18T11:27:37+00:00\",\"mainEntityOfPage\":{\"@id\":\"https:\\\/\\\/dana.com.br\\\/canaldana\\\/2022\\\/02\\\/18\\\/bmw-serie-3-passa-a-ser-oferecido-com-blindagem-certificada-em-todas-as-versoes\\\/\"},\"wordCount\":865,\"articleSection\":[\"Mercado\"],\"inLanguage\":\"pt-BR\"},{\"@type\":\"WebPage\",\"@id\":\"https:\\\/\\\/dana.com.br\\\/canaldana\\\/2022\\\/02\\\/18\\\/bmw-serie-3-passa-a-ser-oferecido-com-blindagem-certificada-em-todas-as-versoes\\\/\",\"url\":\"https:\\\/\\\/dana.com.br\\\/canaldana\\\/2022\\\/02\\\/18\\\/bmw-serie-3-passa-a-ser-oferecido-com-blindagem-certificada-em-todas-as-versoes\\\/\",\"name\":\"BMW S\u00e9rie 3 passa a ser oferecido com blindagem certificada em todas as vers\u00f5es - Canal Dana\",\"isPartOf\":{\"@id\":\"https:\\\/\\\/dana.com.br\\\/canaldana\\\/#website\"},\"datePublished\":\"2022-02-18T11:27:37+00:00\",\"author\":{\"@id\":\"https:\\\/\\\/dana.com.br\\\/canaldana\\\/#\\\/schema\\\/person\\\/3c21f22f56fcf3bc46b94bc60ea4fef6\"},\"breadcrumb\":{\"@id\":\"https:\\\/\\\/dana.com.br\\\/canaldana\\\/2022\\\/02\\\/18\\\/bmw-serie-3-passa-a-ser-oferecido-com-blindagem-certificada-em-todas-as-versoes\\\/#breadcrumb\"},\"inLanguage\":\"pt-BR\",\"potentialAction\":[{\"@type\":\"ReadAction\",\"target\":[\"https:\\\/\\\/dana.com.br\\\/canaldana\\\/2022\\\/02\\\/18\\\/bmw-serie-3-passa-a-ser-oferecido-com-blindagem-certificada-em-todas-as-versoes\\\/\"]}]},{\"@type\":\"BreadcrumbList\",\"@id\":\"https:\\\/\\\/dana.com.br\\\/canaldana\\\/2022\\\/02\\\/18\\\/bmw-serie-3-passa-a-ser-oferecido-com-blindagem-certificada-em-todas-as-versoes\\\/#breadcrumb\",\"itemListElement\":[{\"@type\":\"ListItem\",\"position\":1,\"name\":\"Home\",\"item\":\"https:\\\/\\\/dana.com.br\\\/canaldana\\\/\"},{\"@type\":\"ListItem\",\"position\":2,\"name\":\"Mercado\",\"item\":\"https:\\\/\\\/dana.com.br\\\/canaldana\\\/mercado\\\/\"},{\"@type\":\"ListItem\",\"position\":3,\"name\":\"BMW S\u00e9rie 3 passa a ser oferecido com blindagem certificada em todas as vers\u00f5es\"}]},{\"@type\":\"WebSite\",\"@id\":\"https:\\\/\\\/dana.com.br\\\/canaldana\\\/#website\",\"url\":\"https:\\\/\\\/dana.com.br\\\/canaldana\\\/\",\"name\":\"Canal Dana\",\"description\":\"Informativo com as principais not\u00edcias da ind\u00fastria automotiva\",\"potentialAction\":[{\"@type\":\"SearchAction\",\"target\":{\"@type\":\"EntryPoint\",\"urlTemplate\":\"https:\\\/\\\/dana.com.br\\\/canaldana\\\/?s={search_term_string}\"},\"query-input\":{\"@type\":\"PropertyValueSpecification\",\"valueRequired\":true,\"valueName\":\"search_term_string\"}}],\"inLanguage\":\"pt-BR\"},{\"@type\":\"Person\",\"@id\":\"https:\\\/\\\/dana.com.br\\\/canaldana\\\/#\\\/schema\\\/person\\\/3c21f22f56fcf3bc46b94bc60ea4fef6\",\"name\":\"Canal Dana\",\"image\":{\"@type\":\"ImageObject\",\"inLanguage\":\"pt-BR\",\"@id\":\"https:\\\/\\\/secure.gravatar.com\\\/avatar\\\/420aaf9278582877d9018637c6817617705899d2858d7572ef0fe59a6b6454b4?s=96&d=mm&r=g\",\"url\":\"https:\\\/\\\/secure.gravatar.com\\\/avatar\\\/420aaf9278582877d9018637c6817617705899d2858d7572ef0fe59a6b6454b4?s=96&d=mm&r=g\",\"contentUrl\":\"https:\\\/\\\/secure.gravatar.com\\\/avatar\\\/420aaf9278582877d9018637c6817617705899d2858d7572ef0fe59a6b6454b4?s=96&d=mm&r=g\",\"caption\":\"Canal Dana\"},\"url\":\"https:\\\/\\\/dana.com.br\\\/canaldana\\\/author\\\/cdeditor\\\/\"}]}<\/script>\n<!-- \/ Yoast SEO plugin. -->","yoast_head_json":{"title":"BMW S\u00e9rie 3 passa a ser oferecido com blindagem certificada em todas as vers\u00f5es - Canal Dana","robots":{"index":"index","follow":"follow","max-snippet":"max-snippet:-1","max-image-preview":"max-image-preview:large","max-video-preview":"max-video-preview:-1"},"canonical":"https:\/\/dana.com.br\/canaldana\/2022\/02\/18\/bmw-serie-3-passa-a-ser-oferecido-com-blindagem-certificada-em-todas-as-versoes\/","og_locale":"pt_BR","og_type":"article","og_title":"BMW S\u00e9rie 3 passa a ser oferecido com blindagem certificada em todas as vers\u00f5es - Canal Dana","og_description":"Blog do Ricardo Ribas &nbsp; O BMW Protection, programa de blindagem oficial da marca alem\u00e3 no Brasil, passa a contar com mais um modelo dispon\u00edvel com blindagem certificada. A novidade da vez \u00e9 o S\u00e9rie 3, modelo premium mais vendido do Brasil em 2021, que est\u00e1 apto a receber a prote\u00e7\u00e3o bal\u00edstica em todas as\u2026 Leia mais \u00bb","og_url":"https:\/\/dana.com.br\/canaldana\/2022\/02\/18\/bmw-serie-3-passa-a-ser-oferecido-com-blindagem-certificada-em-todas-as-versoes\/","og_site_name":"Canal Dana","article_published_time":"2022-02-18T11:27:37+00:00","author":"Canal Dana","twitter_card":"summary_large_image","twitter_misc":{"Escrito por":"Canal Dana","Est. tempo de leitura":"4 minutos"},"schema":{"@context":"https:\/\/schema.org","@graph":[{"@type":"Article","@id":"https:\/\/dana.com.br\/canaldana\/2022\/02\/18\/bmw-serie-3-passa-a-ser-oferecido-com-blindagem-certificada-em-todas-as-versoes\/#article","isPartOf":{"@id":"https:\/\/dana.com.br\/canaldana\/2022\/02\/18\/bmw-serie-3-passa-a-ser-oferecido-com-blindagem-certificada-em-todas-as-versoes\/"},"author":{"name":"Canal Dana","@id":"https:\/\/dana.com.br\/canaldana\/#\/schema\/person\/3c21f22f56fcf3bc46b94bc60ea4fef6"},"headline":"BMW S\u00e9rie 3 passa a ser oferecido com blindagem certificada em todas as vers\u00f5es","datePublished":"2022-02-18T11:27:37+00:00","mainEntityOfPage":{"@id":"https:\/\/dana.com.br\/canaldana\/2022\/02\/18\/bmw-serie-3-passa-a-ser-oferecido-com-blindagem-certificada-em-todas-as-versoes\/"},"wordCount":865,"articleSection":["Mercado"],"inLanguage":"pt-BR"},{"@type":"WebPage","@id":"https:\/\/dana.com.br\/canaldana\/2022\/02\/18\/bmw-serie-3-passa-a-ser-oferecido-com-blindagem-certificada-em-todas-as-versoes\/","url":"https:\/\/dana.com.br\/canaldana\/2022\/02\/18\/bmw-serie-3-passa-a-ser-oferecido-com-blindagem-certificada-em-todas-as-versoes\/","name":"BMW S\u00e9rie 3 passa a ser oferecido com blindagem certificada em todas as vers\u00f5es - Canal Dana","isPartOf":{"@id":"https:\/\/dana.com.br\/canaldana\/#website"},"datePublished":"2022-02-18T11:27:37+00:00","author":{"@id":"https:\/\/dana.com.br\/canaldana\/#\/schema\/person\/3c21f22f56fcf3bc46b94bc60ea4fef6"},"breadcrumb":{"@id":"https:\/\/dana.com.br\/canaldana\/2022\/02\/18\/bmw-serie-3-passa-a-ser-oferecido-com-blindagem-certificada-em-todas-as-versoes\/#breadcrumb"},"inLanguage":"pt-BR","potentialAction":[{"@type":"ReadAction","target":["https:\/\/dana.com.br\/canaldana\/2022\/02\/18\/bmw-serie-3-passa-a-ser-oferecido-com-blindagem-certificada-em-todas-as-versoes\/"]}]},{"@type":"BreadcrumbList","@id":"https:\/\/dana.com.br\/canaldana\/2022\/02\/18\/bmw-serie-3-passa-a-ser-oferecido-com-blindagem-certificada-em-todas-as-versoes\/#breadcrumb","itemListElement":[{"@type":"ListItem","position":1,"name":"Home","item":"https:\/\/dana.com.br\/canaldana\/"},{"@type":"ListItem","position":2,"name":"Mercado","item":"https:\/\/dana.com.br\/canaldana\/mercado\/"},{"@type":"ListItem","position":3,"name":"BMW S\u00e9rie 3 passa a ser oferecido com blindagem certificada em todas as vers\u00f5es"}]},{"@type":"WebSite","@id":"https:\/\/dana.com.br\/canaldana\/#website","url":"https:\/\/dana.com.br\/canaldana\/","name":"Canal Dana","description":"Informativo com as principais not\u00edcias da ind\u00fastria automotiva","potentialAction":[{"@type":"SearchAction","target":{"@type":"EntryPoint","urlTemplate":"https:\/\/dana.com.br\/canaldana\/?s={search_term_string}"},"query-input":{"@type":"PropertyValueSpecification","valueRequired":true,"valueName":"search_term_string"}}],"inLanguage":"pt-BR"},{"@type":"Person","@id":"https:\/\/dana.com.br\/canaldana\/#\/schema\/person\/3c21f22f56fcf3bc46b94bc60ea4fef6","name":"Canal Dana","image":{"@type":"ImageObject","inLanguage":"pt-BR","@id":"https:\/\/secure.gravatar.com\/avatar\/420aaf9278582877d9018637c6817617705899d2858d7572ef0fe59a6b6454b4?s=96&d=mm&r=g","url":"https:\/\/secure.gravatar.com\/avatar\/420aaf9278582877d9018637c6817617705899d2858d7572ef0fe59a6b6454b4?s=96&d=mm&r=g","contentUrl":"https:\/\/secure.gravatar.com\/avatar\/420aaf9278582877d9018637c6817617705899d2858d7572ef0fe59a6b6454b4?s=96&d=mm&r=g","caption":"Canal Dana"},"url":"https:\/\/dana.com.br\/canaldana\/author\/cdeditor\/"}]}},"_links":{"self":[{"href":"https:\/\/dana.com.br\/canaldana\/wp-json\/wp\/v2\/posts\/56322","targetHints":{"allow":["GET"]}}],"collection":[{"href":"https:\/\/dana.com.br\/canaldana\/wp-json\/wp\/v2\/posts"}],"about":[{"href":"https:\/\/dana.com.br\/canaldana\/wp-json\/wp\/v2\/types\/post"}],"author":[{"embeddable":true,"href":"https:\/\/dana.com.br\/canaldana\/wp-json\/wp\/v2\/users\/3"}],"replies":[{"embeddable":true,"href":"https:\/\/dana.com.br\/canaldana\/wp-json\/wp\/v2\/comments?post=56322"}],"version-history":[{"count":0,"href":"https:\/\/dana.com.br\/canaldana\/wp-json\/wp\/v2\/posts\/56322\/revisions"}],"wp:attachment":[{"href":"https:\/\/dana.com.br\/canaldana\/wp-json\/wp\/v2\/media?parent=56322"}],"wp:term":[{"taxonomy":"category","embeddable":true,"href":"https:\/\/dana.com.br\/canaldana\/wp-json\/wp\/v2\/categories?post=56322"},{"taxonomy":"post_tag","embeddable":true,"href":"https:\/\/dana.com.br\/canaldana\/wp-json\/wp\/v2\/tags?post=56322"}],"curies":[{"name":"wp","href":"https:\/\/api.w.org\/{rel}","templated":true}]}}