{"id":56296,"date":"2022-02-17T08:34:42","date_gmt":"2022-02-17T11:34:42","guid":{"rendered":"https:\/\/dana.com.br\/canaldana\/?p=56296"},"modified":"2022-02-17T08:34:42","modified_gmt":"2022-02-17T11:34:42","slug":"bmw-ix3-chega-no-primeiro-semestre","status":"publish","type":"post","link":"https:\/\/dana.com.br\/canaldana\/2022\/02\/17\/bmw-ix3-chega-no-primeiro-semestre\/","title":{"rendered":"BMW iX3 chega no primeiro semestre"},"content":{"rendered":"<p><em>AutoInd\u00fastria <\/em><\/p>\n<p>&nbsp;<\/p>\n<p>A BMW confirmou ontem ter\u00e7a-feira, 15, a amplia\u00e7\u00e3o de sua linha de ve\u00edculos eletrificados no Brasil. Em evento online do BMW Group na Am\u00e9rica Latina, Aksel Krieger, CEO e Presidente do BMW Group Brasil, anunciou o lan\u00e7amento ainda no primeiro semestre do IX3, SUV compacto nascido exclusivamente el\u00e9trico.<\/p>\n<p>&nbsp;<\/p>\n<p>O novo modelo, que teve 37,9 mil unidades negociadas globalmente em 2021, seu primeiro ano completo de vendas, ser\u00e1 importado da Europa. O iX3 tem motor el\u00e9trico de 286 cv e, calcula a montadora, autonomia de at\u00e9 460 km (ciclo WLTP). Com tra\u00e7\u00e3o traseira, acelera de zero a 100 km\/h em a 6,8 segundos.<\/p>\n<p>&nbsp;<\/p>\n<p>Com o SUV, o grupo alem\u00e3o, que ainda oferece no mercado brasileiro a marca Mini, ter\u00e1 cinco modelos movidos a bateria \u00e0 venda aqui ainda em 2022. Al\u00e9m do iX3, estar\u00e3o dispon\u00edveis iX, i4, i3 e Mini Cooper SE.<\/p>\n<p>&nbsp;<\/p>\n<p>A eletrifica\u00e7\u00e3o da linha de produtos leva em conta as proje\u00e7\u00f5es da BMW de que, at\u00e9 o fim da d\u00e9cada, pelo menos a metade das vendas de carros premium no Brasil ser\u00e1 de modelos el\u00e9tricos.<\/p>\n<p>&nbsp;<\/p>\n<p>Apesar dessa perspectiva e do que prefere chamar de \u201cofensiva el\u00e9trica\u201d da marca em 2022, Krieger afirma que ainda n\u00e3o h\u00e1 qualquer possibilidade de um modelo el\u00e9trico ser ao menos montado na f\u00e1brica da empresa localizada em Araquari, SC.<\/p>\n<p>&nbsp;<\/p>\n<p>\u201cMas estamos sempre em estudos. Seguiremos com a introdu\u00e7\u00e3o de modelos alimentados exclusivamente por baterias\u201d, afirma o executivo, que admitiu tamb\u00e9m que avalia a importa\u00e7\u00e3o do C04, um sofisticado scooter el\u00e9trico da BMW que pode atingir 120 km\/h.<\/p>\n<p>&nbsp;<\/p>\n<p>A BMW espera crescimento novamente de dois d\u00edgitos nas vendas brasileiras em 2022. No ano passado, negociou 14,5 mil autom\u00f3veis, 16,8% a mais do que em 2020, e liderou com folga o segmento de ve\u00edculos premium. Quase 2,7 mil unidades dispunham de motoriza\u00e7\u00f5es h\u00edbridas ou el\u00e9tricas, 162% a mais do que em 2020. (AutoInd\u00fastria\/George Guimar\u00e3es)<\/p>\n","protected":false},"excerpt":{"rendered":"<p>AutoInd\u00fastria &nbsp; A BMW confirmou ontem ter\u00e7a-feira, 15, a amplia\u00e7\u00e3o de sua linha de ve\u00edculos eletrificados no Brasil. Em evento online do BMW Group na Am\u00e9rica Latina, Aksel Krieger, CEO e Presidente do BMW Group Brasil, anunciou o lan\u00e7amento ainda no primeiro semestre do IX3, SUV compacto nascido exclusivamente el\u00e9trico. &nbsp; O novo modelo, que\u2026 <a class=\"readmore\" href=\"https:\/\/dana.com.br\/canaldana\/2022\/02\/17\/bmw-ix3-chega-no-primeiro-semestre\/\">Leia mais \u00bb<\/a><\/p>\n","protected":false},"author":3,"featured_media":0,"comment_status":"closed","ping_status":"closed","sticky":false,"template":"","format":"standard","meta":{"_acf_changed":false,"footnotes":""},"categories":[79],"tags":[],"class_list":["post-56296","post","type-post","status-publish","format-standard","hentry","category-mercado"],"acf":[],"yoast_head":"<!-- This site is optimized with the Yoast SEO plugin v27.3 - https:\/\/yoast.com\/product\/yoast-seo-wordpress\/ -->\n<title>BMW iX3 chega no primeiro semestre - Canal Dana<\/title>\n<meta name=\"robots\" content=\"index, follow, max-snippet:-1, max-image-preview:large, max-video-preview:-1\" \/>\n<link rel=\"canonical\" href=\"https:\/\/dana.com.br\/canaldana\/2022\/02\/17\/bmw-ix3-chega-no-primeiro-semestre\/\" \/>\n<meta property=\"og:locale\" content=\"pt_BR\" \/>\n<meta property=\"og:type\" content=\"article\" \/>\n<meta property=\"og:title\" content=\"BMW iX3 chega no primeiro semestre - Canal Dana\" \/>\n<meta property=\"og:description\" content=\"AutoInd\u00fastria &nbsp; A BMW confirmou ontem ter\u00e7a-feira, 15, a amplia\u00e7\u00e3o de sua linha de ve\u00edculos eletrificados no Brasil. Em evento online do BMW Group na Am\u00e9rica Latina, Aksel Krieger, CEO e Presidente do BMW Group Brasil, anunciou o lan\u00e7amento ainda no primeiro semestre do IX3, SUV compacto nascido exclusivamente el\u00e9trico. &nbsp; O novo modelo, que\u2026 Leia mais \u00bb\" \/>\n<meta property=\"og:url\" content=\"https:\/\/dana.com.br\/canaldana\/2022\/02\/17\/bmw-ix3-chega-no-primeiro-semestre\/\" \/>\n<meta property=\"og:site_name\" content=\"Canal Dana\" \/>\n<meta property=\"article:published_time\" content=\"2022-02-17T11:34:42+00:00\" \/>\n<meta name=\"author\" content=\"Canal Dana\" \/>\n<meta name=\"twitter:card\" content=\"summary_large_image\" \/>\n<meta name=\"twitter:label1\" content=\"Escrito por\" \/>\n\t<meta name=\"twitter:data1\" content=\"Canal Dana\" \/>\n\t<meta name=\"twitter:label2\" content=\"Est. tempo de leitura\" \/>\n\t<meta name=\"twitter:data2\" content=\"2 minutos\" \/>\n<script type=\"application\/ld+json\" class=\"yoast-schema-graph\">{\"@context\":\"https:\\\/\\\/schema.org\",\"@graph\":[{\"@type\":\"Article\",\"@id\":\"https:\\\/\\\/dana.com.br\\\/canaldana\\\/2022\\\/02\\\/17\\\/bmw-ix3-chega-no-primeiro-semestre\\\/#article\",\"isPartOf\":{\"@id\":\"https:\\\/\\\/dana.com.br\\\/canaldana\\\/2022\\\/02\\\/17\\\/bmw-ix3-chega-no-primeiro-semestre\\\/\"},\"author\":{\"name\":\"Canal Dana\",\"@id\":\"https:\\\/\\\/dana.com.br\\\/canaldana\\\/#\\\/schema\\\/person\\\/3c21f22f56fcf3bc46b94bc60ea4fef6\"},\"headline\":\"BMW iX3 chega no primeiro semestre\",\"datePublished\":\"2022-02-17T11:34:42+00:00\",\"mainEntityOfPage\":{\"@id\":\"https:\\\/\\\/dana.com.br\\\/canaldana\\\/2022\\\/02\\\/17\\\/bmw-ix3-chega-no-primeiro-semestre\\\/\"},\"wordCount\":340,\"articleSection\":[\"Mercado\"],\"inLanguage\":\"pt-BR\"},{\"@type\":\"WebPage\",\"@id\":\"https:\\\/\\\/dana.com.br\\\/canaldana\\\/2022\\\/02\\\/17\\\/bmw-ix3-chega-no-primeiro-semestre\\\/\",\"url\":\"https:\\\/\\\/dana.com.br\\\/canaldana\\\/2022\\\/02\\\/17\\\/bmw-ix3-chega-no-primeiro-semestre\\\/\",\"name\":\"BMW iX3 chega no primeiro semestre - Canal Dana\",\"isPartOf\":{\"@id\":\"https:\\\/\\\/dana.com.br\\\/canaldana\\\/#website\"},\"datePublished\":\"2022-02-17T11:34:42+00:00\",\"author\":{\"@id\":\"https:\\\/\\\/dana.com.br\\\/canaldana\\\/#\\\/schema\\\/person\\\/3c21f22f56fcf3bc46b94bc60ea4fef6\"},\"breadcrumb\":{\"@id\":\"https:\\\/\\\/dana.com.br\\\/canaldana\\\/2022\\\/02\\\/17\\\/bmw-ix3-chega-no-primeiro-semestre\\\/#breadcrumb\"},\"inLanguage\":\"pt-BR\",\"potentialAction\":[{\"@type\":\"ReadAction\",\"target\":[\"https:\\\/\\\/dana.com.br\\\/canaldana\\\/2022\\\/02\\\/17\\\/bmw-ix3-chega-no-primeiro-semestre\\\/\"]}]},{\"@type\":\"BreadcrumbList\",\"@id\":\"https:\\\/\\\/dana.com.br\\\/canaldana\\\/2022\\\/02\\\/17\\\/bmw-ix3-chega-no-primeiro-semestre\\\/#breadcrumb\",\"itemListElement\":[{\"@type\":\"ListItem\",\"position\":1,\"name\":\"Home\",\"item\":\"https:\\\/\\\/dana.com.br\\\/canaldana\\\/\"},{\"@type\":\"ListItem\",\"position\":2,\"name\":\"Mercado\",\"item\":\"https:\\\/\\\/dana.com.br\\\/canaldana\\\/mercado\\\/\"},{\"@type\":\"ListItem\",\"position\":3,\"name\":\"BMW iX3 chega no primeiro semestre\"}]},{\"@type\":\"WebSite\",\"@id\":\"https:\\\/\\\/dana.com.br\\\/canaldana\\\/#website\",\"url\":\"https:\\\/\\\/dana.com.br\\\/canaldana\\\/\",\"name\":\"Canal Dana\",\"description\":\"Informativo com as principais not\u00edcias da ind\u00fastria automotiva\",\"potentialAction\":[{\"@type\":\"SearchAction\",\"target\":{\"@type\":\"EntryPoint\",\"urlTemplate\":\"https:\\\/\\\/dana.com.br\\\/canaldana\\\/?s={search_term_string}\"},\"query-input\":{\"@type\":\"PropertyValueSpecification\",\"valueRequired\":true,\"valueName\":\"search_term_string\"}}],\"inLanguage\":\"pt-BR\"},{\"@type\":\"Person\",\"@id\":\"https:\\\/\\\/dana.com.br\\\/canaldana\\\/#\\\/schema\\\/person\\\/3c21f22f56fcf3bc46b94bc60ea4fef6\",\"name\":\"Canal Dana\",\"image\":{\"@type\":\"ImageObject\",\"inLanguage\":\"pt-BR\",\"@id\":\"https:\\\/\\\/secure.gravatar.com\\\/avatar\\\/420aaf9278582877d9018637c6817617705899d2858d7572ef0fe59a6b6454b4?s=96&d=mm&r=g\",\"url\":\"https:\\\/\\\/secure.gravatar.com\\\/avatar\\\/420aaf9278582877d9018637c6817617705899d2858d7572ef0fe59a6b6454b4?s=96&d=mm&r=g\",\"contentUrl\":\"https:\\\/\\\/secure.gravatar.com\\\/avatar\\\/420aaf9278582877d9018637c6817617705899d2858d7572ef0fe59a6b6454b4?s=96&d=mm&r=g\",\"caption\":\"Canal Dana\"},\"url\":\"https:\\\/\\\/dana.com.br\\\/canaldana\\\/author\\\/cdeditor\\\/\"}]}<\/script>\n<!-- \/ Yoast SEO plugin. -->","yoast_head_json":{"title":"BMW iX3 chega no primeiro semestre - Canal Dana","robots":{"index":"index","follow":"follow","max-snippet":"max-snippet:-1","max-image-preview":"max-image-preview:large","max-video-preview":"max-video-preview:-1"},"canonical":"https:\/\/dana.com.br\/canaldana\/2022\/02\/17\/bmw-ix3-chega-no-primeiro-semestre\/","og_locale":"pt_BR","og_type":"article","og_title":"BMW iX3 chega no primeiro semestre - Canal Dana","og_description":"AutoInd\u00fastria &nbsp; A BMW confirmou ontem ter\u00e7a-feira, 15, a amplia\u00e7\u00e3o de sua linha de ve\u00edculos eletrificados no Brasil. Em evento online do BMW Group na Am\u00e9rica Latina, Aksel Krieger, CEO e Presidente do BMW Group Brasil, anunciou o lan\u00e7amento ainda no primeiro semestre do IX3, SUV compacto nascido exclusivamente el\u00e9trico. &nbsp; O novo modelo, que\u2026 Leia mais \u00bb","og_url":"https:\/\/dana.com.br\/canaldana\/2022\/02\/17\/bmw-ix3-chega-no-primeiro-semestre\/","og_site_name":"Canal Dana","article_published_time":"2022-02-17T11:34:42+00:00","author":"Canal Dana","twitter_card":"summary_large_image","twitter_misc":{"Escrito por":"Canal Dana","Est. tempo de leitura":"2 minutos"},"schema":{"@context":"https:\/\/schema.org","@graph":[{"@type":"Article","@id":"https:\/\/dana.com.br\/canaldana\/2022\/02\/17\/bmw-ix3-chega-no-primeiro-semestre\/#article","isPartOf":{"@id":"https:\/\/dana.com.br\/canaldana\/2022\/02\/17\/bmw-ix3-chega-no-primeiro-semestre\/"},"author":{"name":"Canal Dana","@id":"https:\/\/dana.com.br\/canaldana\/#\/schema\/person\/3c21f22f56fcf3bc46b94bc60ea4fef6"},"headline":"BMW iX3 chega no primeiro semestre","datePublished":"2022-02-17T11:34:42+00:00","mainEntityOfPage":{"@id":"https:\/\/dana.com.br\/canaldana\/2022\/02\/17\/bmw-ix3-chega-no-primeiro-semestre\/"},"wordCount":340,"articleSection":["Mercado"],"inLanguage":"pt-BR"},{"@type":"WebPage","@id":"https:\/\/dana.com.br\/canaldana\/2022\/02\/17\/bmw-ix3-chega-no-primeiro-semestre\/","url":"https:\/\/dana.com.br\/canaldana\/2022\/02\/17\/bmw-ix3-chega-no-primeiro-semestre\/","name":"BMW iX3 chega no primeiro semestre - Canal Dana","isPartOf":{"@id":"https:\/\/dana.com.br\/canaldana\/#website"},"datePublished":"2022-02-17T11:34:42+00:00","author":{"@id":"https:\/\/dana.com.br\/canaldana\/#\/schema\/person\/3c21f22f56fcf3bc46b94bc60ea4fef6"},"breadcrumb":{"@id":"https:\/\/dana.com.br\/canaldana\/2022\/02\/17\/bmw-ix3-chega-no-primeiro-semestre\/#breadcrumb"},"inLanguage":"pt-BR","potentialAction":[{"@type":"ReadAction","target":["https:\/\/dana.com.br\/canaldana\/2022\/02\/17\/bmw-ix3-chega-no-primeiro-semestre\/"]}]},{"@type":"BreadcrumbList","@id":"https:\/\/dana.com.br\/canaldana\/2022\/02\/17\/bmw-ix3-chega-no-primeiro-semestre\/#breadcrumb","itemListElement":[{"@type":"ListItem","position":1,"name":"Home","item":"https:\/\/dana.com.br\/canaldana\/"},{"@type":"ListItem","position":2,"name":"Mercado","item":"https:\/\/dana.com.br\/canaldana\/mercado\/"},{"@type":"ListItem","position":3,"name":"BMW iX3 chega no primeiro semestre"}]},{"@type":"WebSite","@id":"https:\/\/dana.com.br\/canaldana\/#website","url":"https:\/\/dana.com.br\/canaldana\/","name":"Canal Dana","description":"Informativo com as principais not\u00edcias da ind\u00fastria automotiva","potentialAction":[{"@type":"SearchAction","target":{"@type":"EntryPoint","urlTemplate":"https:\/\/dana.com.br\/canaldana\/?s={search_term_string}"},"query-input":{"@type":"PropertyValueSpecification","valueRequired":true,"valueName":"search_term_string"}}],"inLanguage":"pt-BR"},{"@type":"Person","@id":"https:\/\/dana.com.br\/canaldana\/#\/schema\/person\/3c21f22f56fcf3bc46b94bc60ea4fef6","name":"Canal Dana","image":{"@type":"ImageObject","inLanguage":"pt-BR","@id":"https:\/\/secure.gravatar.com\/avatar\/420aaf9278582877d9018637c6817617705899d2858d7572ef0fe59a6b6454b4?s=96&d=mm&r=g","url":"https:\/\/secure.gravatar.com\/avatar\/420aaf9278582877d9018637c6817617705899d2858d7572ef0fe59a6b6454b4?s=96&d=mm&r=g","contentUrl":"https:\/\/secure.gravatar.com\/avatar\/420aaf9278582877d9018637c6817617705899d2858d7572ef0fe59a6b6454b4?s=96&d=mm&r=g","caption":"Canal Dana"},"url":"https:\/\/dana.com.br\/canaldana\/author\/cdeditor\/"}]}},"_links":{"self":[{"href":"https:\/\/dana.com.br\/canaldana\/wp-json\/wp\/v2\/posts\/56296","targetHints":{"allow":["GET"]}}],"collection":[{"href":"https:\/\/dana.com.br\/canaldana\/wp-json\/wp\/v2\/posts"}],"about":[{"href":"https:\/\/dana.com.br\/canaldana\/wp-json\/wp\/v2\/types\/post"}],"author":[{"embeddable":true,"href":"https:\/\/dana.com.br\/canaldana\/wp-json\/wp\/v2\/users\/3"}],"replies":[{"embeddable":true,"href":"https:\/\/dana.com.br\/canaldana\/wp-json\/wp\/v2\/comments?post=56296"}],"version-history":[{"count":0,"href":"https:\/\/dana.com.br\/canaldana\/wp-json\/wp\/v2\/posts\/56296\/revisions"}],"wp:attachment":[{"href":"https:\/\/dana.com.br\/canaldana\/wp-json\/wp\/v2\/media?parent=56296"}],"wp:term":[{"taxonomy":"category","embeddable":true,"href":"https:\/\/dana.com.br\/canaldana\/wp-json\/wp\/v2\/categories?post=56296"},{"taxonomy":"post_tag","embeddable":true,"href":"https:\/\/dana.com.br\/canaldana\/wp-json\/wp\/v2\/tags?post=56296"}],"curies":[{"name":"wp","href":"https:\/\/api.w.org\/{rel}","templated":true}]}}