{"id":56293,"date":"2022-02-17T08:33:52","date_gmt":"2022-02-17T11:33:52","guid":{"rendered":"https:\/\/dana.com.br\/canaldana\/?p=56293"},"modified":"2022-02-17T08:33:52","modified_gmt":"2022-02-17T11:33:52","slug":"audi-do-brasil-abre-periodo-de-reservas-do-novo-q3-sportback-2-0-quattro","status":"publish","type":"post","link":"https:\/\/dana.com.br\/canaldana\/2022\/02\/17\/audi-do-brasil-abre-periodo-de-reservas-do-novo-q3-sportback-2-0-quattro\/","title":{"rendered":"Audi do Brasil abre per\u00edodo de reservas do novo Q3 Sportback 2.0 Quattro"},"content":{"rendered":"<p><em>Blog do Armindo<\/em><\/p>\n<p>&nbsp;<\/p>\n<p>Ap\u00f3s confirmar a retomada da produ\u00e7\u00e3o em sua f\u00e1brica de S\u00e3o Jos\u00e9 dos Pinhais, no Paran\u00e1, a Audi do Brasil inicia pedidos de reservas dos novos Audi Q3 e Audi Q3 Sportback. Com motor 2.0 e a ic\u00f4nica tra\u00e7\u00e3o quattro, os modelos podem ser reservados diretamente nas concession\u00e1rias de todo o Pa\u00eds com pre\u00e7o p\u00fablico sugerido a partir de R$ 279.990,00. A entrega das primeiras unidades est\u00e1 prevista para abril.<\/p>\n<p>&nbsp;<\/p>\n<p>De acordo com Daniel Rojas, CEO e Presidente da Audi do Brasil, \u201ctodos na empresa e na rede de concession\u00e1rias est\u00e3o muito animados com a chegada do Audi Q3 com motor 2.0 e tra\u00e7\u00e3o quattro, seja na in\u00e9dita carroceria Sportback, seja na consagrada vers\u00e3o SUV. S\u00e3o ve\u00edculos que j\u00e1 possuem uma tradi\u00e7\u00e3o no mercado brasileiro e chegam ainda mais modernos e esportivos. Temos a convic\u00e7\u00e3o que o Q3 continuar\u00e1 sendo um sucesso no Brasil\u201d.<\/p>\n<p>&nbsp;<\/p>\n<p>As primeiras unidades entregues ao cliente ser\u00e3o fabricadas na planta de Gy\u00f6r, na Hungria, at\u00e9 que a f\u00e1brica de S\u00e3o Jos\u00e9 dos Pinhais inicie a produ\u00e7\u00e3o local. Os Audi Q3 e Audi Q3 Sportback ter\u00e3o o j\u00e1 consagrado motor EA888 2.0 TFSI gasolina de quatro cilindros com inje\u00e7\u00e3o direta e turbocompress\u00e3o, que entrega 340 Nm de torque e pot\u00eancia de 231 cv em todas as vers\u00f5es: Prestige quattro para a carroceria SUV e Performance quattro e Performance Black quattro nas duas carrocerias.<\/p>\n<p>&nbsp;<\/p>\n<p>Al\u00e9m disso, a produ\u00e7\u00e3o brasileira marcar\u00e1 dois fatos in\u00e9ditos: ser\u00e1 a primeira vez que a Audi montar\u00e1 um modelo com a tra\u00e7\u00e3o quattro no Pa\u00eds e a primeira vez que ir\u00e1 equipar uma transmiss\u00e3o tiptronic de oito velocidades a um ve\u00edculo com motor transversal feito no Brasil, que proporciona r\u00e1pidas e confort\u00e1veis trocas de marchas. Toda a linha Q3 ainda ter\u00e1 o eficiente sistema start-stop.<\/p>\n<p>&nbsp;<\/p>\n<p><strong>Audi Q3 e Audi Q3 Sportback: refer\u00eancia no segmento<\/strong><\/p>\n<p>&nbsp;<\/p>\n<p>Desde seu lan\u00e7amento em fevereiro de 2020 o Audi Q3 virou refer\u00eancia em seu segmento e se tornou o ve\u00edculo mais vendido da Audi no Brasil j\u00e1 em seu primeiro ano. Ambos incorporam a nova linguagem de design da fam\u00edlia Q, apresentada no Brasil com o Audi Q8, modelo completamente novo da marca. Na parte frontal um dos principais destaques \u00e9 a grade Singleframe com desenho octogonal. As vers\u00f5es de topo ganham o design do kit S line no exterior do ve\u00edculo, que contemplam novas entradas de ar e difusores esportivos, al\u00e9m da inscri\u00e7\u00e3o S line posicionada pr\u00f3ximo ao retrovisor.<\/p>\n<p>&nbsp;<\/p>\n<p>No interior, os novos Audi Q3 trazem como elemento central o novo conceito do MMI com display de 8,8\u201d sens\u00edvel ao toque integrado ao painel, que \u00e9 inclinado em 10 graus em dire\u00e7\u00e3o ao motorista, ergonomicamente bem localizados. O volante com shift paddles \u00e9 item de s\u00e9rie. Na vers\u00e3o Performance Black quattro os modelos tamb\u00e9m contemplam o kit S line no interior: o volante com base aplanada e couro perfurado tem o logo S line, tamb\u00e9m presente nos bancos dianteiros com o emblema estampado e nas soleiras iluminadas com a inscri\u00e7\u00e3o, al\u00e9m da pedaleira esportiva.<\/p>\n<p>&nbsp;<\/p>\n<p>Outro destaque \u00e9 a divis\u00e3o de espa\u00e7o altamente vari\u00e1vel: os bancos traseiros s\u00e3o corredi\u00e7os de s\u00e9rie e podem ser movidos para frente em 150 mil\u00edmetros na Q3 e 130 mil\u00edmetros na Q3 Sportback. E o porta-malas merece um cap\u00edtulo \u00e0 parte: tanto o Q3 quanto o Q3 Sportback possuem 530 litros, o maior volume da categoria. Com os encostos totalmente rebatidos, o volume salta para 1.525 litros no Q3 e 1.400 litros no Q3 Sportback.<\/p>\n<p>&nbsp;<\/p>\n<p><strong>Tecnologia e seguran\u00e7a: vers\u00f5es completas<\/strong><\/p>\n<p>&nbsp;<\/p>\n<p>O novo Audi Q3 e o in\u00e9dito Audi Q3 Sportback ter\u00e3o diversos itens tecnol\u00f3gicos em todas as vers\u00f5es, como c\u00e2mera de r\u00e9 e assistente de partida em rampa. Vale destacar tamb\u00e9m o piloto autom\u00e1tico com controle de velocidade e os far\u00f3is Full LED. Com rela\u00e7\u00e3o \u00e0 conectividade, todas as vers\u00f5es trazem interface para smartphones para sistemas operacionais iOS e Android. H\u00e1 ainda quatro portas USB, sendo duas na frente e duas para os passageiros do banco traseiro, al\u00e9m de tomada 12v.<\/p>\n<p>&nbsp;<\/p>\n<p>Na vers\u00e3o intermedi\u00e1ria Performance quattro, dispon\u00edvel nas carrocerias SUV e Sportback, o novo Audi Q3 agrega porta-malas com abertura e fechamento el\u00e9trico com sistema hands-free, o Keyless Entry, que permite que as portas destravem com a aproxima\u00e7\u00e3o da chave ao ve\u00edculo, al\u00e9m da partida no motor por bot\u00e3o, chamada de Keyless Go. No exterior, os espelhos retrovisores externos s\u00e3o el\u00e9tricos e rebat\u00edveis automaticamente e os frisos e longarinas de teto s\u00e3o cromados na vers\u00e3o SUV. H\u00e1 tamb\u00e9m ar-condicionado de duas zonas e o consagrado Audi Virtual Cockpit, quadro de instrumentos digital com uma tela de 10,25\u201d. No escuro, o pacote de ilumina\u00e7\u00e3o ambiente estabelece pontos de luminosidade no console central e nas portas.<\/p>\n<p>&nbsp;<\/p>\n<p>Como opcional na vers\u00e3o Performance quattro est\u00e1 o teto solar el\u00e9trico panor\u00e2mico Open Sky item de s\u00e9rie na vers\u00e3o Performance Black quattro. Nesta vers\u00e3o topo de gama, para dar um toque de esportividade os assentos dianteiros e volante \u2013 aplanado e em couro \u2013 esportivos comp\u00f5em o conjunto. O acabamento de todos os bancos passa a ser de microfibra Din\u00e2mica. O modelo tamb\u00e9m agrega rodas de liga leve de 19\u201d.<\/p>\n<p>&nbsp;<\/p>\n<p>Na vers\u00e3o de topo das duas carrocerias \u00e9 poss\u00edvel incluir opcionalmente o Pacote Advanced que contempla controle de cruzeiro adaptativo, com fun\u00e7\u00f5es de assist\u00eancia em congestionamento, e o Audi pre sense dianteiro, que prepara o motorista em casos de emerg\u00eancia para reduzir o impacto em uma eventual colis\u00e3o, o aviso de sa\u00edda de faixa e o sistema de som SONOS 3D de 680W com 15 alto-falantes incluindo subwoofer.<\/p>\n<p>&nbsp;<\/p>\n<p>A partir de hoje o Audi Q3 pode ser reservado nas concession\u00e1rias de todo o Brasil pelo pre\u00e7o sugerido de R$ 279.990,00 na vers\u00e3o Prestige, dispon\u00edvel somente para a carroceria SUV. J\u00e1 para a vers\u00e3o Performance quattro, o pre\u00e7o sugerido \u00e9 de R$ 297.990,00 para a vers\u00e3o SUV e R$ 322.990,00 para a Sportback. Na vers\u00e3o topo de gama Performance Black, o pre\u00e7o sugerido \u00e9 de R$ 322.990,00 para a vers\u00e3o SUV e R$ 347.990,00 para a Sportback. (Blog do Armindo)<\/p>\n","protected":false},"excerpt":{"rendered":"<p>Blog do Armindo &nbsp; Ap\u00f3s confirmar a retomada da produ\u00e7\u00e3o em sua f\u00e1brica de S\u00e3o Jos\u00e9 dos Pinhais, no Paran\u00e1, a Audi do Brasil inicia pedidos de reservas dos novos Audi Q3 e Audi Q3 Sportback. Com motor 2.0 e a ic\u00f4nica tra\u00e7\u00e3o quattro, os modelos podem ser reservados diretamente nas concession\u00e1rias de todo o\u2026 <a class=\"readmore\" href=\"https:\/\/dana.com.br\/canaldana\/2022\/02\/17\/audi-do-brasil-abre-periodo-de-reservas-do-novo-q3-sportback-2-0-quattro\/\">Leia mais \u00bb<\/a><\/p>\n","protected":false},"author":3,"featured_media":0,"comment_status":"closed","ping_status":"closed","sticky":false,"template":"","format":"standard","meta":{"_acf_changed":false,"footnotes":""},"categories":[1],"tags":[],"class_list":["post-56293","post","type-post","status-publish","format-standard","hentry","category-sin-categoria"],"acf":[],"yoast_head":"<!-- This site is optimized with the Yoast SEO plugin v27.3 - https:\/\/yoast.com\/product\/yoast-seo-wordpress\/ -->\n<title>Audi do Brasil abre per\u00edodo de reservas do novo Q3 Sportback 2.0 Quattro - Canal Dana<\/title>\n<meta name=\"robots\" content=\"index, follow, max-snippet:-1, max-image-preview:large, max-video-preview:-1\" \/>\n<link rel=\"canonical\" href=\"https:\/\/dana.com.br\/canaldana\/2022\/02\/17\/audi-do-brasil-abre-periodo-de-reservas-do-novo-q3-sportback-2-0-quattro\/\" \/>\n<meta property=\"og:locale\" content=\"pt_BR\" \/>\n<meta property=\"og:type\" content=\"article\" \/>\n<meta property=\"og:title\" content=\"Audi do Brasil abre per\u00edodo de reservas do novo Q3 Sportback 2.0 Quattro - Canal Dana\" \/>\n<meta property=\"og:description\" content=\"Blog do Armindo &nbsp; Ap\u00f3s confirmar a retomada da produ\u00e7\u00e3o em sua f\u00e1brica de S\u00e3o Jos\u00e9 dos Pinhais, no Paran\u00e1, a Audi do Brasil inicia pedidos de reservas dos novos Audi Q3 e Audi Q3 Sportback. Com motor 2.0 e a ic\u00f4nica tra\u00e7\u00e3o quattro, os modelos podem ser reservados diretamente nas concession\u00e1rias de todo o\u2026 Leia mais \u00bb\" \/>\n<meta property=\"og:url\" content=\"https:\/\/dana.com.br\/canaldana\/2022\/02\/17\/audi-do-brasil-abre-periodo-de-reservas-do-novo-q3-sportback-2-0-quattro\/\" \/>\n<meta property=\"og:site_name\" content=\"Canal Dana\" \/>\n<meta property=\"article:published_time\" content=\"2022-02-17T11:33:52+00:00\" \/>\n<meta name=\"author\" content=\"Canal Dana\" \/>\n<meta name=\"twitter:card\" content=\"summary_large_image\" \/>\n<meta name=\"twitter:label1\" content=\"Escrito por\" \/>\n\t<meta name=\"twitter:data1\" content=\"Canal Dana\" \/>\n\t<meta name=\"twitter:label2\" content=\"Est. tempo de leitura\" \/>\n\t<meta name=\"twitter:data2\" content=\"5 minutos\" \/>\n<script type=\"application\/ld+json\" class=\"yoast-schema-graph\">{\"@context\":\"https:\\\/\\\/schema.org\",\"@graph\":[{\"@type\":\"Article\",\"@id\":\"https:\\\/\\\/dana.com.br\\\/canaldana\\\/2022\\\/02\\\/17\\\/audi-do-brasil-abre-periodo-de-reservas-do-novo-q3-sportback-2-0-quattro\\\/#article\",\"isPartOf\":{\"@id\":\"https:\\\/\\\/dana.com.br\\\/canaldana\\\/2022\\\/02\\\/17\\\/audi-do-brasil-abre-periodo-de-reservas-do-novo-q3-sportback-2-0-quattro\\\/\"},\"author\":{\"name\":\"Canal Dana\",\"@id\":\"https:\\\/\\\/dana.com.br\\\/canaldana\\\/#\\\/schema\\\/person\\\/3c21f22f56fcf3bc46b94bc60ea4fef6\"},\"headline\":\"Audi do Brasil abre per\u00edodo de reservas do novo Q3 Sportback 2.0 Quattro\",\"datePublished\":\"2022-02-17T11:33:52+00:00\",\"mainEntityOfPage\":{\"@id\":\"https:\\\/\\\/dana.com.br\\\/canaldana\\\/2022\\\/02\\\/17\\\/audi-do-brasil-abre-periodo-de-reservas-do-novo-q3-sportback-2-0-quattro\\\/\"},\"wordCount\":1104,\"articleSection\":[\"Sin categor\u00eda\"],\"inLanguage\":\"pt-BR\"},{\"@type\":\"WebPage\",\"@id\":\"https:\\\/\\\/dana.com.br\\\/canaldana\\\/2022\\\/02\\\/17\\\/audi-do-brasil-abre-periodo-de-reservas-do-novo-q3-sportback-2-0-quattro\\\/\",\"url\":\"https:\\\/\\\/dana.com.br\\\/canaldana\\\/2022\\\/02\\\/17\\\/audi-do-brasil-abre-periodo-de-reservas-do-novo-q3-sportback-2-0-quattro\\\/\",\"name\":\"Audi do Brasil abre per\u00edodo de reservas do novo Q3 Sportback 2.0 Quattro - Canal Dana\",\"isPartOf\":{\"@id\":\"https:\\\/\\\/dana.com.br\\\/canaldana\\\/#website\"},\"datePublished\":\"2022-02-17T11:33:52+00:00\",\"author\":{\"@id\":\"https:\\\/\\\/dana.com.br\\\/canaldana\\\/#\\\/schema\\\/person\\\/3c21f22f56fcf3bc46b94bc60ea4fef6\"},\"breadcrumb\":{\"@id\":\"https:\\\/\\\/dana.com.br\\\/canaldana\\\/2022\\\/02\\\/17\\\/audi-do-brasil-abre-periodo-de-reservas-do-novo-q3-sportback-2-0-quattro\\\/#breadcrumb\"},\"inLanguage\":\"pt-BR\",\"potentialAction\":[{\"@type\":\"ReadAction\",\"target\":[\"https:\\\/\\\/dana.com.br\\\/canaldana\\\/2022\\\/02\\\/17\\\/audi-do-brasil-abre-periodo-de-reservas-do-novo-q3-sportback-2-0-quattro\\\/\"]}]},{\"@type\":\"BreadcrumbList\",\"@id\":\"https:\\\/\\\/dana.com.br\\\/canaldana\\\/2022\\\/02\\\/17\\\/audi-do-brasil-abre-periodo-de-reservas-do-novo-q3-sportback-2-0-quattro\\\/#breadcrumb\",\"itemListElement\":[{\"@type\":\"ListItem\",\"position\":1,\"name\":\"Home\",\"item\":\"https:\\\/\\\/dana.com.br\\\/canaldana\\\/\"},{\"@type\":\"ListItem\",\"position\":2,\"name\":\"Sin categor\u00eda\",\"item\":\"https:\\\/\\\/dana.com.br\\\/canaldana\\\/sin-categoria\\\/\"},{\"@type\":\"ListItem\",\"position\":3,\"name\":\"Audi do Brasil abre per\u00edodo de reservas do novo Q3 Sportback 2.0 Quattro\"}]},{\"@type\":\"WebSite\",\"@id\":\"https:\\\/\\\/dana.com.br\\\/canaldana\\\/#website\",\"url\":\"https:\\\/\\\/dana.com.br\\\/canaldana\\\/\",\"name\":\"Canal Dana\",\"description\":\"Informativo com as principais not\u00edcias da ind\u00fastria automotiva\",\"potentialAction\":[{\"@type\":\"SearchAction\",\"target\":{\"@type\":\"EntryPoint\",\"urlTemplate\":\"https:\\\/\\\/dana.com.br\\\/canaldana\\\/?s={search_term_string}\"},\"query-input\":{\"@type\":\"PropertyValueSpecification\",\"valueRequired\":true,\"valueName\":\"search_term_string\"}}],\"inLanguage\":\"pt-BR\"},{\"@type\":\"Person\",\"@id\":\"https:\\\/\\\/dana.com.br\\\/canaldana\\\/#\\\/schema\\\/person\\\/3c21f22f56fcf3bc46b94bc60ea4fef6\",\"name\":\"Canal Dana\",\"image\":{\"@type\":\"ImageObject\",\"inLanguage\":\"pt-BR\",\"@id\":\"https:\\\/\\\/secure.gravatar.com\\\/avatar\\\/420aaf9278582877d9018637c6817617705899d2858d7572ef0fe59a6b6454b4?s=96&d=mm&r=g\",\"url\":\"https:\\\/\\\/secure.gravatar.com\\\/avatar\\\/420aaf9278582877d9018637c6817617705899d2858d7572ef0fe59a6b6454b4?s=96&d=mm&r=g\",\"contentUrl\":\"https:\\\/\\\/secure.gravatar.com\\\/avatar\\\/420aaf9278582877d9018637c6817617705899d2858d7572ef0fe59a6b6454b4?s=96&d=mm&r=g\",\"caption\":\"Canal Dana\"},\"url\":\"https:\\\/\\\/dana.com.br\\\/canaldana\\\/author\\\/cdeditor\\\/\"}]}<\/script>\n<!-- \/ Yoast SEO plugin. -->","yoast_head_json":{"title":"Audi do Brasil abre per\u00edodo de reservas do novo Q3 Sportback 2.0 Quattro - Canal Dana","robots":{"index":"index","follow":"follow","max-snippet":"max-snippet:-1","max-image-preview":"max-image-preview:large","max-video-preview":"max-video-preview:-1"},"canonical":"https:\/\/dana.com.br\/canaldana\/2022\/02\/17\/audi-do-brasil-abre-periodo-de-reservas-do-novo-q3-sportback-2-0-quattro\/","og_locale":"pt_BR","og_type":"article","og_title":"Audi do Brasil abre per\u00edodo de reservas do novo Q3 Sportback 2.0 Quattro - Canal Dana","og_description":"Blog do Armindo &nbsp; Ap\u00f3s confirmar a retomada da produ\u00e7\u00e3o em sua f\u00e1brica de S\u00e3o Jos\u00e9 dos Pinhais, no Paran\u00e1, a Audi do Brasil inicia pedidos de reservas dos novos Audi Q3 e Audi Q3 Sportback. Com motor 2.0 e a ic\u00f4nica tra\u00e7\u00e3o quattro, os modelos podem ser reservados diretamente nas concession\u00e1rias de todo o\u2026 Leia mais \u00bb","og_url":"https:\/\/dana.com.br\/canaldana\/2022\/02\/17\/audi-do-brasil-abre-periodo-de-reservas-do-novo-q3-sportback-2-0-quattro\/","og_site_name":"Canal Dana","article_published_time":"2022-02-17T11:33:52+00:00","author":"Canal Dana","twitter_card":"summary_large_image","twitter_misc":{"Escrito por":"Canal Dana","Est. tempo de leitura":"5 minutos"},"schema":{"@context":"https:\/\/schema.org","@graph":[{"@type":"Article","@id":"https:\/\/dana.com.br\/canaldana\/2022\/02\/17\/audi-do-brasil-abre-periodo-de-reservas-do-novo-q3-sportback-2-0-quattro\/#article","isPartOf":{"@id":"https:\/\/dana.com.br\/canaldana\/2022\/02\/17\/audi-do-brasil-abre-periodo-de-reservas-do-novo-q3-sportback-2-0-quattro\/"},"author":{"name":"Canal Dana","@id":"https:\/\/dana.com.br\/canaldana\/#\/schema\/person\/3c21f22f56fcf3bc46b94bc60ea4fef6"},"headline":"Audi do Brasil abre per\u00edodo de reservas do novo Q3 Sportback 2.0 Quattro","datePublished":"2022-02-17T11:33:52+00:00","mainEntityOfPage":{"@id":"https:\/\/dana.com.br\/canaldana\/2022\/02\/17\/audi-do-brasil-abre-periodo-de-reservas-do-novo-q3-sportback-2-0-quattro\/"},"wordCount":1104,"articleSection":["Sin categor\u00eda"],"inLanguage":"pt-BR"},{"@type":"WebPage","@id":"https:\/\/dana.com.br\/canaldana\/2022\/02\/17\/audi-do-brasil-abre-periodo-de-reservas-do-novo-q3-sportback-2-0-quattro\/","url":"https:\/\/dana.com.br\/canaldana\/2022\/02\/17\/audi-do-brasil-abre-periodo-de-reservas-do-novo-q3-sportback-2-0-quattro\/","name":"Audi do Brasil abre per\u00edodo de reservas do novo Q3 Sportback 2.0 Quattro - Canal Dana","isPartOf":{"@id":"https:\/\/dana.com.br\/canaldana\/#website"},"datePublished":"2022-02-17T11:33:52+00:00","author":{"@id":"https:\/\/dana.com.br\/canaldana\/#\/schema\/person\/3c21f22f56fcf3bc46b94bc60ea4fef6"},"breadcrumb":{"@id":"https:\/\/dana.com.br\/canaldana\/2022\/02\/17\/audi-do-brasil-abre-periodo-de-reservas-do-novo-q3-sportback-2-0-quattro\/#breadcrumb"},"inLanguage":"pt-BR","potentialAction":[{"@type":"ReadAction","target":["https:\/\/dana.com.br\/canaldana\/2022\/02\/17\/audi-do-brasil-abre-periodo-de-reservas-do-novo-q3-sportback-2-0-quattro\/"]}]},{"@type":"BreadcrumbList","@id":"https:\/\/dana.com.br\/canaldana\/2022\/02\/17\/audi-do-brasil-abre-periodo-de-reservas-do-novo-q3-sportback-2-0-quattro\/#breadcrumb","itemListElement":[{"@type":"ListItem","position":1,"name":"Home","item":"https:\/\/dana.com.br\/canaldana\/"},{"@type":"ListItem","position":2,"name":"Sin categor\u00eda","item":"https:\/\/dana.com.br\/canaldana\/sin-categoria\/"},{"@type":"ListItem","position":3,"name":"Audi do Brasil abre per\u00edodo de reservas do novo Q3 Sportback 2.0 Quattro"}]},{"@type":"WebSite","@id":"https:\/\/dana.com.br\/canaldana\/#website","url":"https:\/\/dana.com.br\/canaldana\/","name":"Canal Dana","description":"Informativo com as principais not\u00edcias da ind\u00fastria automotiva","potentialAction":[{"@type":"SearchAction","target":{"@type":"EntryPoint","urlTemplate":"https:\/\/dana.com.br\/canaldana\/?s={search_term_string}"},"query-input":{"@type":"PropertyValueSpecification","valueRequired":true,"valueName":"search_term_string"}}],"inLanguage":"pt-BR"},{"@type":"Person","@id":"https:\/\/dana.com.br\/canaldana\/#\/schema\/person\/3c21f22f56fcf3bc46b94bc60ea4fef6","name":"Canal Dana","image":{"@type":"ImageObject","inLanguage":"pt-BR","@id":"https:\/\/secure.gravatar.com\/avatar\/420aaf9278582877d9018637c6817617705899d2858d7572ef0fe59a6b6454b4?s=96&d=mm&r=g","url":"https:\/\/secure.gravatar.com\/avatar\/420aaf9278582877d9018637c6817617705899d2858d7572ef0fe59a6b6454b4?s=96&d=mm&r=g","contentUrl":"https:\/\/secure.gravatar.com\/avatar\/420aaf9278582877d9018637c6817617705899d2858d7572ef0fe59a6b6454b4?s=96&d=mm&r=g","caption":"Canal Dana"},"url":"https:\/\/dana.com.br\/canaldana\/author\/cdeditor\/"}]}},"_links":{"self":[{"href":"https:\/\/dana.com.br\/canaldana\/wp-json\/wp\/v2\/posts\/56293","targetHints":{"allow":["GET"]}}],"collection":[{"href":"https:\/\/dana.com.br\/canaldana\/wp-json\/wp\/v2\/posts"}],"about":[{"href":"https:\/\/dana.com.br\/canaldana\/wp-json\/wp\/v2\/types\/post"}],"author":[{"embeddable":true,"href":"https:\/\/dana.com.br\/canaldana\/wp-json\/wp\/v2\/users\/3"}],"replies":[{"embeddable":true,"href":"https:\/\/dana.com.br\/canaldana\/wp-json\/wp\/v2\/comments?post=56293"}],"version-history":[{"count":0,"href":"https:\/\/dana.com.br\/canaldana\/wp-json\/wp\/v2\/posts\/56293\/revisions"}],"wp:attachment":[{"href":"https:\/\/dana.com.br\/canaldana\/wp-json\/wp\/v2\/media?parent=56293"}],"wp:term":[{"taxonomy":"category","embeddable":true,"href":"https:\/\/dana.com.br\/canaldana\/wp-json\/wp\/v2\/categories?post=56293"},{"taxonomy":"post_tag","embeddable":true,"href":"https:\/\/dana.com.br\/canaldana\/wp-json\/wp\/v2\/tags?post=56293"}],"curies":[{"name":"wp","href":"https:\/\/api.w.org\/{rel}","templated":true}]}}